{"id":58912,"date":"2018-12-18T19:24:29","date_gmt":"2018-12-18T22:24:29","guid":{"rendered":"https:\/\/www.blogsoestado.com\/danielmatos\/?p=58912"},"modified":"2018-12-18T19:24:29","modified_gmt":"2018-12-18T22:24:29","slug":"desembargador-reconduz-marinho-a-presidencia-da-camara-de-paco-do-lumiar-no-bienio-2019-2020","status":"publish","type":"post","link":"https:\/\/www.blogsoestado.com\/danielmatos\/desembargador-reconduz-marinho-a-presidencia-da-camara-de-paco-do-lumiar-no-bienio-2019-2020\/","title":{"rendered":"Desembargador reconduz Marinho \u00e0 presid\u00eancia da C\u00e2mara de Pa\u00e7o do Lumiar no bi\u00eanio 2019-2020"},"content":{"rendered":"<figure id=\"attachment_58913\" aria-describedby=\"caption-attachment-58913\" style=\"width: 450px\" class=\"wp-caption alignleft\"><a href=\"https:\/\/www.blogsoestado.com\/danielmatos\/2018\/12\/18\/desembargador-reconduz-marinho-a-presidencia-da-camara-de-paco-do-lumiar-no-bienio-2019-2020\/marinho-reconduzido\/\" rel=\"attachment wp-att-58913\"><img fetchpriority=\"high\" decoding=\"async\" class=\"wp-image-58913\" src=\"https:\/\/www.blogsoestado.com\/danielmatos\/files\/2018\/12\/marinho-reconduzido.jpg\" alt=\"\" width=\"450\" height=\"300\" \/><\/a><figcaption id=\"caption-attachment-58913\" class=\"wp-caption-text\">Vereador Marinho do Pa\u00e7o continuar\u00e1 presidindo a C\u00e2mara Municipal de Pa\u00e7o do Lumiar no pr\u00f3ximo bi\u00eanio<\/figcaption><\/figure>\n<p>O vereador Marinho do Pa\u00e7o (Pros) ser\u00e1 reconduzido \u00e0 presid\u00eancia da C\u00e2mara Municipal de Pa\u00e7o do Lumiar no bi\u00eanio 2019\/2020 por decis\u00e3o do desembargador Ant\u00f4nio Guerreiro J\u00fanior. A determina\u00e7\u00e3o do magistrado revogou decis\u00e3o da desembargadora \u00c2ngela Salazar que validava a elei\u00e7\u00e3o do vereador Fernando Muniz (PP) para presidir a Legislativo municipal luminense nos pr\u00f3ximos dois anos, realizada no \u00faltimo s\u00e1bado (15).<\/p>\n<p>Ao proferir seu despacho, Guerreiro J\u00fanior restabeleceu os efeitos da elei\u00e7\u00e3o da Mesa Diretora da C\u00e2mara Municipal de Pa\u00e7o do Lumiar realizada em 6 de julho deste ano, da qual Marinho saiu vencedor.<\/p>\n<p>O pleito teve a participa\u00e7\u00e3o dos 17 vereadores do munic\u00edpio, dos quais oito votaram na chapa de Marinho, oito votaram na chapa de oposi\u00e7\u00e3o e um votou em branco. Com o empate, Marinho teve sua reelei\u00e7\u00e3o confirmado, com base no crit\u00e9rio de idade.<\/p>\n<p>&#8220;(&#8230;) o pleito liminar deve ser deferido, tendo em vista a presen\u00e7a dos requisitos em favor do impetrante&#8221;, escreveu o magistrado. Gurreiro J\u00fanior mencionou a\u00a0 farta documenta\u00e7\u00e3o apresentada por Marinho do Pa\u00e7o para justificar sua decis\u00e3o e alegou <em>periculum in mora<\/em> manifesto caso n\u00e3o fosse concedida a tutela de urg\u00eancia.<\/p>\n<p>&#8220;O impetrante ser\u00e1 alijado da presid\u00eancia da C\u00e2mara Municipal de Pa\u00e7o do Lumiar, em desconformidade com o postulado constitucional da legalidade&#8221;, argumentou.<\/p>\n","protected":false},"excerpt":{"rendered":"<p>O vereador Marinho do Pa\u00e7o (Pros) ser\u00e1 reconduzido \u00e0 presid\u00eancia da C\u00e2mara Municipal de Pa\u00e7o do Lumiar no bi\u00eanio 2019\/2020 [&hellip;]<\/p>\n","protected":false},"author":0,"featured_media":0,"comment_status":"open","ping_status":"open","sticky":false,"template":"","format":"standard","meta":{"site-sidebar-layout":"default","site-content-layout":"","ast-site-content-layout":"default","site-content-style":"default","site-sidebar-style":"default","ast-global-header-display":"","ast-banner-title-visibility":"","ast-main-header-display":"","ast-hfb-above-header-display":"","ast-hfb-below-header-display":"","ast-hfb-mobile-header-display":"","site-post-title":"","ast-breadcrumbs-content":"","ast-featured-img":"","footer-sml-layout":"","ast-disable-related-posts":"","theme-transparent-header-meta":"","adv-header-id-meta":"","stick-header-meta":"","header-above-stick-meta":"","header-main-stick-meta":"","header-below-stick-meta":"","astra-migrate-meta-layouts":"default","ast-page-background-enabled":"default","ast-page-background-meta":{"desktop":{"background-color":"var(--ast-global-color-5)","background-image":"","background-repeat":"repeat","background-position":"center center","background-size":"auto","background-attachment":"scroll","background-type":"","background-media":"","overlay-type":"","overlay-color":"","overlay-opacity":"","overlay-gradient":""},"tablet":{"background-color":"","background-image":"","background-repeat":"repeat","background-position":"center center","background-size":"auto","background-attachment":"scroll","background-type":"","background-media":"","overlay-type":"","overlay-color":"","overlay-opacity":"","overlay-gradient":""},"mobile":{"background-color":"","background-image":"","background-repeat":"repeat","background-position":"center center","background-size":"auto","background-attachment":"scroll","background-type":"","background-media":"","overlay-type":"","overlay-color":"","overlay-opacity":"","overlay-gradient":""}},"ast-content-background-meta":{"desktop":{"background-color":"var(--ast-global-color-4)","background-image":"","background-repeat":"repeat","background-position":"center center","background-size":"auto","background-attachment":"scroll","background-type":"","background-media":"","overlay-type":"","overlay-color":"","overlay-opacity":"","overlay-gradient":""},"tablet":{"background-color":"var(--ast-global-color-4)","background-image":"","background-repeat":"repeat","background-position":"center center","background-size":"auto","background-attachment":"scroll","background-type":"","background-media":"","overlay-type":"","overlay-color":"","overlay-opacity":"","overlay-gradient":""},"mobile":{"background-color":"var(--ast-global-color-4)","background-image":"","background-repeat":"repeat","background-position":"center center","background-size":"auto","background-attachment":"scroll","background-type":"","background-media":"","overlay-type":"","overlay-color":"","overlay-opacity":"","overlay-gradient":""}},"footnotes":""},"categories":[1],"tags":[],"class_list":["post-58912","post","type-post","status-publish","format-standard","hentry","category-sem-categoria"],"yoast_head":"<!-- This site is optimized with the Yoast SEO plugin v26.6 - https:\/\/yoast.com\/wordpress\/plugins\/seo\/ -->\n<title>Desembargador reconduz Marinho \u00e0 presid\u00eancia da C\u00e2mara de Pa\u00e7o do Lumiar no bi\u00eanio 2019-2020 - Daniel Matos<\/title>\n<meta name=\"robots\" content=\"index, follow, max-snippet:-1, max-image-preview:large, max-video-preview:-1\" \/>\n<link rel=\"canonical\" href=\"https:\/\/www.blogsoestado.com\/danielmatos\/desembargador-reconduz-marinho-a-presidencia-da-camara-de-paco-do-lumiar-no-bienio-2019-2020\/\" \/>\n<meta property=\"og:locale\" content=\"pt_BR\" \/>\n<meta property=\"og:type\" content=\"article\" \/>\n<meta property=\"og:title\" content=\"Desembargador reconduz Marinho \u00e0 presid\u00eancia da C\u00e2mara de Pa\u00e7o do Lumiar no bi\u00eanio 2019-2020 - Daniel Matos\" \/>\n<meta property=\"og:description\" content=\"O vereador Marinho do Pa\u00e7o (Pros) ser\u00e1 reconduzido \u00e0 presid\u00eancia da C\u00e2mara Municipal de Pa\u00e7o do Lumiar no bi\u00eanio 2019\/2020 [&hellip;]\" \/>\n<meta property=\"og:url\" content=\"https:\/\/www.blogsoestado.com\/danielmatos\/desembargador-reconduz-marinho-a-presidencia-da-camara-de-paco-do-lumiar-no-bienio-2019-2020\/\" \/>\n<meta property=\"og:site_name\" content=\"Daniel Matos\" \/>\n<meta property=\"article:published_time\" content=\"2018-12-18T22:24:29+00:00\" \/>\n<meta property=\"og:image\" content=\"https:\/\/www.blogsoestado.com\/danielmatos\/files\/2018\/12\/marinho-reconduzido.jpg\" \/>\n<meta name=\"twitter:card\" content=\"summary_large_image\" \/>\n<meta name=\"twitter:label1\" content=\"Est. tempo de leitura\" \/>\n\t<meta name=\"twitter:data1\" content=\"1 minuto\" \/>\n<script type=\"application\/ld+json\" class=\"yoast-schema-graph\">{\"@context\":\"https:\/\/schema.org\",\"@graph\":[{\"@type\":\"WebPage\",\"@id\":\"https:\/\/www.blogsoestado.com\/danielmatos\/desembargador-reconduz-marinho-a-presidencia-da-camara-de-paco-do-lumiar-no-bienio-2019-2020\/\",\"url\":\"https:\/\/www.blogsoestado.com\/danielmatos\/desembargador-reconduz-marinho-a-presidencia-da-camara-de-paco-do-lumiar-no-bienio-2019-2020\/\",\"name\":\"Desembargador reconduz Marinho \u00e0 presid\u00eancia da C\u00e2mara de Pa\u00e7o do Lumiar no bi\u00eanio 2019-2020 - Daniel Matos\",\"isPartOf\":{\"@id\":\"https:\/\/www.blogsoestado.com\/danielmatos\/#website\"},\"primaryImageOfPage\":{\"@id\":\"https:\/\/www.blogsoestado.com\/danielmatos\/desembargador-reconduz-marinho-a-presidencia-da-camara-de-paco-do-lumiar-no-bienio-2019-2020\/#primaryimage\"},\"image\":{\"@id\":\"https:\/\/www.blogsoestado.com\/danielmatos\/desembargador-reconduz-marinho-a-presidencia-da-camara-de-paco-do-lumiar-no-bienio-2019-2020\/#primaryimage\"},\"thumbnailUrl\":\"https:\/\/www.blogsoestado.com\/danielmatos\/files\/2018\/12\/marinho-reconduzido.jpg\",\"datePublished\":\"2018-12-18T22:24:29+00:00\",\"author\":{\"@id\":\"\"},\"breadcrumb\":{\"@id\":\"https:\/\/www.blogsoestado.com\/danielmatos\/desembargador-reconduz-marinho-a-presidencia-da-camara-de-paco-do-lumiar-no-bienio-2019-2020\/#breadcrumb\"},\"inLanguage\":\"pt-BR\",\"potentialAction\":[{\"@type\":\"ReadAction\",\"target\":[\"https:\/\/www.blogsoestado.com\/danielmatos\/desembargador-reconduz-marinho-a-presidencia-da-camara-de-paco-do-lumiar-no-bienio-2019-2020\/\"]}]},{\"@type\":\"ImageObject\",\"inLanguage\":\"pt-BR\",\"@id\":\"https:\/\/www.blogsoestado.com\/danielmatos\/desembargador-reconduz-marinho-a-presidencia-da-camara-de-paco-do-lumiar-no-bienio-2019-2020\/#primaryimage\",\"url\":\"https:\/\/www.blogsoestado.com\/danielmatos\/files\/2018\/12\/marinho-reconduzido.jpg\",\"contentUrl\":\"https:\/\/www.blogsoestado.com\/danielmatos\/files\/2018\/12\/marinho-reconduzido.jpg\"},{\"@type\":\"BreadcrumbList\",\"@id\":\"https:\/\/www.blogsoestado.com\/danielmatos\/desembargador-reconduz-marinho-a-presidencia-da-camara-de-paco-do-lumiar-no-bienio-2019-2020\/#breadcrumb\",\"itemListElement\":[{\"@type\":\"ListItem\",\"position\":1,\"name\":\"In\u00edcio\",\"item\":\"https:\/\/www.blogsoestado.com\/danielmatos\/\"},{\"@type\":\"ListItem\",\"position\":2,\"name\":\"Desembargador reconduz Marinho \u00e0 presid\u00eancia da C\u00e2mara de Pa\u00e7o do Lumiar no bi\u00eanio 2019-2020\"}]},{\"@type\":\"WebSite\",\"@id\":\"https:\/\/www.blogsoestado.com\/danielmatos\/#website\",\"url\":\"https:\/\/www.blogsoestado.com\/danielmatos\/\",\"name\":\"Daniel Matos\",\"description\":\"\",\"potentialAction\":[{\"@type\":\"SearchAction\",\"target\":{\"@type\":\"EntryPoint\",\"urlTemplate\":\"https:\/\/www.blogsoestado.com\/danielmatos\/?s={search_term_string}\"},\"query-input\":{\"@type\":\"PropertyValueSpecification\",\"valueRequired\":true,\"valueName\":\"search_term_string\"}}],\"inLanguage\":\"pt-BR\"}]}<\/script>\n<!-- \/ Yoast SEO plugin. -->","yoast_head_json":{"title":"Desembargador reconduz Marinho \u00e0 presid\u00eancia da C\u00e2mara de Pa\u00e7o do Lumiar no bi\u00eanio 2019-2020 - Daniel Matos","robots":{"index":"index","follow":"follow","max-snippet":"max-snippet:-1","max-image-preview":"max-image-preview:large","max-video-preview":"max-video-preview:-1"},"canonical":"https:\/\/www.blogsoestado.com\/danielmatos\/desembargador-reconduz-marinho-a-presidencia-da-camara-de-paco-do-lumiar-no-bienio-2019-2020\/","og_locale":"pt_BR","og_type":"article","og_title":"Desembargador reconduz Marinho \u00e0 presid\u00eancia da C\u00e2mara de Pa\u00e7o do Lumiar no bi\u00eanio 2019-2020 - Daniel Matos","og_description":"O vereador Marinho do Pa\u00e7o (Pros) ser\u00e1 reconduzido \u00e0 presid\u00eancia da C\u00e2mara Municipal de Pa\u00e7o do Lumiar no bi\u00eanio 2019\/2020 [&hellip;]","og_url":"https:\/\/www.blogsoestado.com\/danielmatos\/desembargador-reconduz-marinho-a-presidencia-da-camara-de-paco-do-lumiar-no-bienio-2019-2020\/","og_site_name":"Daniel Matos","article_published_time":"2018-12-18T22:24:29+00:00","og_image":[{"url":"https:\/\/www.blogsoestado.com\/danielmatos\/files\/2018\/12\/marinho-reconduzido.jpg","type":"","width":"","height":""}],"twitter_card":"summary_large_image","twitter_misc":{"Est. tempo de leitura":"1 minuto"},"schema":{"@context":"https:\/\/schema.org","@graph":[{"@type":"WebPage","@id":"https:\/\/www.blogsoestado.com\/danielmatos\/desembargador-reconduz-marinho-a-presidencia-da-camara-de-paco-do-lumiar-no-bienio-2019-2020\/","url":"https:\/\/www.blogsoestado.com\/danielmatos\/desembargador-reconduz-marinho-a-presidencia-da-camara-de-paco-do-lumiar-no-bienio-2019-2020\/","name":"Desembargador reconduz Marinho \u00e0 presid\u00eancia da C\u00e2mara de Pa\u00e7o do Lumiar no bi\u00eanio 2019-2020 - Daniel Matos","isPartOf":{"@id":"https:\/\/www.blogsoestado.com\/danielmatos\/#website"},"primaryImageOfPage":{"@id":"https:\/\/www.blogsoestado.com\/danielmatos\/desembargador-reconduz-marinho-a-presidencia-da-camara-de-paco-do-lumiar-no-bienio-2019-2020\/#primaryimage"},"image":{"@id":"https:\/\/www.blogsoestado.com\/danielmatos\/desembargador-reconduz-marinho-a-presidencia-da-camara-de-paco-do-lumiar-no-bienio-2019-2020\/#primaryimage"},"thumbnailUrl":"https:\/\/www.blogsoestado.com\/danielmatos\/files\/2018\/12\/marinho-reconduzido.jpg","datePublished":"2018-12-18T22:24:29+00:00","author":{"@id":""},"breadcrumb":{"@id":"https:\/\/www.blogsoestado.com\/danielmatos\/desembargador-reconduz-marinho-a-presidencia-da-camara-de-paco-do-lumiar-no-bienio-2019-2020\/#breadcrumb"},"inLanguage":"pt-BR","potentialAction":[{"@type":"ReadAction","target":["https:\/\/www.blogsoestado.com\/danielmatos\/desembargador-reconduz-marinho-a-presidencia-da-camara-de-paco-do-lumiar-no-bienio-2019-2020\/"]}]},{"@type":"ImageObject","inLanguage":"pt-BR","@id":"https:\/\/www.blogsoestado.com\/danielmatos\/desembargador-reconduz-marinho-a-presidencia-da-camara-de-paco-do-lumiar-no-bienio-2019-2020\/#primaryimage","url":"https:\/\/www.blogsoestado.com\/danielmatos\/files\/2018\/12\/marinho-reconduzido.jpg","contentUrl":"https:\/\/www.blogsoestado.com\/danielmatos\/files\/2018\/12\/marinho-reconduzido.jpg"},{"@type":"BreadcrumbList","@id":"https:\/\/www.blogsoestado.com\/danielmatos\/desembargador-reconduz-marinho-a-presidencia-da-camara-de-paco-do-lumiar-no-bienio-2019-2020\/#breadcrumb","itemListElement":[{"@type":"ListItem","position":1,"name":"In\u00edcio","item":"https:\/\/www.blogsoestado.com\/danielmatos\/"},{"@type":"ListItem","position":2,"name":"Desembargador reconduz Marinho \u00e0 presid\u00eancia da C\u00e2mara de Pa\u00e7o do Lumiar no bi\u00eanio 2019-2020"}]},{"@type":"WebSite","@id":"https:\/\/www.blogsoestado.com\/danielmatos\/#website","url":"https:\/\/www.blogsoestado.com\/danielmatos\/","name":"Daniel Matos","description":"","potentialAction":[{"@type":"SearchAction","target":{"@type":"EntryPoint","urlTemplate":"https:\/\/www.blogsoestado.com\/danielmatos\/?s={search_term_string}"},"query-input":{"@type":"PropertyValueSpecification","valueRequired":true,"valueName":"search_term_string"}}],"inLanguage":"pt-BR"}]}},"jetpack_featured_media_url":"","_links":{"self":[{"href":"https:\/\/www.blogsoestado.com\/danielmatos\/wp-json\/wp\/v2\/posts\/58912","targetHints":{"allow":["GET"]}}],"collection":[{"href":"https:\/\/www.blogsoestado.com\/danielmatos\/wp-json\/wp\/v2\/posts"}],"about":[{"href":"https:\/\/www.blogsoestado.com\/danielmatos\/wp-json\/wp\/v2\/types\/post"}],"replies":[{"embeddable":true,"href":"https:\/\/www.blogsoestado.com\/danielmatos\/wp-json\/wp\/v2\/comments?post=58912"}],"version-history":[{"count":0,"href":"https:\/\/www.blogsoestado.com\/danielmatos\/wp-json\/wp\/v2\/posts\/58912\/revisions"}],"wp:attachment":[{"href":"https:\/\/www.blogsoestado.com\/danielmatos\/wp-json\/wp\/v2\/media?parent=58912"}],"wp:term":[{"taxonomy":"category","embeddable":true,"href":"https:\/\/www.blogsoestado.com\/danielmatos\/wp-json\/wp\/v2\/categories?post=58912"},{"taxonomy":"post_tag","embeddable":true,"href":"https:\/\/www.blogsoestado.com\/danielmatos\/wp-json\/wp\/v2\/tags?post=58912"}],"curies":[{"name":"wp","href":"https:\/\/api.w.org\/{rel}","templated":true}]}}