{"id":58918,"date":"2018-12-19T10:29:54","date_gmt":"2018-12-19T13:29:54","guid":{"rendered":"https:\/\/www.blogsoestado.com\/danielmatos\/?p=58918"},"modified":"2018-12-19T10:29:54","modified_gmt":"2018-12-19T13:29:54","slug":"wellington-afirma-so-curvo-minha-cabeca-para-deus-e-para-a-populacao-do-meu-estado-em-solenidade-de-diplomacao-do-tre","status":"publish","type":"post","link":"https:\/\/www.blogsoestado.com\/danielmatos\/wellington-afirma-so-curvo-minha-cabeca-para-deus-e-para-a-populacao-do-meu-estado-em-solenidade-de-diplomacao-do-tre\/","title":{"rendered":"Wellington afirma: &#8220;s\u00f3 curvo minha cabe\u00e7a para Deus e para a popula\u00e7\u00e3o do meu estado&#8221;, em solenidade de diploma\u00e7\u00e3o do TRE"},"content":{"rendered":"<figure id=\"attachment_58919\" aria-describedby=\"caption-attachment-58919\" style=\"width: 450px\" class=\"wp-caption alignright\"><a href=\"https:\/\/www.blogsoestado.com\/danielmatos\/2018\/12\/19\/wellington-afirma-so-curvo-minha-cabeca-para-deus-e-para-a-populacao-do-meu-estado-em-solenidade-de-diplomacao-do-tre\/w-diplomado\/\" rel=\"attachment wp-att-58919\"><img fetchpriority=\"high\" decoding=\"async\" class=\"wp-image-58919\" src=\"https:\/\/www.blogsoestado.com\/danielmatos\/files\/2018\/12\/w-diplomado.jpg\" alt=\"\" width=\"450\" height=\"450\" \/><\/a><figcaption id=\"caption-attachment-58919\" class=\"wp-caption-text\">Wellington ergue o diploma em sinal de rever\u00eancia e gratid\u00e3o, observado pela m\u00e3e, Iracema, e pela filha, Celen<\/figcaption><\/figure>\n<p>Em meio a agradecimentos a Deus e ao povo do Maranh\u00e3o, o deputado estadual Wellington do Curso recebeu o diploma de reelei\u00e7\u00e3o em solenidade do Tribunal Regional Eleitoral. Dessa forma, Wellington passa ao seu segundo mandato de deputado estadual, com dura\u00e7\u00e3o de mais 04 anos.<\/p>\n<p>Ao falar sobre o momento, o deputado Wellington agradeceu aos maranhenses e afirmou que o diploma, assim como o mandato, n\u00e3o \u00e9 dele, mas sim do povo do Maranh\u00e3o.<\/p>\n<p>\u201cHoje, a Assembleia Legislativa tem um deputado estadual que n\u00e3o tem sobrenome na pol\u00edtica, que \u00e9 ex-feirante, que estudou em escola p\u00fablica e que mudou de vida por meio da educa\u00e7\u00e3o. Para passar no concurso de Sargento do Ex\u00e9rcito eu estudava debaixo de um poste para economizar a energia em casa. Superei muitos obst\u00e1culos e dificuldades para chegar at\u00e9 aqui. \u00c0 Assembleia Legislativa, agora, ter\u00e1 esse mesmo deputado, mas reeleito: foi Deus quem permitiu e a popula\u00e7\u00e3o que confiou em mim. Diferentemente da velha pol\u00edtica, foram votos limpos, honestos e conscientes, sem dinheiro p\u00fablico de secretarias, prefeituras ou \u00f3rg\u00e3os do governo. Foram votos de esperan\u00e7a. Assim como o nosso mandato, esse diploma n\u00e3o \u00e9 meu. O diploma de deputado \u00e9 do povo do Maranh\u00e3o. O governo do estado fez de tudo para que eu n\u00e3o me reelegesse, e gra\u00e7as a Deus e a popula\u00e7\u00e3o do meu estado, eu fui o \u00fanico deputado que o governador, tentou, mas n\u00e3o conseguiu derrotar. A voz do povo vai continuar na Assembleia. Pode ser \u00daNICA, mas vai continuar independente e firme, cobrando e fiscalizando em defesa da popula\u00e7\u00e3o do nosso estado. Fui eleito para defender o povo e n\u00e3o para babar o governador! *S\u00f3 curvo a minha cabe\u00e7a pra Deus e para a popula\u00e7\u00e3o do meu estado*. O diploma e o mandato do deputado Wellington tem dono: O POVO DO MARANH\u00c3O!\u201d, afirmou o professor e deputado reeleito Wellington do Curso.<\/p>\n","protected":false},"excerpt":{"rendered":"<p>Em meio a agradecimentos a Deus e ao povo do Maranh\u00e3o, o deputado estadual Wellington do Curso recebeu o diploma [&hellip;]<\/p>\n","protected":false},"author":0,"featured_media":0,"comment_status":"open","ping_status":"open","sticky":false,"template":"","format":"standard","meta":{"site-sidebar-layout":"default","site-content-layout":"","ast-site-content-layout":"default","site-content-style":"default","site-sidebar-style":"default","ast-global-header-display":"","ast-banner-title-visibility":"","ast-main-header-display":"","ast-hfb-above-header-display":"","ast-hfb-below-header-display":"","ast-hfb-mobile-header-display":"","site-post-title":"","ast-breadcrumbs-content":"","ast-featured-img":"","footer-sml-layout":"","ast-disable-related-posts":"","theme-transparent-header-meta":"","adv-header-id-meta":"","stick-header-meta":"","header-above-stick-meta":"","header-main-stick-meta":"","header-below-stick-meta":"","astra-migrate-meta-layouts":"default","ast-page-background-enabled":"default","ast-page-background-meta":{"desktop":{"background-color":"var(--ast-global-color-5)","background-image":"","background-repeat":"repeat","background-position":"center center","background-size":"auto","background-attachment":"scroll","background-type":"","background-media":"","overlay-type":"","overlay-color":"","overlay-opacity":"","overlay-gradient":""},"tablet":{"background-color":"","background-image":"","background-repeat":"repeat","background-position":"center center","background-size":"auto","background-attachment":"scroll","background-type":"","background-media":"","overlay-type":"","overlay-color":"","overlay-opacity":"","overlay-gradient":""},"mobile":{"background-color":"","background-image":"","background-repeat":"repeat","background-position":"center center","background-size":"auto","background-attachment":"scroll","background-type":"","background-media":"","overlay-type":"","overlay-color":"","overlay-opacity":"","overlay-gradient":""}},"ast-content-background-meta":{"desktop":{"background-color":"var(--ast-global-color-4)","background-image":"","background-repeat":"repeat","background-position":"center center","background-size":"auto","background-attachment":"scroll","background-type":"","background-media":"","overlay-type":"","overlay-color":"","overlay-opacity":"","overlay-gradient":""},"tablet":{"background-color":"var(--ast-global-color-4)","background-image":"","background-repeat":"repeat","background-position":"center center","background-size":"auto","background-attachment":"scroll","background-type":"","background-media":"","overlay-type":"","overlay-color":"","overlay-opacity":"","overlay-gradient":""},"mobile":{"background-color":"var(--ast-global-color-4)","background-image":"","background-repeat":"repeat","background-position":"center center","background-size":"auto","background-attachment":"scroll","background-type":"","background-media":"","overlay-type":"","overlay-color":"","overlay-opacity":"","overlay-gradient":""}},"footnotes":""},"categories":[1],"tags":[],"class_list":["post-58918","post","type-post","status-publish","format-standard","hentry","category-sem-categoria"],"yoast_head":"<!-- This site is optimized with the Yoast SEO plugin v26.6 - https:\/\/yoast.com\/wordpress\/plugins\/seo\/ -->\n<title>Wellington afirma: &quot;s\u00f3 curvo minha cabe\u00e7a para Deus e para a popula\u00e7\u00e3o do meu estado&quot;, em solenidade de diploma\u00e7\u00e3o do TRE - Daniel Matos<\/title>\n<meta name=\"robots\" content=\"index, follow, max-snippet:-1, max-image-preview:large, max-video-preview:-1\" \/>\n<link rel=\"canonical\" href=\"https:\/\/www.blogsoestado.com\/danielmatos\/wellington-afirma-so-curvo-minha-cabeca-para-deus-e-para-a-populacao-do-meu-estado-em-solenidade-de-diplomacao-do-tre\/\" \/>\n<meta property=\"og:locale\" content=\"pt_BR\" \/>\n<meta property=\"og:type\" content=\"article\" \/>\n<meta property=\"og:title\" content=\"Wellington afirma: &quot;s\u00f3 curvo minha cabe\u00e7a para Deus e para a popula\u00e7\u00e3o do meu estado&quot;, em solenidade de diploma\u00e7\u00e3o do TRE - Daniel Matos\" \/>\n<meta property=\"og:description\" content=\"Em meio a agradecimentos a Deus e ao povo do Maranh\u00e3o, o deputado estadual Wellington do Curso recebeu o diploma [&hellip;]\" \/>\n<meta property=\"og:url\" content=\"https:\/\/www.blogsoestado.com\/danielmatos\/wellington-afirma-so-curvo-minha-cabeca-para-deus-e-para-a-populacao-do-meu-estado-em-solenidade-de-diplomacao-do-tre\/\" \/>\n<meta property=\"og:site_name\" content=\"Daniel Matos\" \/>\n<meta property=\"article:published_time\" content=\"2018-12-19T13:29:54+00:00\" \/>\n<meta property=\"og:image\" content=\"https:\/\/www.blogsoestado.com\/danielmatos\/files\/2018\/12\/w-diplomado.jpg\" \/>\n<meta name=\"twitter:card\" content=\"summary_large_image\" \/>\n<meta name=\"twitter:label1\" content=\"Est. tempo de leitura\" \/>\n\t<meta name=\"twitter:data1\" content=\"2 minutos\" \/>\n<script type=\"application\/ld+json\" class=\"yoast-schema-graph\">{\"@context\":\"https:\/\/schema.org\",\"@graph\":[{\"@type\":\"WebPage\",\"@id\":\"https:\/\/www.blogsoestado.com\/danielmatos\/wellington-afirma-so-curvo-minha-cabeca-para-deus-e-para-a-populacao-do-meu-estado-em-solenidade-de-diplomacao-do-tre\/\",\"url\":\"https:\/\/www.blogsoestado.com\/danielmatos\/wellington-afirma-so-curvo-minha-cabeca-para-deus-e-para-a-populacao-do-meu-estado-em-solenidade-de-diplomacao-do-tre\/\",\"name\":\"Wellington afirma: \\\"s\u00f3 curvo minha cabe\u00e7a para Deus e para a popula\u00e7\u00e3o do meu estado\\\", em solenidade de diploma\u00e7\u00e3o do TRE - Daniel Matos\",\"isPartOf\":{\"@id\":\"https:\/\/www.blogsoestado.com\/danielmatos\/#website\"},\"primaryImageOfPage\":{\"@id\":\"https:\/\/www.blogsoestado.com\/danielmatos\/wellington-afirma-so-curvo-minha-cabeca-para-deus-e-para-a-populacao-do-meu-estado-em-solenidade-de-diplomacao-do-tre\/#primaryimage\"},\"image\":{\"@id\":\"https:\/\/www.blogsoestado.com\/danielmatos\/wellington-afirma-so-curvo-minha-cabeca-para-deus-e-para-a-populacao-do-meu-estado-em-solenidade-de-diplomacao-do-tre\/#primaryimage\"},\"thumbnailUrl\":\"https:\/\/www.blogsoestado.com\/danielmatos\/files\/2018\/12\/w-diplomado.jpg\",\"datePublished\":\"2018-12-19T13:29:54+00:00\",\"author\":{\"@id\":\"\"},\"breadcrumb\":{\"@id\":\"https:\/\/www.blogsoestado.com\/danielmatos\/wellington-afirma-so-curvo-minha-cabeca-para-deus-e-para-a-populacao-do-meu-estado-em-solenidade-de-diplomacao-do-tre\/#breadcrumb\"},\"inLanguage\":\"pt-BR\",\"potentialAction\":[{\"@type\":\"ReadAction\",\"target\":[\"https:\/\/www.blogsoestado.com\/danielmatos\/wellington-afirma-so-curvo-minha-cabeca-para-deus-e-para-a-populacao-do-meu-estado-em-solenidade-de-diplomacao-do-tre\/\"]}]},{\"@type\":\"ImageObject\",\"inLanguage\":\"pt-BR\",\"@id\":\"https:\/\/www.blogsoestado.com\/danielmatos\/wellington-afirma-so-curvo-minha-cabeca-para-deus-e-para-a-populacao-do-meu-estado-em-solenidade-de-diplomacao-do-tre\/#primaryimage\",\"url\":\"https:\/\/www.blogsoestado.com\/danielmatos\/files\/2018\/12\/w-diplomado.jpg\",\"contentUrl\":\"https:\/\/www.blogsoestado.com\/danielmatos\/files\/2018\/12\/w-diplomado.jpg\"},{\"@type\":\"BreadcrumbList\",\"@id\":\"https:\/\/www.blogsoestado.com\/danielmatos\/wellington-afirma-so-curvo-minha-cabeca-para-deus-e-para-a-populacao-do-meu-estado-em-solenidade-de-diplomacao-do-tre\/#breadcrumb\",\"itemListElement\":[{\"@type\":\"ListItem\",\"position\":1,\"name\":\"In\u00edcio\",\"item\":\"https:\/\/www.blogsoestado.com\/danielmatos\/\"},{\"@type\":\"ListItem\",\"position\":2,\"name\":\"Wellington afirma: &#8220;s\u00f3 curvo minha cabe\u00e7a para Deus e para a popula\u00e7\u00e3o do meu estado&#8221;, em solenidade de diploma\u00e7\u00e3o do TRE\"}]},{\"@type\":\"WebSite\",\"@id\":\"https:\/\/www.blogsoestado.com\/danielmatos\/#website\",\"url\":\"https:\/\/www.blogsoestado.com\/danielmatos\/\",\"name\":\"Daniel Matos\",\"description\":\"\",\"potentialAction\":[{\"@type\":\"SearchAction\",\"target\":{\"@type\":\"EntryPoint\",\"urlTemplate\":\"https:\/\/www.blogsoestado.com\/danielmatos\/?s={search_term_string}\"},\"query-input\":{\"@type\":\"PropertyValueSpecification\",\"valueRequired\":true,\"valueName\":\"search_term_string\"}}],\"inLanguage\":\"pt-BR\"}]}<\/script>\n<!-- \/ Yoast SEO plugin. -->","yoast_head_json":{"title":"Wellington afirma: \"s\u00f3 curvo minha cabe\u00e7a para Deus e para a popula\u00e7\u00e3o do meu estado\", em solenidade de diploma\u00e7\u00e3o do TRE - Daniel Matos","robots":{"index":"index","follow":"follow","max-snippet":"max-snippet:-1","max-image-preview":"max-image-preview:large","max-video-preview":"max-video-preview:-1"},"canonical":"https:\/\/www.blogsoestado.com\/danielmatos\/wellington-afirma-so-curvo-minha-cabeca-para-deus-e-para-a-populacao-do-meu-estado-em-solenidade-de-diplomacao-do-tre\/","og_locale":"pt_BR","og_type":"article","og_title":"Wellington afirma: \"s\u00f3 curvo minha cabe\u00e7a para Deus e para a popula\u00e7\u00e3o do meu estado\", em solenidade de diploma\u00e7\u00e3o do TRE - Daniel Matos","og_description":"Em meio a agradecimentos a Deus e ao povo do Maranh\u00e3o, o deputado estadual Wellington do Curso recebeu o diploma [&hellip;]","og_url":"https:\/\/www.blogsoestado.com\/danielmatos\/wellington-afirma-so-curvo-minha-cabeca-para-deus-e-para-a-populacao-do-meu-estado-em-solenidade-de-diplomacao-do-tre\/","og_site_name":"Daniel Matos","article_published_time":"2018-12-19T13:29:54+00:00","og_image":[{"url":"https:\/\/www.blogsoestado.com\/danielmatos\/files\/2018\/12\/w-diplomado.jpg","type":"","width":"","height":""}],"twitter_card":"summary_large_image","twitter_misc":{"Est. tempo de leitura":"2 minutos"},"schema":{"@context":"https:\/\/schema.org","@graph":[{"@type":"WebPage","@id":"https:\/\/www.blogsoestado.com\/danielmatos\/wellington-afirma-so-curvo-minha-cabeca-para-deus-e-para-a-populacao-do-meu-estado-em-solenidade-de-diplomacao-do-tre\/","url":"https:\/\/www.blogsoestado.com\/danielmatos\/wellington-afirma-so-curvo-minha-cabeca-para-deus-e-para-a-populacao-do-meu-estado-em-solenidade-de-diplomacao-do-tre\/","name":"Wellington afirma: \"s\u00f3 curvo minha cabe\u00e7a para Deus e para a popula\u00e7\u00e3o do meu estado\", em solenidade de diploma\u00e7\u00e3o do TRE - Daniel Matos","isPartOf":{"@id":"https:\/\/www.blogsoestado.com\/danielmatos\/#website"},"primaryImageOfPage":{"@id":"https:\/\/www.blogsoestado.com\/danielmatos\/wellington-afirma-so-curvo-minha-cabeca-para-deus-e-para-a-populacao-do-meu-estado-em-solenidade-de-diplomacao-do-tre\/#primaryimage"},"image":{"@id":"https:\/\/www.blogsoestado.com\/danielmatos\/wellington-afirma-so-curvo-minha-cabeca-para-deus-e-para-a-populacao-do-meu-estado-em-solenidade-de-diplomacao-do-tre\/#primaryimage"},"thumbnailUrl":"https:\/\/www.blogsoestado.com\/danielmatos\/files\/2018\/12\/w-diplomado.jpg","datePublished":"2018-12-19T13:29:54+00:00","author":{"@id":""},"breadcrumb":{"@id":"https:\/\/www.blogsoestado.com\/danielmatos\/wellington-afirma-so-curvo-minha-cabeca-para-deus-e-para-a-populacao-do-meu-estado-em-solenidade-de-diplomacao-do-tre\/#breadcrumb"},"inLanguage":"pt-BR","potentialAction":[{"@type":"ReadAction","target":["https:\/\/www.blogsoestado.com\/danielmatos\/wellington-afirma-so-curvo-minha-cabeca-para-deus-e-para-a-populacao-do-meu-estado-em-solenidade-de-diplomacao-do-tre\/"]}]},{"@type":"ImageObject","inLanguage":"pt-BR","@id":"https:\/\/www.blogsoestado.com\/danielmatos\/wellington-afirma-so-curvo-minha-cabeca-para-deus-e-para-a-populacao-do-meu-estado-em-solenidade-de-diplomacao-do-tre\/#primaryimage","url":"https:\/\/www.blogsoestado.com\/danielmatos\/files\/2018\/12\/w-diplomado.jpg","contentUrl":"https:\/\/www.blogsoestado.com\/danielmatos\/files\/2018\/12\/w-diplomado.jpg"},{"@type":"BreadcrumbList","@id":"https:\/\/www.blogsoestado.com\/danielmatos\/wellington-afirma-so-curvo-minha-cabeca-para-deus-e-para-a-populacao-do-meu-estado-em-solenidade-de-diplomacao-do-tre\/#breadcrumb","itemListElement":[{"@type":"ListItem","position":1,"name":"In\u00edcio","item":"https:\/\/www.blogsoestado.com\/danielmatos\/"},{"@type":"ListItem","position":2,"name":"Wellington afirma: &#8220;s\u00f3 curvo minha cabe\u00e7a para Deus e para a popula\u00e7\u00e3o do meu estado&#8221;, em solenidade de diploma\u00e7\u00e3o do TRE"}]},{"@type":"WebSite","@id":"https:\/\/www.blogsoestado.com\/danielmatos\/#website","url":"https:\/\/www.blogsoestado.com\/danielmatos\/","name":"Daniel Matos","description":"","potentialAction":[{"@type":"SearchAction","target":{"@type":"EntryPoint","urlTemplate":"https:\/\/www.blogsoestado.com\/danielmatos\/?s={search_term_string}"},"query-input":{"@type":"PropertyValueSpecification","valueRequired":true,"valueName":"search_term_string"}}],"inLanguage":"pt-BR"}]}},"jetpack_featured_media_url":"","_links":{"self":[{"href":"https:\/\/www.blogsoestado.com\/danielmatos\/wp-json\/wp\/v2\/posts\/58918","targetHints":{"allow":["GET"]}}],"collection":[{"href":"https:\/\/www.blogsoestado.com\/danielmatos\/wp-json\/wp\/v2\/posts"}],"about":[{"href":"https:\/\/www.blogsoestado.com\/danielmatos\/wp-json\/wp\/v2\/types\/post"}],"replies":[{"embeddable":true,"href":"https:\/\/www.blogsoestado.com\/danielmatos\/wp-json\/wp\/v2\/comments?post=58918"}],"version-history":[{"count":0,"href":"https:\/\/www.blogsoestado.com\/danielmatos\/wp-json\/wp\/v2\/posts\/58918\/revisions"}],"wp:attachment":[{"href":"https:\/\/www.blogsoestado.com\/danielmatos\/wp-json\/wp\/v2\/media?parent=58918"}],"wp:term":[{"taxonomy":"category","embeddable":true,"href":"https:\/\/www.blogsoestado.com\/danielmatos\/wp-json\/wp\/v2\/categories?post=58918"},{"taxonomy":"post_tag","embeddable":true,"href":"https:\/\/www.blogsoestado.com\/danielmatos\/wp-json\/wp\/v2\/tags?post=58918"}],"curies":[{"name":"wp","href":"https:\/\/api.w.org\/{rel}","templated":true}]}}