{"id":58944,"date":"2018-12-19T20:33:27","date_gmt":"2018-12-19T23:33:27","guid":{"rendered":"https:\/\/www.blogsoestado.com\/danielmatos\/?p=58944"},"modified":"2018-12-19T20:33:27","modified_gmt":"2018-12-19T23:33:27","slug":"prefeito-edivaldo-para-13-salario-a-servidores-nesta-quinta-feira","status":"publish","type":"post","link":"https:\/\/www.blogsoestado.com\/danielmatos\/prefeito-edivaldo-para-13-salario-a-servidores-nesta-quinta-feira\/","title":{"rendered":"Prefeito Edivaldo para 13\u00b0 sal\u00e1rio a servidores nesta quinta-feira"},"content":{"rendered":"<figure id=\"attachment_58945\" aria-describedby=\"caption-attachment-58945\" style=\"width: 450px\" class=\"wp-caption alignleft\"><a href=\"https:\/\/www.blogsoestado.com\/danielmatos\/2018\/12\/19\/prefeito-edivaldo-para-13-salario-a-servidores-nesta-quinta-feira\/img-20181219-wa0127\/\" rel=\"attachment wp-att-58945\"><img fetchpriority=\"high\" decoding=\"async\" class=\"wp-image-58945\" src=\"https:\/\/www.blogsoestado.com\/danielmatos\/files\/2018\/12\/IMG-20181219-WA0127.jpg\" alt=\"\" width=\"450\" height=\"300\" \/><\/a><figcaption id=\"caption-attachment-58945\" class=\"wp-caption-text\">Prefeito Edivaldo honra, mais uma vez, compromisso com servidores<\/figcaption><\/figure>\n<p>A Prefeitura de S\u00e3o Lu\u00eds paga nesta quinta-feira (20) segunda parcela do 13\u00ba. Ser\u00e3o mais de R$ 25 milh\u00f5es, que v\u00e3o aquecer a economia da cidade na semana que antecede o Natal. O pagamento salarial em dia \u00e9 uma das a\u00e7\u00f5es de valoriza\u00e7\u00e3o do funcionalismo municipal na gest\u00e3o do prefeito Edivaldo Holanda Junior. Durante todo o ano de 2018 o prefeito cumpriu o compromisso do pagamento dos sal\u00e1rios em dia, sendo que na maioria dos meses antecipou a data do calend\u00e1rio de pagamento divulgado no inicio do ano.<\/p>\n<p>Com isso, a capital maranhense se destaca entre as capitais do Brasil que, apesar da forte crise econ\u00f4mica e queda nos repasses federais, fecha o ano em dia com o pagamento do servidor. &#8220;O pagamento do sal\u00e1rio em dia valoriza o servidor e aquece ainda mais a economia da capital. Para n\u00f3s \u00e9 motivo de alegria honrar com mais esse compromisso, mesmo neste cen\u00e1rio de crise nacional&#8221;, disse o prefeito Edivaldo. A medida \u00e9 uma forma de reconhecer e valorizar os servidores municipais que tanto contribuem para o sucesso da administra\u00e7\u00e3o.<\/p>\n<p>O titular da Secretaria Municipal da Fazenda, Delcio Rodrigues, lembrou que o ano de 2018 foi um ano muito dif\u00edcil para a administra\u00e7\u00e3o p\u00fablica, mas a gest\u00e3o do prefeito Edivaldo, com planejamento e organiza\u00e7\u00e3o das contas p\u00fablicas, vem se posicionando contra a crise econ\u00f4mica do pa\u00eds. &#8220;Sofremos muitas baixas na arrecada\u00e7\u00e3o e tamb\u00e9m nos repasses do Fundo de Participa\u00e7\u00e3o dos Munic\u00edpios (FPM), mas nos mantivemos seguros nos compromissos do prefeito Edivaldo, que colocou o pagamento dos servidores municipais como uma de suas prioridades&#8221;, assegurou Rodrigues.<\/p>\n<p>Para o comerciante Carlos Mendes, o final do ano \u00e9, para grande parte dos pequenos, m\u00e9dios e grandes empres\u00e1rios, uma \u00e9poca de lucro. &#8220;Tem muitos clientes que separam o 13\u00b0 sal\u00e1rio para pagar algumas d\u00edvidas e outros para comprar, investir. O lucro \u00e9 muito bom. Como trabalho no ramo do com\u00e9rcio, percebo que as pessoas aproveitam a \u00e9poca para comprar mais&#8221;, garante o empres\u00e1rio.<\/p>\n<p><strong>INFORMA\u00c7\u00d5ES<\/strong><\/p>\n<p>Os servidores municipais t\u00eam acesso \u00e0s informa\u00e7\u00f5es dos seus vencimentos em todos os terminais de autoatendimento do Banco do Brasil, por meio do contracheque eletr\u00f4nico. A informa\u00e7\u00e3o dos vencimentos tamb\u00e9m pode ser acessada atrav\u00e9s do site da Prefeitura de S\u00e3o Lu\u00eds (<a href=\"http:\/\/www.saoluis.ma.gov.br\/\" target=\"_blank\" rel=\"noopener noreferrer\" data-saferedirecturl=\"https:\/\/www.google.com\/url?q=http:\/\/www.saoluis.ma.gov.br&amp;source=gmail&amp;ust=1545341962610000&amp;usg=AFQjCNHn_nq8ISbGHuxz9dplmgFoWWPneg\">www.saoluis.ma.gov.br<\/a>), no Portal do Servidor, no menu do lado esquerdo, informando o n\u00famero da matr\u00edcula e a senha.<\/p>\n","protected":false},"excerpt":{"rendered":"<p>A Prefeitura de S\u00e3o Lu\u00eds paga nesta quinta-feira (20) segunda parcela do 13\u00ba. Ser\u00e3o mais de R$ 25 milh\u00f5es, que [&hellip;]<\/p>\n","protected":false},"author":0,"featured_media":0,"comment_status":"open","ping_status":"open","sticky":false,"template":"","format":"standard","meta":{"site-sidebar-layout":"default","site-content-layout":"","ast-site-content-layout":"default","site-content-style":"default","site-sidebar-style":"default","ast-global-header-display":"","ast-banner-title-visibility":"","ast-main-header-display":"","ast-hfb-above-header-display":"","ast-hfb-below-header-display":"","ast-hfb-mobile-header-display":"","site-post-title":"","ast-breadcrumbs-content":"","ast-featured-img":"","footer-sml-layout":"","ast-disable-related-posts":"","theme-transparent-header-meta":"","adv-header-id-meta":"","stick-header-meta":"","header-above-stick-meta":"","header-main-stick-meta":"","header-below-stick-meta":"","astra-migrate-meta-layouts":"default","ast-page-background-enabled":"default","ast-page-background-meta":{"desktop":{"background-color":"var(--ast-global-color-5)","background-image":"","background-repeat":"repeat","background-position":"center center","background-size":"auto","background-attachment":"scroll","background-type":"","background-media":"","overlay-type":"","overlay-color":"","overlay-opacity":"","overlay-gradient":""},"tablet":{"background-color":"","background-image":"","background-repeat":"repeat","background-position":"center center","background-size":"auto","background-attachment":"scroll","background-type":"","background-media":"","overlay-type":"","overlay-color":"","overlay-opacity":"","overlay-gradient":""},"mobile":{"background-color":"","background-image":"","background-repeat":"repeat","background-position":"center center","background-size":"auto","background-attachment":"scroll","background-type":"","background-media":"","overlay-type":"","overlay-color":"","overlay-opacity":"","overlay-gradient":""}},"ast-content-background-meta":{"desktop":{"background-color":"var(--ast-global-color-4)","background-image":"","background-repeat":"repeat","background-position":"center center","background-size":"auto","background-attachment":"scroll","background-type":"","background-media":"","overlay-type":"","overlay-color":"","overlay-opacity":"","overlay-gradient":""},"tablet":{"background-color":"var(--ast-global-color-4)","background-image":"","background-repeat":"repeat","background-position":"center center","background-size":"auto","background-attachment":"scroll","background-type":"","background-media":"","overlay-type":"","overlay-color":"","overlay-opacity":"","overlay-gradient":""},"mobile":{"background-color":"var(--ast-global-color-4)","background-image":"","background-repeat":"repeat","background-position":"center center","background-size":"auto","background-attachment":"scroll","background-type":"","background-media":"","overlay-type":"","overlay-color":"","overlay-opacity":"","overlay-gradient":""}},"footnotes":""},"categories":[1],"tags":[],"class_list":["post-58944","post","type-post","status-publish","format-standard","hentry","category-sem-categoria"],"yoast_head":"<!-- This site is optimized with the Yoast SEO plugin v26.6 - https:\/\/yoast.com\/wordpress\/plugins\/seo\/ -->\n<title>Prefeito Edivaldo para 13\u00b0 sal\u00e1rio a servidores nesta quinta-feira - Daniel Matos<\/title>\n<meta name=\"robots\" content=\"index, follow, max-snippet:-1, max-image-preview:large, max-video-preview:-1\" \/>\n<link rel=\"canonical\" href=\"https:\/\/www.blogsoestado.com\/danielmatos\/prefeito-edivaldo-para-13-salario-a-servidores-nesta-quinta-feira\/\" \/>\n<meta property=\"og:locale\" content=\"pt_BR\" \/>\n<meta property=\"og:type\" content=\"article\" \/>\n<meta property=\"og:title\" content=\"Prefeito Edivaldo para 13\u00b0 sal\u00e1rio a servidores nesta quinta-feira - Daniel Matos\" \/>\n<meta property=\"og:description\" content=\"A Prefeitura de S\u00e3o Lu\u00eds paga nesta quinta-feira (20) segunda parcela do 13\u00ba. Ser\u00e3o mais de R$ 25 milh\u00f5es, que [&hellip;]\" \/>\n<meta property=\"og:url\" content=\"https:\/\/www.blogsoestado.com\/danielmatos\/prefeito-edivaldo-para-13-salario-a-servidores-nesta-quinta-feira\/\" \/>\n<meta property=\"og:site_name\" content=\"Daniel Matos\" \/>\n<meta property=\"article:published_time\" content=\"2018-12-19T23:33:27+00:00\" \/>\n<meta property=\"og:image\" content=\"https:\/\/www.blogsoestado.com\/danielmatos\/files\/2018\/12\/IMG-20181219-WA0127.jpg\" \/>\n<meta name=\"twitter:card\" content=\"summary_large_image\" \/>\n<meta name=\"twitter:label1\" content=\"Est. tempo de leitura\" \/>\n\t<meta name=\"twitter:data1\" content=\"2 minutos\" \/>\n<script type=\"application\/ld+json\" class=\"yoast-schema-graph\">{\"@context\":\"https:\/\/schema.org\",\"@graph\":[{\"@type\":\"WebPage\",\"@id\":\"https:\/\/www.blogsoestado.com\/danielmatos\/prefeito-edivaldo-para-13-salario-a-servidores-nesta-quinta-feira\/\",\"url\":\"https:\/\/www.blogsoestado.com\/danielmatos\/prefeito-edivaldo-para-13-salario-a-servidores-nesta-quinta-feira\/\",\"name\":\"Prefeito Edivaldo para 13\u00b0 sal\u00e1rio a servidores nesta quinta-feira - Daniel Matos\",\"isPartOf\":{\"@id\":\"https:\/\/www.blogsoestado.com\/danielmatos\/#website\"},\"primaryImageOfPage\":{\"@id\":\"https:\/\/www.blogsoestado.com\/danielmatos\/prefeito-edivaldo-para-13-salario-a-servidores-nesta-quinta-feira\/#primaryimage\"},\"image\":{\"@id\":\"https:\/\/www.blogsoestado.com\/danielmatos\/prefeito-edivaldo-para-13-salario-a-servidores-nesta-quinta-feira\/#primaryimage\"},\"thumbnailUrl\":\"https:\/\/www.blogsoestado.com\/danielmatos\/files\/2018\/12\/IMG-20181219-WA0127.jpg\",\"datePublished\":\"2018-12-19T23:33:27+00:00\",\"author\":{\"@id\":\"\"},\"breadcrumb\":{\"@id\":\"https:\/\/www.blogsoestado.com\/danielmatos\/prefeito-edivaldo-para-13-salario-a-servidores-nesta-quinta-feira\/#breadcrumb\"},\"inLanguage\":\"pt-BR\",\"potentialAction\":[{\"@type\":\"ReadAction\",\"target\":[\"https:\/\/www.blogsoestado.com\/danielmatos\/prefeito-edivaldo-para-13-salario-a-servidores-nesta-quinta-feira\/\"]}]},{\"@type\":\"ImageObject\",\"inLanguage\":\"pt-BR\",\"@id\":\"https:\/\/www.blogsoestado.com\/danielmatos\/prefeito-edivaldo-para-13-salario-a-servidores-nesta-quinta-feira\/#primaryimage\",\"url\":\"https:\/\/www.blogsoestado.com\/danielmatos\/files\/2018\/12\/IMG-20181219-WA0127.jpg\",\"contentUrl\":\"https:\/\/www.blogsoestado.com\/danielmatos\/files\/2018\/12\/IMG-20181219-WA0127.jpg\"},{\"@type\":\"BreadcrumbList\",\"@id\":\"https:\/\/www.blogsoestado.com\/danielmatos\/prefeito-edivaldo-para-13-salario-a-servidores-nesta-quinta-feira\/#breadcrumb\",\"itemListElement\":[{\"@type\":\"ListItem\",\"position\":1,\"name\":\"In\u00edcio\",\"item\":\"https:\/\/www.blogsoestado.com\/danielmatos\/\"},{\"@type\":\"ListItem\",\"position\":2,\"name\":\"Prefeito Edivaldo para 13\u00b0 sal\u00e1rio a servidores nesta quinta-feira\"}]},{\"@type\":\"WebSite\",\"@id\":\"https:\/\/www.blogsoestado.com\/danielmatos\/#website\",\"url\":\"https:\/\/www.blogsoestado.com\/danielmatos\/\",\"name\":\"Daniel Matos\",\"description\":\"\",\"potentialAction\":[{\"@type\":\"SearchAction\",\"target\":{\"@type\":\"EntryPoint\",\"urlTemplate\":\"https:\/\/www.blogsoestado.com\/danielmatos\/?s={search_term_string}\"},\"query-input\":{\"@type\":\"PropertyValueSpecification\",\"valueRequired\":true,\"valueName\":\"search_term_string\"}}],\"inLanguage\":\"pt-BR\"}]}<\/script>\n<!-- \/ Yoast SEO plugin. -->","yoast_head_json":{"title":"Prefeito Edivaldo para 13\u00b0 sal\u00e1rio a servidores nesta quinta-feira - Daniel Matos","robots":{"index":"index","follow":"follow","max-snippet":"max-snippet:-1","max-image-preview":"max-image-preview:large","max-video-preview":"max-video-preview:-1"},"canonical":"https:\/\/www.blogsoestado.com\/danielmatos\/prefeito-edivaldo-para-13-salario-a-servidores-nesta-quinta-feira\/","og_locale":"pt_BR","og_type":"article","og_title":"Prefeito Edivaldo para 13\u00b0 sal\u00e1rio a servidores nesta quinta-feira - Daniel Matos","og_description":"A Prefeitura de S\u00e3o Lu\u00eds paga nesta quinta-feira (20) segunda parcela do 13\u00ba. Ser\u00e3o mais de R$ 25 milh\u00f5es, que [&hellip;]","og_url":"https:\/\/www.blogsoestado.com\/danielmatos\/prefeito-edivaldo-para-13-salario-a-servidores-nesta-quinta-feira\/","og_site_name":"Daniel Matos","article_published_time":"2018-12-19T23:33:27+00:00","og_image":[{"url":"https:\/\/www.blogsoestado.com\/danielmatos\/files\/2018\/12\/IMG-20181219-WA0127.jpg","type":"","width":"","height":""}],"twitter_card":"summary_large_image","twitter_misc":{"Est. tempo de leitura":"2 minutos"},"schema":{"@context":"https:\/\/schema.org","@graph":[{"@type":"WebPage","@id":"https:\/\/www.blogsoestado.com\/danielmatos\/prefeito-edivaldo-para-13-salario-a-servidores-nesta-quinta-feira\/","url":"https:\/\/www.blogsoestado.com\/danielmatos\/prefeito-edivaldo-para-13-salario-a-servidores-nesta-quinta-feira\/","name":"Prefeito Edivaldo para 13\u00b0 sal\u00e1rio a servidores nesta quinta-feira - Daniel Matos","isPartOf":{"@id":"https:\/\/www.blogsoestado.com\/danielmatos\/#website"},"primaryImageOfPage":{"@id":"https:\/\/www.blogsoestado.com\/danielmatos\/prefeito-edivaldo-para-13-salario-a-servidores-nesta-quinta-feira\/#primaryimage"},"image":{"@id":"https:\/\/www.blogsoestado.com\/danielmatos\/prefeito-edivaldo-para-13-salario-a-servidores-nesta-quinta-feira\/#primaryimage"},"thumbnailUrl":"https:\/\/www.blogsoestado.com\/danielmatos\/files\/2018\/12\/IMG-20181219-WA0127.jpg","datePublished":"2018-12-19T23:33:27+00:00","author":{"@id":""},"breadcrumb":{"@id":"https:\/\/www.blogsoestado.com\/danielmatos\/prefeito-edivaldo-para-13-salario-a-servidores-nesta-quinta-feira\/#breadcrumb"},"inLanguage":"pt-BR","potentialAction":[{"@type":"ReadAction","target":["https:\/\/www.blogsoestado.com\/danielmatos\/prefeito-edivaldo-para-13-salario-a-servidores-nesta-quinta-feira\/"]}]},{"@type":"ImageObject","inLanguage":"pt-BR","@id":"https:\/\/www.blogsoestado.com\/danielmatos\/prefeito-edivaldo-para-13-salario-a-servidores-nesta-quinta-feira\/#primaryimage","url":"https:\/\/www.blogsoestado.com\/danielmatos\/files\/2018\/12\/IMG-20181219-WA0127.jpg","contentUrl":"https:\/\/www.blogsoestado.com\/danielmatos\/files\/2018\/12\/IMG-20181219-WA0127.jpg"},{"@type":"BreadcrumbList","@id":"https:\/\/www.blogsoestado.com\/danielmatos\/prefeito-edivaldo-para-13-salario-a-servidores-nesta-quinta-feira\/#breadcrumb","itemListElement":[{"@type":"ListItem","position":1,"name":"In\u00edcio","item":"https:\/\/www.blogsoestado.com\/danielmatos\/"},{"@type":"ListItem","position":2,"name":"Prefeito Edivaldo para 13\u00b0 sal\u00e1rio a servidores nesta quinta-feira"}]},{"@type":"WebSite","@id":"https:\/\/www.blogsoestado.com\/danielmatos\/#website","url":"https:\/\/www.blogsoestado.com\/danielmatos\/","name":"Daniel Matos","description":"","potentialAction":[{"@type":"SearchAction","target":{"@type":"EntryPoint","urlTemplate":"https:\/\/www.blogsoestado.com\/danielmatos\/?s={search_term_string}"},"query-input":{"@type":"PropertyValueSpecification","valueRequired":true,"valueName":"search_term_string"}}],"inLanguage":"pt-BR"}]}},"jetpack_featured_media_url":"","_links":{"self":[{"href":"https:\/\/www.blogsoestado.com\/danielmatos\/wp-json\/wp\/v2\/posts\/58944","targetHints":{"allow":["GET"]}}],"collection":[{"href":"https:\/\/www.blogsoestado.com\/danielmatos\/wp-json\/wp\/v2\/posts"}],"about":[{"href":"https:\/\/www.blogsoestado.com\/danielmatos\/wp-json\/wp\/v2\/types\/post"}],"replies":[{"embeddable":true,"href":"https:\/\/www.blogsoestado.com\/danielmatos\/wp-json\/wp\/v2\/comments?post=58944"}],"version-history":[{"count":0,"href":"https:\/\/www.blogsoestado.com\/danielmatos\/wp-json\/wp\/v2\/posts\/58944\/revisions"}],"wp:attachment":[{"href":"https:\/\/www.blogsoestado.com\/danielmatos\/wp-json\/wp\/v2\/media?parent=58944"}],"wp:term":[{"taxonomy":"category","embeddable":true,"href":"https:\/\/www.blogsoestado.com\/danielmatos\/wp-json\/wp\/v2\/categories?post=58944"},{"taxonomy":"post_tag","embeddable":true,"href":"https:\/\/www.blogsoestado.com\/danielmatos\/wp-json\/wp\/v2\/tags?post=58944"}],"curies":[{"name":"wp","href":"https:\/\/api.w.org\/{rel}","templated":true}]}}