{"id":58953,"date":"2018-12-20T11:01:28","date_gmt":"2018-12-20T14:01:28","guid":{"rendered":"https:\/\/www.blogsoestado.com\/danielmatos\/?p=58953"},"modified":"2018-12-20T11:01:28","modified_gmt":"2018-12-20T14:01:28","slug":"entrei-desacreditado-e-saio-com-credibilidade-diz-astro-de-ogum-sobre-gestao-na-presidencia-da-camara","status":"publish","type":"post","link":"https:\/\/www.blogsoestado.com\/danielmatos\/entrei-desacreditado-e-saio-com-credibilidade-diz-astro-de-ogum-sobre-gestao-na-presidencia-da-camara\/","title":{"rendered":"&#8220;Entrei desacreditado e saio com credibilidade&#8221;, diz Astro de Ogum sobre gest\u00e3o na presid\u00eancia da C\u00e2mara"},"content":{"rendered":"<h2><span style=\"color: #ff0000;\">Chefe do Legislativo destacou ainda os desafios e as emo\u00e7\u00f5es que, segundo ele, foram marcas de sua gest\u00e3o<\/span><\/h2>\n<figure id=\"attachment_58954\" aria-describedby=\"caption-attachment-58954\" style=\"width: 450px\" class=\"wp-caption alignleft\"><a href=\"https:\/\/www.blogsoestado.com\/danielmatos\/2018\/12\/20\/entrei-desacreditado-e-saio-com-credibilidade-diz-astro-de-ogum-sobre-gestao-na-presidencia-da-camara\/astro-sai\/\" rel=\"attachment wp-att-58954\"><img fetchpriority=\"high\" decoding=\"async\" class=\"wp-image-58954\" src=\"https:\/\/www.blogsoestado.com\/danielmatos\/files\/2018\/12\/astro-sai.jpg\" alt=\"\" width=\"450\" height=\"300\" \/><\/a><figcaption id=\"caption-attachment-58954\" class=\"wp-caption-text\">Astro de Ogum deixou deixou marca de bom administrador na C\u00e2mara Municipal<\/figcaption><\/figure>\n<p>A presid\u00eancia do vereador Astro de Ogum (PR) \u00e0 frente da C\u00e2mara Municipal de S\u00e3o Lu\u00eds encerra sua gest\u00e3o, no pr\u00f3ximo dia 31 de dezembro, ap\u00f3s comandar o Pal\u00e1cio Pedro Neiva de Santana \u2013 sede do Poder Legislativo da capital, em duas oportunidades.<\/p>\n<p>Durante sess\u00e3o ordin\u00e1ria desta quarta-feira (19), que foi a \u00faltima do ano sob seu comando, o chefe do legislativo ocupou a tribuna para apresentar um balan\u00e7o da sua gest\u00e3o, aproveitou para agradecer aos colegas de plen\u00e1rio pela confian\u00e7a e, ainda, destacou que os desafios foram marcas de sua gest\u00e3o.<\/p>\n<p>&#8220;O que marcou minha gest\u00e3o nesta Casa foram os desafios e \u00e0s emo\u00e7\u00f5es de quem entrou desacreditado e terminou com certa credibilidade&#8221;, assinalou o parlamentar.<\/p>\n<p>Em um pronunciamento bastante emocionado, Astro de Ogum listou algumas das a\u00e7\u00f5es que diz ter adotado em nome da melhor gest\u00e3o, destacou as transmiss\u00f5es das sess\u00f5es ao vivo pelo YouTube &#8211; a \u00faltima das novidades de sua gest\u00e3o, implantada tamb\u00e9m nesta quarta feira e, nominalmente, agradeceu o apoio de cada um dos vereadores.<\/p>\n<p>&#8220;O momento \u00e9 de agradecer. Obrigado a cada um dos vereadores que confiou em mim. N\u00e3o poderia ter chegado at\u00e9 aqui sem a confian\u00e7a de cada um de voc\u00eas&#8221;, agradeceu o vereador.<\/p>\n<p>Astro de Ogum fez quest\u00e3o de evidenciar sua trajet\u00f3ria humilde lembrando, inclusive, que foi menino de rua, criado sem pai e que trabalhava vendendo suquinho para sustentar a m\u00e3e e os irm\u00e3os, com o intuito de n\u00e3o ver a fam\u00edlia passar fome.<\/p>\n<figure id=\"attachment_58955\" aria-describedby=\"caption-attachment-58955\" style=\"width: 650px\" class=\"wp-caption aligncenter\"><a href=\"https:\/\/www.blogsoestado.com\/danielmatos\/2018\/12\/20\/entrei-desacreditado-e-saio-com-credibilidade-diz-astro-de-ogum-sobre-gestao-na-presidencia-da-camara\/astro-sai2\/\" rel=\"attachment wp-att-58955\"><img decoding=\"async\" class=\"wp-image-58955\" src=\"https:\/\/www.blogsoestado.com\/danielmatos\/files\/2018\/12\/astro-sai2.jpg\" alt=\"\" width=\"650\" height=\"434\" \/><\/a><figcaption id=\"caption-attachment-58955\" class=\"wp-caption-text\">Vereadores em torno de Astro de Ogum em sinal de apre\u00e7o ao presidente que deixa o cargo<\/figcaption><\/figure>\n<p>O chefe do legislativo salientou que, ao assumir o comando do Parlamento ludovicense, se viu diante de um desafio, de discutir problemas de interesse da sociedade, &#8220;causas que pudessem engrandecer a cidade de S\u00e3o Lu\u00eds&#8221;. Ele citou que sob sua gest\u00e3o muitas mat\u00e9rias importantes foram aprovadas, como por exemplo, a licita\u00e7\u00e3o do transporte p\u00fablico.<\/p>\n<p><strong>Discurso emocionante<\/strong><\/p>\n<p>Logo ap\u00f3s o pronunciamento, a sess\u00e3o foi suspensa por cinco minutos para que os vereadores pudessem cumprimentar o chefe do legislativo. Nesse momento, a emo\u00e7\u00e3o tomou conta dos parlamentares e a vereadora F\u00e1tima Ara\u00fajo (PCdoB), que estava bastante comovida com as palavras do colega de plen\u00e1rio, n\u00e3o conteve as l\u00e1grimas.<\/p>\n","protected":false},"excerpt":{"rendered":"<p>Chefe do Legislativo destacou ainda os desafios e as emo\u00e7\u00f5es que, segundo ele, foram marcas de sua gest\u00e3o A presid\u00eancia [&hellip;]<\/p>\n","protected":false},"author":0,"featured_media":0,"comment_status":"open","ping_status":"open","sticky":false,"template":"","format":"standard","meta":{"site-sidebar-layout":"default","site-content-layout":"","ast-site-content-layout":"default","site-content-style":"default","site-sidebar-style":"default","ast-global-header-display":"","ast-banner-title-visibility":"","ast-main-header-display":"","ast-hfb-above-header-display":"","ast-hfb-below-header-display":"","ast-hfb-mobile-header-display":"","site-post-title":"","ast-breadcrumbs-content":"","ast-featured-img":"","footer-sml-layout":"","ast-disable-related-posts":"","theme-transparent-header-meta":"","adv-header-id-meta":"","stick-header-meta":"","header-above-stick-meta":"","header-main-stick-meta":"","header-below-stick-meta":"","astra-migrate-meta-layouts":"default","ast-page-background-enabled":"default","ast-page-background-meta":{"desktop":{"background-color":"var(--ast-global-color-5)","background-image":"","background-repeat":"repeat","background-position":"center center","background-size":"auto","background-attachment":"scroll","background-type":"","background-media":"","overlay-type":"","overlay-color":"","overlay-opacity":"","overlay-gradient":""},"tablet":{"background-color":"","background-image":"","background-repeat":"repeat","background-position":"center center","background-size":"auto","background-attachment":"scroll","background-type":"","background-media":"","overlay-type":"","overlay-color":"","overlay-opacity":"","overlay-gradient":""},"mobile":{"background-color":"","background-image":"","background-repeat":"repeat","background-position":"center center","background-size":"auto","background-attachment":"scroll","background-type":"","background-media":"","overlay-type":"","overlay-color":"","overlay-opacity":"","overlay-gradient":""}},"ast-content-background-meta":{"desktop":{"background-color":"var(--ast-global-color-4)","background-image":"","background-repeat":"repeat","background-position":"center center","background-size":"auto","background-attachment":"scroll","background-type":"","background-media":"","overlay-type":"","overlay-color":"","overlay-opacity":"","overlay-gradient":""},"tablet":{"background-color":"var(--ast-global-color-4)","background-image":"","background-repeat":"repeat","background-position":"center center","background-size":"auto","background-attachment":"scroll","background-type":"","background-media":"","overlay-type":"","overlay-color":"","overlay-opacity":"","overlay-gradient":""},"mobile":{"background-color":"var(--ast-global-color-4)","background-image":"","background-repeat":"repeat","background-position":"center center","background-size":"auto","background-attachment":"scroll","background-type":"","background-media":"","overlay-type":"","overlay-color":"","overlay-opacity":"","overlay-gradient":""}},"footnotes":""},"categories":[1],"tags":[],"class_list":["post-58953","post","type-post","status-publish","format-standard","hentry","category-sem-categoria"],"yoast_head":"<!-- This site is optimized with the Yoast SEO plugin v26.6 - https:\/\/yoast.com\/wordpress\/plugins\/seo\/ -->\n<title>&quot;Entrei desacreditado e saio com credibilidade&quot;, diz Astro de Ogum sobre gest\u00e3o na presid\u00eancia da C\u00e2mara - Daniel Matos<\/title>\n<meta name=\"robots\" content=\"index, follow, max-snippet:-1, max-image-preview:large, max-video-preview:-1\" \/>\n<link rel=\"canonical\" href=\"https:\/\/www.blogsoestado.com\/danielmatos\/entrei-desacreditado-e-saio-com-credibilidade-diz-astro-de-ogum-sobre-gestao-na-presidencia-da-camara\/\" \/>\n<meta property=\"og:locale\" content=\"pt_BR\" \/>\n<meta property=\"og:type\" content=\"article\" \/>\n<meta property=\"og:title\" content=\"&quot;Entrei desacreditado e saio com credibilidade&quot;, diz Astro de Ogum sobre gest\u00e3o na presid\u00eancia da C\u00e2mara - Daniel Matos\" \/>\n<meta property=\"og:description\" content=\"Chefe do Legislativo destacou ainda os desafios e as emo\u00e7\u00f5es que, segundo ele, foram marcas de sua gest\u00e3o A presid\u00eancia [&hellip;]\" \/>\n<meta property=\"og:url\" content=\"https:\/\/www.blogsoestado.com\/danielmatos\/entrei-desacreditado-e-saio-com-credibilidade-diz-astro-de-ogum-sobre-gestao-na-presidencia-da-camara\/\" \/>\n<meta property=\"og:site_name\" content=\"Daniel Matos\" \/>\n<meta property=\"article:published_time\" content=\"2018-12-20T14:01:28+00:00\" \/>\n<meta property=\"og:image\" content=\"https:\/\/www.blogsoestado.com\/danielmatos\/files\/2018\/12\/astro-sai.jpg\" \/>\n<meta name=\"twitter:card\" content=\"summary_large_image\" \/>\n<meta name=\"twitter:label1\" content=\"Est. tempo de leitura\" \/>\n\t<meta name=\"twitter:data1\" content=\"2 minutos\" \/>\n<script type=\"application\/ld+json\" class=\"yoast-schema-graph\">{\"@context\":\"https:\/\/schema.org\",\"@graph\":[{\"@type\":\"WebPage\",\"@id\":\"https:\/\/www.blogsoestado.com\/danielmatos\/entrei-desacreditado-e-saio-com-credibilidade-diz-astro-de-ogum-sobre-gestao-na-presidencia-da-camara\/\",\"url\":\"https:\/\/www.blogsoestado.com\/danielmatos\/entrei-desacreditado-e-saio-com-credibilidade-diz-astro-de-ogum-sobre-gestao-na-presidencia-da-camara\/\",\"name\":\"\\\"Entrei desacreditado e saio com credibilidade\\\", diz Astro de Ogum sobre gest\u00e3o na presid\u00eancia da C\u00e2mara - Daniel Matos\",\"isPartOf\":{\"@id\":\"https:\/\/www.blogsoestado.com\/danielmatos\/#website\"},\"primaryImageOfPage\":{\"@id\":\"https:\/\/www.blogsoestado.com\/danielmatos\/entrei-desacreditado-e-saio-com-credibilidade-diz-astro-de-ogum-sobre-gestao-na-presidencia-da-camara\/#primaryimage\"},\"image\":{\"@id\":\"https:\/\/www.blogsoestado.com\/danielmatos\/entrei-desacreditado-e-saio-com-credibilidade-diz-astro-de-ogum-sobre-gestao-na-presidencia-da-camara\/#primaryimage\"},\"thumbnailUrl\":\"https:\/\/www.blogsoestado.com\/danielmatos\/files\/2018\/12\/astro-sai.jpg\",\"datePublished\":\"2018-12-20T14:01:28+00:00\",\"author\":{\"@id\":\"\"},\"breadcrumb\":{\"@id\":\"https:\/\/www.blogsoestado.com\/danielmatos\/entrei-desacreditado-e-saio-com-credibilidade-diz-astro-de-ogum-sobre-gestao-na-presidencia-da-camara\/#breadcrumb\"},\"inLanguage\":\"pt-BR\",\"potentialAction\":[{\"@type\":\"ReadAction\",\"target\":[\"https:\/\/www.blogsoestado.com\/danielmatos\/entrei-desacreditado-e-saio-com-credibilidade-diz-astro-de-ogum-sobre-gestao-na-presidencia-da-camara\/\"]}]},{\"@type\":\"ImageObject\",\"inLanguage\":\"pt-BR\",\"@id\":\"https:\/\/www.blogsoestado.com\/danielmatos\/entrei-desacreditado-e-saio-com-credibilidade-diz-astro-de-ogum-sobre-gestao-na-presidencia-da-camara\/#primaryimage\",\"url\":\"https:\/\/www.blogsoestado.com\/danielmatos\/files\/2018\/12\/astro-sai.jpg\",\"contentUrl\":\"https:\/\/www.blogsoestado.com\/danielmatos\/files\/2018\/12\/astro-sai.jpg\"},{\"@type\":\"BreadcrumbList\",\"@id\":\"https:\/\/www.blogsoestado.com\/danielmatos\/entrei-desacreditado-e-saio-com-credibilidade-diz-astro-de-ogum-sobre-gestao-na-presidencia-da-camara\/#breadcrumb\",\"itemListElement\":[{\"@type\":\"ListItem\",\"position\":1,\"name\":\"In\u00edcio\",\"item\":\"https:\/\/www.blogsoestado.com\/danielmatos\/\"},{\"@type\":\"ListItem\",\"position\":2,\"name\":\"&#8220;Entrei desacreditado e saio com credibilidade&#8221;, diz Astro de Ogum sobre gest\u00e3o na presid\u00eancia da C\u00e2mara\"}]},{\"@type\":\"WebSite\",\"@id\":\"https:\/\/www.blogsoestado.com\/danielmatos\/#website\",\"url\":\"https:\/\/www.blogsoestado.com\/danielmatos\/\",\"name\":\"Daniel Matos\",\"description\":\"\",\"potentialAction\":[{\"@type\":\"SearchAction\",\"target\":{\"@type\":\"EntryPoint\",\"urlTemplate\":\"https:\/\/www.blogsoestado.com\/danielmatos\/?s={search_term_string}\"},\"query-input\":{\"@type\":\"PropertyValueSpecification\",\"valueRequired\":true,\"valueName\":\"search_term_string\"}}],\"inLanguage\":\"pt-BR\"}]}<\/script>\n<!-- \/ Yoast SEO plugin. -->","yoast_head_json":{"title":"\"Entrei desacreditado e saio com credibilidade\", diz Astro de Ogum sobre gest\u00e3o na presid\u00eancia da C\u00e2mara - Daniel Matos","robots":{"index":"index","follow":"follow","max-snippet":"max-snippet:-1","max-image-preview":"max-image-preview:large","max-video-preview":"max-video-preview:-1"},"canonical":"https:\/\/www.blogsoestado.com\/danielmatos\/entrei-desacreditado-e-saio-com-credibilidade-diz-astro-de-ogum-sobre-gestao-na-presidencia-da-camara\/","og_locale":"pt_BR","og_type":"article","og_title":"\"Entrei desacreditado e saio com credibilidade\", diz Astro de Ogum sobre gest\u00e3o na presid\u00eancia da C\u00e2mara - Daniel Matos","og_description":"Chefe do Legislativo destacou ainda os desafios e as emo\u00e7\u00f5es que, segundo ele, foram marcas de sua gest\u00e3o A presid\u00eancia [&hellip;]","og_url":"https:\/\/www.blogsoestado.com\/danielmatos\/entrei-desacreditado-e-saio-com-credibilidade-diz-astro-de-ogum-sobre-gestao-na-presidencia-da-camara\/","og_site_name":"Daniel Matos","article_published_time":"2018-12-20T14:01:28+00:00","og_image":[{"url":"https:\/\/www.blogsoestado.com\/danielmatos\/files\/2018\/12\/astro-sai.jpg","type":"","width":"","height":""}],"twitter_card":"summary_large_image","twitter_misc":{"Est. tempo de leitura":"2 minutos"},"schema":{"@context":"https:\/\/schema.org","@graph":[{"@type":"WebPage","@id":"https:\/\/www.blogsoestado.com\/danielmatos\/entrei-desacreditado-e-saio-com-credibilidade-diz-astro-de-ogum-sobre-gestao-na-presidencia-da-camara\/","url":"https:\/\/www.blogsoestado.com\/danielmatos\/entrei-desacreditado-e-saio-com-credibilidade-diz-astro-de-ogum-sobre-gestao-na-presidencia-da-camara\/","name":"\"Entrei desacreditado e saio com credibilidade\", diz Astro de Ogum sobre gest\u00e3o na presid\u00eancia da C\u00e2mara - Daniel Matos","isPartOf":{"@id":"https:\/\/www.blogsoestado.com\/danielmatos\/#website"},"primaryImageOfPage":{"@id":"https:\/\/www.blogsoestado.com\/danielmatos\/entrei-desacreditado-e-saio-com-credibilidade-diz-astro-de-ogum-sobre-gestao-na-presidencia-da-camara\/#primaryimage"},"image":{"@id":"https:\/\/www.blogsoestado.com\/danielmatos\/entrei-desacreditado-e-saio-com-credibilidade-diz-astro-de-ogum-sobre-gestao-na-presidencia-da-camara\/#primaryimage"},"thumbnailUrl":"https:\/\/www.blogsoestado.com\/danielmatos\/files\/2018\/12\/astro-sai.jpg","datePublished":"2018-12-20T14:01:28+00:00","author":{"@id":""},"breadcrumb":{"@id":"https:\/\/www.blogsoestado.com\/danielmatos\/entrei-desacreditado-e-saio-com-credibilidade-diz-astro-de-ogum-sobre-gestao-na-presidencia-da-camara\/#breadcrumb"},"inLanguage":"pt-BR","potentialAction":[{"@type":"ReadAction","target":["https:\/\/www.blogsoestado.com\/danielmatos\/entrei-desacreditado-e-saio-com-credibilidade-diz-astro-de-ogum-sobre-gestao-na-presidencia-da-camara\/"]}]},{"@type":"ImageObject","inLanguage":"pt-BR","@id":"https:\/\/www.blogsoestado.com\/danielmatos\/entrei-desacreditado-e-saio-com-credibilidade-diz-astro-de-ogum-sobre-gestao-na-presidencia-da-camara\/#primaryimage","url":"https:\/\/www.blogsoestado.com\/danielmatos\/files\/2018\/12\/astro-sai.jpg","contentUrl":"https:\/\/www.blogsoestado.com\/danielmatos\/files\/2018\/12\/astro-sai.jpg"},{"@type":"BreadcrumbList","@id":"https:\/\/www.blogsoestado.com\/danielmatos\/entrei-desacreditado-e-saio-com-credibilidade-diz-astro-de-ogum-sobre-gestao-na-presidencia-da-camara\/#breadcrumb","itemListElement":[{"@type":"ListItem","position":1,"name":"In\u00edcio","item":"https:\/\/www.blogsoestado.com\/danielmatos\/"},{"@type":"ListItem","position":2,"name":"&#8220;Entrei desacreditado e saio com credibilidade&#8221;, diz Astro de Ogum sobre gest\u00e3o na presid\u00eancia da C\u00e2mara"}]},{"@type":"WebSite","@id":"https:\/\/www.blogsoestado.com\/danielmatos\/#website","url":"https:\/\/www.blogsoestado.com\/danielmatos\/","name":"Daniel Matos","description":"","potentialAction":[{"@type":"SearchAction","target":{"@type":"EntryPoint","urlTemplate":"https:\/\/www.blogsoestado.com\/danielmatos\/?s={search_term_string}"},"query-input":{"@type":"PropertyValueSpecification","valueRequired":true,"valueName":"search_term_string"}}],"inLanguage":"pt-BR"}]}},"jetpack_featured_media_url":"","_links":{"self":[{"href":"https:\/\/www.blogsoestado.com\/danielmatos\/wp-json\/wp\/v2\/posts\/58953","targetHints":{"allow":["GET"]}}],"collection":[{"href":"https:\/\/www.blogsoestado.com\/danielmatos\/wp-json\/wp\/v2\/posts"}],"about":[{"href":"https:\/\/www.blogsoestado.com\/danielmatos\/wp-json\/wp\/v2\/types\/post"}],"replies":[{"embeddable":true,"href":"https:\/\/www.blogsoestado.com\/danielmatos\/wp-json\/wp\/v2\/comments?post=58953"}],"version-history":[{"count":0,"href":"https:\/\/www.blogsoestado.com\/danielmatos\/wp-json\/wp\/v2\/posts\/58953\/revisions"}],"wp:attachment":[{"href":"https:\/\/www.blogsoestado.com\/danielmatos\/wp-json\/wp\/v2\/media?parent=58953"}],"wp:term":[{"taxonomy":"category","embeddable":true,"href":"https:\/\/www.blogsoestado.com\/danielmatos\/wp-json\/wp\/v2\/categories?post=58953"},{"taxonomy":"post_tag","embeddable":true,"href":"https:\/\/www.blogsoestado.com\/danielmatos\/wp-json\/wp\/v2\/tags?post=58953"}],"curies":[{"name":"wp","href":"https:\/\/api.w.org\/{rel}","templated":true}]}}