{"id":58964,"date":"2018-12-20T12:27:12","date_gmt":"2018-12-20T15:27:12","guid":{"rendered":"https:\/\/www.blogsoestado.com\/danielmatos\/?p=58964"},"modified":"2018-12-20T12:27:12","modified_gmt":"2018-12-20T15:27:12","slug":"allan-garces-nega-conspiracao-para-tirar-de-chico-carvalho-controle-do-partido-de-bolsonaro-no-maranhao","status":"publish","type":"post","link":"https:\/\/www.blogsoestado.com\/danielmatos\/allan-garces-nega-conspiracao-para-tirar-de-chico-carvalho-controle-do-partido-de-bolsonaro-no-maranhao\/","title":{"rendered":"Allan Garc\u00eas nega conspira\u00e7\u00e3o para tirar de Chico Carvalho controle do partido de Bolsonaro no Maranh\u00e3o"},"content":{"rendered":"<p><a href=\"https:\/\/www.blogsoestado.com\/danielmatos\/2018\/12\/20\/allan-garces-nega-trama-para-derrubar-chico-carvalho-do-comando-do-psl-no-maranhao-e-prega-unidade\/allan-chico\/\" rel=\"attachment wp-att-58965\"><img fetchpriority=\"high\" decoding=\"async\" class=\"alignleft wp-image-58965\" src=\"https:\/\/www.blogsoestado.com\/danielmatos\/files\/2018\/12\/allan-chico.jpg\" alt=\"\" width=\"450\" height=\"555\" \/><\/a>O m\u00e9dico Allan Garc\u00eas, que integra a equipe de transi\u00e7\u00e3o para o governo de Jair Messias Bolsonaro, postou mensagem em suas redes sociais na qual pregou a unidade do PSL no Maranh\u00e3o e defendeu a perman\u00eancia do vereador de S\u00e3o Lu\u00eds Chico Carvalho \u00e0 frente do partido do presidente eleito. A manifesta\u00e7\u00e3o pac\u00edfica de Allan Garc\u00eas veio no mesmo dia em que setores da imprensa e da blogosfera propagaram informa\u00e7\u00e3o sobre um suposto racha na legenda em n\u00edvel local, com Allan Garc\u00eas e Maura Jorge de um lado e Chico Carvalho de outro.<\/p>\n<p>Para Garc\u00eas, se o PSL no Maranh\u00e3o desejar protagonizar a verdadeira mudan\u00e7a, ter\u00e1 que mudar as velhas pr\u00e1ticas que o povo demonstrou rejeitar nas \u00faltimas elei\u00e7\u00f5es ao eleger Jair Bolsonaro presidente da rep\u00fablica. &#8220;\u00c9 preciso saber fazer essa leitura&#8221;, frisou.<\/p>\n<p>Em tom conciliador, ele tranquilizou Chico Carvalho quanto \u00e0 continuidade do vereador como presidente do partido no Maranh\u00e3o. Informou que em visita que fez recentemente ao presidente nacional da sigla, Luciano Bivar, colocou-se \u00e0 disposi\u00e7\u00e3o para uma composi\u00e7\u00e3o para ajudar o partido a se fortalecer. &#8220;Temos interesse na uni\u00e3o e nunca em dividir ou em derrubar, pr\u00e1ticas essas da velha pol\u00edtica&#8221;, registrou.<\/p>\n<p>Allan Garc\u00eas defendeu a paz e a uni\u00e3o do Diret\u00f3rio Estadual do PSL para que o partido se torne forte e cres\u00e7a no Maranh\u00e3o. &#8220;Enquanto n\u00e3o reconhecerem essa verdade, infelizmente, ir\u00e3o se enfraquecer, se auto-mutilar e auto-destruir. Desejo sabedoria ao partido! Reino dividido n\u00e3o se sustenta&#8221;, escreveu.<\/p>\n","protected":false},"excerpt":{"rendered":"<p>O m\u00e9dico Allan Garc\u00eas, que integra a equipe de transi\u00e7\u00e3o para o governo de Jair Messias Bolsonaro, postou mensagem em [&hellip;]<\/p>\n","protected":false},"author":0,"featured_media":0,"comment_status":"open","ping_status":"open","sticky":false,"template":"","format":"standard","meta":{"site-sidebar-layout":"default","site-content-layout":"","ast-site-content-layout":"default","site-content-style":"default","site-sidebar-style":"default","ast-global-header-display":"","ast-banner-title-visibility":"","ast-main-header-display":"","ast-hfb-above-header-display":"","ast-hfb-below-header-display":"","ast-hfb-mobile-header-display":"","site-post-title":"","ast-breadcrumbs-content":"","ast-featured-img":"","footer-sml-layout":"","ast-disable-related-posts":"","theme-transparent-header-meta":"","adv-header-id-meta":"","stick-header-meta":"","header-above-stick-meta":"","header-main-stick-meta":"","header-below-stick-meta":"","astra-migrate-meta-layouts":"default","ast-page-background-enabled":"default","ast-page-background-meta":{"desktop":{"background-color":"var(--ast-global-color-5)","background-image":"","background-repeat":"repeat","background-position":"center center","background-size":"auto","background-attachment":"scroll","background-type":"","background-media":"","overlay-type":"","overlay-color":"","overlay-opacity":"","overlay-gradient":""},"tablet":{"background-color":"","background-image":"","background-repeat":"repeat","background-position":"center center","background-size":"auto","background-attachment":"scroll","background-type":"","background-media":"","overlay-type":"","overlay-color":"","overlay-opacity":"","overlay-gradient":""},"mobile":{"background-color":"","background-image":"","background-repeat":"repeat","background-position":"center center","background-size":"auto","background-attachment":"scroll","background-type":"","background-media":"","overlay-type":"","overlay-color":"","overlay-opacity":"","overlay-gradient":""}},"ast-content-background-meta":{"desktop":{"background-color":"var(--ast-global-color-4)","background-image":"","background-repeat":"repeat","background-position":"center center","background-size":"auto","background-attachment":"scroll","background-type":"","background-media":"","overlay-type":"","overlay-color":"","overlay-opacity":"","overlay-gradient":""},"tablet":{"background-color":"var(--ast-global-color-4)","background-image":"","background-repeat":"repeat","background-position":"center center","background-size":"auto","background-attachment":"scroll","background-type":"","background-media":"","overlay-type":"","overlay-color":"","overlay-opacity":"","overlay-gradient":""},"mobile":{"background-color":"var(--ast-global-color-4)","background-image":"","background-repeat":"repeat","background-position":"center center","background-size":"auto","background-attachment":"scroll","background-type":"","background-media":"","overlay-type":"","overlay-color":"","overlay-opacity":"","overlay-gradient":""}},"footnotes":""},"categories":[1],"tags":[],"class_list":["post-58964","post","type-post","status-publish","format-standard","hentry","category-sem-categoria"],"yoast_head":"<!-- This site is optimized with the Yoast SEO plugin v26.6 - https:\/\/yoast.com\/wordpress\/plugins\/seo\/ -->\n<title>Allan Garc\u00eas nega conspira\u00e7\u00e3o para tirar de Chico Carvalho controle do partido de Bolsonaro no Maranh\u00e3o - Daniel Matos<\/title>\n<meta name=\"robots\" content=\"index, follow, max-snippet:-1, max-image-preview:large, max-video-preview:-1\" \/>\n<link rel=\"canonical\" href=\"https:\/\/www.blogsoestado.com\/danielmatos\/allan-garces-nega-conspiracao-para-tirar-de-chico-carvalho-controle-do-partido-de-bolsonaro-no-maranhao\/\" \/>\n<meta property=\"og:locale\" content=\"pt_BR\" \/>\n<meta property=\"og:type\" content=\"article\" \/>\n<meta property=\"og:title\" content=\"Allan Garc\u00eas nega conspira\u00e7\u00e3o para tirar de Chico Carvalho controle do partido de Bolsonaro no Maranh\u00e3o - Daniel Matos\" \/>\n<meta property=\"og:description\" content=\"O m\u00e9dico Allan Garc\u00eas, que integra a equipe de transi\u00e7\u00e3o para o governo de Jair Messias Bolsonaro, postou mensagem em [&hellip;]\" \/>\n<meta property=\"og:url\" content=\"https:\/\/www.blogsoestado.com\/danielmatos\/allan-garces-nega-conspiracao-para-tirar-de-chico-carvalho-controle-do-partido-de-bolsonaro-no-maranhao\/\" \/>\n<meta property=\"og:site_name\" content=\"Daniel Matos\" \/>\n<meta property=\"article:published_time\" content=\"2018-12-20T15:27:12+00:00\" \/>\n<meta property=\"og:image\" content=\"https:\/\/www.blogsoestado.com\/danielmatos\/files\/2018\/12\/allan-chico.jpg\" \/>\n<meta name=\"twitter:card\" content=\"summary_large_image\" \/>\n<meta name=\"twitter:label1\" content=\"Est. tempo de leitura\" \/>\n\t<meta name=\"twitter:data1\" content=\"1 minuto\" \/>\n<script type=\"application\/ld+json\" class=\"yoast-schema-graph\">{\"@context\":\"https:\/\/schema.org\",\"@graph\":[{\"@type\":\"WebPage\",\"@id\":\"https:\/\/www.blogsoestado.com\/danielmatos\/allan-garces-nega-conspiracao-para-tirar-de-chico-carvalho-controle-do-partido-de-bolsonaro-no-maranhao\/\",\"url\":\"https:\/\/www.blogsoestado.com\/danielmatos\/allan-garces-nega-conspiracao-para-tirar-de-chico-carvalho-controle-do-partido-de-bolsonaro-no-maranhao\/\",\"name\":\"Allan Garc\u00eas nega conspira\u00e7\u00e3o para tirar de Chico Carvalho controle do partido de Bolsonaro no Maranh\u00e3o - Daniel Matos\",\"isPartOf\":{\"@id\":\"https:\/\/www.blogsoestado.com\/danielmatos\/#website\"},\"primaryImageOfPage\":{\"@id\":\"https:\/\/www.blogsoestado.com\/danielmatos\/allan-garces-nega-conspiracao-para-tirar-de-chico-carvalho-controle-do-partido-de-bolsonaro-no-maranhao\/#primaryimage\"},\"image\":{\"@id\":\"https:\/\/www.blogsoestado.com\/danielmatos\/allan-garces-nega-conspiracao-para-tirar-de-chico-carvalho-controle-do-partido-de-bolsonaro-no-maranhao\/#primaryimage\"},\"thumbnailUrl\":\"https:\/\/www.blogsoestado.com\/danielmatos\/files\/2018\/12\/allan-chico.jpg\",\"datePublished\":\"2018-12-20T15:27:12+00:00\",\"author\":{\"@id\":\"\"},\"breadcrumb\":{\"@id\":\"https:\/\/www.blogsoestado.com\/danielmatos\/allan-garces-nega-conspiracao-para-tirar-de-chico-carvalho-controle-do-partido-de-bolsonaro-no-maranhao\/#breadcrumb\"},\"inLanguage\":\"pt-BR\",\"potentialAction\":[{\"@type\":\"ReadAction\",\"target\":[\"https:\/\/www.blogsoestado.com\/danielmatos\/allan-garces-nega-conspiracao-para-tirar-de-chico-carvalho-controle-do-partido-de-bolsonaro-no-maranhao\/\"]}]},{\"@type\":\"ImageObject\",\"inLanguage\":\"pt-BR\",\"@id\":\"https:\/\/www.blogsoestado.com\/danielmatos\/allan-garces-nega-conspiracao-para-tirar-de-chico-carvalho-controle-do-partido-de-bolsonaro-no-maranhao\/#primaryimage\",\"url\":\"https:\/\/www.blogsoestado.com\/danielmatos\/files\/2018\/12\/allan-chico.jpg\",\"contentUrl\":\"https:\/\/www.blogsoestado.com\/danielmatos\/files\/2018\/12\/allan-chico.jpg\"},{\"@type\":\"BreadcrumbList\",\"@id\":\"https:\/\/www.blogsoestado.com\/danielmatos\/allan-garces-nega-conspiracao-para-tirar-de-chico-carvalho-controle-do-partido-de-bolsonaro-no-maranhao\/#breadcrumb\",\"itemListElement\":[{\"@type\":\"ListItem\",\"position\":1,\"name\":\"In\u00edcio\",\"item\":\"https:\/\/www.blogsoestado.com\/danielmatos\/\"},{\"@type\":\"ListItem\",\"position\":2,\"name\":\"Allan Garc\u00eas nega conspira\u00e7\u00e3o para tirar de Chico Carvalho controle do partido de Bolsonaro no Maranh\u00e3o\"}]},{\"@type\":\"WebSite\",\"@id\":\"https:\/\/www.blogsoestado.com\/danielmatos\/#website\",\"url\":\"https:\/\/www.blogsoestado.com\/danielmatos\/\",\"name\":\"Daniel Matos\",\"description\":\"\",\"potentialAction\":[{\"@type\":\"SearchAction\",\"target\":{\"@type\":\"EntryPoint\",\"urlTemplate\":\"https:\/\/www.blogsoestado.com\/danielmatos\/?s={search_term_string}\"},\"query-input\":{\"@type\":\"PropertyValueSpecification\",\"valueRequired\":true,\"valueName\":\"search_term_string\"}}],\"inLanguage\":\"pt-BR\"}]}<\/script>\n<!-- \/ Yoast SEO plugin. -->","yoast_head_json":{"title":"Allan Garc\u00eas nega conspira\u00e7\u00e3o para tirar de Chico Carvalho controle do partido de Bolsonaro no Maranh\u00e3o - Daniel Matos","robots":{"index":"index","follow":"follow","max-snippet":"max-snippet:-1","max-image-preview":"max-image-preview:large","max-video-preview":"max-video-preview:-1"},"canonical":"https:\/\/www.blogsoestado.com\/danielmatos\/allan-garces-nega-conspiracao-para-tirar-de-chico-carvalho-controle-do-partido-de-bolsonaro-no-maranhao\/","og_locale":"pt_BR","og_type":"article","og_title":"Allan Garc\u00eas nega conspira\u00e7\u00e3o para tirar de Chico Carvalho controle do partido de Bolsonaro no Maranh\u00e3o - Daniel Matos","og_description":"O m\u00e9dico Allan Garc\u00eas, que integra a equipe de transi\u00e7\u00e3o para o governo de Jair Messias Bolsonaro, postou mensagem em [&hellip;]","og_url":"https:\/\/www.blogsoestado.com\/danielmatos\/allan-garces-nega-conspiracao-para-tirar-de-chico-carvalho-controle-do-partido-de-bolsonaro-no-maranhao\/","og_site_name":"Daniel Matos","article_published_time":"2018-12-20T15:27:12+00:00","og_image":[{"url":"https:\/\/www.blogsoestado.com\/danielmatos\/files\/2018\/12\/allan-chico.jpg","type":"","width":"","height":""}],"twitter_card":"summary_large_image","twitter_misc":{"Est. tempo de leitura":"1 minuto"},"schema":{"@context":"https:\/\/schema.org","@graph":[{"@type":"WebPage","@id":"https:\/\/www.blogsoestado.com\/danielmatos\/allan-garces-nega-conspiracao-para-tirar-de-chico-carvalho-controle-do-partido-de-bolsonaro-no-maranhao\/","url":"https:\/\/www.blogsoestado.com\/danielmatos\/allan-garces-nega-conspiracao-para-tirar-de-chico-carvalho-controle-do-partido-de-bolsonaro-no-maranhao\/","name":"Allan Garc\u00eas nega conspira\u00e7\u00e3o para tirar de Chico Carvalho controle do partido de Bolsonaro no Maranh\u00e3o - Daniel Matos","isPartOf":{"@id":"https:\/\/www.blogsoestado.com\/danielmatos\/#website"},"primaryImageOfPage":{"@id":"https:\/\/www.blogsoestado.com\/danielmatos\/allan-garces-nega-conspiracao-para-tirar-de-chico-carvalho-controle-do-partido-de-bolsonaro-no-maranhao\/#primaryimage"},"image":{"@id":"https:\/\/www.blogsoestado.com\/danielmatos\/allan-garces-nega-conspiracao-para-tirar-de-chico-carvalho-controle-do-partido-de-bolsonaro-no-maranhao\/#primaryimage"},"thumbnailUrl":"https:\/\/www.blogsoestado.com\/danielmatos\/files\/2018\/12\/allan-chico.jpg","datePublished":"2018-12-20T15:27:12+00:00","author":{"@id":""},"breadcrumb":{"@id":"https:\/\/www.blogsoestado.com\/danielmatos\/allan-garces-nega-conspiracao-para-tirar-de-chico-carvalho-controle-do-partido-de-bolsonaro-no-maranhao\/#breadcrumb"},"inLanguage":"pt-BR","potentialAction":[{"@type":"ReadAction","target":["https:\/\/www.blogsoestado.com\/danielmatos\/allan-garces-nega-conspiracao-para-tirar-de-chico-carvalho-controle-do-partido-de-bolsonaro-no-maranhao\/"]}]},{"@type":"ImageObject","inLanguage":"pt-BR","@id":"https:\/\/www.blogsoestado.com\/danielmatos\/allan-garces-nega-conspiracao-para-tirar-de-chico-carvalho-controle-do-partido-de-bolsonaro-no-maranhao\/#primaryimage","url":"https:\/\/www.blogsoestado.com\/danielmatos\/files\/2018\/12\/allan-chico.jpg","contentUrl":"https:\/\/www.blogsoestado.com\/danielmatos\/files\/2018\/12\/allan-chico.jpg"},{"@type":"BreadcrumbList","@id":"https:\/\/www.blogsoestado.com\/danielmatos\/allan-garces-nega-conspiracao-para-tirar-de-chico-carvalho-controle-do-partido-de-bolsonaro-no-maranhao\/#breadcrumb","itemListElement":[{"@type":"ListItem","position":1,"name":"In\u00edcio","item":"https:\/\/www.blogsoestado.com\/danielmatos\/"},{"@type":"ListItem","position":2,"name":"Allan Garc\u00eas nega conspira\u00e7\u00e3o para tirar de Chico Carvalho controle do partido de Bolsonaro no Maranh\u00e3o"}]},{"@type":"WebSite","@id":"https:\/\/www.blogsoestado.com\/danielmatos\/#website","url":"https:\/\/www.blogsoestado.com\/danielmatos\/","name":"Daniel Matos","description":"","potentialAction":[{"@type":"SearchAction","target":{"@type":"EntryPoint","urlTemplate":"https:\/\/www.blogsoestado.com\/danielmatos\/?s={search_term_string}"},"query-input":{"@type":"PropertyValueSpecification","valueRequired":true,"valueName":"search_term_string"}}],"inLanguage":"pt-BR"}]}},"jetpack_featured_media_url":"","_links":{"self":[{"href":"https:\/\/www.blogsoestado.com\/danielmatos\/wp-json\/wp\/v2\/posts\/58964","targetHints":{"allow":["GET"]}}],"collection":[{"href":"https:\/\/www.blogsoestado.com\/danielmatos\/wp-json\/wp\/v2\/posts"}],"about":[{"href":"https:\/\/www.blogsoestado.com\/danielmatos\/wp-json\/wp\/v2\/types\/post"}],"replies":[{"embeddable":true,"href":"https:\/\/www.blogsoestado.com\/danielmatos\/wp-json\/wp\/v2\/comments?post=58964"}],"version-history":[{"count":0,"href":"https:\/\/www.blogsoestado.com\/danielmatos\/wp-json\/wp\/v2\/posts\/58964\/revisions"}],"wp:attachment":[{"href":"https:\/\/www.blogsoestado.com\/danielmatos\/wp-json\/wp\/v2\/media?parent=58964"}],"wp:term":[{"taxonomy":"category","embeddable":true,"href":"https:\/\/www.blogsoestado.com\/danielmatos\/wp-json\/wp\/v2\/categories?post=58964"},{"taxonomy":"post_tag","embeddable":true,"href":"https:\/\/www.blogsoestado.com\/danielmatos\/wp-json\/wp\/v2\/tags?post=58964"}],"curies":[{"name":"wp","href":"https:\/\/api.w.org\/{rel}","templated":true}]}}