{"id":58971,"date":"2018-12-20T14:00:09","date_gmt":"2018-12-20T17:00:09","guid":{"rendered":"https:\/\/www.blogsoestado.com\/danielmatos\/?p=58971"},"modified":"2018-12-20T14:00:09","modified_gmt":"2018-12-20T17:00:09","slug":"camara-aprova-orcamento-de-sao-luis-para-2019","status":"publish","type":"post","link":"https:\/\/www.blogsoestado.com\/danielmatos\/camara-aprova-orcamento-de-sao-luis-para-2019\/","title":{"rendered":"C\u00e2mara aprova or\u00e7amento de S\u00e3o Lu\u00eds para 2019"},"content":{"rendered":"<figure id=\"attachment_58972\" aria-describedby=\"caption-attachment-58972\" style=\"width: 650px\" class=\"wp-caption aligncenter\"><a href=\"https:\/\/www.blogsoestado.com\/danielmatos\/?attachment_id=58972\" rel=\"attachment wp-att-58972\"><img fetchpriority=\"high\" decoding=\"async\" class=\"wp-image-58972\" src=\"https:\/\/www.blogsoestado.com\/danielmatos\/files\/2018\/12\/camara-loa.jpg\" alt=\"\" width=\"650\" height=\"431\" \/><\/a><figcaption id=\"caption-attachment-58972\" class=\"wp-caption-text\">Montante aprovado ser\u00e1 usado para pagamento da receita, e divido entre as pastas administrativas para que cada uma cumpra com suas previs\u00f5es de gastos em 2019<\/figcaption><\/figure>\n<p>Em uma sess\u00e3o acalorada, a C\u00e2mara Municipal de S\u00e3o Lu\u00eds aprovou nesta quarta-feira (19) a Lei Or\u00e7ament\u00e1ria Anual (LOA), que faz previs\u00f5es para\u00a0 os gastos que ser\u00e3o feitos no Exerc\u00edcio Financeiro de 2019. O or\u00e7amento<br \/>\n\u00e9 referente aos poderes do munic\u00edpio, incluindo \u00f3rg\u00e3os da administra\u00e7\u00e3o direta e indireta.<\/p>\n<p>O valor aprovado chega a tr\u00eas bilh\u00f5es, cento e noventa e cinco milh\u00f5es, seiscentos e setenta e cinco mil, oitocentos e dois reais e vinte e sete centavos, que ser\u00e3o usados para pagamento da receita, e divido entre as\u00a0 pastas administrativas para que cada secretaria cumpra com suas\u00a0previs\u00f5es de gastos em 2019.<\/p>\n<p>A Lei foi enviada e analisada pela Comiss\u00e3o de Or\u00e7amento da C\u00e2mara Municipal. Depois da an\u00e1lise, uma audi\u00eancia p\u00fablica foi realizada com a presen\u00e7a do Executivo para debater as previs\u00f5es da LOA. Doze emendas<br \/>\nforam acrescentadas pela Comiss\u00e3o de Or\u00e7amento e trinta e oito foram acrescidas pelos demais vereadores.<\/p>\n<p>Segundo o presidente da Comiss\u00e3o de Or\u00e7amento, vereador Gutemberg Ara\u00fajo (PRTB), o processo de an\u00e1lise da Lei Or\u00e7ament\u00e1ria transcorreu de forma limpa. \u201cFizemos poucas altera\u00e7\u00f5es, mas elas se referem apenas para erros ortogr\u00e1ficos e de nomenclatura\u201d, disse.<\/p>\n<p>A vota\u00e7\u00e3o da Lei foi inclu\u00edda na pauta durante a sess\u00e3o legislativa contra o desejo do vereador Umbelino J\u00fanior (PPS). De acordo com o parlamentar, a mensagem enviada pela Prefeitura n\u00e3o foi distribu\u00edda para<br \/>\nos gabinetes a tempo de ser analisadas pelos vereadores. \u201cPrecisar\u00edamos de um tempo maior para estudar as previs\u00f5es que foram colocadas na LOA. N\u00e3o \u00e9 certo que essa vota\u00e7\u00e3o seja feita por trocadilho\u201d, exclamou o\u00a0 vereador.<\/p>\n<p>O relator da Comiss\u00e3o de Or\u00e7amento, vereador Osmar Filho (PDT), leu o parecer favor\u00e1vel da comiss\u00e3o e a Lei Or\u00e7ament\u00e1ria Anual foi colocada em vota\u00e7\u00e3o, sendo aprovada por trinta votos a favor e um contra. Umbelino<br \/>\nJ\u00fanior se mostrou contr\u00e1rio a aprova\u00e7\u00e3o da LOA.<\/p>\n","protected":false},"excerpt":{"rendered":"<p>Em uma sess\u00e3o acalorada, a C\u00e2mara Municipal de S\u00e3o Lu\u00eds aprovou nesta quarta-feira (19) a Lei Or\u00e7ament\u00e1ria Anual (LOA), que [&hellip;]<\/p>\n","protected":false},"author":0,"featured_media":0,"comment_status":"open","ping_status":"open","sticky":false,"template":"","format":"standard","meta":{"site-sidebar-layout":"default","site-content-layout":"","ast-site-content-layout":"default","site-content-style":"default","site-sidebar-style":"default","ast-global-header-display":"","ast-banner-title-visibility":"","ast-main-header-display":"","ast-hfb-above-header-display":"","ast-hfb-below-header-display":"","ast-hfb-mobile-header-display":"","site-post-title":"","ast-breadcrumbs-content":"","ast-featured-img":"","footer-sml-layout":"","ast-disable-related-posts":"","theme-transparent-header-meta":"","adv-header-id-meta":"","stick-header-meta":"","header-above-stick-meta":"","header-main-stick-meta":"","header-below-stick-meta":"","astra-migrate-meta-layouts":"default","ast-page-background-enabled":"default","ast-page-background-meta":{"desktop":{"background-color":"var(--ast-global-color-5)","background-image":"","background-repeat":"repeat","background-position":"center center","background-size":"auto","background-attachment":"scroll","background-type":"","background-media":"","overlay-type":"","overlay-color":"","overlay-opacity":"","overlay-gradient":""},"tablet":{"background-color":"","background-image":"","background-repeat":"repeat","background-position":"center center","background-size":"auto","background-attachment":"scroll","background-type":"","background-media":"","overlay-type":"","overlay-color":"","overlay-opacity":"","overlay-gradient":""},"mobile":{"background-color":"","background-image":"","background-repeat":"repeat","background-position":"center center","background-size":"auto","background-attachment":"scroll","background-type":"","background-media":"","overlay-type":"","overlay-color":"","overlay-opacity":"","overlay-gradient":""}},"ast-content-background-meta":{"desktop":{"background-color":"var(--ast-global-color-4)","background-image":"","background-repeat":"repeat","background-position":"center center","background-size":"auto","background-attachment":"scroll","background-type":"","background-media":"","overlay-type":"","overlay-color":"","overlay-opacity":"","overlay-gradient":""},"tablet":{"background-color":"var(--ast-global-color-4)","background-image":"","background-repeat":"repeat","background-position":"center center","background-size":"auto","background-attachment":"scroll","background-type":"","background-media":"","overlay-type":"","overlay-color":"","overlay-opacity":"","overlay-gradient":""},"mobile":{"background-color":"var(--ast-global-color-4)","background-image":"","background-repeat":"repeat","background-position":"center center","background-size":"auto","background-attachment":"scroll","background-type":"","background-media":"","overlay-type":"","overlay-color":"","overlay-opacity":"","overlay-gradient":""}},"footnotes":""},"categories":[1],"tags":[],"class_list":["post-58971","post","type-post","status-publish","format-standard","hentry","category-sem-categoria"],"yoast_head":"<!-- This site is optimized with the Yoast SEO plugin v26.6 - https:\/\/yoast.com\/wordpress\/plugins\/seo\/ -->\n<title>C\u00e2mara aprova or\u00e7amento de S\u00e3o Lu\u00eds para 2019 - Daniel Matos<\/title>\n<meta name=\"robots\" content=\"index, follow, max-snippet:-1, max-image-preview:large, max-video-preview:-1\" \/>\n<link rel=\"canonical\" href=\"https:\/\/www.blogsoestado.com\/danielmatos\/camara-aprova-orcamento-de-sao-luis-para-2019\/\" \/>\n<meta property=\"og:locale\" content=\"pt_BR\" \/>\n<meta property=\"og:type\" content=\"article\" \/>\n<meta property=\"og:title\" content=\"C\u00e2mara aprova or\u00e7amento de S\u00e3o Lu\u00eds para 2019 - Daniel Matos\" \/>\n<meta property=\"og:description\" content=\"Em uma sess\u00e3o acalorada, a C\u00e2mara Municipal de S\u00e3o Lu\u00eds aprovou nesta quarta-feira (19) a Lei Or\u00e7ament\u00e1ria Anual (LOA), que [&hellip;]\" \/>\n<meta property=\"og:url\" content=\"https:\/\/www.blogsoestado.com\/danielmatos\/camara-aprova-orcamento-de-sao-luis-para-2019\/\" \/>\n<meta property=\"og:site_name\" content=\"Daniel Matos\" \/>\n<meta property=\"article:published_time\" content=\"2018-12-20T17:00:09+00:00\" \/>\n<meta property=\"og:image\" content=\"https:\/\/www.blogsoestado.com\/danielmatos\/files\/2018\/12\/camara-loa.jpg\" \/>\n<meta name=\"twitter:card\" content=\"summary_large_image\" \/>\n<meta name=\"twitter:label1\" content=\"Est. tempo de leitura\" \/>\n\t<meta name=\"twitter:data1\" content=\"2 minutos\" \/>\n<script type=\"application\/ld+json\" class=\"yoast-schema-graph\">{\"@context\":\"https:\/\/schema.org\",\"@graph\":[{\"@type\":\"WebPage\",\"@id\":\"https:\/\/www.blogsoestado.com\/danielmatos\/camara-aprova-orcamento-de-sao-luis-para-2019\/\",\"url\":\"https:\/\/www.blogsoestado.com\/danielmatos\/camara-aprova-orcamento-de-sao-luis-para-2019\/\",\"name\":\"C\u00e2mara aprova or\u00e7amento de S\u00e3o Lu\u00eds para 2019 - Daniel Matos\",\"isPartOf\":{\"@id\":\"https:\/\/www.blogsoestado.com\/danielmatos\/#website\"},\"primaryImageOfPage\":{\"@id\":\"https:\/\/www.blogsoestado.com\/danielmatos\/camara-aprova-orcamento-de-sao-luis-para-2019\/#primaryimage\"},\"image\":{\"@id\":\"https:\/\/www.blogsoestado.com\/danielmatos\/camara-aprova-orcamento-de-sao-luis-para-2019\/#primaryimage\"},\"thumbnailUrl\":\"https:\/\/www.blogsoestado.com\/danielmatos\/files\/2018\/12\/camara-loa.jpg\",\"datePublished\":\"2018-12-20T17:00:09+00:00\",\"author\":{\"@id\":\"\"},\"breadcrumb\":{\"@id\":\"https:\/\/www.blogsoestado.com\/danielmatos\/camara-aprova-orcamento-de-sao-luis-para-2019\/#breadcrumb\"},\"inLanguage\":\"pt-BR\",\"potentialAction\":[{\"@type\":\"ReadAction\",\"target\":[\"https:\/\/www.blogsoestado.com\/danielmatos\/camara-aprova-orcamento-de-sao-luis-para-2019\/\"]}]},{\"@type\":\"ImageObject\",\"inLanguage\":\"pt-BR\",\"@id\":\"https:\/\/www.blogsoestado.com\/danielmatos\/camara-aprova-orcamento-de-sao-luis-para-2019\/#primaryimage\",\"url\":\"https:\/\/www.blogsoestado.com\/danielmatos\/files\/2018\/12\/camara-loa.jpg\",\"contentUrl\":\"https:\/\/www.blogsoestado.com\/danielmatos\/files\/2018\/12\/camara-loa.jpg\"},{\"@type\":\"BreadcrumbList\",\"@id\":\"https:\/\/www.blogsoestado.com\/danielmatos\/camara-aprova-orcamento-de-sao-luis-para-2019\/#breadcrumb\",\"itemListElement\":[{\"@type\":\"ListItem\",\"position\":1,\"name\":\"In\u00edcio\",\"item\":\"https:\/\/www.blogsoestado.com\/danielmatos\/\"},{\"@type\":\"ListItem\",\"position\":2,\"name\":\"C\u00e2mara aprova or\u00e7amento de S\u00e3o Lu\u00eds para 2019\"}]},{\"@type\":\"WebSite\",\"@id\":\"https:\/\/www.blogsoestado.com\/danielmatos\/#website\",\"url\":\"https:\/\/www.blogsoestado.com\/danielmatos\/\",\"name\":\"Daniel Matos\",\"description\":\"\",\"potentialAction\":[{\"@type\":\"SearchAction\",\"target\":{\"@type\":\"EntryPoint\",\"urlTemplate\":\"https:\/\/www.blogsoestado.com\/danielmatos\/?s={search_term_string}\"},\"query-input\":{\"@type\":\"PropertyValueSpecification\",\"valueRequired\":true,\"valueName\":\"search_term_string\"}}],\"inLanguage\":\"pt-BR\"}]}<\/script>\n<!-- \/ Yoast SEO plugin. -->","yoast_head_json":{"title":"C\u00e2mara aprova or\u00e7amento de S\u00e3o Lu\u00eds para 2019 - Daniel Matos","robots":{"index":"index","follow":"follow","max-snippet":"max-snippet:-1","max-image-preview":"max-image-preview:large","max-video-preview":"max-video-preview:-1"},"canonical":"https:\/\/www.blogsoestado.com\/danielmatos\/camara-aprova-orcamento-de-sao-luis-para-2019\/","og_locale":"pt_BR","og_type":"article","og_title":"C\u00e2mara aprova or\u00e7amento de S\u00e3o Lu\u00eds para 2019 - Daniel Matos","og_description":"Em uma sess\u00e3o acalorada, a C\u00e2mara Municipal de S\u00e3o Lu\u00eds aprovou nesta quarta-feira (19) a Lei Or\u00e7ament\u00e1ria Anual (LOA), que [&hellip;]","og_url":"https:\/\/www.blogsoestado.com\/danielmatos\/camara-aprova-orcamento-de-sao-luis-para-2019\/","og_site_name":"Daniel Matos","article_published_time":"2018-12-20T17:00:09+00:00","og_image":[{"url":"https:\/\/www.blogsoestado.com\/danielmatos\/files\/2018\/12\/camara-loa.jpg","type":"","width":"","height":""}],"twitter_card":"summary_large_image","twitter_misc":{"Est. tempo de leitura":"2 minutos"},"schema":{"@context":"https:\/\/schema.org","@graph":[{"@type":"WebPage","@id":"https:\/\/www.blogsoestado.com\/danielmatos\/camara-aprova-orcamento-de-sao-luis-para-2019\/","url":"https:\/\/www.blogsoestado.com\/danielmatos\/camara-aprova-orcamento-de-sao-luis-para-2019\/","name":"C\u00e2mara aprova or\u00e7amento de S\u00e3o Lu\u00eds para 2019 - Daniel Matos","isPartOf":{"@id":"https:\/\/www.blogsoestado.com\/danielmatos\/#website"},"primaryImageOfPage":{"@id":"https:\/\/www.blogsoestado.com\/danielmatos\/camara-aprova-orcamento-de-sao-luis-para-2019\/#primaryimage"},"image":{"@id":"https:\/\/www.blogsoestado.com\/danielmatos\/camara-aprova-orcamento-de-sao-luis-para-2019\/#primaryimage"},"thumbnailUrl":"https:\/\/www.blogsoestado.com\/danielmatos\/files\/2018\/12\/camara-loa.jpg","datePublished":"2018-12-20T17:00:09+00:00","author":{"@id":""},"breadcrumb":{"@id":"https:\/\/www.blogsoestado.com\/danielmatos\/camara-aprova-orcamento-de-sao-luis-para-2019\/#breadcrumb"},"inLanguage":"pt-BR","potentialAction":[{"@type":"ReadAction","target":["https:\/\/www.blogsoestado.com\/danielmatos\/camara-aprova-orcamento-de-sao-luis-para-2019\/"]}]},{"@type":"ImageObject","inLanguage":"pt-BR","@id":"https:\/\/www.blogsoestado.com\/danielmatos\/camara-aprova-orcamento-de-sao-luis-para-2019\/#primaryimage","url":"https:\/\/www.blogsoestado.com\/danielmatos\/files\/2018\/12\/camara-loa.jpg","contentUrl":"https:\/\/www.blogsoestado.com\/danielmatos\/files\/2018\/12\/camara-loa.jpg"},{"@type":"BreadcrumbList","@id":"https:\/\/www.blogsoestado.com\/danielmatos\/camara-aprova-orcamento-de-sao-luis-para-2019\/#breadcrumb","itemListElement":[{"@type":"ListItem","position":1,"name":"In\u00edcio","item":"https:\/\/www.blogsoestado.com\/danielmatos\/"},{"@type":"ListItem","position":2,"name":"C\u00e2mara aprova or\u00e7amento de S\u00e3o Lu\u00eds para 2019"}]},{"@type":"WebSite","@id":"https:\/\/www.blogsoestado.com\/danielmatos\/#website","url":"https:\/\/www.blogsoestado.com\/danielmatos\/","name":"Daniel Matos","description":"","potentialAction":[{"@type":"SearchAction","target":{"@type":"EntryPoint","urlTemplate":"https:\/\/www.blogsoestado.com\/danielmatos\/?s={search_term_string}"},"query-input":{"@type":"PropertyValueSpecification","valueRequired":true,"valueName":"search_term_string"}}],"inLanguage":"pt-BR"}]}},"jetpack_featured_media_url":"","_links":{"self":[{"href":"https:\/\/www.blogsoestado.com\/danielmatos\/wp-json\/wp\/v2\/posts\/58971","targetHints":{"allow":["GET"]}}],"collection":[{"href":"https:\/\/www.blogsoestado.com\/danielmatos\/wp-json\/wp\/v2\/posts"}],"about":[{"href":"https:\/\/www.blogsoestado.com\/danielmatos\/wp-json\/wp\/v2\/types\/post"}],"replies":[{"embeddable":true,"href":"https:\/\/www.blogsoestado.com\/danielmatos\/wp-json\/wp\/v2\/comments?post=58971"}],"version-history":[{"count":0,"href":"https:\/\/www.blogsoestado.com\/danielmatos\/wp-json\/wp\/v2\/posts\/58971\/revisions"}],"wp:attachment":[{"href":"https:\/\/www.blogsoestado.com\/danielmatos\/wp-json\/wp\/v2\/media?parent=58971"}],"wp:term":[{"taxonomy":"category","embeddable":true,"href":"https:\/\/www.blogsoestado.com\/danielmatos\/wp-json\/wp\/v2\/categories?post=58971"},{"taxonomy":"post_tag","embeddable":true,"href":"https:\/\/www.blogsoestado.com\/danielmatos\/wp-json\/wp\/v2\/tags?post=58971"}],"curies":[{"name":"wp","href":"https:\/\/api.w.org\/{rel}","templated":true}]}}