{"id":58974,"date":"2018-12-20T18:30:37","date_gmt":"2018-12-20T21:30:37","guid":{"rendered":"https:\/\/www.blogsoestado.com\/danielmatos\/?p=58974"},"modified":"2018-12-20T18:30:37","modified_gmt":"2018-12-20T21:30:37","slug":"decisao-judicial-confirma-projeto-de-lei-de-cesar-pires-a-favor-da-vida-no-transito","status":"publish","type":"post","link":"https:\/\/www.blogsoestado.com\/danielmatos\/decisao-judicial-confirma-projeto-de-lei-de-cesar-pires-a-favor-da-vida-no-transito\/","title":{"rendered":"Decis\u00e3o judicial confirma projeto de lei de C\u00e9sar Pires a favor da vida no tr\u00e2nsito"},"content":{"rendered":"<figure id=\"attachment_58823\" aria-describedby=\"caption-attachment-58823\" style=\"width: 450px\" class=\"wp-caption alignright\"><a href=\"https:\/\/www.blogsoestado.com\/danielmatos\/2018\/12\/13\/governo-comete-improbidade-com-recursos-do-fundeb-afirma-cesar-pires\/cesar-fundeb\/\" rel=\"attachment wp-att-58823\"><img fetchpriority=\"high\" decoding=\"async\" class=\"wp-image-58823\" src=\"https:\/\/www.blogsoestado.com\/danielmatos\/files\/2018\/12\/Cesar-Fundeb.jpg\" alt=\"\" width=\"450\" height=\"300\" \/><\/a><figcaption id=\"caption-attachment-58823\" class=\"wp-caption-text\">C\u00e9sar Pires \u00e9 presidente da Frente Parlamentar em Defesa da Vida no Tr\u00e2nsito<\/figcaption><\/figure>\n<p>O juiz da Vara de Interesses Difusos e Coletivos, Douglas Martins, determinou que o governo estadual n\u00e3o poder\u00e1 fazer transfer\u00eancia volunt\u00e1ria de recursos aos munic\u00edpios que n\u00e3o estejam integrados ao Sistema Nacional de Tr\u00e2nsito (SNT). A decis\u00e3o judicial tem o mesmo teor do projeto de Lei 295\/2017, de autoria do deputado C\u00e9sar Pires, que foi aprovado por unanimidade na Assembleia Legislativa e vetado pelo governador Fl\u00e1vio Dino.<\/p>\n<p>Como presidente da Frente Parlamentar em Defesa da Vida no Tr\u00e2nsito, C\u00e9sar Pires apresentou o projeto de lei estabelecendo que os munic\u00edpios maranhenses ficariam obrigados a terem seus sistemas de tr\u00e2nsito integrados ao SNT, como condi\u00e7\u00e3o pr\u00e9via para firmar conv\u00eanio de coopera\u00e7\u00e3o t\u00e9cnica e financeira ou receberem transfer\u00eancias volunt\u00e1rias do Governo do Maranh\u00e3o, excetuando as \u00e1reas de educa\u00e7\u00e3o, seguran\u00e7a p\u00fablica e sa\u00fade.<\/p>\n<p>Na pr\u00e1tica, a inten\u00e7\u00e3o era fazer com que os munic\u00edpios assumissem a responsabilidade pelo planejamento da circula\u00e7\u00e3o de pedestres e ve\u00edculos; de orienta\u00e7\u00e3o e fiscaliza\u00e7\u00e3o do tr\u00e2nsito, de tratamento do transporte coletivo, visando a redu\u00e7\u00e3o da viol\u00eancia no tr\u00e2nsito e a ocorr\u00eancia de mortes causadas por acidentes automobil\u00edsticos no Maranh\u00e3o.<\/p>\n<p>\u201cAssim como o Minist\u00e9rio P\u00fablico e a Justi\u00e7a, n\u00f3s entendemos que precisamos tomar provid\u00eancias para reduzir os absurdos n\u00fameros da viol\u00eancia no tr\u00e2nsito em nosso estado, j\u00e1 que 157 munic\u00edpios ainda n\u00e3o assumiram a responsabilidade de cuidar do tr\u00e2nsito. N\u00e3o se pode admitir que 70% dos pacientes internados em UTIs no Maranh\u00e3o s\u00e3o v\u00edtimas de acidentes automobil\u00edsticos. Por isso apresentou o projeto de lei que lamentavelmente foi vetado pelo governador. Agora o juiz Douglas Martins, em sua decis\u00e3o, mostra lucidez e compromisso com o bem estar do cidad\u00e3o, e confirma que nosso pleito \u00e9 leg\u00edtimo\u201d, declarou C\u00e9sar Pires.<\/p>\n<p>Em sua decis\u00e3o, o juiz Douglas Martins acolheu pedido do Minist\u00e9rio Publico Estadual em que alegou que a falta de fiscaliza\u00e7\u00e3o das normas de tr\u00e2nsito pelos munic\u00edpios maranhenses estaria expondo a popula\u00e7\u00e3o a constante risco, com a livre circula\u00e7\u00e3o de motoristas conduzindo ve\u00edculos e motocicletas sob efeito de bebida alco\u00f3lica ou sem uso de capacete. No Maranh\u00e3o, de 2015 a 2018, foram registradas 29.731 interna\u00e7\u00f5es de pacientes com traumas decorrentes de acidentes de tr\u00e2nsito.<\/p>\n","protected":false},"excerpt":{"rendered":"<p>O juiz da Vara de Interesses Difusos e Coletivos, Douglas Martins, determinou que o governo estadual n\u00e3o poder\u00e1 fazer transfer\u00eancia [&hellip;]<\/p>\n","protected":false},"author":0,"featured_media":0,"comment_status":"open","ping_status":"open","sticky":false,"template":"","format":"standard","meta":{"site-sidebar-layout":"default","site-content-layout":"","ast-site-content-layout":"default","site-content-style":"default","site-sidebar-style":"default","ast-global-header-display":"","ast-banner-title-visibility":"","ast-main-header-display":"","ast-hfb-above-header-display":"","ast-hfb-below-header-display":"","ast-hfb-mobile-header-display":"","site-post-title":"","ast-breadcrumbs-content":"","ast-featured-img":"","footer-sml-layout":"","ast-disable-related-posts":"","theme-transparent-header-meta":"","adv-header-id-meta":"","stick-header-meta":"","header-above-stick-meta":"","header-main-stick-meta":"","header-below-stick-meta":"","astra-migrate-meta-layouts":"default","ast-page-background-enabled":"default","ast-page-background-meta":{"desktop":{"background-color":"var(--ast-global-color-5)","background-image":"","background-repeat":"repeat","background-position":"center center","background-size":"auto","background-attachment":"scroll","background-type":"","background-media":"","overlay-type":"","overlay-color":"","overlay-opacity":"","overlay-gradient":""},"tablet":{"background-color":"","background-image":"","background-repeat":"repeat","background-position":"center center","background-size":"auto","background-attachment":"scroll","background-type":"","background-media":"","overlay-type":"","overlay-color":"","overlay-opacity":"","overlay-gradient":""},"mobile":{"background-color":"","background-image":"","background-repeat":"repeat","background-position":"center center","background-size":"auto","background-attachment":"scroll","background-type":"","background-media":"","overlay-type":"","overlay-color":"","overlay-opacity":"","overlay-gradient":""}},"ast-content-background-meta":{"desktop":{"background-color":"var(--ast-global-color-4)","background-image":"","background-repeat":"repeat","background-position":"center center","background-size":"auto","background-attachment":"scroll","background-type":"","background-media":"","overlay-type":"","overlay-color":"","overlay-opacity":"","overlay-gradient":""},"tablet":{"background-color":"var(--ast-global-color-4)","background-image":"","background-repeat":"repeat","background-position":"center center","background-size":"auto","background-attachment":"scroll","background-type":"","background-media":"","overlay-type":"","overlay-color":"","overlay-opacity":"","overlay-gradient":""},"mobile":{"background-color":"var(--ast-global-color-4)","background-image":"","background-repeat":"repeat","background-position":"center center","background-size":"auto","background-attachment":"scroll","background-type":"","background-media":"","overlay-type":"","overlay-color":"","overlay-opacity":"","overlay-gradient":""}},"footnotes":""},"categories":[1],"tags":[],"class_list":["post-58974","post","type-post","status-publish","format-standard","hentry","category-sem-categoria"],"yoast_head":"<!-- This site is optimized with the Yoast SEO plugin v26.6 - https:\/\/yoast.com\/wordpress\/plugins\/seo\/ -->\n<title>Decis\u00e3o judicial confirma projeto de lei de C\u00e9sar Pires a favor da vida no tr\u00e2nsito - Daniel Matos<\/title>\n<meta name=\"robots\" content=\"index, follow, max-snippet:-1, max-image-preview:large, max-video-preview:-1\" \/>\n<link rel=\"canonical\" href=\"https:\/\/www.blogsoestado.com\/danielmatos\/decisao-judicial-confirma-projeto-de-lei-de-cesar-pires-a-favor-da-vida-no-transito\/\" \/>\n<meta property=\"og:locale\" content=\"pt_BR\" \/>\n<meta property=\"og:type\" content=\"article\" \/>\n<meta property=\"og:title\" content=\"Decis\u00e3o judicial confirma projeto de lei de C\u00e9sar Pires a favor da vida no tr\u00e2nsito - Daniel Matos\" \/>\n<meta property=\"og:description\" content=\"O juiz da Vara de Interesses Difusos e Coletivos, Douglas Martins, determinou que o governo estadual n\u00e3o poder\u00e1 fazer transfer\u00eancia [&hellip;]\" \/>\n<meta property=\"og:url\" content=\"https:\/\/www.blogsoestado.com\/danielmatos\/decisao-judicial-confirma-projeto-de-lei-de-cesar-pires-a-favor-da-vida-no-transito\/\" \/>\n<meta property=\"og:site_name\" content=\"Daniel Matos\" \/>\n<meta property=\"article:published_time\" content=\"2018-12-20T21:30:37+00:00\" \/>\n<meta property=\"og:image\" content=\"https:\/\/www.blogsoestado.com\/danielmatos\/files\/2018\/12\/Cesar-Fundeb.jpg\" \/>\n<meta name=\"twitter:card\" content=\"summary_large_image\" \/>\n<meta name=\"twitter:label1\" content=\"Est. tempo de leitura\" \/>\n\t<meta name=\"twitter:data1\" content=\"2 minutos\" \/>\n<script type=\"application\/ld+json\" class=\"yoast-schema-graph\">{\"@context\":\"https:\/\/schema.org\",\"@graph\":[{\"@type\":\"WebPage\",\"@id\":\"https:\/\/www.blogsoestado.com\/danielmatos\/decisao-judicial-confirma-projeto-de-lei-de-cesar-pires-a-favor-da-vida-no-transito\/\",\"url\":\"https:\/\/www.blogsoestado.com\/danielmatos\/decisao-judicial-confirma-projeto-de-lei-de-cesar-pires-a-favor-da-vida-no-transito\/\",\"name\":\"Decis\u00e3o judicial confirma projeto de lei de C\u00e9sar Pires a favor da vida no tr\u00e2nsito - Daniel Matos\",\"isPartOf\":{\"@id\":\"https:\/\/www.blogsoestado.com\/danielmatos\/#website\"},\"primaryImageOfPage\":{\"@id\":\"https:\/\/www.blogsoestado.com\/danielmatos\/decisao-judicial-confirma-projeto-de-lei-de-cesar-pires-a-favor-da-vida-no-transito\/#primaryimage\"},\"image\":{\"@id\":\"https:\/\/www.blogsoestado.com\/danielmatos\/decisao-judicial-confirma-projeto-de-lei-de-cesar-pires-a-favor-da-vida-no-transito\/#primaryimage\"},\"thumbnailUrl\":\"https:\/\/www.blogsoestado.com\/danielmatos\/files\/2018\/12\/Cesar-Fundeb.jpg\",\"datePublished\":\"2018-12-20T21:30:37+00:00\",\"author\":{\"@id\":\"\"},\"breadcrumb\":{\"@id\":\"https:\/\/www.blogsoestado.com\/danielmatos\/decisao-judicial-confirma-projeto-de-lei-de-cesar-pires-a-favor-da-vida-no-transito\/#breadcrumb\"},\"inLanguage\":\"pt-BR\",\"potentialAction\":[{\"@type\":\"ReadAction\",\"target\":[\"https:\/\/www.blogsoestado.com\/danielmatos\/decisao-judicial-confirma-projeto-de-lei-de-cesar-pires-a-favor-da-vida-no-transito\/\"]}]},{\"@type\":\"ImageObject\",\"inLanguage\":\"pt-BR\",\"@id\":\"https:\/\/www.blogsoestado.com\/danielmatos\/decisao-judicial-confirma-projeto-de-lei-de-cesar-pires-a-favor-da-vida-no-transito\/#primaryimage\",\"url\":\"https:\/\/www.blogsoestado.com\/danielmatos\/files\/2018\/12\/Cesar-Fundeb.jpg\",\"contentUrl\":\"https:\/\/www.blogsoestado.com\/danielmatos\/files\/2018\/12\/Cesar-Fundeb.jpg\"},{\"@type\":\"BreadcrumbList\",\"@id\":\"https:\/\/www.blogsoestado.com\/danielmatos\/decisao-judicial-confirma-projeto-de-lei-de-cesar-pires-a-favor-da-vida-no-transito\/#breadcrumb\",\"itemListElement\":[{\"@type\":\"ListItem\",\"position\":1,\"name\":\"In\u00edcio\",\"item\":\"https:\/\/www.blogsoestado.com\/danielmatos\/\"},{\"@type\":\"ListItem\",\"position\":2,\"name\":\"Decis\u00e3o judicial confirma projeto de lei de C\u00e9sar Pires a favor da vida no tr\u00e2nsito\"}]},{\"@type\":\"WebSite\",\"@id\":\"https:\/\/www.blogsoestado.com\/danielmatos\/#website\",\"url\":\"https:\/\/www.blogsoestado.com\/danielmatos\/\",\"name\":\"Daniel Matos\",\"description\":\"\",\"potentialAction\":[{\"@type\":\"SearchAction\",\"target\":{\"@type\":\"EntryPoint\",\"urlTemplate\":\"https:\/\/www.blogsoestado.com\/danielmatos\/?s={search_term_string}\"},\"query-input\":{\"@type\":\"PropertyValueSpecification\",\"valueRequired\":true,\"valueName\":\"search_term_string\"}}],\"inLanguage\":\"pt-BR\"}]}<\/script>\n<!-- \/ Yoast SEO plugin. -->","yoast_head_json":{"title":"Decis\u00e3o judicial confirma projeto de lei de C\u00e9sar Pires a favor da vida no tr\u00e2nsito - Daniel Matos","robots":{"index":"index","follow":"follow","max-snippet":"max-snippet:-1","max-image-preview":"max-image-preview:large","max-video-preview":"max-video-preview:-1"},"canonical":"https:\/\/www.blogsoestado.com\/danielmatos\/decisao-judicial-confirma-projeto-de-lei-de-cesar-pires-a-favor-da-vida-no-transito\/","og_locale":"pt_BR","og_type":"article","og_title":"Decis\u00e3o judicial confirma projeto de lei de C\u00e9sar Pires a favor da vida no tr\u00e2nsito - Daniel Matos","og_description":"O juiz da Vara de Interesses Difusos e Coletivos, Douglas Martins, determinou que o governo estadual n\u00e3o poder\u00e1 fazer transfer\u00eancia [&hellip;]","og_url":"https:\/\/www.blogsoestado.com\/danielmatos\/decisao-judicial-confirma-projeto-de-lei-de-cesar-pires-a-favor-da-vida-no-transito\/","og_site_name":"Daniel Matos","article_published_time":"2018-12-20T21:30:37+00:00","og_image":[{"url":"https:\/\/www.blogsoestado.com\/danielmatos\/files\/2018\/12\/Cesar-Fundeb.jpg","type":"","width":"","height":""}],"twitter_card":"summary_large_image","twitter_misc":{"Est. tempo de leitura":"2 minutos"},"schema":{"@context":"https:\/\/schema.org","@graph":[{"@type":"WebPage","@id":"https:\/\/www.blogsoestado.com\/danielmatos\/decisao-judicial-confirma-projeto-de-lei-de-cesar-pires-a-favor-da-vida-no-transito\/","url":"https:\/\/www.blogsoestado.com\/danielmatos\/decisao-judicial-confirma-projeto-de-lei-de-cesar-pires-a-favor-da-vida-no-transito\/","name":"Decis\u00e3o judicial confirma projeto de lei de C\u00e9sar Pires a favor da vida no tr\u00e2nsito - Daniel Matos","isPartOf":{"@id":"https:\/\/www.blogsoestado.com\/danielmatos\/#website"},"primaryImageOfPage":{"@id":"https:\/\/www.blogsoestado.com\/danielmatos\/decisao-judicial-confirma-projeto-de-lei-de-cesar-pires-a-favor-da-vida-no-transito\/#primaryimage"},"image":{"@id":"https:\/\/www.blogsoestado.com\/danielmatos\/decisao-judicial-confirma-projeto-de-lei-de-cesar-pires-a-favor-da-vida-no-transito\/#primaryimage"},"thumbnailUrl":"https:\/\/www.blogsoestado.com\/danielmatos\/files\/2018\/12\/Cesar-Fundeb.jpg","datePublished":"2018-12-20T21:30:37+00:00","author":{"@id":""},"breadcrumb":{"@id":"https:\/\/www.blogsoestado.com\/danielmatos\/decisao-judicial-confirma-projeto-de-lei-de-cesar-pires-a-favor-da-vida-no-transito\/#breadcrumb"},"inLanguage":"pt-BR","potentialAction":[{"@type":"ReadAction","target":["https:\/\/www.blogsoestado.com\/danielmatos\/decisao-judicial-confirma-projeto-de-lei-de-cesar-pires-a-favor-da-vida-no-transito\/"]}]},{"@type":"ImageObject","inLanguage":"pt-BR","@id":"https:\/\/www.blogsoestado.com\/danielmatos\/decisao-judicial-confirma-projeto-de-lei-de-cesar-pires-a-favor-da-vida-no-transito\/#primaryimage","url":"https:\/\/www.blogsoestado.com\/danielmatos\/files\/2018\/12\/Cesar-Fundeb.jpg","contentUrl":"https:\/\/www.blogsoestado.com\/danielmatos\/files\/2018\/12\/Cesar-Fundeb.jpg"},{"@type":"BreadcrumbList","@id":"https:\/\/www.blogsoestado.com\/danielmatos\/decisao-judicial-confirma-projeto-de-lei-de-cesar-pires-a-favor-da-vida-no-transito\/#breadcrumb","itemListElement":[{"@type":"ListItem","position":1,"name":"In\u00edcio","item":"https:\/\/www.blogsoestado.com\/danielmatos\/"},{"@type":"ListItem","position":2,"name":"Decis\u00e3o judicial confirma projeto de lei de C\u00e9sar Pires a favor da vida no tr\u00e2nsito"}]},{"@type":"WebSite","@id":"https:\/\/www.blogsoestado.com\/danielmatos\/#website","url":"https:\/\/www.blogsoestado.com\/danielmatos\/","name":"Daniel Matos","description":"","potentialAction":[{"@type":"SearchAction","target":{"@type":"EntryPoint","urlTemplate":"https:\/\/www.blogsoestado.com\/danielmatos\/?s={search_term_string}"},"query-input":{"@type":"PropertyValueSpecification","valueRequired":true,"valueName":"search_term_string"}}],"inLanguage":"pt-BR"}]}},"jetpack_featured_media_url":"","_links":{"self":[{"href":"https:\/\/www.blogsoestado.com\/danielmatos\/wp-json\/wp\/v2\/posts\/58974","targetHints":{"allow":["GET"]}}],"collection":[{"href":"https:\/\/www.blogsoestado.com\/danielmatos\/wp-json\/wp\/v2\/posts"}],"about":[{"href":"https:\/\/www.blogsoestado.com\/danielmatos\/wp-json\/wp\/v2\/types\/post"}],"replies":[{"embeddable":true,"href":"https:\/\/www.blogsoestado.com\/danielmatos\/wp-json\/wp\/v2\/comments?post=58974"}],"version-history":[{"count":0,"href":"https:\/\/www.blogsoestado.com\/danielmatos\/wp-json\/wp\/v2\/posts\/58974\/revisions"}],"wp:attachment":[{"href":"https:\/\/www.blogsoestado.com\/danielmatos\/wp-json\/wp\/v2\/media?parent=58974"}],"wp:term":[{"taxonomy":"category","embeddable":true,"href":"https:\/\/www.blogsoestado.com\/danielmatos\/wp-json\/wp\/v2\/categories?post=58974"},{"taxonomy":"post_tag","embeddable":true,"href":"https:\/\/www.blogsoestado.com\/danielmatos\/wp-json\/wp\/v2\/tags?post=58974"}],"curies":[{"name":"wp","href":"https:\/\/api.w.org\/{rel}","templated":true}]}}