{"id":58980,"date":"2018-12-20T20:30:22","date_gmt":"2018-12-20T23:30:22","guid":{"rendered":"https:\/\/www.blogsoestado.com\/danielmatos\/?p=58980"},"modified":"2018-12-20T20:30:22","modified_gmt":"2018-12-20T23:30:22","slug":"cpi-da-cyrela-inicia-oitivas-na-assembleia-legislativa","status":"publish","type":"post","link":"https:\/\/www.blogsoestado.com\/danielmatos\/cpi-da-cyrela-inicia-oitivas-na-assembleia-legislativa\/","title":{"rendered":"CPI da Cyrela inicia oitivas na Assembleia Legislativa"},"content":{"rendered":"<figure id=\"attachment_58981\" aria-describedby=\"caption-attachment-58981\" style=\"width: 650px\" class=\"wp-caption aligncenter\"><a href=\"https:\/\/www.blogsoestado.com\/danielmatos\/2018\/12\/20\/cpi-da-cyrela-inicia-oitivas-na-assembleia-legislativa\/cyrela-oitiva2\/\" rel=\"attachment wp-att-58981\"><img fetchpriority=\"high\" decoding=\"async\" class=\"wp-image-58981\" src=\"https:\/\/www.blogsoestado.com\/danielmatos\/files\/2018\/12\/cyrela-oitiva2.jpg\" alt=\"\" width=\"650\" height=\"434\" \/><\/a><figcaption id=\"caption-attachment-58981\" class=\"wp-caption-text\">Deputados Wellington, Z\u00e9 In\u00e1cio, Rog\u00e9rio Cafeteira e Bira do Pindar\u00e9 ouvem testemunha na primeira oitiva da CPI<\/figcaption><\/figure>\n<p>A Comiss\u00e3o parlamentar de Inqu\u00e9rito-CPI da Cyrela iniciou nesta quarta-feira 19\/12, as oitivas para ouvir depoimentos de testemunhas que ir\u00e3o colaborar na investiga\u00e7\u00e3o sobre as supostas irregularidades realizadas pela empresa em empreendimentos imobili\u00e1rios no Maranh\u00e3o. O objetivo das oitivas \u00e9 identificar os respons\u00e1veis que autorizaram licen\u00e7as que violaram a legisla\u00e7\u00e3o, tendo como consequ\u00eancia diversas falhas na constru\u00e7\u00e3o dos empreendimentos.<\/p>\n<p>A audi\u00eancia contou com a presen\u00e7a do presidente da CPI, o deputado Z\u00e9 In\u00e1cio (PT), e os demais parlamentares Bira do Pindar\u00e9 (PSB), Wellington do Curso (PSDB), Rog\u00e9rio Cafeteira (DEM) e consultores legislativos da Assembleia Legislativa. \u201cCom o relat\u00f3rio da CPI iremos estabelecer crit\u00e9rios para aperfei\u00e7oar a legisla\u00e7\u00e3o ambiental no que diz respeito as leis estaduais, licenciamentos e a\u00e7\u00f5es concretas que possam prevenir para que a Cyrela e outras empresas n\u00e3o venham a cometer novos crimes em nosso Estado\u201d, disse Z\u00e9 In\u00e1cio.<\/p>\n<p>Os parlamentares ouviram quatro testemunhas que prestaram depoimento quanto a autoriza\u00e7\u00e3o para libera\u00e7\u00e3o de licen\u00e7as espec\u00edficas para a constru\u00e7\u00e3o de condom\u00ednios residenciais, vistoria t\u00e9cnica e parecer jur\u00eddico que foram realizados pelos \u00f3rg\u00e3os municipais e estaduais. Nesta primeira etapa das oitivas, n\u00e3o compareceu o presidente da Cyrela, que justificou sua aus\u00eancia por meio de sua assessoria jur\u00eddica, e mais dois convidados que n\u00e3o justificaram. No entanto, todos os ausentes ser\u00e3o novamente convocados a prestar depoimento.<\/p>\n<p>As investiga\u00e7\u00f5es da CPI retomam no in\u00edcio de janeiro, ap\u00f3s as festividades de fim de ano, quando mais testemunhas dever\u00e3o ser ouvidas.<\/p>\n<p>A CPI da Cyrela investiga supostas irregularidades realizadas nos condom\u00ednios Jardins Provence e Jardim Provence, no bairro Altos do Calhau; Vit\u00f3ria, no bairro Forquilha; e Pleno Residencial, no bairro Jaracati. E j\u00e1 participou de audi\u00eancia com a promotora do Consumidor, L\u00edtia Cavalcanti e o juiz da Vara de Interesses Difusos e Coletivos, Douglas Martins.<\/p>\n<p>Os empreendimentos apresentaram imensur\u00e1veis falhas e problemas nas edifica\u00e7\u00f5es, como vazamento de g\u00e1s, irregularidades no sistema el\u00e9trico, hidr\u00e1ulico, revestimento cer\u00e2mico e infiltra\u00e7\u00f5es.<\/p>\n","protected":false},"excerpt":{"rendered":"<p>A Comiss\u00e3o parlamentar de Inqu\u00e9rito-CPI da Cyrela iniciou nesta quarta-feira 19\/12, as oitivas para ouvir depoimentos de testemunhas que ir\u00e3o [&hellip;]<\/p>\n","protected":false},"author":0,"featured_media":0,"comment_status":"open","ping_status":"open","sticky":false,"template":"","format":"standard","meta":{"site-sidebar-layout":"default","site-content-layout":"","ast-site-content-layout":"default","site-content-style":"default","site-sidebar-style":"default","ast-global-header-display":"","ast-banner-title-visibility":"","ast-main-header-display":"","ast-hfb-above-header-display":"","ast-hfb-below-header-display":"","ast-hfb-mobile-header-display":"","site-post-title":"","ast-breadcrumbs-content":"","ast-featured-img":"","footer-sml-layout":"","ast-disable-related-posts":"","theme-transparent-header-meta":"","adv-header-id-meta":"","stick-header-meta":"","header-above-stick-meta":"","header-main-stick-meta":"","header-below-stick-meta":"","astra-migrate-meta-layouts":"default","ast-page-background-enabled":"default","ast-page-background-meta":{"desktop":{"background-color":"var(--ast-global-color-5)","background-image":"","background-repeat":"repeat","background-position":"center center","background-size":"auto","background-attachment":"scroll","background-type":"","background-media":"","overlay-type":"","overlay-color":"","overlay-opacity":"","overlay-gradient":""},"tablet":{"background-color":"","background-image":"","background-repeat":"repeat","background-position":"center center","background-size":"auto","background-attachment":"scroll","background-type":"","background-media":"","overlay-type":"","overlay-color":"","overlay-opacity":"","overlay-gradient":""},"mobile":{"background-color":"","background-image":"","background-repeat":"repeat","background-position":"center center","background-size":"auto","background-attachment":"scroll","background-type":"","background-media":"","overlay-type":"","overlay-color":"","overlay-opacity":"","overlay-gradient":""}},"ast-content-background-meta":{"desktop":{"background-color":"var(--ast-global-color-4)","background-image":"","background-repeat":"repeat","background-position":"center center","background-size":"auto","background-attachment":"scroll","background-type":"","background-media":"","overlay-type":"","overlay-color":"","overlay-opacity":"","overlay-gradient":""},"tablet":{"background-color":"var(--ast-global-color-4)","background-image":"","background-repeat":"repeat","background-position":"center center","background-size":"auto","background-attachment":"scroll","background-type":"","background-media":"","overlay-type":"","overlay-color":"","overlay-opacity":"","overlay-gradient":""},"mobile":{"background-color":"var(--ast-global-color-4)","background-image":"","background-repeat":"repeat","background-position":"center center","background-size":"auto","background-attachment":"scroll","background-type":"","background-media":"","overlay-type":"","overlay-color":"","overlay-opacity":"","overlay-gradient":""}},"footnotes":""},"categories":[1],"tags":[],"class_list":["post-58980","post","type-post","status-publish","format-standard","hentry","category-sem-categoria"],"yoast_head":"<!-- This site is optimized with the Yoast SEO plugin v26.6 - https:\/\/yoast.com\/wordpress\/plugins\/seo\/ -->\n<title>CPI da Cyrela inicia oitivas na Assembleia Legislativa - Daniel Matos<\/title>\n<meta name=\"robots\" content=\"index, follow, max-snippet:-1, max-image-preview:large, max-video-preview:-1\" \/>\n<link rel=\"canonical\" href=\"https:\/\/www.blogsoestado.com\/danielmatos\/cpi-da-cyrela-inicia-oitivas-na-assembleia-legislativa\/\" \/>\n<meta property=\"og:locale\" content=\"pt_BR\" \/>\n<meta property=\"og:type\" content=\"article\" \/>\n<meta property=\"og:title\" content=\"CPI da Cyrela inicia oitivas na Assembleia Legislativa - Daniel Matos\" \/>\n<meta property=\"og:description\" content=\"A Comiss\u00e3o parlamentar de Inqu\u00e9rito-CPI da Cyrela iniciou nesta quarta-feira 19\/12, as oitivas para ouvir depoimentos de testemunhas que ir\u00e3o [&hellip;]\" \/>\n<meta property=\"og:url\" content=\"https:\/\/www.blogsoestado.com\/danielmatos\/cpi-da-cyrela-inicia-oitivas-na-assembleia-legislativa\/\" \/>\n<meta property=\"og:site_name\" content=\"Daniel Matos\" \/>\n<meta property=\"article:published_time\" content=\"2018-12-20T23:30:22+00:00\" \/>\n<meta property=\"og:image\" content=\"https:\/\/www.blogsoestado.com\/danielmatos\/files\/2018\/12\/cyrela-oitiva2.jpg\" \/>\n<meta name=\"twitter:card\" content=\"summary_large_image\" \/>\n<meta name=\"twitter:label1\" content=\"Est. tempo de leitura\" \/>\n\t<meta name=\"twitter:data1\" content=\"2 minutos\" \/>\n<script type=\"application\/ld+json\" class=\"yoast-schema-graph\">{\"@context\":\"https:\/\/schema.org\",\"@graph\":[{\"@type\":\"WebPage\",\"@id\":\"https:\/\/www.blogsoestado.com\/danielmatos\/cpi-da-cyrela-inicia-oitivas-na-assembleia-legislativa\/\",\"url\":\"https:\/\/www.blogsoestado.com\/danielmatos\/cpi-da-cyrela-inicia-oitivas-na-assembleia-legislativa\/\",\"name\":\"CPI da Cyrela inicia oitivas na Assembleia Legislativa - Daniel Matos\",\"isPartOf\":{\"@id\":\"https:\/\/www.blogsoestado.com\/danielmatos\/#website\"},\"primaryImageOfPage\":{\"@id\":\"https:\/\/www.blogsoestado.com\/danielmatos\/cpi-da-cyrela-inicia-oitivas-na-assembleia-legislativa\/#primaryimage\"},\"image\":{\"@id\":\"https:\/\/www.blogsoestado.com\/danielmatos\/cpi-da-cyrela-inicia-oitivas-na-assembleia-legislativa\/#primaryimage\"},\"thumbnailUrl\":\"https:\/\/www.blogsoestado.com\/danielmatos\/files\/2018\/12\/cyrela-oitiva2.jpg\",\"datePublished\":\"2018-12-20T23:30:22+00:00\",\"author\":{\"@id\":\"\"},\"breadcrumb\":{\"@id\":\"https:\/\/www.blogsoestado.com\/danielmatos\/cpi-da-cyrela-inicia-oitivas-na-assembleia-legislativa\/#breadcrumb\"},\"inLanguage\":\"pt-BR\",\"potentialAction\":[{\"@type\":\"ReadAction\",\"target\":[\"https:\/\/www.blogsoestado.com\/danielmatos\/cpi-da-cyrela-inicia-oitivas-na-assembleia-legislativa\/\"]}]},{\"@type\":\"ImageObject\",\"inLanguage\":\"pt-BR\",\"@id\":\"https:\/\/www.blogsoestado.com\/danielmatos\/cpi-da-cyrela-inicia-oitivas-na-assembleia-legislativa\/#primaryimage\",\"url\":\"https:\/\/www.blogsoestado.com\/danielmatos\/files\/2018\/12\/cyrela-oitiva2.jpg\",\"contentUrl\":\"https:\/\/www.blogsoestado.com\/danielmatos\/files\/2018\/12\/cyrela-oitiva2.jpg\"},{\"@type\":\"BreadcrumbList\",\"@id\":\"https:\/\/www.blogsoestado.com\/danielmatos\/cpi-da-cyrela-inicia-oitivas-na-assembleia-legislativa\/#breadcrumb\",\"itemListElement\":[{\"@type\":\"ListItem\",\"position\":1,\"name\":\"In\u00edcio\",\"item\":\"https:\/\/www.blogsoestado.com\/danielmatos\/\"},{\"@type\":\"ListItem\",\"position\":2,\"name\":\"CPI da Cyrela inicia oitivas na Assembleia Legislativa\"}]},{\"@type\":\"WebSite\",\"@id\":\"https:\/\/www.blogsoestado.com\/danielmatos\/#website\",\"url\":\"https:\/\/www.blogsoestado.com\/danielmatos\/\",\"name\":\"Daniel Matos\",\"description\":\"\",\"potentialAction\":[{\"@type\":\"SearchAction\",\"target\":{\"@type\":\"EntryPoint\",\"urlTemplate\":\"https:\/\/www.blogsoestado.com\/danielmatos\/?s={search_term_string}\"},\"query-input\":{\"@type\":\"PropertyValueSpecification\",\"valueRequired\":true,\"valueName\":\"search_term_string\"}}],\"inLanguage\":\"pt-BR\"}]}<\/script>\n<!-- \/ Yoast SEO plugin. -->","yoast_head_json":{"title":"CPI da Cyrela inicia oitivas na Assembleia Legislativa - Daniel Matos","robots":{"index":"index","follow":"follow","max-snippet":"max-snippet:-1","max-image-preview":"max-image-preview:large","max-video-preview":"max-video-preview:-1"},"canonical":"https:\/\/www.blogsoestado.com\/danielmatos\/cpi-da-cyrela-inicia-oitivas-na-assembleia-legislativa\/","og_locale":"pt_BR","og_type":"article","og_title":"CPI da Cyrela inicia oitivas na Assembleia Legislativa - Daniel Matos","og_description":"A Comiss\u00e3o parlamentar de Inqu\u00e9rito-CPI da Cyrela iniciou nesta quarta-feira 19\/12, as oitivas para ouvir depoimentos de testemunhas que ir\u00e3o [&hellip;]","og_url":"https:\/\/www.blogsoestado.com\/danielmatos\/cpi-da-cyrela-inicia-oitivas-na-assembleia-legislativa\/","og_site_name":"Daniel Matos","article_published_time":"2018-12-20T23:30:22+00:00","og_image":[{"url":"https:\/\/www.blogsoestado.com\/danielmatos\/files\/2018\/12\/cyrela-oitiva2.jpg","type":"","width":"","height":""}],"twitter_card":"summary_large_image","twitter_misc":{"Est. tempo de leitura":"2 minutos"},"schema":{"@context":"https:\/\/schema.org","@graph":[{"@type":"WebPage","@id":"https:\/\/www.blogsoestado.com\/danielmatos\/cpi-da-cyrela-inicia-oitivas-na-assembleia-legislativa\/","url":"https:\/\/www.blogsoestado.com\/danielmatos\/cpi-da-cyrela-inicia-oitivas-na-assembleia-legislativa\/","name":"CPI da Cyrela inicia oitivas na Assembleia Legislativa - Daniel Matos","isPartOf":{"@id":"https:\/\/www.blogsoestado.com\/danielmatos\/#website"},"primaryImageOfPage":{"@id":"https:\/\/www.blogsoestado.com\/danielmatos\/cpi-da-cyrela-inicia-oitivas-na-assembleia-legislativa\/#primaryimage"},"image":{"@id":"https:\/\/www.blogsoestado.com\/danielmatos\/cpi-da-cyrela-inicia-oitivas-na-assembleia-legislativa\/#primaryimage"},"thumbnailUrl":"https:\/\/www.blogsoestado.com\/danielmatos\/files\/2018\/12\/cyrela-oitiva2.jpg","datePublished":"2018-12-20T23:30:22+00:00","author":{"@id":""},"breadcrumb":{"@id":"https:\/\/www.blogsoestado.com\/danielmatos\/cpi-da-cyrela-inicia-oitivas-na-assembleia-legislativa\/#breadcrumb"},"inLanguage":"pt-BR","potentialAction":[{"@type":"ReadAction","target":["https:\/\/www.blogsoestado.com\/danielmatos\/cpi-da-cyrela-inicia-oitivas-na-assembleia-legislativa\/"]}]},{"@type":"ImageObject","inLanguage":"pt-BR","@id":"https:\/\/www.blogsoestado.com\/danielmatos\/cpi-da-cyrela-inicia-oitivas-na-assembleia-legislativa\/#primaryimage","url":"https:\/\/www.blogsoestado.com\/danielmatos\/files\/2018\/12\/cyrela-oitiva2.jpg","contentUrl":"https:\/\/www.blogsoestado.com\/danielmatos\/files\/2018\/12\/cyrela-oitiva2.jpg"},{"@type":"BreadcrumbList","@id":"https:\/\/www.blogsoestado.com\/danielmatos\/cpi-da-cyrela-inicia-oitivas-na-assembleia-legislativa\/#breadcrumb","itemListElement":[{"@type":"ListItem","position":1,"name":"In\u00edcio","item":"https:\/\/www.blogsoestado.com\/danielmatos\/"},{"@type":"ListItem","position":2,"name":"CPI da Cyrela inicia oitivas na Assembleia Legislativa"}]},{"@type":"WebSite","@id":"https:\/\/www.blogsoestado.com\/danielmatos\/#website","url":"https:\/\/www.blogsoestado.com\/danielmatos\/","name":"Daniel Matos","description":"","potentialAction":[{"@type":"SearchAction","target":{"@type":"EntryPoint","urlTemplate":"https:\/\/www.blogsoestado.com\/danielmatos\/?s={search_term_string}"},"query-input":{"@type":"PropertyValueSpecification","valueRequired":true,"valueName":"search_term_string"}}],"inLanguage":"pt-BR"}]}},"jetpack_featured_media_url":"","_links":{"self":[{"href":"https:\/\/www.blogsoestado.com\/danielmatos\/wp-json\/wp\/v2\/posts\/58980","targetHints":{"allow":["GET"]}}],"collection":[{"href":"https:\/\/www.blogsoestado.com\/danielmatos\/wp-json\/wp\/v2\/posts"}],"about":[{"href":"https:\/\/www.blogsoestado.com\/danielmatos\/wp-json\/wp\/v2\/types\/post"}],"replies":[{"embeddable":true,"href":"https:\/\/www.blogsoestado.com\/danielmatos\/wp-json\/wp\/v2\/comments?post=58980"}],"version-history":[{"count":0,"href":"https:\/\/www.blogsoestado.com\/danielmatos\/wp-json\/wp\/v2\/posts\/58980\/revisions"}],"wp:attachment":[{"href":"https:\/\/www.blogsoestado.com\/danielmatos\/wp-json\/wp\/v2\/media?parent=58980"}],"wp:term":[{"taxonomy":"category","embeddable":true,"href":"https:\/\/www.blogsoestado.com\/danielmatos\/wp-json\/wp\/v2\/categories?post=58980"},{"taxonomy":"post_tag","embeddable":true,"href":"https:\/\/www.blogsoestado.com\/danielmatos\/wp-json\/wp\/v2\/tags?post=58980"}],"curies":[{"name":"wp","href":"https:\/\/api.w.org\/{rel}","templated":true}]}}