{"id":59263,"date":"2019-01-02T08:51:08","date_gmt":"2019-01-02T11:51:08","guid":{"rendered":"https:\/\/www.blogsoestado.com\/danielmatos\/?p=59263"},"modified":"2019-01-02T08:51:08","modified_gmt":"2019-01-02T11:51:08","slug":"osmar-filho-defende-uniao-da-classe-politica-e-readequacao-do-pacto-federativo","status":"publish","type":"post","link":"https:\/\/www.blogsoestado.com\/danielmatos\/osmar-filho-defende-uniao-da-classe-politica-e-readequacao-do-pacto-federativo\/","title":{"rendered":"Osmar Filho defende uni\u00e3o da classe pol\u00edtica e readequa\u00e7\u00e3o do pacto federativo"},"content":{"rendered":"<h2 style=\"font-weight: 400;\"><span style=\"color: #ff0000;\"><em>Aos 32 anos, vereador assumiu Presid\u00eancia da C\u00e2mara Municipal de S\u00e3o Lu\u00eds durante solenidade bastante concorrida realizada nesta ter\u00e7a-feira (01)<\/em><\/span><\/h2>\n<figure id=\"attachment_59264\" aria-describedby=\"caption-attachment-59264\" style=\"width: 650px\" class=\"wp-caption aligncenter\"><a href=\"https:\/\/www.blogsoestado.com\/danielmatos\/2019\/01\/02\/osmar-filho-defende-uniao-da-classe-politica-e-readequacao-do-pacto-federativo\/osmar-1\/\" rel=\"attachment wp-att-59264\"><img fetchpriority=\"high\" decoding=\"async\" class=\"wp-image-59264\" src=\"https:\/\/www.blogsoestado.com\/danielmatos\/files\/2019\/01\/osmar-1.jpg\" alt=\"\" width=\"650\" height=\"433\" \/><\/a><figcaption id=\"caption-attachment-59264\" class=\"wp-caption-text\">Osmar Filho \u00e9 cumprimentado pelo prefeito Edivaldo Holanda J\u00fanior na cerim\u00f4nia de posse<\/figcaption><\/figure>\n<p style=\"font-weight: 400;\">Durante solenidade bastante concorrida, realizada no audit\u00f3rio da Federa\u00e7\u00e3o das Ind\u00fastrias do Estado do Maranh\u00e3o nesta ter\u00e7a-feira (01), o vereador Osmar Filho (PDT) foi empossado no cargo de presidente da C\u00e2mara Municipal de S\u00e3o Lu\u00eds, bi\u00eanio 2019\/20.<\/p>\n<p style=\"font-weight: 400;\">Na oportunidade, tamb\u00e9m foram empossados os demais membros da nova Mesa Diretora da Casa, quais sejam Astro de Ogum (1\u00ba vice-presidente), Nato J\u00fanior (2\u00ba vice-presidente); Josu\u00e9 Pinheiro (3\u00ba vice-presidente); Chico Carvalho (1\u00ba secret\u00e1rio); Francisco Chaguinhas (2\u00ba secret\u00e1rio); Beto Castro (3\u00ba secret\u00e1rio); Concita Pinta (4\u00aa secret\u00e1ria) e Afonso Manoel (5\u00ba secret\u00e1rio).<\/p>\n<figure id=\"attachment_59265\" aria-describedby=\"caption-attachment-59265\" style=\"width: 650px\" class=\"wp-caption aligncenter\"><a href=\"https:\/\/www.blogsoestado.com\/danielmatos\/2019\/01\/02\/osmar-filho-defende-uniao-da-classe-politica-e-readequacao-do-pacto-federativo\/osmar-6\/\" rel=\"attachment wp-att-59265\"><img decoding=\"async\" class=\"wp-image-59265\" src=\"https:\/\/www.blogsoestado.com\/danielmatos\/files\/2019\/01\/osmar-6.jpg\" alt=\"\" width=\"650\" height=\"433\" \/><\/a><figcaption id=\"caption-attachment-59265\" class=\"wp-caption-text\">O presidente da C\u00e2mara Municipal faz o discurso de posse para a plateia, formada por autoridades e convidados<\/figcaption><\/figure>\n<p style=\"font-weight: 400;\">A cerim\u00f4nia contou com as presen\u00e7as de diversas autoridades, tais como o prefeito Edivaldo Holanda J\u00fanior (PDT); o presidente da Assembleia Legislativa, deputado Othelino Neto (PC do B); o senador eleito Weverton Rocha (PDT); o procurador-geral de Justi\u00e7a, Luiz Gonzaga Martins Coelho; o presidente da Fiema, Edilson Baldez; o presidente da Associa\u00e7\u00e3o Comercial do Maranh\u00e3o, Felipe Mussal\u00e9m; al\u00e9m de vereadores, deputados estaduais e deputados federais.<\/p>\n<p style=\"font-weight: 400;\">Osmar Filho, em seu discurso, defendeu a uni\u00e3o da classe pol\u00edtica como forma de contribuir para que o pa\u00eds ultrapasse este momento de instabilidade econ\u00f4mica e volte a crescer e se desenvolver.<\/p>\n<figure id=\"attachment_59266\" aria-describedby=\"caption-attachment-59266\" style=\"width: 650px\" class=\"wp-caption aligncenter\"><a href=\"https:\/\/www.blogsoestado.com\/danielmatos\/2019\/01\/02\/osmar-filho-defende-uniao-da-classe-politica-e-readequacao-do-pacto-federativo\/osmar-4\/\" rel=\"attachment wp-att-59266\"><img decoding=\"async\" class=\"wp-image-59266\" src=\"https:\/\/www.blogsoestado.com\/danielmatos\/files\/2019\/01\/osmar-4.jpg\" alt=\"\" width=\"650\" height=\"433\" \/><\/a><figcaption id=\"caption-attachment-59266\" class=\"wp-caption-text\">Osmar Filho assina o termo de posse, observado pelo vereador Chico Carvalho, eleito 1\u00b0 secret\u00e1rio da C\u00e2mara<\/figcaption><\/figure>\n<p style=\"font-weight: 400;\">O presidente ratificou, mais uma vez, o seu perfil municipalista e garantiu que unir\u00e1 for\u00e7as com a Bancada Maranhense em Bras\u00edlia no sentido de lutar pela imediata modifica\u00e7\u00e3o do pacto federativo.<\/p>\n<p style=\"font-weight: 400;\">\u201cComo presidente do Legislativo de S\u00e3o Lu\u00eds, n\u00e3o medirei esfor\u00e7os, juntamente com os demais vereadores e a classe pol\u00edtica de nosso estado, para modificarmos este pacto federativo injusto que beneficia, t\u00e3o somente, a Uni\u00e3o, deixando os munic\u00edpios praticamente sem nenhum recurso\u201d.<\/p>\n<p style=\"font-weight: 400;\">Osmar Filho fez quest\u00e3o de agradecer os seus pares, amigos e, em especial, sua fam\u00edlia.<\/p>\n<p style=\"font-weight: 400;\">Afirmou estar honrado em ter a oportunidade de, aos 32 anos, presidir \u00e0 C\u00e2mara Municipal de S\u00e3o Lu\u00eds que, este ano, completar\u00e1 400 anos destacando-se como umas das institui\u00e7\u00f5es p\u00fablicas mais antigas do Norte e Nordeste.<\/p>\n<figure id=\"attachment_59267\" aria-describedby=\"caption-attachment-59267\" style=\"width: 650px\" class=\"wp-caption aligncenter\"><a href=\"https:\/\/www.blogsoestado.com\/danielmatos\/2019\/01\/02\/osmar-filho-defende-uniao-da-classe-politica-e-readequacao-do-pacto-federativo\/osmar-5\/\" rel=\"attachment wp-att-59267\"><img loading=\"lazy\" decoding=\"async\" class=\"wp-image-59267\" src=\"https:\/\/www.blogsoestado.com\/danielmatos\/files\/2019\/01\/osmar-5.jpg\" alt=\"\" width=\"650\" height=\"433\" \/><\/a><figcaption id=\"caption-attachment-59267\" class=\"wp-caption-text\">Osmar Filho \u00e9 cumprimentado pelo 2\u00b0 vice-presidente, Francisco Chaguinhas, ao lado tamb\u00e9m do vereador Afonso Manoel<\/figcaption><\/figure>\n<p style=\"font-weight: 400;\">O pedetista garantiu, ainda, continuar investindo na moderniza\u00e7\u00e3o dos servi\u00e7os da Casa; implantar os projetos \u201cParlamento Metropolitano\u201d e \u201cC\u00e2mara Itinerante\u201d; dotar os setores de equipamentos e infraestrutura necess\u00e1ria; ampliar o di\u00e1logo com a sociedade atrav\u00e9s das mais diversas ferramentas de comunica\u00e7\u00e3o; capacitar e valorizar o funcionalismo; inserir a classe estudantil no dia-a-dia do Parlamento; dentre outras medidas.<\/p>\n<p style=\"font-weight: 400;\"><strong>Confian\u00e7a<\/strong>\u00a0\u2013 Os representantes da classe pol\u00edtica que participaram da cerim\u00f4nia afirmaram possuir total confian\u00e7a no trabalho de Osmar Filho.<\/p>\n<p style=\"font-weight: 400;\">Para Weverton Rocha, o presidente da CMSL \u00e9 um homem de di\u00e1logo, inteligente e com um futuro pol\u00edtico promissor.<\/p>\n<figure id=\"attachment_59268\" aria-describedby=\"caption-attachment-59268\" style=\"width: 650px\" class=\"wp-caption aligncenter\"><a href=\"https:\/\/www.blogsoestado.com\/danielmatos\/2019\/01\/02\/osmar-filho-defende-uniao-da-classe-politica-e-readequacao-do-pacto-federativo\/osmar-2\/\" rel=\"attachment wp-att-59268\"><img loading=\"lazy\" decoding=\"async\" class=\"wp-image-59268\" src=\"https:\/\/www.blogsoestado.com\/danielmatos\/files\/2019\/01\/osmar-2.jpg\" alt=\"\" width=\"650\" height=\"433\" \/><\/a><figcaption id=\"caption-attachment-59268\" class=\"wp-caption-text\">Autoridades prestigiaram a posse do presidente da C\u00e2mara Municipal de S\u00e3o Lu\u00eds, Osmar Filho<\/figcaption><\/figure>\n<p style=\"font-weight: 400;\">Avalia\u00e7\u00e3o semelhante fez Edivaldo Holanda J\u00fanior. \u201cO Osmar saber\u00e1 conduzir muito bem o Legislativo Municipal. Ele aliar\u00e1 juventude com a experi\u00eancia adquirida em mais de dez anos de vida p\u00fablica. Os Poderes ir\u00e3o conviver de forma independente e sempre estar\u00e3o juntos quando a meta principal for beneficiar o povo de S\u00e3o Lu\u00eds\u201d.<\/p>\n<p style=\"font-weight: 400;\">Astro de Ogum destacou o sentimento de uni\u00e3o e paz que prevalece na C\u00e2mara Ludovicense.<\/p>\n<p style=\"font-weight: 400;\">\u201cTive o apoio incondicional dos meus pares durante os quatro anos de minha gest\u00e3o como presidente. Com o Osmar, tenho certeza, n\u00e3o ser\u00e1 diferente. Ele \u00e9 um jovem presidente que est\u00e1 empenhado em continuar fazendo com que a C\u00e2mara se fortale\u00e7a cada vez mais. E ter\u00e1 o nosso total apoio\u201d.<\/p>\n<p style=\"font-weight: 400;\">Othelino Neto avaliou que C\u00e2mara e Assembleia, a partir de agora, t\u00eam possibilidades concretas de estarem mais unidas, fortes e trabalhando em favor da popula\u00e7\u00e3o.<\/p>\n<p style=\"font-weight: 400;\">\u201cOsmar, al\u00e9m de um grande amigo, \u00e9 um pol\u00edtico jovem, que tem um projeto arrojado para a Casa e que possui muita vontade de fazer. A Assembleia Legislativa est\u00e1 \u00e0 disposi\u00e7\u00e3o do Parlamento Municipal para que possamos firmar parcerias e caminharmos juntos em prol de S\u00e3o Lu\u00eds e do Maranh\u00e3o\u201d.<\/p>\n<p style=\"font-weight: 400;\"><strong>Perfil<\/strong>\u00a0&#8211;\u00a0Osmar Gomes dos Santos Filho \u00e9 formado em Direito e ocupa o cargo de<br \/>\nvereador de S\u00e3o Lu\u00eds h\u00e1 10 anos. Foi eleito, pela primeira vez, aos 21 anos e se consagrou, na elei\u00e7\u00e3o de 2016, como o parlamentar mais bem votado da capital com quase 10 mil votos.<\/p>\n<p style=\"font-weight: 400;\">\u00c9 casado, pai de dois filhos e leva na bagagem, como chefe do Legislativo, princ\u00edpios e valores de fam\u00edlia para dentro da organiza\u00e7\u00e3o p\u00fablica.<\/p>\n<p style=\"font-weight: 400;\">Possui experi\u00eancia e repert\u00f3rio para liderar, tendo acumulado cargos de ger\u00eancia durante sua vida p\u00fablica. Em 2013, por exemplo, foi convidado pelo prefeito Edivaldo para coordenar a Secretaria de Articula\u00e7\u00e3o Pol\u00edtica do Munic\u00edpio.Em 2017, foi eleito membro do Diret\u00f3rio Nacional do PDT, inst\u00e2ncia m\u00e1xima do partido.<\/p>\n<p style=\"font-weight: 400;\">Ano passado, aos 31 anos, foi eleito o presidente mais jovem da hist\u00f3ria da C\u00e2mara de S\u00e3o Lu\u00eds.<\/p>\n","protected":false},"excerpt":{"rendered":"<p>Aos 32 anos, vereador assumiu Presid\u00eancia da C\u00e2mara Municipal de S\u00e3o Lu\u00eds durante solenidade bastante concorrida realizada nesta ter\u00e7a-feira (01) [&hellip;]<\/p>\n","protected":false},"author":0,"featured_media":0,"comment_status":"open","ping_status":"open","sticky":false,"template":"","format":"standard","meta":{"site-sidebar-layout":"default","site-content-layout":"","ast-site-content-layout":"default","site-content-style":"default","site-sidebar-style":"default","ast-global-header-display":"","ast-banner-title-visibility":"","ast-main-header-display":"","ast-hfb-above-header-display":"","ast-hfb-below-header-display":"","ast-hfb-mobile-header-display":"","site-post-title":"","ast-breadcrumbs-content":"","ast-featured-img":"","footer-sml-layout":"","ast-disable-related-posts":"","theme-transparent-header-meta":"","adv-header-id-meta":"","stick-header-meta":"","header-above-stick-meta":"","header-main-stick-meta":"","header-below-stick-meta":"","astra-migrate-meta-layouts":"default","ast-page-background-enabled":"default","ast-page-background-meta":{"desktop":{"background-color":"var(--ast-global-color-5)","background-image":"","background-repeat":"repeat","background-position":"center center","background-size":"auto","background-attachment":"scroll","background-type":"","background-media":"","overlay-type":"","overlay-color":"","overlay-opacity":"","overlay-gradient":""},"tablet":{"background-color":"","background-image":"","background-repeat":"repeat","background-position":"center center","background-size":"auto","background-attachment":"scroll","background-type":"","background-media":"","overlay-type":"","overlay-color":"","overlay-opacity":"","overlay-gradient":""},"mobile":{"background-color":"","background-image":"","background-repeat":"repeat","background-position":"center center","background-size":"auto","background-attachment":"scroll","background-type":"","background-media":"","overlay-type":"","overlay-color":"","overlay-opacity":"","overlay-gradient":""}},"ast-content-background-meta":{"desktop":{"background-color":"var(--ast-global-color-4)","background-image":"","background-repeat":"repeat","background-position":"center center","background-size":"auto","background-attachment":"scroll","background-type":"","background-media":"","overlay-type":"","overlay-color":"","overlay-opacity":"","overlay-gradient":""},"tablet":{"background-color":"var(--ast-global-color-4)","background-image":"","background-repeat":"repeat","background-position":"center center","background-size":"auto","background-attachment":"scroll","background-type":"","background-media":"","overlay-type":"","overlay-color":"","overlay-opacity":"","overlay-gradient":""},"mobile":{"background-color":"var(--ast-global-color-4)","background-image":"","background-repeat":"repeat","background-position":"center center","background-size":"auto","background-attachment":"scroll","background-type":"","background-media":"","overlay-type":"","overlay-color":"","overlay-opacity":"","overlay-gradient":""}},"footnotes":""},"categories":[1],"tags":[],"class_list":["post-59263","post","type-post","status-publish","format-standard","hentry","category-sem-categoria"],"yoast_head":"<!-- This site is optimized with the Yoast SEO plugin v26.6 - https:\/\/yoast.com\/wordpress\/plugins\/seo\/ -->\n<title>Osmar Filho defende uni\u00e3o da classe pol\u00edtica e readequa\u00e7\u00e3o do pacto federativo - Daniel Matos<\/title>\n<meta name=\"robots\" content=\"index, follow, max-snippet:-1, max-image-preview:large, max-video-preview:-1\" \/>\n<link rel=\"canonical\" href=\"https:\/\/www.blogsoestado.com\/danielmatos\/osmar-filho-defende-uniao-da-classe-politica-e-readequacao-do-pacto-federativo\/\" \/>\n<meta property=\"og:locale\" content=\"pt_BR\" \/>\n<meta property=\"og:type\" content=\"article\" \/>\n<meta property=\"og:title\" content=\"Osmar Filho defende uni\u00e3o da classe pol\u00edtica e readequa\u00e7\u00e3o do pacto federativo - Daniel Matos\" \/>\n<meta property=\"og:description\" content=\"Aos 32 anos, vereador assumiu Presid\u00eancia da C\u00e2mara Municipal de S\u00e3o Lu\u00eds durante solenidade bastante concorrida realizada nesta ter\u00e7a-feira (01) [&hellip;]\" \/>\n<meta property=\"og:url\" content=\"https:\/\/www.blogsoestado.com\/danielmatos\/osmar-filho-defende-uniao-da-classe-politica-e-readequacao-do-pacto-federativo\/\" \/>\n<meta property=\"og:site_name\" content=\"Daniel Matos\" \/>\n<meta property=\"article:published_time\" content=\"2019-01-02T11:51:08+00:00\" \/>\n<meta property=\"og:image\" content=\"https:\/\/www.blogsoestado.com\/danielmatos\/files\/2019\/01\/osmar-1.jpg\" \/>\n<meta name=\"twitter:card\" content=\"summary_large_image\" \/>\n<meta name=\"twitter:label1\" content=\"Est. tempo de leitura\" \/>\n\t<meta name=\"twitter:data1\" content=\"5 minutos\" \/>\n<script type=\"application\/ld+json\" class=\"yoast-schema-graph\">{\"@context\":\"https:\/\/schema.org\",\"@graph\":[{\"@type\":\"WebPage\",\"@id\":\"https:\/\/www.blogsoestado.com\/danielmatos\/osmar-filho-defende-uniao-da-classe-politica-e-readequacao-do-pacto-federativo\/\",\"url\":\"https:\/\/www.blogsoestado.com\/danielmatos\/osmar-filho-defende-uniao-da-classe-politica-e-readequacao-do-pacto-federativo\/\",\"name\":\"Osmar Filho defende uni\u00e3o da classe pol\u00edtica e readequa\u00e7\u00e3o do pacto federativo - Daniel Matos\",\"isPartOf\":{\"@id\":\"https:\/\/www.blogsoestado.com\/danielmatos\/#website\"},\"primaryImageOfPage\":{\"@id\":\"https:\/\/www.blogsoestado.com\/danielmatos\/osmar-filho-defende-uniao-da-classe-politica-e-readequacao-do-pacto-federativo\/#primaryimage\"},\"image\":{\"@id\":\"https:\/\/www.blogsoestado.com\/danielmatos\/osmar-filho-defende-uniao-da-classe-politica-e-readequacao-do-pacto-federativo\/#primaryimage\"},\"thumbnailUrl\":\"https:\/\/www.blogsoestado.com\/danielmatos\/files\/2019\/01\/osmar-1.jpg\",\"datePublished\":\"2019-01-02T11:51:08+00:00\",\"author\":{\"@id\":\"\"},\"breadcrumb\":{\"@id\":\"https:\/\/www.blogsoestado.com\/danielmatos\/osmar-filho-defende-uniao-da-classe-politica-e-readequacao-do-pacto-federativo\/#breadcrumb\"},\"inLanguage\":\"pt-BR\",\"potentialAction\":[{\"@type\":\"ReadAction\",\"target\":[\"https:\/\/www.blogsoestado.com\/danielmatos\/osmar-filho-defende-uniao-da-classe-politica-e-readequacao-do-pacto-federativo\/\"]}]},{\"@type\":\"ImageObject\",\"inLanguage\":\"pt-BR\",\"@id\":\"https:\/\/www.blogsoestado.com\/danielmatos\/osmar-filho-defende-uniao-da-classe-politica-e-readequacao-do-pacto-federativo\/#primaryimage\",\"url\":\"https:\/\/www.blogsoestado.com\/danielmatos\/files\/2019\/01\/osmar-1.jpg\",\"contentUrl\":\"https:\/\/www.blogsoestado.com\/danielmatos\/files\/2019\/01\/osmar-1.jpg\"},{\"@type\":\"BreadcrumbList\",\"@id\":\"https:\/\/www.blogsoestado.com\/danielmatos\/osmar-filho-defende-uniao-da-classe-politica-e-readequacao-do-pacto-federativo\/#breadcrumb\",\"itemListElement\":[{\"@type\":\"ListItem\",\"position\":1,\"name\":\"In\u00edcio\",\"item\":\"https:\/\/www.blogsoestado.com\/danielmatos\/\"},{\"@type\":\"ListItem\",\"position\":2,\"name\":\"Osmar Filho defende uni\u00e3o da classe pol\u00edtica e readequa\u00e7\u00e3o do pacto federativo\"}]},{\"@type\":\"WebSite\",\"@id\":\"https:\/\/www.blogsoestado.com\/danielmatos\/#website\",\"url\":\"https:\/\/www.blogsoestado.com\/danielmatos\/\",\"name\":\"Daniel Matos\",\"description\":\"\",\"potentialAction\":[{\"@type\":\"SearchAction\",\"target\":{\"@type\":\"EntryPoint\",\"urlTemplate\":\"https:\/\/www.blogsoestado.com\/danielmatos\/?s={search_term_string}\"},\"query-input\":{\"@type\":\"PropertyValueSpecification\",\"valueRequired\":true,\"valueName\":\"search_term_string\"}}],\"inLanguage\":\"pt-BR\"}]}<\/script>\n<!-- \/ Yoast SEO plugin. -->","yoast_head_json":{"title":"Osmar Filho defende uni\u00e3o da classe pol\u00edtica e readequa\u00e7\u00e3o do pacto federativo - Daniel Matos","robots":{"index":"index","follow":"follow","max-snippet":"max-snippet:-1","max-image-preview":"max-image-preview:large","max-video-preview":"max-video-preview:-1"},"canonical":"https:\/\/www.blogsoestado.com\/danielmatos\/osmar-filho-defende-uniao-da-classe-politica-e-readequacao-do-pacto-federativo\/","og_locale":"pt_BR","og_type":"article","og_title":"Osmar Filho defende uni\u00e3o da classe pol\u00edtica e readequa\u00e7\u00e3o do pacto federativo - Daniel Matos","og_description":"Aos 32 anos, vereador assumiu Presid\u00eancia da C\u00e2mara Municipal de S\u00e3o Lu\u00eds durante solenidade bastante concorrida realizada nesta ter\u00e7a-feira (01) [&hellip;]","og_url":"https:\/\/www.blogsoestado.com\/danielmatos\/osmar-filho-defende-uniao-da-classe-politica-e-readequacao-do-pacto-federativo\/","og_site_name":"Daniel Matos","article_published_time":"2019-01-02T11:51:08+00:00","og_image":[{"url":"https:\/\/www.blogsoestado.com\/danielmatos\/files\/2019\/01\/osmar-1.jpg","type":"","width":"","height":""}],"twitter_card":"summary_large_image","twitter_misc":{"Est. tempo de leitura":"5 minutos"},"schema":{"@context":"https:\/\/schema.org","@graph":[{"@type":"WebPage","@id":"https:\/\/www.blogsoestado.com\/danielmatos\/osmar-filho-defende-uniao-da-classe-politica-e-readequacao-do-pacto-federativo\/","url":"https:\/\/www.blogsoestado.com\/danielmatos\/osmar-filho-defende-uniao-da-classe-politica-e-readequacao-do-pacto-federativo\/","name":"Osmar Filho defende uni\u00e3o da classe pol\u00edtica e readequa\u00e7\u00e3o do pacto federativo - Daniel Matos","isPartOf":{"@id":"https:\/\/www.blogsoestado.com\/danielmatos\/#website"},"primaryImageOfPage":{"@id":"https:\/\/www.blogsoestado.com\/danielmatos\/osmar-filho-defende-uniao-da-classe-politica-e-readequacao-do-pacto-federativo\/#primaryimage"},"image":{"@id":"https:\/\/www.blogsoestado.com\/danielmatos\/osmar-filho-defende-uniao-da-classe-politica-e-readequacao-do-pacto-federativo\/#primaryimage"},"thumbnailUrl":"https:\/\/www.blogsoestado.com\/danielmatos\/files\/2019\/01\/osmar-1.jpg","datePublished":"2019-01-02T11:51:08+00:00","author":{"@id":""},"breadcrumb":{"@id":"https:\/\/www.blogsoestado.com\/danielmatos\/osmar-filho-defende-uniao-da-classe-politica-e-readequacao-do-pacto-federativo\/#breadcrumb"},"inLanguage":"pt-BR","potentialAction":[{"@type":"ReadAction","target":["https:\/\/www.blogsoestado.com\/danielmatos\/osmar-filho-defende-uniao-da-classe-politica-e-readequacao-do-pacto-federativo\/"]}]},{"@type":"ImageObject","inLanguage":"pt-BR","@id":"https:\/\/www.blogsoestado.com\/danielmatos\/osmar-filho-defende-uniao-da-classe-politica-e-readequacao-do-pacto-federativo\/#primaryimage","url":"https:\/\/www.blogsoestado.com\/danielmatos\/files\/2019\/01\/osmar-1.jpg","contentUrl":"https:\/\/www.blogsoestado.com\/danielmatos\/files\/2019\/01\/osmar-1.jpg"},{"@type":"BreadcrumbList","@id":"https:\/\/www.blogsoestado.com\/danielmatos\/osmar-filho-defende-uniao-da-classe-politica-e-readequacao-do-pacto-federativo\/#breadcrumb","itemListElement":[{"@type":"ListItem","position":1,"name":"In\u00edcio","item":"https:\/\/www.blogsoestado.com\/danielmatos\/"},{"@type":"ListItem","position":2,"name":"Osmar Filho defende uni\u00e3o da classe pol\u00edtica e readequa\u00e7\u00e3o do pacto federativo"}]},{"@type":"WebSite","@id":"https:\/\/www.blogsoestado.com\/danielmatos\/#website","url":"https:\/\/www.blogsoestado.com\/danielmatos\/","name":"Daniel Matos","description":"","potentialAction":[{"@type":"SearchAction","target":{"@type":"EntryPoint","urlTemplate":"https:\/\/www.blogsoestado.com\/danielmatos\/?s={search_term_string}"},"query-input":{"@type":"PropertyValueSpecification","valueRequired":true,"valueName":"search_term_string"}}],"inLanguage":"pt-BR"}]}},"jetpack_featured_media_url":"","_links":{"self":[{"href":"https:\/\/www.blogsoestado.com\/danielmatos\/wp-json\/wp\/v2\/posts\/59263","targetHints":{"allow":["GET"]}}],"collection":[{"href":"https:\/\/www.blogsoestado.com\/danielmatos\/wp-json\/wp\/v2\/posts"}],"about":[{"href":"https:\/\/www.blogsoestado.com\/danielmatos\/wp-json\/wp\/v2\/types\/post"}],"replies":[{"embeddable":true,"href":"https:\/\/www.blogsoestado.com\/danielmatos\/wp-json\/wp\/v2\/comments?post=59263"}],"version-history":[{"count":0,"href":"https:\/\/www.blogsoestado.com\/danielmatos\/wp-json\/wp\/v2\/posts\/59263\/revisions"}],"wp:attachment":[{"href":"https:\/\/www.blogsoestado.com\/danielmatos\/wp-json\/wp\/v2\/media?parent=59263"}],"wp:term":[{"taxonomy":"category","embeddable":true,"href":"https:\/\/www.blogsoestado.com\/danielmatos\/wp-json\/wp\/v2\/categories?post=59263"},{"taxonomy":"post_tag","embeddable":true,"href":"https:\/\/www.blogsoestado.com\/danielmatos\/wp-json\/wp\/v2\/tags?post=59263"}],"curies":[{"name":"wp","href":"https:\/\/api.w.org\/{rel}","templated":true}]}}