{"id":59288,"date":"2019-01-03T10:56:32","date_gmt":"2019-01-03T13:56:32","guid":{"rendered":"https:\/\/www.blogsoestado.com\/danielmatos\/?p=59288"},"modified":"2019-01-03T10:56:32","modified_gmt":"2019-01-03T13:56:32","slug":"parque-balneario-veneza-foi-o-local-escolhido-por-centenas-de-caxienses-e-visitantes-no-1o-dia-de-2019","status":"publish","type":"post","link":"https:\/\/www.blogsoestado.com\/danielmatos\/parque-balneario-veneza-foi-o-local-escolhido-por-centenas-de-caxienses-e-visitantes-no-1o-dia-de-2019\/","title":{"rendered":"Parque Balne\u00e1rio Veneza foi o local escolhido por centenas de caxienses e visitantes no 1\u00ba dia de 2019"},"content":{"rendered":"<figure id=\"attachment_59289\" aria-describedby=\"caption-attachment-59289\" style=\"width: 300px\" class=\"wp-caption alignleft\"><a href=\"https:\/\/www.blogsoestado.com\/danielmatos\/2019\/01\/03\/parque-balneario-veneza-foi-o-local-escolhido-por-centenas-de-caxienses-e-visitantes-no-1o-dia-de-2019\/balneario-veneza\/\" rel=\"attachment wp-att-59289\"><img fetchpriority=\"high\" decoding=\"async\" class=\"size-full wp-image-59289\" src=\"https:\/\/www.blogsoestado.com\/danielmatos\/files\/2019\/01\/balneario-veneza.jpeg\" alt=\"\" width=\"300\" height=\"199\" \/><\/a><figcaption id=\"caption-attachment-59289\" class=\"wp-caption-text\">Portal de entrada do Balne\u00e1rio Veneza, em Caxias<\/figcaption><\/figure>\n<p>A MA-034 recebeu um grande fluxo de ve\u00edculos na tarde dessa ter\u00e7a-feira, muitos deles em dire\u00e7\u00e3o ao Parque Balne\u00e1rio Veneza.<\/p>\n<p>O Espa\u00e7o Kids estava repleto de crian\u00e7as. Enquanto uns tomavam banho, outros passeavam em carrinhos ao redor. Ou seja, muitas fam\u00edlias escolheram uma op\u00e7\u00e3o de lazer para passar o primeiro dia do ano.<\/p>\n<p>\u201cA Veneza est\u00e1 \u00f3tima, um clima bem familiar\u201d, disse Regiane Lucas, de Bras\u00edlia-DF.<\/p>\n<p>\u201cA Veneza \u00e9 um lugar de divers\u00e3o! Eu desejo nesse novo ano que todo mundo seja feliz\u201d, frisa Juliana Babosa, m\u00e3e.<\/p>\n<p>\u201cA Veneza \u00e9 muito boa, hoje eu vim com meus primos! A expectativa com o novo ano \u00e9 muito boa, afinal \u00e9 ano de nova gest\u00e3o no pa\u00eds e esperamos que seja melhor\u201d, disse Ronald de Oliveira, morador do bairro Veneza.<\/p>\n<p>A administra\u00e7\u00e3o do Parque destacou a mobiliza\u00e7\u00e3o de \u00f3rg\u00e3os p\u00fablicos que ajudaram na manuten\u00e7\u00e3o da tranquilidade oferecida aos caxienses e visitantes.<\/p>\n<p>\u201cJ\u00e1 estava programado esse p\u00fablico. Gra\u00e7as a Deus tivemos um dia fant\u00e1stico, porque tivemos uma boa distribui\u00e7\u00e3o de for\u00e7as da Pol\u00edcia Militar, Bombeiros Civis, Guarda Municipal. N\u00e3o tivemos nenhum incidente. \u00c9 assim que estamos fazendo o lazer que a gente quer\u201d, disse Torneirinho, coordenador do Parque Balne\u00e1rio Veneza.<\/p>\n<figure id=\"attachment_59290\" aria-describedby=\"caption-attachment-59290\" style=\"width: 300px\" class=\"wp-caption alignright\"><a href=\"https:\/\/www.blogsoestado.com\/danielmatos\/2019\/01\/03\/parque-balneario-veneza-foi-o-local-escolhido-por-centenas-de-caxienses-e-visitantes-no-1o-dia-de-2019\/balneario-veneza2\/\" rel=\"attachment wp-att-59290\"><img decoding=\"async\" class=\"size-full wp-image-59290\" src=\"https:\/\/www.blogsoestado.com\/danielmatos\/files\/2019\/01\/balneario-veneza2.jpeg\" alt=\"\" width=\"300\" height=\"199\" \/><\/a><figcaption id=\"caption-attachment-59290\" class=\"wp-caption-text\">P\u00fablico se diverte nas \u00e1guas convidativas do parque balne\u00e1rio<\/figcaption><\/figure>\n<p>Os bares e o lago do Parque Balne\u00e1rio Veneza tamb\u00e9m receberam caxienses e turistas que foram com suas fam\u00edlias aproveitar tanto a sociabilidade do local, quanto a lama medicinal e momentos de descontra\u00e7\u00e3o e brincadeiras.<\/p>\n<p>\u201cEu gosto de mais da Veneza. Eu banhei muito, estou aqui com minha mulher e filhos\u201d, afirmou Z\u00e9 Filho, caxiense.<\/p>\n<p>\u201cAqui \u00e9 um \u00f3timo lugar. Toda vez que venho a Caxias dou uma passada na Veneza. Uso a lama medicinal e funciona mesmo\u201d, explica Jos\u00e9 Edimilson, S\u00e3o Lu\u00eds (MA).<\/p>\n<p>\u201cEsta \u00e9 a segunda vez que venho a Caxias. \u00c9 um lugar bom pra passear com a fam\u00edlia. Muita paz e amor para todo mundo. Valeu muito a pena vir para Veneza, d\u00e1 pra relaxar\u201d, ressalta Elder Rodrigo, de Serrano (S\u00e3o Paulo).<\/p>\n","protected":false},"excerpt":{"rendered":"<p>A MA-034 recebeu um grande fluxo de ve\u00edculos na tarde dessa ter\u00e7a-feira, muitos deles em dire\u00e7\u00e3o ao Parque Balne\u00e1rio Veneza. [&hellip;]<\/p>\n","protected":false},"author":0,"featured_media":0,"comment_status":"open","ping_status":"open","sticky":false,"template":"","format":"standard","meta":{"site-sidebar-layout":"default","site-content-layout":"","ast-site-content-layout":"default","site-content-style":"default","site-sidebar-style":"default","ast-global-header-display":"","ast-banner-title-visibility":"","ast-main-header-display":"","ast-hfb-above-header-display":"","ast-hfb-below-header-display":"","ast-hfb-mobile-header-display":"","site-post-title":"","ast-breadcrumbs-content":"","ast-featured-img":"","footer-sml-layout":"","ast-disable-related-posts":"","theme-transparent-header-meta":"","adv-header-id-meta":"","stick-header-meta":"","header-above-stick-meta":"","header-main-stick-meta":"","header-below-stick-meta":"","astra-migrate-meta-layouts":"default","ast-page-background-enabled":"default","ast-page-background-meta":{"desktop":{"background-color":"var(--ast-global-color-5)","background-image":"","background-repeat":"repeat","background-position":"center center","background-size":"auto","background-attachment":"scroll","background-type":"","background-media":"","overlay-type":"","overlay-color":"","overlay-opacity":"","overlay-gradient":""},"tablet":{"background-color":"","background-image":"","background-repeat":"repeat","background-position":"center center","background-size":"auto","background-attachment":"scroll","background-type":"","background-media":"","overlay-type":"","overlay-color":"","overlay-opacity":"","overlay-gradient":""},"mobile":{"background-color":"","background-image":"","background-repeat":"repeat","background-position":"center center","background-size":"auto","background-attachment":"scroll","background-type":"","background-media":"","overlay-type":"","overlay-color":"","overlay-opacity":"","overlay-gradient":""}},"ast-content-background-meta":{"desktop":{"background-color":"var(--ast-global-color-4)","background-image":"","background-repeat":"repeat","background-position":"center center","background-size":"auto","background-attachment":"scroll","background-type":"","background-media":"","overlay-type":"","overlay-color":"","overlay-opacity":"","overlay-gradient":""},"tablet":{"background-color":"var(--ast-global-color-4)","background-image":"","background-repeat":"repeat","background-position":"center center","background-size":"auto","background-attachment":"scroll","background-type":"","background-media":"","overlay-type":"","overlay-color":"","overlay-opacity":"","overlay-gradient":""},"mobile":{"background-color":"var(--ast-global-color-4)","background-image":"","background-repeat":"repeat","background-position":"center center","background-size":"auto","background-attachment":"scroll","background-type":"","background-media":"","overlay-type":"","overlay-color":"","overlay-opacity":"","overlay-gradient":""}},"footnotes":""},"categories":[1],"tags":[],"class_list":["post-59288","post","type-post","status-publish","format-standard","hentry","category-sem-categoria"],"yoast_head":"<!-- This site is optimized with the Yoast SEO plugin v26.6 - https:\/\/yoast.com\/wordpress\/plugins\/seo\/ -->\n<title>Parque Balne\u00e1rio Veneza foi o local escolhido por centenas de caxienses e visitantes no 1\u00ba dia de 2019 - Daniel Matos<\/title>\n<meta name=\"robots\" content=\"index, follow, max-snippet:-1, max-image-preview:large, max-video-preview:-1\" \/>\n<link rel=\"canonical\" href=\"https:\/\/www.blogsoestado.com\/danielmatos\/parque-balneario-veneza-foi-o-local-escolhido-por-centenas-de-caxienses-e-visitantes-no-1o-dia-de-2019\/\" \/>\n<meta property=\"og:locale\" content=\"pt_BR\" \/>\n<meta property=\"og:type\" content=\"article\" \/>\n<meta property=\"og:title\" content=\"Parque Balne\u00e1rio Veneza foi o local escolhido por centenas de caxienses e visitantes no 1\u00ba dia de 2019 - Daniel Matos\" \/>\n<meta property=\"og:description\" content=\"A MA-034 recebeu um grande fluxo de ve\u00edculos na tarde dessa ter\u00e7a-feira, muitos deles em dire\u00e7\u00e3o ao Parque Balne\u00e1rio Veneza. [&hellip;]\" \/>\n<meta property=\"og:url\" content=\"https:\/\/www.blogsoestado.com\/danielmatos\/parque-balneario-veneza-foi-o-local-escolhido-por-centenas-de-caxienses-e-visitantes-no-1o-dia-de-2019\/\" \/>\n<meta property=\"og:site_name\" content=\"Daniel Matos\" \/>\n<meta property=\"article:published_time\" content=\"2019-01-03T13:56:32+00:00\" \/>\n<meta property=\"og:image\" content=\"https:\/\/www.blogsoestado.com\/danielmatos\/files\/2019\/01\/balneario-veneza.jpeg\" \/>\n<meta name=\"twitter:card\" content=\"summary_large_image\" \/>\n<meta name=\"twitter:label1\" content=\"Est. tempo de leitura\" \/>\n\t<meta name=\"twitter:data1\" content=\"2 minutos\" \/>\n<script type=\"application\/ld+json\" class=\"yoast-schema-graph\">{\"@context\":\"https:\/\/schema.org\",\"@graph\":[{\"@type\":\"WebPage\",\"@id\":\"https:\/\/www.blogsoestado.com\/danielmatos\/parque-balneario-veneza-foi-o-local-escolhido-por-centenas-de-caxienses-e-visitantes-no-1o-dia-de-2019\/\",\"url\":\"https:\/\/www.blogsoestado.com\/danielmatos\/parque-balneario-veneza-foi-o-local-escolhido-por-centenas-de-caxienses-e-visitantes-no-1o-dia-de-2019\/\",\"name\":\"Parque Balne\u00e1rio Veneza foi o local escolhido por centenas de caxienses e visitantes no 1\u00ba dia de 2019 - Daniel Matos\",\"isPartOf\":{\"@id\":\"https:\/\/www.blogsoestado.com\/danielmatos\/#website\"},\"primaryImageOfPage\":{\"@id\":\"https:\/\/www.blogsoestado.com\/danielmatos\/parque-balneario-veneza-foi-o-local-escolhido-por-centenas-de-caxienses-e-visitantes-no-1o-dia-de-2019\/#primaryimage\"},\"image\":{\"@id\":\"https:\/\/www.blogsoestado.com\/danielmatos\/parque-balneario-veneza-foi-o-local-escolhido-por-centenas-de-caxienses-e-visitantes-no-1o-dia-de-2019\/#primaryimage\"},\"thumbnailUrl\":\"https:\/\/www.blogsoestado.com\/danielmatos\/files\/2019\/01\/balneario-veneza.jpeg\",\"datePublished\":\"2019-01-03T13:56:32+00:00\",\"author\":{\"@id\":\"\"},\"breadcrumb\":{\"@id\":\"https:\/\/www.blogsoestado.com\/danielmatos\/parque-balneario-veneza-foi-o-local-escolhido-por-centenas-de-caxienses-e-visitantes-no-1o-dia-de-2019\/#breadcrumb\"},\"inLanguage\":\"pt-BR\",\"potentialAction\":[{\"@type\":\"ReadAction\",\"target\":[\"https:\/\/www.blogsoestado.com\/danielmatos\/parque-balneario-veneza-foi-o-local-escolhido-por-centenas-de-caxienses-e-visitantes-no-1o-dia-de-2019\/\"]}]},{\"@type\":\"ImageObject\",\"inLanguage\":\"pt-BR\",\"@id\":\"https:\/\/www.blogsoestado.com\/danielmatos\/parque-balneario-veneza-foi-o-local-escolhido-por-centenas-de-caxienses-e-visitantes-no-1o-dia-de-2019\/#primaryimage\",\"url\":\"https:\/\/www.blogsoestado.com\/danielmatos\/files\/2019\/01\/balneario-veneza.jpeg\",\"contentUrl\":\"https:\/\/www.blogsoestado.com\/danielmatos\/files\/2019\/01\/balneario-veneza.jpeg\"},{\"@type\":\"BreadcrumbList\",\"@id\":\"https:\/\/www.blogsoestado.com\/danielmatos\/parque-balneario-veneza-foi-o-local-escolhido-por-centenas-de-caxienses-e-visitantes-no-1o-dia-de-2019\/#breadcrumb\",\"itemListElement\":[{\"@type\":\"ListItem\",\"position\":1,\"name\":\"In\u00edcio\",\"item\":\"https:\/\/www.blogsoestado.com\/danielmatos\/\"},{\"@type\":\"ListItem\",\"position\":2,\"name\":\"Parque Balne\u00e1rio Veneza foi o local escolhido por centenas de caxienses e visitantes no 1\u00ba dia de 2019\"}]},{\"@type\":\"WebSite\",\"@id\":\"https:\/\/www.blogsoestado.com\/danielmatos\/#website\",\"url\":\"https:\/\/www.blogsoestado.com\/danielmatos\/\",\"name\":\"Daniel Matos\",\"description\":\"\",\"potentialAction\":[{\"@type\":\"SearchAction\",\"target\":{\"@type\":\"EntryPoint\",\"urlTemplate\":\"https:\/\/www.blogsoestado.com\/danielmatos\/?s={search_term_string}\"},\"query-input\":{\"@type\":\"PropertyValueSpecification\",\"valueRequired\":true,\"valueName\":\"search_term_string\"}}],\"inLanguage\":\"pt-BR\"}]}<\/script>\n<!-- \/ Yoast SEO plugin. -->","yoast_head_json":{"title":"Parque Balne\u00e1rio Veneza foi o local escolhido por centenas de caxienses e visitantes no 1\u00ba dia de 2019 - Daniel Matos","robots":{"index":"index","follow":"follow","max-snippet":"max-snippet:-1","max-image-preview":"max-image-preview:large","max-video-preview":"max-video-preview:-1"},"canonical":"https:\/\/www.blogsoestado.com\/danielmatos\/parque-balneario-veneza-foi-o-local-escolhido-por-centenas-de-caxienses-e-visitantes-no-1o-dia-de-2019\/","og_locale":"pt_BR","og_type":"article","og_title":"Parque Balne\u00e1rio Veneza foi o local escolhido por centenas de caxienses e visitantes no 1\u00ba dia de 2019 - Daniel Matos","og_description":"A MA-034 recebeu um grande fluxo de ve\u00edculos na tarde dessa ter\u00e7a-feira, muitos deles em dire\u00e7\u00e3o ao Parque Balne\u00e1rio Veneza. [&hellip;]","og_url":"https:\/\/www.blogsoestado.com\/danielmatos\/parque-balneario-veneza-foi-o-local-escolhido-por-centenas-de-caxienses-e-visitantes-no-1o-dia-de-2019\/","og_site_name":"Daniel Matos","article_published_time":"2019-01-03T13:56:32+00:00","og_image":[{"url":"https:\/\/www.blogsoestado.com\/danielmatos\/files\/2019\/01\/balneario-veneza.jpeg","type":"","width":"","height":""}],"twitter_card":"summary_large_image","twitter_misc":{"Est. tempo de leitura":"2 minutos"},"schema":{"@context":"https:\/\/schema.org","@graph":[{"@type":"WebPage","@id":"https:\/\/www.blogsoestado.com\/danielmatos\/parque-balneario-veneza-foi-o-local-escolhido-por-centenas-de-caxienses-e-visitantes-no-1o-dia-de-2019\/","url":"https:\/\/www.blogsoestado.com\/danielmatos\/parque-balneario-veneza-foi-o-local-escolhido-por-centenas-de-caxienses-e-visitantes-no-1o-dia-de-2019\/","name":"Parque Balne\u00e1rio Veneza foi o local escolhido por centenas de caxienses e visitantes no 1\u00ba dia de 2019 - Daniel Matos","isPartOf":{"@id":"https:\/\/www.blogsoestado.com\/danielmatos\/#website"},"primaryImageOfPage":{"@id":"https:\/\/www.blogsoestado.com\/danielmatos\/parque-balneario-veneza-foi-o-local-escolhido-por-centenas-de-caxienses-e-visitantes-no-1o-dia-de-2019\/#primaryimage"},"image":{"@id":"https:\/\/www.blogsoestado.com\/danielmatos\/parque-balneario-veneza-foi-o-local-escolhido-por-centenas-de-caxienses-e-visitantes-no-1o-dia-de-2019\/#primaryimage"},"thumbnailUrl":"https:\/\/www.blogsoestado.com\/danielmatos\/files\/2019\/01\/balneario-veneza.jpeg","datePublished":"2019-01-03T13:56:32+00:00","author":{"@id":""},"breadcrumb":{"@id":"https:\/\/www.blogsoestado.com\/danielmatos\/parque-balneario-veneza-foi-o-local-escolhido-por-centenas-de-caxienses-e-visitantes-no-1o-dia-de-2019\/#breadcrumb"},"inLanguage":"pt-BR","potentialAction":[{"@type":"ReadAction","target":["https:\/\/www.blogsoestado.com\/danielmatos\/parque-balneario-veneza-foi-o-local-escolhido-por-centenas-de-caxienses-e-visitantes-no-1o-dia-de-2019\/"]}]},{"@type":"ImageObject","inLanguage":"pt-BR","@id":"https:\/\/www.blogsoestado.com\/danielmatos\/parque-balneario-veneza-foi-o-local-escolhido-por-centenas-de-caxienses-e-visitantes-no-1o-dia-de-2019\/#primaryimage","url":"https:\/\/www.blogsoestado.com\/danielmatos\/files\/2019\/01\/balneario-veneza.jpeg","contentUrl":"https:\/\/www.blogsoestado.com\/danielmatos\/files\/2019\/01\/balneario-veneza.jpeg"},{"@type":"BreadcrumbList","@id":"https:\/\/www.blogsoestado.com\/danielmatos\/parque-balneario-veneza-foi-o-local-escolhido-por-centenas-de-caxienses-e-visitantes-no-1o-dia-de-2019\/#breadcrumb","itemListElement":[{"@type":"ListItem","position":1,"name":"In\u00edcio","item":"https:\/\/www.blogsoestado.com\/danielmatos\/"},{"@type":"ListItem","position":2,"name":"Parque Balne\u00e1rio Veneza foi o local escolhido por centenas de caxienses e visitantes no 1\u00ba dia de 2019"}]},{"@type":"WebSite","@id":"https:\/\/www.blogsoestado.com\/danielmatos\/#website","url":"https:\/\/www.blogsoestado.com\/danielmatos\/","name":"Daniel Matos","description":"","potentialAction":[{"@type":"SearchAction","target":{"@type":"EntryPoint","urlTemplate":"https:\/\/www.blogsoestado.com\/danielmatos\/?s={search_term_string}"},"query-input":{"@type":"PropertyValueSpecification","valueRequired":true,"valueName":"search_term_string"}}],"inLanguage":"pt-BR"}]}},"jetpack_featured_media_url":"","_links":{"self":[{"href":"https:\/\/www.blogsoestado.com\/danielmatos\/wp-json\/wp\/v2\/posts\/59288","targetHints":{"allow":["GET"]}}],"collection":[{"href":"https:\/\/www.blogsoestado.com\/danielmatos\/wp-json\/wp\/v2\/posts"}],"about":[{"href":"https:\/\/www.blogsoestado.com\/danielmatos\/wp-json\/wp\/v2\/types\/post"}],"replies":[{"embeddable":true,"href":"https:\/\/www.blogsoestado.com\/danielmatos\/wp-json\/wp\/v2\/comments?post=59288"}],"version-history":[{"count":0,"href":"https:\/\/www.blogsoestado.com\/danielmatos\/wp-json\/wp\/v2\/posts\/59288\/revisions"}],"wp:attachment":[{"href":"https:\/\/www.blogsoestado.com\/danielmatos\/wp-json\/wp\/v2\/media?parent=59288"}],"wp:term":[{"taxonomy":"category","embeddable":true,"href":"https:\/\/www.blogsoestado.com\/danielmatos\/wp-json\/wp\/v2\/categories?post=59288"},{"taxonomy":"post_tag","embeddable":true,"href":"https:\/\/www.blogsoestado.com\/danielmatos\/wp-json\/wp\/v2\/tags?post=59288"}],"curies":[{"name":"wp","href":"https:\/\/api.w.org\/{rel}","templated":true}]}}