{"id":59293,"date":"2019-01-03T11:20:43","date_gmt":"2019-01-03T14:20:43","guid":{"rendered":"https:\/\/www.blogsoestado.com\/danielmatos\/?p=59293"},"modified":"2019-01-03T11:20:43","modified_gmt":"2019-01-03T14:20:43","slug":"osmar-filho-visita-setores-e-dialoga-com-servidores-da-camara-de-sao-luis","status":"publish","type":"post","link":"https:\/\/www.blogsoestado.com\/danielmatos\/osmar-filho-visita-setores-e-dialoga-com-servidores-da-camara-de-sao-luis\/","title":{"rendered":"Osmar Filho visita setores e dialoga com servidores da C\u00e2mara de S\u00e3o Lu\u00eds"},"content":{"rendered":"<figure id=\"attachment_59294\" aria-describedby=\"caption-attachment-59294\" style=\"width: 640px\" class=\"wp-caption aligncenter\"><a href=\"https:\/\/www.blogsoestado.com\/danielmatos\/2019\/01\/03\/osmar-filho-visita-setores-e-dialoga-com-servidores-da-camara-de-sao-luis\/osmar-visita\/\" rel=\"attachment wp-att-59294\"><img fetchpriority=\"high\" decoding=\"async\" class=\"size-full wp-image-59294\" src=\"https:\/\/www.blogsoestado.com\/danielmatos\/files\/2019\/01\/osmar-visita.jpg\" alt=\"\" width=\"640\" height=\"364\" \/><\/a><figcaption id=\"caption-attachment-59294\" class=\"wp-caption-text\">Presidente Osmar Filho teve recep\u00e7\u00e3o calorosa de servidores da C\u00e2mara Municipal<\/figcaption><\/figure>\n<p>\u201cN\u00e3o terei recesso. Vamos aproveitar esse per\u00edodo para estreitar o relacionamento com os servidores e preparar a Casa para o retorno das atividades, em fevereiro\u201d.<\/p>\n<p>Esta foi a declara\u00e7\u00e3o do presidente da C\u00e2mara Municipal de S\u00e3o Lu\u00eds, vereador Osmar Filho (PDT), na manh\u00e3 desta quarta-feira (2), um dia ap\u00f3s ser empossado no cargo, ao fazer uma visita a todos os setores administrativo da Casa, ocasi\u00e3o na qual ouviu sugest\u00f5es<br \/>\ne dialogou com os funcion\u00e1rios.<\/p>\n<figure id=\"attachment_59295\" aria-describedby=\"caption-attachment-59295\" style=\"width: 640px\" class=\"wp-caption aligncenter\"><a href=\"https:\/\/www.blogsoestado.com\/danielmatos\/2019\/01\/03\/osmar-filho-visita-setores-e-dialoga-com-servidores-da-camara-de-sao-luis\/osmar-visita2\/\" rel=\"attachment wp-att-59295\"><img decoding=\"async\" class=\"size-full wp-image-59295\" src=\"https:\/\/www.blogsoestado.com\/danielmatos\/files\/2019\/01\/osmar-visita2.jpg\" alt=\"\" width=\"640\" height=\"427\" \/><\/a><figcaption id=\"caption-attachment-59295\" class=\"wp-caption-text\">Presidente fez quest\u00e3o de cumprimentar servidoras da C\u00e2mara municipal em seu setor de trabalho<\/figcaption><\/figure>\n<p>Osmar Filho estava acompanhado dos vereadores Paulo Victor (PROS), Barbosa Lages (PDT), Edson Gaguinho (PHS) e Ant\u00f4nio Garc\u00eas (PTC); al\u00e9m do novo diretor-geral do Legislativo Municipal, M\u00e1rcio Lucas; e do procurador-geral, Vitor Cardoso.<\/p>\n<p>Recebido com aplausos pelos servidores, Osmar Filho explicou que o objetivo \u00e9 fazer uma esp\u00e9cie de radiografia de cada setor com o objetivo de, no menor espa\u00e7o de tempo poss\u00edvel, implementar novas a\u00e7\u00f5es e operacionalizar melhor as atividades.<\/p>\n<figure id=\"attachment_59296\" aria-describedby=\"caption-attachment-59296\" style=\"width: 640px\" class=\"wp-caption aligncenter\"><a href=\"https:\/\/www.blogsoestado.com\/danielmatos\/2019\/01\/03\/osmar-filho-visita-setores-e-dialoga-com-servidores-da-camara-de-sao-luis\/osmar-visita3\/\" rel=\"attachment wp-att-59296\"><img decoding=\"async\" class=\"wp-image-59296 size-full\" src=\"https:\/\/www.blogsoestado.com\/danielmatos\/files\/2019\/01\/osmar-visita3.jpg\" alt=\"\" width=\"640\" height=\"427\" \/><\/a><figcaption id=\"caption-attachment-59296\" class=\"wp-caption-text\">Osmar Filho em uma pausa para um caf\u00e9 com servidores do Legislativo e o colega vereador Paulo Victor<\/figcaption><\/figure>\n<p>Ele destacou que espera contar com o apoio de todo o funcionalismo para que o Legislativo da cidade continue a prestar um bom trabalho para o povo da capital.<\/p>\n<p>\u201cEstamos unidos com um s\u00f3 prop\u00f3sito: fazer uma C\u00e2mara ainda mais eficiente, que discuta as problem\u00e1ticas importantes de S\u00e3o Lu\u00eds e aponte caminhos para resolv\u00ea-las\u201d, disse.<\/p>\n","protected":false},"excerpt":{"rendered":"<p>\u201cN\u00e3o terei recesso. Vamos aproveitar esse per\u00edodo para estreitar o relacionamento com os servidores e preparar a Casa para o [&hellip;]<\/p>\n","protected":false},"author":0,"featured_media":0,"comment_status":"open","ping_status":"open","sticky":false,"template":"","format":"standard","meta":{"site-sidebar-layout":"default","site-content-layout":"","ast-site-content-layout":"default","site-content-style":"default","site-sidebar-style":"default","ast-global-header-display":"","ast-banner-title-visibility":"","ast-main-header-display":"","ast-hfb-above-header-display":"","ast-hfb-below-header-display":"","ast-hfb-mobile-header-display":"","site-post-title":"","ast-breadcrumbs-content":"","ast-featured-img":"","footer-sml-layout":"","ast-disable-related-posts":"","theme-transparent-header-meta":"","adv-header-id-meta":"","stick-header-meta":"","header-above-stick-meta":"","header-main-stick-meta":"","header-below-stick-meta":"","astra-migrate-meta-layouts":"default","ast-page-background-enabled":"default","ast-page-background-meta":{"desktop":{"background-color":"var(--ast-global-color-5)","background-image":"","background-repeat":"repeat","background-position":"center center","background-size":"auto","background-attachment":"scroll","background-type":"","background-media":"","overlay-type":"","overlay-color":"","overlay-opacity":"","overlay-gradient":""},"tablet":{"background-color":"","background-image":"","background-repeat":"repeat","background-position":"center center","background-size":"auto","background-attachment":"scroll","background-type":"","background-media":"","overlay-type":"","overlay-color":"","overlay-opacity":"","overlay-gradient":""},"mobile":{"background-color":"","background-image":"","background-repeat":"repeat","background-position":"center center","background-size":"auto","background-attachment":"scroll","background-type":"","background-media":"","overlay-type":"","overlay-color":"","overlay-opacity":"","overlay-gradient":""}},"ast-content-background-meta":{"desktop":{"background-color":"var(--ast-global-color-4)","background-image":"","background-repeat":"repeat","background-position":"center center","background-size":"auto","background-attachment":"scroll","background-type":"","background-media":"","overlay-type":"","overlay-color":"","overlay-opacity":"","overlay-gradient":""},"tablet":{"background-color":"var(--ast-global-color-4)","background-image":"","background-repeat":"repeat","background-position":"center center","background-size":"auto","background-attachment":"scroll","background-type":"","background-media":"","overlay-type":"","overlay-color":"","overlay-opacity":"","overlay-gradient":""},"mobile":{"background-color":"var(--ast-global-color-4)","background-image":"","background-repeat":"repeat","background-position":"center center","background-size":"auto","background-attachment":"scroll","background-type":"","background-media":"","overlay-type":"","overlay-color":"","overlay-opacity":"","overlay-gradient":""}},"footnotes":""},"categories":[1],"tags":[],"class_list":["post-59293","post","type-post","status-publish","format-standard","hentry","category-sem-categoria"],"yoast_head":"<!-- This site is optimized with the Yoast SEO plugin v26.6 - https:\/\/yoast.com\/wordpress\/plugins\/seo\/ -->\n<title>Osmar Filho visita setores e dialoga com servidores da C\u00e2mara de S\u00e3o Lu\u00eds - Daniel Matos<\/title>\n<meta name=\"robots\" content=\"index, follow, max-snippet:-1, max-image-preview:large, max-video-preview:-1\" \/>\n<link rel=\"canonical\" href=\"https:\/\/www.blogsoestado.com\/danielmatos\/osmar-filho-visita-setores-e-dialoga-com-servidores-da-camara-de-sao-luis\/\" \/>\n<meta property=\"og:locale\" content=\"pt_BR\" \/>\n<meta property=\"og:type\" content=\"article\" \/>\n<meta property=\"og:title\" content=\"Osmar Filho visita setores e dialoga com servidores da C\u00e2mara de S\u00e3o Lu\u00eds - Daniel Matos\" \/>\n<meta property=\"og:description\" content=\"\u201cN\u00e3o terei recesso. Vamos aproveitar esse per\u00edodo para estreitar o relacionamento com os servidores e preparar a Casa para o [&hellip;]\" \/>\n<meta property=\"og:url\" content=\"https:\/\/www.blogsoestado.com\/danielmatos\/osmar-filho-visita-setores-e-dialoga-com-servidores-da-camara-de-sao-luis\/\" \/>\n<meta property=\"og:site_name\" content=\"Daniel Matos\" \/>\n<meta property=\"article:published_time\" content=\"2019-01-03T14:20:43+00:00\" \/>\n<meta property=\"og:image\" content=\"https:\/\/www.blogsoestado.com\/danielmatos\/files\/2019\/01\/osmar-visita.jpg\" \/>\n<meta name=\"twitter:card\" content=\"summary_large_image\" \/>\n<meta name=\"twitter:label1\" content=\"Est. tempo de leitura\" \/>\n\t<meta name=\"twitter:data1\" content=\"1 minuto\" \/>\n<script type=\"application\/ld+json\" class=\"yoast-schema-graph\">{\"@context\":\"https:\/\/schema.org\",\"@graph\":[{\"@type\":\"WebPage\",\"@id\":\"https:\/\/www.blogsoestado.com\/danielmatos\/osmar-filho-visita-setores-e-dialoga-com-servidores-da-camara-de-sao-luis\/\",\"url\":\"https:\/\/www.blogsoestado.com\/danielmatos\/osmar-filho-visita-setores-e-dialoga-com-servidores-da-camara-de-sao-luis\/\",\"name\":\"Osmar Filho visita setores e dialoga com servidores da C\u00e2mara de S\u00e3o Lu\u00eds - Daniel Matos\",\"isPartOf\":{\"@id\":\"https:\/\/www.blogsoestado.com\/danielmatos\/#website\"},\"primaryImageOfPage\":{\"@id\":\"https:\/\/www.blogsoestado.com\/danielmatos\/osmar-filho-visita-setores-e-dialoga-com-servidores-da-camara-de-sao-luis\/#primaryimage\"},\"image\":{\"@id\":\"https:\/\/www.blogsoestado.com\/danielmatos\/osmar-filho-visita-setores-e-dialoga-com-servidores-da-camara-de-sao-luis\/#primaryimage\"},\"thumbnailUrl\":\"https:\/\/www.blogsoestado.com\/danielmatos\/files\/2019\/01\/osmar-visita.jpg\",\"datePublished\":\"2019-01-03T14:20:43+00:00\",\"author\":{\"@id\":\"\"},\"breadcrumb\":{\"@id\":\"https:\/\/www.blogsoestado.com\/danielmatos\/osmar-filho-visita-setores-e-dialoga-com-servidores-da-camara-de-sao-luis\/#breadcrumb\"},\"inLanguage\":\"pt-BR\",\"potentialAction\":[{\"@type\":\"ReadAction\",\"target\":[\"https:\/\/www.blogsoestado.com\/danielmatos\/osmar-filho-visita-setores-e-dialoga-com-servidores-da-camara-de-sao-luis\/\"]}]},{\"@type\":\"ImageObject\",\"inLanguage\":\"pt-BR\",\"@id\":\"https:\/\/www.blogsoestado.com\/danielmatos\/osmar-filho-visita-setores-e-dialoga-com-servidores-da-camara-de-sao-luis\/#primaryimage\",\"url\":\"https:\/\/www.blogsoestado.com\/danielmatos\/files\/2019\/01\/osmar-visita.jpg\",\"contentUrl\":\"https:\/\/www.blogsoestado.com\/danielmatos\/files\/2019\/01\/osmar-visita.jpg\"},{\"@type\":\"BreadcrumbList\",\"@id\":\"https:\/\/www.blogsoestado.com\/danielmatos\/osmar-filho-visita-setores-e-dialoga-com-servidores-da-camara-de-sao-luis\/#breadcrumb\",\"itemListElement\":[{\"@type\":\"ListItem\",\"position\":1,\"name\":\"In\u00edcio\",\"item\":\"https:\/\/www.blogsoestado.com\/danielmatos\/\"},{\"@type\":\"ListItem\",\"position\":2,\"name\":\"Osmar Filho visita setores e dialoga com servidores da C\u00e2mara de S\u00e3o Lu\u00eds\"}]},{\"@type\":\"WebSite\",\"@id\":\"https:\/\/www.blogsoestado.com\/danielmatos\/#website\",\"url\":\"https:\/\/www.blogsoestado.com\/danielmatos\/\",\"name\":\"Daniel Matos\",\"description\":\"\",\"potentialAction\":[{\"@type\":\"SearchAction\",\"target\":{\"@type\":\"EntryPoint\",\"urlTemplate\":\"https:\/\/www.blogsoestado.com\/danielmatos\/?s={search_term_string}\"},\"query-input\":{\"@type\":\"PropertyValueSpecification\",\"valueRequired\":true,\"valueName\":\"search_term_string\"}}],\"inLanguage\":\"pt-BR\"}]}<\/script>\n<!-- \/ Yoast SEO plugin. -->","yoast_head_json":{"title":"Osmar Filho visita setores e dialoga com servidores da C\u00e2mara de S\u00e3o Lu\u00eds - Daniel Matos","robots":{"index":"index","follow":"follow","max-snippet":"max-snippet:-1","max-image-preview":"max-image-preview:large","max-video-preview":"max-video-preview:-1"},"canonical":"https:\/\/www.blogsoestado.com\/danielmatos\/osmar-filho-visita-setores-e-dialoga-com-servidores-da-camara-de-sao-luis\/","og_locale":"pt_BR","og_type":"article","og_title":"Osmar Filho visita setores e dialoga com servidores da C\u00e2mara de S\u00e3o Lu\u00eds - Daniel Matos","og_description":"\u201cN\u00e3o terei recesso. Vamos aproveitar esse per\u00edodo para estreitar o relacionamento com os servidores e preparar a Casa para o [&hellip;]","og_url":"https:\/\/www.blogsoestado.com\/danielmatos\/osmar-filho-visita-setores-e-dialoga-com-servidores-da-camara-de-sao-luis\/","og_site_name":"Daniel Matos","article_published_time":"2019-01-03T14:20:43+00:00","og_image":[{"url":"https:\/\/www.blogsoestado.com\/danielmatos\/files\/2019\/01\/osmar-visita.jpg","type":"","width":"","height":""}],"twitter_card":"summary_large_image","twitter_misc":{"Est. tempo de leitura":"1 minuto"},"schema":{"@context":"https:\/\/schema.org","@graph":[{"@type":"WebPage","@id":"https:\/\/www.blogsoestado.com\/danielmatos\/osmar-filho-visita-setores-e-dialoga-com-servidores-da-camara-de-sao-luis\/","url":"https:\/\/www.blogsoestado.com\/danielmatos\/osmar-filho-visita-setores-e-dialoga-com-servidores-da-camara-de-sao-luis\/","name":"Osmar Filho visita setores e dialoga com servidores da C\u00e2mara de S\u00e3o Lu\u00eds - Daniel Matos","isPartOf":{"@id":"https:\/\/www.blogsoestado.com\/danielmatos\/#website"},"primaryImageOfPage":{"@id":"https:\/\/www.blogsoestado.com\/danielmatos\/osmar-filho-visita-setores-e-dialoga-com-servidores-da-camara-de-sao-luis\/#primaryimage"},"image":{"@id":"https:\/\/www.blogsoestado.com\/danielmatos\/osmar-filho-visita-setores-e-dialoga-com-servidores-da-camara-de-sao-luis\/#primaryimage"},"thumbnailUrl":"https:\/\/www.blogsoestado.com\/danielmatos\/files\/2019\/01\/osmar-visita.jpg","datePublished":"2019-01-03T14:20:43+00:00","author":{"@id":""},"breadcrumb":{"@id":"https:\/\/www.blogsoestado.com\/danielmatos\/osmar-filho-visita-setores-e-dialoga-com-servidores-da-camara-de-sao-luis\/#breadcrumb"},"inLanguage":"pt-BR","potentialAction":[{"@type":"ReadAction","target":["https:\/\/www.blogsoestado.com\/danielmatos\/osmar-filho-visita-setores-e-dialoga-com-servidores-da-camara-de-sao-luis\/"]}]},{"@type":"ImageObject","inLanguage":"pt-BR","@id":"https:\/\/www.blogsoestado.com\/danielmatos\/osmar-filho-visita-setores-e-dialoga-com-servidores-da-camara-de-sao-luis\/#primaryimage","url":"https:\/\/www.blogsoestado.com\/danielmatos\/files\/2019\/01\/osmar-visita.jpg","contentUrl":"https:\/\/www.blogsoestado.com\/danielmatos\/files\/2019\/01\/osmar-visita.jpg"},{"@type":"BreadcrumbList","@id":"https:\/\/www.blogsoestado.com\/danielmatos\/osmar-filho-visita-setores-e-dialoga-com-servidores-da-camara-de-sao-luis\/#breadcrumb","itemListElement":[{"@type":"ListItem","position":1,"name":"In\u00edcio","item":"https:\/\/www.blogsoestado.com\/danielmatos\/"},{"@type":"ListItem","position":2,"name":"Osmar Filho visita setores e dialoga com servidores da C\u00e2mara de S\u00e3o Lu\u00eds"}]},{"@type":"WebSite","@id":"https:\/\/www.blogsoestado.com\/danielmatos\/#website","url":"https:\/\/www.blogsoestado.com\/danielmatos\/","name":"Daniel Matos","description":"","potentialAction":[{"@type":"SearchAction","target":{"@type":"EntryPoint","urlTemplate":"https:\/\/www.blogsoestado.com\/danielmatos\/?s={search_term_string}"},"query-input":{"@type":"PropertyValueSpecification","valueRequired":true,"valueName":"search_term_string"}}],"inLanguage":"pt-BR"}]}},"jetpack_featured_media_url":"","_links":{"self":[{"href":"https:\/\/www.blogsoestado.com\/danielmatos\/wp-json\/wp\/v2\/posts\/59293","targetHints":{"allow":["GET"]}}],"collection":[{"href":"https:\/\/www.blogsoestado.com\/danielmatos\/wp-json\/wp\/v2\/posts"}],"about":[{"href":"https:\/\/www.blogsoestado.com\/danielmatos\/wp-json\/wp\/v2\/types\/post"}],"replies":[{"embeddable":true,"href":"https:\/\/www.blogsoestado.com\/danielmatos\/wp-json\/wp\/v2\/comments?post=59293"}],"version-history":[{"count":0,"href":"https:\/\/www.blogsoestado.com\/danielmatos\/wp-json\/wp\/v2\/posts\/59293\/revisions"}],"wp:attachment":[{"href":"https:\/\/www.blogsoestado.com\/danielmatos\/wp-json\/wp\/v2\/media?parent=59293"}],"wp:term":[{"taxonomy":"category","embeddable":true,"href":"https:\/\/www.blogsoestado.com\/danielmatos\/wp-json\/wp\/v2\/categories?post=59293"},{"taxonomy":"post_tag","embeddable":true,"href":"https:\/\/www.blogsoestado.com\/danielmatos\/wp-json\/wp\/v2\/tags?post=59293"}],"curies":[{"name":"wp","href":"https:\/\/api.w.org\/{rel}","templated":true}]}}