{"id":59313,"date":"2019-01-04T16:12:02","date_gmt":"2019-01-04T19:12:02","guid":{"rendered":"https:\/\/www.blogsoestado.com\/danielmatos\/?p=59313"},"modified":"2019-01-04T16:12:02","modified_gmt":"2019-01-04T19:12:02","slug":"astro-de-ogum-vai-focar-em-visitas-aos-bairros-e-projetos-sociais-em-2019","status":"publish","type":"post","link":"https:\/\/www.blogsoestado.com\/danielmatos\/astro-de-ogum-vai-focar-em-visitas-aos-bairros-e-projetos-sociais-em-2019\/","title":{"rendered":"Astro de Ogum vai focar em visitas aos bairros e projetos sociais em 2019"},"content":{"rendered":"<figure id=\"attachment_59316\" aria-describedby=\"caption-attachment-59316\" style=\"width: 640px\" class=\"wp-caption aligncenter\"><a href=\"https:\/\/www.blogsoestado.com\/danielmatos\/2019\/01\/04\/astro-de-ogum-vai-focar-em-visitas-aos-bairros-e-projetos-sociais-em-2019\/astro-foco\/\" rel=\"attachment wp-att-59316\"><img fetchpriority=\"high\" decoding=\"async\" class=\"size-full wp-image-59316\" src=\"https:\/\/www.blogsoestado.com\/danielmatos\/files\/2019\/01\/astro-foco.jpg\" alt=\"\" width=\"640\" height=\"427\" \/><\/a><figcaption id=\"caption-attachment-59316\" class=\"wp-caption-text\">Astro de Ogum no meio do povo em uma das comunidades que ajudou<\/figcaption><\/figure>\n<p>O vereador Astro de Ogum(PR) deixou,\u00a0na \u00faltima ter\u00e7a-feira(2), a presid\u00eancia da C\u00e2mara De S\u00e3o Lu\u00eds, cargo que ocupou nos \u00faltimos 04 anos, e assumiu, pela quinta vez, a vice-presid\u00eancia do Legislativo Municipal. Agora, sem ter nos ombros a responsabilidade de administrar a Casa de Leis, Astro de Ogum j\u00e1 tra\u00e7ou os planos para os dois \u00faltimos anos do mandato, que vai at\u00e9 dezembro de 2020: vai realizar uma agenda de visitas \u00e0s comunidades e apresentar no parlamento projetos de interesses\u00a0sociais.<\/p>\n<figure id=\"attachment_59317\" aria-describedby=\"caption-attachment-59317\" style=\"width: 225px\" class=\"wp-caption alignright\"><a href=\"https:\/\/www.blogsoestado.com\/danielmatos\/2019\/01\/04\/astro-de-ogum-vai-focar-em-visitas-aos-bairros-e-projetos-sociais-em-2019\/astro-foco2\/\" rel=\"attachment wp-att-59317\"><img decoding=\"async\" class=\"wp-image-59317\" src=\"https:\/\/www.blogsoestado.com\/danielmatos\/files\/2019\/01\/astro-foco2.jpg\" alt=\"\" width=\"225\" height=\"300\" \/><\/a><figcaption id=\"caption-attachment-59317\" class=\"wp-caption-text\">Astro carrega crian\u00e7a no colo em gesto de carinho<\/figcaption><\/figure>\n<p>\u201cQuero voltar a visitar as comunidades para constatar in loco os problemas de cada bairro de S\u00e3o Lu\u00eds, pois acredito que somente conversando com a popula\u00e7\u00e3o poderemos ter condi\u00e7\u00f5es de apresentar projetos, indica\u00e7\u00f5es e requerimentos que tenham como foco o interesse e bem estar do cidad\u00e3o\u201d, evidenciou o parlamentar.<\/p>\n<p>O atual decano do Legislativo Ludovicense sempre manteve como alicerce pol\u00edtico a cultura e o social, pilares esses que o conduziram ao Pal\u00e1cio Pedro Neiva de Santana pela primeira vez, no ano de 2000, com pouco mais<br \/>\nde tr\u00eas mil votos.<\/p>\n<p>Na \u00e9poca, Astro de Ogum conseguiu conquistar seu primeiro mandato com a\u00e7\u00e3o nos bairros da Vila Palmeira, Barreto, Ivar Saldanha, Jo\u00e3o Paulo e adjac\u00eancias, mas com o passar dos anos, a atua\u00e7\u00e3o se expandiu para outros pontos da capital maranhense, justamente por conta do corpo a corpo que sempre foi um diferencial.<\/p>\n<figure id=\"attachment_59318\" aria-describedby=\"caption-attachment-59318\" style=\"width: 278px\" class=\"wp-caption alignleft\"><a href=\"https:\/\/www.blogsoestado.com\/danielmatos\/2019\/01\/04\/astro-de-ogum-vai-focar-em-visitas-aos-bairros-e-projetos-sociais-em-2019\/astro-foco3\/\" rel=\"attachment wp-att-59318\"><img decoding=\"async\" class=\"wp-image-59318\" src=\"https:\/\/www.blogsoestado.com\/danielmatos\/files\/2019\/01\/astro-foco3.jpg\" alt=\"\" width=\"278\" height=\"370\" \/><\/a><figcaption id=\"caption-attachment-59318\" class=\"wp-caption-text\">Aten\u00e7\u00e3o aos idosos \u00e9 uma das marcas do vereador<\/figcaption><\/figure>\n<p>\u201cNos \u00faltimos anos, por conta da gest\u00e3o da Casa, da rela\u00e7\u00e3o com os vereadores e com o Executivo &#8211; precisei me ausentar daquilo que mais gosto de fazer: ouvir os reclames da popula\u00e7\u00e3o. Nem sempre quando chegamos em um bairro somos bem recepcionados. As vezes somos, inclusive, hostilizados, por conta do descr\u00e9dito que a classe pol\u00edtica enfrente hoje, mas como confian\u00e7a \u00e9 algo que se conquista gradativamente, e a minha forma de fazer pol\u00edtica \u00e9 pautada na constru\u00e7\u00e3o gradativa de confian\u00e7a, sempre no segundo encontro a recep\u00e7\u00e3o j\u00e1 \u00e9 bem mais agrad\u00e1vel\u201d, enfatizou o vereador.<\/p>\n<p>Quanto as perspectivas para o ano de 2019, Astro de Ogum acredita que ser\u00e1 um ano dif\u00edcil para a classe pol\u00edtica, haja vista as in\u00fameras mudan\u00e7as no cen\u00e1rio nacional, mas afirma est\u00e1 preparado para os percal\u00e7os que poder\u00e3o surgir pela frente.<\/p>\n<p>\u201cEu sou filho de pobre. Quem passou pelo que j\u00e1 passei, quem ladrilhou o caminho que cheguei n\u00e3o pode ter medo de nada. Eu nasci nu e estou vestido. Deus e os guias que v\u00e3o saber o que \u00e9 melhor para mim. Aquilo que eles acharem que mere\u00e7o v\u00e3o me proporcionar, o que n\u00e3o merecer v\u00e3o\u00a0 afastar para longe de mim, e n\u00e3o tenho d\u00favida que aceitarei com muita resigna\u00e7\u00e3o\u201d, finalizou o vereador.<\/p>\n","protected":false},"excerpt":{"rendered":"<p>O vereador Astro de Ogum(PR) deixou,\u00a0na \u00faltima ter\u00e7a-feira(2), a presid\u00eancia da C\u00e2mara De S\u00e3o Lu\u00eds, cargo que ocupou nos \u00faltimos [&hellip;]<\/p>\n","protected":false},"author":0,"featured_media":0,"comment_status":"open","ping_status":"open","sticky":false,"template":"","format":"standard","meta":{"site-sidebar-layout":"default","site-content-layout":"","ast-site-content-layout":"default","site-content-style":"default","site-sidebar-style":"default","ast-global-header-display":"","ast-banner-title-visibility":"","ast-main-header-display":"","ast-hfb-above-header-display":"","ast-hfb-below-header-display":"","ast-hfb-mobile-header-display":"","site-post-title":"","ast-breadcrumbs-content":"","ast-featured-img":"","footer-sml-layout":"","ast-disable-related-posts":"","theme-transparent-header-meta":"","adv-header-id-meta":"","stick-header-meta":"","header-above-stick-meta":"","header-main-stick-meta":"","header-below-stick-meta":"","astra-migrate-meta-layouts":"default","ast-page-background-enabled":"default","ast-page-background-meta":{"desktop":{"background-color":"var(--ast-global-color-5)","background-image":"","background-repeat":"repeat","background-position":"center center","background-size":"auto","background-attachment":"scroll","background-type":"","background-media":"","overlay-type":"","overlay-color":"","overlay-opacity":"","overlay-gradient":""},"tablet":{"background-color":"","background-image":"","background-repeat":"repeat","background-position":"center center","background-size":"auto","background-attachment":"scroll","background-type":"","background-media":"","overlay-type":"","overlay-color":"","overlay-opacity":"","overlay-gradient":""},"mobile":{"background-color":"","background-image":"","background-repeat":"repeat","background-position":"center center","background-size":"auto","background-attachment":"scroll","background-type":"","background-media":"","overlay-type":"","overlay-color":"","overlay-opacity":"","overlay-gradient":""}},"ast-content-background-meta":{"desktop":{"background-color":"var(--ast-global-color-4)","background-image":"","background-repeat":"repeat","background-position":"center center","background-size":"auto","background-attachment":"scroll","background-type":"","background-media":"","overlay-type":"","overlay-color":"","overlay-opacity":"","overlay-gradient":""},"tablet":{"background-color":"var(--ast-global-color-4)","background-image":"","background-repeat":"repeat","background-position":"center center","background-size":"auto","background-attachment":"scroll","background-type":"","background-media":"","overlay-type":"","overlay-color":"","overlay-opacity":"","overlay-gradient":""},"mobile":{"background-color":"var(--ast-global-color-4)","background-image":"","background-repeat":"repeat","background-position":"center center","background-size":"auto","background-attachment":"scroll","background-type":"","background-media":"","overlay-type":"","overlay-color":"","overlay-opacity":"","overlay-gradient":""}},"footnotes":""},"categories":[1],"tags":[],"class_list":["post-59313","post","type-post","status-publish","format-standard","hentry","category-sem-categoria"],"yoast_head":"<!-- This site is optimized with the Yoast SEO plugin v26.6 - https:\/\/yoast.com\/wordpress\/plugins\/seo\/ -->\n<title>Astro de Ogum vai focar em visitas aos bairros e projetos sociais em 2019 - Daniel Matos<\/title>\n<meta name=\"robots\" content=\"index, follow, max-snippet:-1, max-image-preview:large, max-video-preview:-1\" \/>\n<link rel=\"canonical\" href=\"https:\/\/www.blogsoestado.com\/danielmatos\/astro-de-ogum-vai-focar-em-visitas-aos-bairros-e-projetos-sociais-em-2019\/\" \/>\n<meta property=\"og:locale\" content=\"pt_BR\" \/>\n<meta property=\"og:type\" content=\"article\" \/>\n<meta property=\"og:title\" content=\"Astro de Ogum vai focar em visitas aos bairros e projetos sociais em 2019 - Daniel Matos\" \/>\n<meta property=\"og:description\" content=\"O vereador Astro de Ogum(PR) deixou,\u00a0na \u00faltima ter\u00e7a-feira(2), a presid\u00eancia da C\u00e2mara De S\u00e3o Lu\u00eds, cargo que ocupou nos \u00faltimos [&hellip;]\" \/>\n<meta property=\"og:url\" content=\"https:\/\/www.blogsoestado.com\/danielmatos\/astro-de-ogum-vai-focar-em-visitas-aos-bairros-e-projetos-sociais-em-2019\/\" \/>\n<meta property=\"og:site_name\" content=\"Daniel Matos\" \/>\n<meta property=\"article:published_time\" content=\"2019-01-04T19:12:02+00:00\" \/>\n<meta property=\"og:image\" content=\"https:\/\/www.blogsoestado.com\/danielmatos\/files\/2019\/01\/astro-foco.jpg\" \/>\n<meta name=\"twitter:card\" content=\"summary_large_image\" \/>\n<meta name=\"twitter:label1\" content=\"Est. tempo de leitura\" \/>\n\t<meta name=\"twitter:data1\" content=\"3 minutos\" \/>\n<script type=\"application\/ld+json\" class=\"yoast-schema-graph\">{\"@context\":\"https:\/\/schema.org\",\"@graph\":[{\"@type\":\"WebPage\",\"@id\":\"https:\/\/www.blogsoestado.com\/danielmatos\/astro-de-ogum-vai-focar-em-visitas-aos-bairros-e-projetos-sociais-em-2019\/\",\"url\":\"https:\/\/www.blogsoestado.com\/danielmatos\/astro-de-ogum-vai-focar-em-visitas-aos-bairros-e-projetos-sociais-em-2019\/\",\"name\":\"Astro de Ogum vai focar em visitas aos bairros e projetos sociais em 2019 - Daniel Matos\",\"isPartOf\":{\"@id\":\"https:\/\/www.blogsoestado.com\/danielmatos\/#website\"},\"primaryImageOfPage\":{\"@id\":\"https:\/\/www.blogsoestado.com\/danielmatos\/astro-de-ogum-vai-focar-em-visitas-aos-bairros-e-projetos-sociais-em-2019\/#primaryimage\"},\"image\":{\"@id\":\"https:\/\/www.blogsoestado.com\/danielmatos\/astro-de-ogum-vai-focar-em-visitas-aos-bairros-e-projetos-sociais-em-2019\/#primaryimage\"},\"thumbnailUrl\":\"https:\/\/www.blogsoestado.com\/danielmatos\/files\/2019\/01\/astro-foco.jpg\",\"datePublished\":\"2019-01-04T19:12:02+00:00\",\"author\":{\"@id\":\"\"},\"breadcrumb\":{\"@id\":\"https:\/\/www.blogsoestado.com\/danielmatos\/astro-de-ogum-vai-focar-em-visitas-aos-bairros-e-projetos-sociais-em-2019\/#breadcrumb\"},\"inLanguage\":\"pt-BR\",\"potentialAction\":[{\"@type\":\"ReadAction\",\"target\":[\"https:\/\/www.blogsoestado.com\/danielmatos\/astro-de-ogum-vai-focar-em-visitas-aos-bairros-e-projetos-sociais-em-2019\/\"]}]},{\"@type\":\"ImageObject\",\"inLanguage\":\"pt-BR\",\"@id\":\"https:\/\/www.blogsoestado.com\/danielmatos\/astro-de-ogum-vai-focar-em-visitas-aos-bairros-e-projetos-sociais-em-2019\/#primaryimage\",\"url\":\"https:\/\/www.blogsoestado.com\/danielmatos\/files\/2019\/01\/astro-foco.jpg\",\"contentUrl\":\"https:\/\/www.blogsoestado.com\/danielmatos\/files\/2019\/01\/astro-foco.jpg\"},{\"@type\":\"BreadcrumbList\",\"@id\":\"https:\/\/www.blogsoestado.com\/danielmatos\/astro-de-ogum-vai-focar-em-visitas-aos-bairros-e-projetos-sociais-em-2019\/#breadcrumb\",\"itemListElement\":[{\"@type\":\"ListItem\",\"position\":1,\"name\":\"In\u00edcio\",\"item\":\"https:\/\/www.blogsoestado.com\/danielmatos\/\"},{\"@type\":\"ListItem\",\"position\":2,\"name\":\"Astro de Ogum vai focar em visitas aos bairros e projetos sociais em 2019\"}]},{\"@type\":\"WebSite\",\"@id\":\"https:\/\/www.blogsoestado.com\/danielmatos\/#website\",\"url\":\"https:\/\/www.blogsoestado.com\/danielmatos\/\",\"name\":\"Daniel Matos\",\"description\":\"\",\"potentialAction\":[{\"@type\":\"SearchAction\",\"target\":{\"@type\":\"EntryPoint\",\"urlTemplate\":\"https:\/\/www.blogsoestado.com\/danielmatos\/?s={search_term_string}\"},\"query-input\":{\"@type\":\"PropertyValueSpecification\",\"valueRequired\":true,\"valueName\":\"search_term_string\"}}],\"inLanguage\":\"pt-BR\"}]}<\/script>\n<!-- \/ Yoast SEO plugin. -->","yoast_head_json":{"title":"Astro de Ogum vai focar em visitas aos bairros e projetos sociais em 2019 - Daniel Matos","robots":{"index":"index","follow":"follow","max-snippet":"max-snippet:-1","max-image-preview":"max-image-preview:large","max-video-preview":"max-video-preview:-1"},"canonical":"https:\/\/www.blogsoestado.com\/danielmatos\/astro-de-ogum-vai-focar-em-visitas-aos-bairros-e-projetos-sociais-em-2019\/","og_locale":"pt_BR","og_type":"article","og_title":"Astro de Ogum vai focar em visitas aos bairros e projetos sociais em 2019 - Daniel Matos","og_description":"O vereador Astro de Ogum(PR) deixou,\u00a0na \u00faltima ter\u00e7a-feira(2), a presid\u00eancia da C\u00e2mara De S\u00e3o Lu\u00eds, cargo que ocupou nos \u00faltimos [&hellip;]","og_url":"https:\/\/www.blogsoestado.com\/danielmatos\/astro-de-ogum-vai-focar-em-visitas-aos-bairros-e-projetos-sociais-em-2019\/","og_site_name":"Daniel Matos","article_published_time":"2019-01-04T19:12:02+00:00","og_image":[{"url":"https:\/\/www.blogsoestado.com\/danielmatos\/files\/2019\/01\/astro-foco.jpg","type":"","width":"","height":""}],"twitter_card":"summary_large_image","twitter_misc":{"Est. tempo de leitura":"3 minutos"},"schema":{"@context":"https:\/\/schema.org","@graph":[{"@type":"WebPage","@id":"https:\/\/www.blogsoestado.com\/danielmatos\/astro-de-ogum-vai-focar-em-visitas-aos-bairros-e-projetos-sociais-em-2019\/","url":"https:\/\/www.blogsoestado.com\/danielmatos\/astro-de-ogum-vai-focar-em-visitas-aos-bairros-e-projetos-sociais-em-2019\/","name":"Astro de Ogum vai focar em visitas aos bairros e projetos sociais em 2019 - Daniel Matos","isPartOf":{"@id":"https:\/\/www.blogsoestado.com\/danielmatos\/#website"},"primaryImageOfPage":{"@id":"https:\/\/www.blogsoestado.com\/danielmatos\/astro-de-ogum-vai-focar-em-visitas-aos-bairros-e-projetos-sociais-em-2019\/#primaryimage"},"image":{"@id":"https:\/\/www.blogsoestado.com\/danielmatos\/astro-de-ogum-vai-focar-em-visitas-aos-bairros-e-projetos-sociais-em-2019\/#primaryimage"},"thumbnailUrl":"https:\/\/www.blogsoestado.com\/danielmatos\/files\/2019\/01\/astro-foco.jpg","datePublished":"2019-01-04T19:12:02+00:00","author":{"@id":""},"breadcrumb":{"@id":"https:\/\/www.blogsoestado.com\/danielmatos\/astro-de-ogum-vai-focar-em-visitas-aos-bairros-e-projetos-sociais-em-2019\/#breadcrumb"},"inLanguage":"pt-BR","potentialAction":[{"@type":"ReadAction","target":["https:\/\/www.blogsoestado.com\/danielmatos\/astro-de-ogum-vai-focar-em-visitas-aos-bairros-e-projetos-sociais-em-2019\/"]}]},{"@type":"ImageObject","inLanguage":"pt-BR","@id":"https:\/\/www.blogsoestado.com\/danielmatos\/astro-de-ogum-vai-focar-em-visitas-aos-bairros-e-projetos-sociais-em-2019\/#primaryimage","url":"https:\/\/www.blogsoestado.com\/danielmatos\/files\/2019\/01\/astro-foco.jpg","contentUrl":"https:\/\/www.blogsoestado.com\/danielmatos\/files\/2019\/01\/astro-foco.jpg"},{"@type":"BreadcrumbList","@id":"https:\/\/www.blogsoestado.com\/danielmatos\/astro-de-ogum-vai-focar-em-visitas-aos-bairros-e-projetos-sociais-em-2019\/#breadcrumb","itemListElement":[{"@type":"ListItem","position":1,"name":"In\u00edcio","item":"https:\/\/www.blogsoestado.com\/danielmatos\/"},{"@type":"ListItem","position":2,"name":"Astro de Ogum vai focar em visitas aos bairros e projetos sociais em 2019"}]},{"@type":"WebSite","@id":"https:\/\/www.blogsoestado.com\/danielmatos\/#website","url":"https:\/\/www.blogsoestado.com\/danielmatos\/","name":"Daniel Matos","description":"","potentialAction":[{"@type":"SearchAction","target":{"@type":"EntryPoint","urlTemplate":"https:\/\/www.blogsoestado.com\/danielmatos\/?s={search_term_string}"},"query-input":{"@type":"PropertyValueSpecification","valueRequired":true,"valueName":"search_term_string"}}],"inLanguage":"pt-BR"}]}},"jetpack_featured_media_url":"","_links":{"self":[{"href":"https:\/\/www.blogsoestado.com\/danielmatos\/wp-json\/wp\/v2\/posts\/59313","targetHints":{"allow":["GET"]}}],"collection":[{"href":"https:\/\/www.blogsoestado.com\/danielmatos\/wp-json\/wp\/v2\/posts"}],"about":[{"href":"https:\/\/www.blogsoestado.com\/danielmatos\/wp-json\/wp\/v2\/types\/post"}],"replies":[{"embeddable":true,"href":"https:\/\/www.blogsoestado.com\/danielmatos\/wp-json\/wp\/v2\/comments?post=59313"}],"version-history":[{"count":0,"href":"https:\/\/www.blogsoestado.com\/danielmatos\/wp-json\/wp\/v2\/posts\/59313\/revisions"}],"wp:attachment":[{"href":"https:\/\/www.blogsoestado.com\/danielmatos\/wp-json\/wp\/v2\/media?parent=59313"}],"wp:term":[{"taxonomy":"category","embeddable":true,"href":"https:\/\/www.blogsoestado.com\/danielmatos\/wp-json\/wp\/v2\/categories?post=59313"},{"taxonomy":"post_tag","embeddable":true,"href":"https:\/\/www.blogsoestado.com\/danielmatos\/wp-json\/wp\/v2\/tags?post=59313"}],"curies":[{"name":"wp","href":"https:\/\/api.w.org\/{rel}","templated":true}]}}