{"id":59321,"date":"2019-01-04T17:45:44","date_gmt":"2019-01-04T20:45:44","guid":{"rendered":"https:\/\/www.blogsoestado.com\/danielmatos\/?p=59321"},"modified":"2019-01-04T17:45:44","modified_gmt":"2019-01-04T20:45:44","slug":"aje-ma-projeta-acoes-em-comemoracao-aos-seus-15-anos","status":"publish","type":"post","link":"https:\/\/www.blogsoestado.com\/danielmatos\/aje-ma-projeta-acoes-em-comemoracao-aos-seus-15-anos\/","title":{"rendered":"AJE-MA projeta a\u00e7\u00f5es em comemora\u00e7\u00e3o aos seus 15 anos"},"content":{"rendered":"<h2><span style=\"color: #ff0000;\">Planejamento da entidade prev\u00ea atividades ao longo de 2019, como Rodada de Neg\u00f3cios, Feir\u00e3o do Imposto e renova\u00e7\u00e3o do seu estatuto social<\/span><\/h2>\n<figure id=\"attachment_59322\" aria-describedby=\"caption-attachment-59322\" style=\"width: 640px\" class=\"wp-caption aligncenter\"><a href=\"https:\/\/www.blogsoestado.com\/danielmatos\/?attachment_id=59322\" rel=\"attachment wp-att-59322\"><img fetchpriority=\"high\" decoding=\"async\" class=\"size-full wp-image-59322\" src=\"https:\/\/www.blogsoestado.com\/danielmatos\/files\/2019\/01\/aje15dois.jpeg\" alt=\"\" width=\"640\" height=\"426\" \/><\/a><figcaption id=\"caption-attachment-59322\" class=\"wp-caption-text\">Em 2018, a AJE-MA comp\u00f4s a organiza\u00e7\u00e3o da Assembleia Geral Ordin\u00e1ria da Confedera\u00e7\u00e3o Nacional dos Jovens Empres\u00e1rios em S\u00e3o Lu\u00eds<\/figcaption><\/figure>\n<p>Janeiro \u00e9 o m\u00eas em que a Associa\u00e7\u00f5es dos Jovens Empres\u00e1rios do Maranh\u00e3o (AJE-MA) completa seus 15 anos de exist\u00eancia. Para celebrar a marca simb\u00f3lica, comemorada no pr\u00f3ximo dia 30, a institui\u00e7\u00e3o planeja realizar uma s\u00e9rie de a\u00e7\u00f5es ao longo de 2019.<\/p>\n<p>O primeiro passo, j\u00e1 em andamento, \u00e9 o processo de atualiza\u00e7\u00e3o do Estatuto Social da entidade. No dia 16 de janeiro, a Comiss\u00e3o de Atualiza\u00e7\u00e3o Estatut\u00e1ria se reunir\u00e1 para elabora\u00e7\u00e3o do novo texto do documento. Fechando janeiro, o dia do anivers\u00e1rio tamb\u00e9m contar\u00e1 com um evento comemorativo de confraterniza\u00e7\u00e3o.<\/p>\n<p>A pol\u00edtica de regionaliza\u00e7\u00e3o de entidades jovens no Maranh\u00e3o tamb\u00e9m se tornou uma pol\u00edtica ajeana permanente e linha de trabalho para 2019. Exemplo disto \u00e9 o trabalho j\u00e1 iniciado em Itapecuru Mirim, com os planos de implanta\u00e7\u00e3o de um n\u00facleo jovem, com empreendedores locais.<\/p>\n<p>Neste ano, o Conselho Feminino tamb\u00e9m estar\u00e1 a todo vapor, realizando eventos em prol do empreendedorismo feminino e em datas comemorativas. Ainda no primeiro semestre, a AJE-MA vai realizar uma palestra com um empreendedor de renome nacional convidado, al\u00e9m do arraial junino.<\/p>\n<figure id=\"attachment_59323\" aria-describedby=\"caption-attachment-59323\" style=\"width: 640px\" class=\"wp-caption aligncenter\"><a href=\"https:\/\/www.blogsoestado.com\/danielmatos\/?attachment_id=59323\" rel=\"attachment wp-att-59323\"><img decoding=\"async\" class=\"size-full wp-image-59323\" src=\"https:\/\/www.blogsoestado.com\/danielmatos\/files\/2019\/01\/aje15.jpg\" alt=\"\" width=\"640\" height=\"480\" \/><\/a><figcaption id=\"caption-attachment-59323\" class=\"wp-caption-text\">Uma das pol\u00edticas da AJE-MA \u00e9 promover eventos em prol do empreendedorismo nas escolas<\/figcaption><\/figure>\n<p>O Feir\u00e3o do Imposto, campanha de destaque nacional pela conscientiza\u00e7\u00e3o contra as altas cargas tribut\u00e1rias e pouco retorno \u00e0 sociedade, tamb\u00e9m est\u00e1 no calend\u00e1rio da entidade maranhense, assim como o AJE Capacita e o Empreendendo na Mesa, a\u00e7\u00f5es voltadas ao aperfei\u00e7oamento dos associados e expans\u00e3o de networking.<\/p>\n<p>Tamb\u00e9m entram no cronograma de eventos a Rodada de neg\u00f3cios, a Semana Global do Empreendedorismo, o relan\u00e7amento do Clube de Vantagens da AJE-MA, as visitas t\u00e9cnicas a empresas locais, as a\u00e7\u00f5es de multigest\u00e3o e de empreendedorismo nas escolas, em virtude da Semana do Jovem Empreendedor 2019.<\/p>\n","protected":false},"excerpt":{"rendered":"<p>Planejamento da entidade prev\u00ea atividades ao longo de 2019, como Rodada de Neg\u00f3cios, Feir\u00e3o do Imposto e renova\u00e7\u00e3o do seu [&hellip;]<\/p>\n","protected":false},"author":0,"featured_media":0,"comment_status":"open","ping_status":"open","sticky":false,"template":"","format":"standard","meta":{"site-sidebar-layout":"default","site-content-layout":"","ast-site-content-layout":"default","site-content-style":"default","site-sidebar-style":"default","ast-global-header-display":"","ast-banner-title-visibility":"","ast-main-header-display":"","ast-hfb-above-header-display":"","ast-hfb-below-header-display":"","ast-hfb-mobile-header-display":"","site-post-title":"","ast-breadcrumbs-content":"","ast-featured-img":"","footer-sml-layout":"","ast-disable-related-posts":"","theme-transparent-header-meta":"","adv-header-id-meta":"","stick-header-meta":"","header-above-stick-meta":"","header-main-stick-meta":"","header-below-stick-meta":"","astra-migrate-meta-layouts":"default","ast-page-background-enabled":"default","ast-page-background-meta":{"desktop":{"background-color":"var(--ast-global-color-5)","background-image":"","background-repeat":"repeat","background-position":"center center","background-size":"auto","background-attachment":"scroll","background-type":"","background-media":"","overlay-type":"","overlay-color":"","overlay-opacity":"","overlay-gradient":""},"tablet":{"background-color":"","background-image":"","background-repeat":"repeat","background-position":"center center","background-size":"auto","background-attachment":"scroll","background-type":"","background-media":"","overlay-type":"","overlay-color":"","overlay-opacity":"","overlay-gradient":""},"mobile":{"background-color":"","background-image":"","background-repeat":"repeat","background-position":"center center","background-size":"auto","background-attachment":"scroll","background-type":"","background-media":"","overlay-type":"","overlay-color":"","overlay-opacity":"","overlay-gradient":""}},"ast-content-background-meta":{"desktop":{"background-color":"var(--ast-global-color-4)","background-image":"","background-repeat":"repeat","background-position":"center center","background-size":"auto","background-attachment":"scroll","background-type":"","background-media":"","overlay-type":"","overlay-color":"","overlay-opacity":"","overlay-gradient":""},"tablet":{"background-color":"var(--ast-global-color-4)","background-image":"","background-repeat":"repeat","background-position":"center center","background-size":"auto","background-attachment":"scroll","background-type":"","background-media":"","overlay-type":"","overlay-color":"","overlay-opacity":"","overlay-gradient":""},"mobile":{"background-color":"var(--ast-global-color-4)","background-image":"","background-repeat":"repeat","background-position":"center center","background-size":"auto","background-attachment":"scroll","background-type":"","background-media":"","overlay-type":"","overlay-color":"","overlay-opacity":"","overlay-gradient":""}},"footnotes":""},"categories":[1],"tags":[],"class_list":["post-59321","post","type-post","status-publish","format-standard","hentry","category-sem-categoria"],"yoast_head":"<!-- This site is optimized with the Yoast SEO plugin v26.6 - https:\/\/yoast.com\/wordpress\/plugins\/seo\/ -->\n<title>AJE-MA projeta a\u00e7\u00f5es em comemora\u00e7\u00e3o aos seus 15 anos - Daniel Matos<\/title>\n<meta name=\"robots\" content=\"index, follow, max-snippet:-1, max-image-preview:large, max-video-preview:-1\" \/>\n<link rel=\"canonical\" href=\"https:\/\/www.blogsoestado.com\/danielmatos\/aje-ma-projeta-acoes-em-comemoracao-aos-seus-15-anos\/\" \/>\n<meta property=\"og:locale\" content=\"pt_BR\" \/>\n<meta property=\"og:type\" content=\"article\" \/>\n<meta property=\"og:title\" content=\"AJE-MA projeta a\u00e7\u00f5es em comemora\u00e7\u00e3o aos seus 15 anos - Daniel Matos\" \/>\n<meta property=\"og:description\" content=\"Planejamento da entidade prev\u00ea atividades ao longo de 2019, como Rodada de Neg\u00f3cios, Feir\u00e3o do Imposto e renova\u00e7\u00e3o do seu [&hellip;]\" \/>\n<meta property=\"og:url\" content=\"https:\/\/www.blogsoestado.com\/danielmatos\/aje-ma-projeta-acoes-em-comemoracao-aos-seus-15-anos\/\" \/>\n<meta property=\"og:site_name\" content=\"Daniel Matos\" \/>\n<meta property=\"article:published_time\" content=\"2019-01-04T20:45:44+00:00\" \/>\n<meta property=\"og:image\" content=\"https:\/\/www.blogsoestado.com\/danielmatos\/files\/2019\/01\/aje15dois.jpeg\" \/>\n<meta name=\"twitter:card\" content=\"summary_large_image\" \/>\n<meta name=\"twitter:label1\" content=\"Est. tempo de leitura\" \/>\n\t<meta name=\"twitter:data1\" content=\"2 minutos\" \/>\n<script type=\"application\/ld+json\" class=\"yoast-schema-graph\">{\"@context\":\"https:\/\/schema.org\",\"@graph\":[{\"@type\":\"WebPage\",\"@id\":\"https:\/\/www.blogsoestado.com\/danielmatos\/aje-ma-projeta-acoes-em-comemoracao-aos-seus-15-anos\/\",\"url\":\"https:\/\/www.blogsoestado.com\/danielmatos\/aje-ma-projeta-acoes-em-comemoracao-aos-seus-15-anos\/\",\"name\":\"AJE-MA projeta a\u00e7\u00f5es em comemora\u00e7\u00e3o aos seus 15 anos - Daniel Matos\",\"isPartOf\":{\"@id\":\"https:\/\/www.blogsoestado.com\/danielmatos\/#website\"},\"primaryImageOfPage\":{\"@id\":\"https:\/\/www.blogsoestado.com\/danielmatos\/aje-ma-projeta-acoes-em-comemoracao-aos-seus-15-anos\/#primaryimage\"},\"image\":{\"@id\":\"https:\/\/www.blogsoestado.com\/danielmatos\/aje-ma-projeta-acoes-em-comemoracao-aos-seus-15-anos\/#primaryimage\"},\"thumbnailUrl\":\"https:\/\/www.blogsoestado.com\/danielmatos\/files\/2019\/01\/aje15dois.jpeg\",\"datePublished\":\"2019-01-04T20:45:44+00:00\",\"author\":{\"@id\":\"\"},\"breadcrumb\":{\"@id\":\"https:\/\/www.blogsoestado.com\/danielmatos\/aje-ma-projeta-acoes-em-comemoracao-aos-seus-15-anos\/#breadcrumb\"},\"inLanguage\":\"pt-BR\",\"potentialAction\":[{\"@type\":\"ReadAction\",\"target\":[\"https:\/\/www.blogsoestado.com\/danielmatos\/aje-ma-projeta-acoes-em-comemoracao-aos-seus-15-anos\/\"]}]},{\"@type\":\"ImageObject\",\"inLanguage\":\"pt-BR\",\"@id\":\"https:\/\/www.blogsoestado.com\/danielmatos\/aje-ma-projeta-acoes-em-comemoracao-aos-seus-15-anos\/#primaryimage\",\"url\":\"https:\/\/www.blogsoestado.com\/danielmatos\/files\/2019\/01\/aje15dois.jpeg\",\"contentUrl\":\"https:\/\/www.blogsoestado.com\/danielmatos\/files\/2019\/01\/aje15dois.jpeg\"},{\"@type\":\"BreadcrumbList\",\"@id\":\"https:\/\/www.blogsoestado.com\/danielmatos\/aje-ma-projeta-acoes-em-comemoracao-aos-seus-15-anos\/#breadcrumb\",\"itemListElement\":[{\"@type\":\"ListItem\",\"position\":1,\"name\":\"In\u00edcio\",\"item\":\"https:\/\/www.blogsoestado.com\/danielmatos\/\"},{\"@type\":\"ListItem\",\"position\":2,\"name\":\"AJE-MA projeta a\u00e7\u00f5es em comemora\u00e7\u00e3o aos seus 15 anos\"}]},{\"@type\":\"WebSite\",\"@id\":\"https:\/\/www.blogsoestado.com\/danielmatos\/#website\",\"url\":\"https:\/\/www.blogsoestado.com\/danielmatos\/\",\"name\":\"Daniel Matos\",\"description\":\"\",\"potentialAction\":[{\"@type\":\"SearchAction\",\"target\":{\"@type\":\"EntryPoint\",\"urlTemplate\":\"https:\/\/www.blogsoestado.com\/danielmatos\/?s={search_term_string}\"},\"query-input\":{\"@type\":\"PropertyValueSpecification\",\"valueRequired\":true,\"valueName\":\"search_term_string\"}}],\"inLanguage\":\"pt-BR\"}]}<\/script>\n<!-- \/ Yoast SEO plugin. -->","yoast_head_json":{"title":"AJE-MA projeta a\u00e7\u00f5es em comemora\u00e7\u00e3o aos seus 15 anos - Daniel Matos","robots":{"index":"index","follow":"follow","max-snippet":"max-snippet:-1","max-image-preview":"max-image-preview:large","max-video-preview":"max-video-preview:-1"},"canonical":"https:\/\/www.blogsoestado.com\/danielmatos\/aje-ma-projeta-acoes-em-comemoracao-aos-seus-15-anos\/","og_locale":"pt_BR","og_type":"article","og_title":"AJE-MA projeta a\u00e7\u00f5es em comemora\u00e7\u00e3o aos seus 15 anos - Daniel Matos","og_description":"Planejamento da entidade prev\u00ea atividades ao longo de 2019, como Rodada de Neg\u00f3cios, Feir\u00e3o do Imposto e renova\u00e7\u00e3o do seu [&hellip;]","og_url":"https:\/\/www.blogsoestado.com\/danielmatos\/aje-ma-projeta-acoes-em-comemoracao-aos-seus-15-anos\/","og_site_name":"Daniel Matos","article_published_time":"2019-01-04T20:45:44+00:00","og_image":[{"url":"https:\/\/www.blogsoestado.com\/danielmatos\/files\/2019\/01\/aje15dois.jpeg","type":"","width":"","height":""}],"twitter_card":"summary_large_image","twitter_misc":{"Est. tempo de leitura":"2 minutos"},"schema":{"@context":"https:\/\/schema.org","@graph":[{"@type":"WebPage","@id":"https:\/\/www.blogsoestado.com\/danielmatos\/aje-ma-projeta-acoes-em-comemoracao-aos-seus-15-anos\/","url":"https:\/\/www.blogsoestado.com\/danielmatos\/aje-ma-projeta-acoes-em-comemoracao-aos-seus-15-anos\/","name":"AJE-MA projeta a\u00e7\u00f5es em comemora\u00e7\u00e3o aos seus 15 anos - Daniel Matos","isPartOf":{"@id":"https:\/\/www.blogsoestado.com\/danielmatos\/#website"},"primaryImageOfPage":{"@id":"https:\/\/www.blogsoestado.com\/danielmatos\/aje-ma-projeta-acoes-em-comemoracao-aos-seus-15-anos\/#primaryimage"},"image":{"@id":"https:\/\/www.blogsoestado.com\/danielmatos\/aje-ma-projeta-acoes-em-comemoracao-aos-seus-15-anos\/#primaryimage"},"thumbnailUrl":"https:\/\/www.blogsoestado.com\/danielmatos\/files\/2019\/01\/aje15dois.jpeg","datePublished":"2019-01-04T20:45:44+00:00","author":{"@id":""},"breadcrumb":{"@id":"https:\/\/www.blogsoestado.com\/danielmatos\/aje-ma-projeta-acoes-em-comemoracao-aos-seus-15-anos\/#breadcrumb"},"inLanguage":"pt-BR","potentialAction":[{"@type":"ReadAction","target":["https:\/\/www.blogsoestado.com\/danielmatos\/aje-ma-projeta-acoes-em-comemoracao-aos-seus-15-anos\/"]}]},{"@type":"ImageObject","inLanguage":"pt-BR","@id":"https:\/\/www.blogsoestado.com\/danielmatos\/aje-ma-projeta-acoes-em-comemoracao-aos-seus-15-anos\/#primaryimage","url":"https:\/\/www.blogsoestado.com\/danielmatos\/files\/2019\/01\/aje15dois.jpeg","contentUrl":"https:\/\/www.blogsoestado.com\/danielmatos\/files\/2019\/01\/aje15dois.jpeg"},{"@type":"BreadcrumbList","@id":"https:\/\/www.blogsoestado.com\/danielmatos\/aje-ma-projeta-acoes-em-comemoracao-aos-seus-15-anos\/#breadcrumb","itemListElement":[{"@type":"ListItem","position":1,"name":"In\u00edcio","item":"https:\/\/www.blogsoestado.com\/danielmatos\/"},{"@type":"ListItem","position":2,"name":"AJE-MA projeta a\u00e7\u00f5es em comemora\u00e7\u00e3o aos seus 15 anos"}]},{"@type":"WebSite","@id":"https:\/\/www.blogsoestado.com\/danielmatos\/#website","url":"https:\/\/www.blogsoestado.com\/danielmatos\/","name":"Daniel Matos","description":"","potentialAction":[{"@type":"SearchAction","target":{"@type":"EntryPoint","urlTemplate":"https:\/\/www.blogsoestado.com\/danielmatos\/?s={search_term_string}"},"query-input":{"@type":"PropertyValueSpecification","valueRequired":true,"valueName":"search_term_string"}}],"inLanguage":"pt-BR"}]}},"jetpack_featured_media_url":"","_links":{"self":[{"href":"https:\/\/www.blogsoestado.com\/danielmatos\/wp-json\/wp\/v2\/posts\/59321","targetHints":{"allow":["GET"]}}],"collection":[{"href":"https:\/\/www.blogsoestado.com\/danielmatos\/wp-json\/wp\/v2\/posts"}],"about":[{"href":"https:\/\/www.blogsoestado.com\/danielmatos\/wp-json\/wp\/v2\/types\/post"}],"replies":[{"embeddable":true,"href":"https:\/\/www.blogsoestado.com\/danielmatos\/wp-json\/wp\/v2\/comments?post=59321"}],"version-history":[{"count":0,"href":"https:\/\/www.blogsoestado.com\/danielmatos\/wp-json\/wp\/v2\/posts\/59321\/revisions"}],"wp:attachment":[{"href":"https:\/\/www.blogsoestado.com\/danielmatos\/wp-json\/wp\/v2\/media?parent=59321"}],"wp:term":[{"taxonomy":"category","embeddable":true,"href":"https:\/\/www.blogsoestado.com\/danielmatos\/wp-json\/wp\/v2\/categories?post=59321"},{"taxonomy":"post_tag","embeddable":true,"href":"https:\/\/www.blogsoestado.com\/danielmatos\/wp-json\/wp\/v2\/tags?post=59321"}],"curies":[{"name":"wp","href":"https:\/\/api.w.org\/{rel}","templated":true}]}}