{"id":59327,"date":"2019-01-06T09:33:54","date_gmt":"2019-01-06T12:33:54","guid":{"rendered":"https:\/\/www.blogsoestado.com\/danielmatos\/?p=59327"},"modified":"2019-01-06T09:33:54","modified_gmt":"2019-01-06T12:33:54","slug":"prefeitura-de-bom-lugar-encerra-2018-com-multiplas-acoes-na-saude-e-exito-no-atendimento-ao-povo","status":"publish","type":"post","link":"https:\/\/www.blogsoestado.com\/danielmatos\/prefeitura-de-bom-lugar-encerra-2018-com-multiplas-acoes-na-saude-e-exito-no-atendimento-ao-povo\/","title":{"rendered":"Prefeitura de Bom Lugar encerra 2018 com m\u00faltiplas a\u00e7\u00f5es na sa\u00fade e \u00eaxito no atendimento ao povo"},"content":{"rendered":"<figure id=\"attachment_59329\" aria-describedby=\"caption-attachment-59329\" style=\"width: 650px\" class=\"wp-caption aligncenter\"><a href=\"https:\/\/www.blogsoestado.com\/danielmatos\/2019\/01\/06\/bom-lugar-encerra-2018-com-multiplas-acoes-na-saude-e-exito-no-atendimento-ao-povo\/img-20190104-wa0143\/\" rel=\"attachment wp-att-59329\"><img fetchpriority=\"high\" decoding=\"async\" class=\"wp-image-59329\" src=\"https:\/\/www.blogsoestado.com\/danielmatos\/files\/2019\/01\/IMG-20190104-WA0143.jpg\" alt=\"\" width=\"650\" height=\"867\" \/><\/a><figcaption id=\"caption-attachment-59329\" class=\"wp-caption-text\">A prefeitura promoveu campanha de vacina\u00e7\u00e3o infantil no povoado Alto Bonito<\/figcaption><\/figure>\n<p>A Prefeitura do munic\u00edpio de Bom Lugar, sob a gest\u00e3o da prefeita Luciene Costa (PV), fechou o ano de 2018 comemorando os excelentes resultados obtidos na assist\u00eancia \u00e0 sa\u00fade da popula\u00e7\u00e3o. Os n\u00fameros indicam o desempenho satisfat\u00f3rio de uma das\u00a0pastas mais importantes da gest\u00e3o municipal e n\u00e3o deixam d\u00favida de que a atual administra\u00e7\u00e3o cumpriu o seu papel de oferecer atendimento de qualidade ao povo.<\/p>\n<figure id=\"attachment_59330\" aria-describedby=\"caption-attachment-59330\" style=\"width: 650px\" class=\"wp-caption aligncenter\"><a href=\"https:\/\/www.blogsoestado.com\/danielmatos\/2019\/01\/06\/bom-lugar-encerra-2018-com-multiplas-acoes-na-saude-e-exito-no-atendimento-ao-povo\/img-20190104-wa0140\/\" rel=\"attachment wp-att-59330\"><img decoding=\"async\" class=\"wp-image-59330\" src=\"https:\/\/www.blogsoestado.com\/danielmatos\/files\/2019\/01\/IMG-20190104-WA0140.jpg\" alt=\"\" width=\"650\" height=\"650\" \/><\/a><figcaption id=\"caption-attachment-59330\" class=\"wp-caption-text\">Vacina\u00e7\u00e3o de adultos foi outra a\u00e7\u00e3o realizada pela Secretaria de Sa\u00fade de Bom Lugar<\/figcaption><\/figure>\n<p>\u00c0 frente da Secretaria Municipal da Sa\u00fade est\u00e1 Jeferson Carvalho, jovem e experiente na \u00e1rea. O gestor tem obtido excelentes resultados na execu\u00e7\u00e3o local dos projetos do Governo Federal e nas parcerias com cidades maiores, pr\u00f3ximas a Bom lugar, a exemplo de Bacabal e Peritor\u00f3.<\/p>\n<figure id=\"attachment_59331\" aria-describedby=\"caption-attachment-59331\" style=\"width: 650px\" class=\"wp-caption aligncenter\"><a href=\"https:\/\/www.blogsoestado.com\/danielmatos\/2019\/01\/06\/bom-lugar-encerra-2018-com-multiplas-acoes-na-saude-e-exito-no-atendimento-ao-povo\/img-20190106-wa0006\/\" rel=\"attachment wp-att-59331\"><img decoding=\"async\" class=\"wp-image-59331\" src=\"https:\/\/www.blogsoestado.com\/danielmatos\/files\/2019\/01\/IMG-20190106-WA0006.jpg\" alt=\"\" width=\"650\" height=\"488\" \/><\/a><figcaption id=\"caption-attachment-59331\" class=\"wp-caption-text\">Ambul\u00e2ncia nova que passou a atender o povo, gra\u00e7as a uma emenda do deputado federal Jo\u00e3o Marcelo<\/figcaption><\/figure>\n<p>Dentre as a\u00e7\u00f5es exitosas, destaca-se o Programa de Tratamento Fora do Domic\u00edlio, que registrou, em m\u00e9dia, 57 cirurgias eletivas, agendada de forma previa. Mesmo sem infraestrutura adequada, a Secretaria de Sa\u00fade, com total apoio da prefeita Luciene Costa, n\u00e3o poupa esfor\u00e7os para encaminhar os pacientes, com as devidas refer\u00eancias, geralmente para Bacabal e Peritor\u00f3.<\/p>\n<figure id=\"attachment_59332\" aria-describedby=\"caption-attachment-59332\" style=\"width: 650px\" class=\"wp-caption aligncenter\"><a href=\"https:\/\/www.blogsoestado.com\/danielmatos\/2019\/01\/06\/bom-lugar-encerra-2018-com-multiplas-acoes-na-saude-e-exito-no-atendimento-ao-povo\/img-20190106-wa0007\/\" rel=\"attachment wp-att-59332\"><img loading=\"lazy\" decoding=\"async\" class=\"wp-image-59332\" src=\"https:\/\/www.blogsoestado.com\/danielmatos\/files\/2019\/01\/IMG-20190106-WA0007.jpg\" alt=\"\" width=\"650\" height=\"488\" \/><\/a><figcaption id=\"caption-attachment-59332\" class=\"wp-caption-text\">Pelot\u00e3o da Sa\u00fade da Prefeitura de Bom Lugar mobilizado para atender a popula\u00e7\u00e3o<\/figcaption><\/figure>\n<p>Em rela\u00e7\u00e3o \u00e0s consultas nas especialidades de psiquiatria, endocrinologia, nefrologia, oncologia e cardiologia, que registram as maiores demandas, todos os procedimentos s\u00e3o realizados pela Secretaria de Sa\u00fade de Bom Lugar.\u00a0 log\u00edstica\u00a0\u00e9 garantida pela Prefeitura, que disponibiliza transporte ao paciente e acompanhante, n\u00e3o\u00a0s\u00f3 nas consultas, mas tamb\u00e9m nos exames. &#8220;Todo tratamento de alta complexidade \u00e9 realizado com o m\u00e1ximo empenho da nossa equipe e os n\u00fameros comprovam que cumprimos nossa miss\u00e3o&#8221;, enfatiza a prefeita Luciene Costa.<\/p>\n<figure id=\"attachment_59334\" aria-describedby=\"caption-attachment-59334\" style=\"width: 650px\" class=\"wp-caption aligncenter\"><a href=\"https:\/\/www.blogsoestado.com\/danielmatos\/2019\/01\/06\/bom-lugar-encerra-2018-com-multiplas-acoes-na-saude-e-exito-no-atendimento-ao-povo\/img-20190104-wa0142\/\" rel=\"attachment wp-att-59334\"><img loading=\"lazy\" decoding=\"async\" class=\"wp-image-59334\" src=\"https:\/\/www.blogsoestado.com\/danielmatos\/files\/2019\/01\/IMG-20190104-WA0142.jpg\" alt=\"\" width=\"650\" height=\"867\" \/><\/a><figcaption id=\"caption-attachment-59334\" class=\"wp-caption-text\">Equipe do Programa de Sa\u00fade da Fam\u00edlia atende idosa em povoado de Bom Lugar<\/figcaption><\/figure>\n<p><strong>Outros programas que foram destaques na \u00e1rea da sa\u00fade:<\/strong><\/p>\n<p><strong>Programa de Sa\u00fade da Fam\u00edlia (PSF) &#8211;<\/strong> a demanda das comunidades da sede e de cinco povoados \u00e9 atendida nas unidades b\u00e1sicas da sa\u00fade, que contam com m\u00e9dico, enfermeiro e vacinador. Quando h\u00e1 necessidade de tratamento ou cirurgia, os pacientes s\u00e3o encaminhados para cidades maiores, como Bacabal ou Peritor\u00f3;<\/p>\n<figure id=\"attachment_59335\" aria-describedby=\"caption-attachment-59335\" style=\"width: 650px\" class=\"wp-caption aligncenter\"><a href=\"https:\/\/www.blogsoestado.com\/danielmatos\/2019\/01\/06\/bom-lugar-encerra-2018-com-multiplas-acoes-na-saude-e-exito-no-atendimento-ao-povo\/img-20190104-wa0145\/\" rel=\"attachment wp-att-59335\"><img loading=\"lazy\" decoding=\"async\" class=\"wp-image-59335\" src=\"https:\/\/www.blogsoestado.com\/danielmatos\/files\/2019\/01\/IMG-20190104-WA0145.jpg\" alt=\"\" width=\"650\" height=\"736\" \/><\/a><figcaption id=\"caption-attachment-59335\" class=\"wp-caption-text\">Prefeita Luciene Costa recebe chame da ambul\u00e2ncia destinada a Bom Lugar por meio de emenda do deputado federal Jo\u00e3o Marcelo<\/figcaption><\/figure>\n<p><strong>Teste do Pezinho &#8211;<\/strong> foi implantado pela atual gest\u00e3o. Antes n\u00e3o existia;<\/p>\n<p><strong>Metas de vacina\u00e7\u00e3o alcan\u00e7adas<\/strong> &#8211; influenza, gripe (idosos), vacina\u00e7\u00e3o de c\u00e3es e gatos (antirr\u00e1bica), vacina\u00e7\u00e3o b\u00e1sica da inf\u00e2ncia;<\/p>\n<figure id=\"attachment_59336\" aria-describedby=\"caption-attachment-59336\" style=\"width: 650px\" class=\"wp-caption aligncenter\"><a href=\"https:\/\/www.blogsoestado.com\/danielmatos\/2019\/01\/06\/bom-lugar-encerra-2018-com-multiplas-acoes-na-saude-e-exito-no-atendimento-ao-povo\/img-20190104-wa0144\/\" rel=\"attachment wp-att-59336\"><img loading=\"lazy\" decoding=\"async\" class=\"wp-image-59336\" src=\"https:\/\/www.blogsoestado.com\/danielmatos\/files\/2019\/01\/IMG-20190104-WA0144.jpg\" alt=\"\" width=\"650\" height=\"366\" \/><\/a><figcaption id=\"caption-attachment-59336\" class=\"wp-caption-text\">Encontro de profissionais de sa\u00fade para capacita\u00e7\u00e3o do Zikalab, laborat\u00f3rio para detec\u00e7\u00e3o do zika v\u00edrus<\/figcaption><\/figure>\n<p><strong>Realiza\u00e7\u00e3o de testes r\u00e1pidos &#8211;<\/strong>\u00a0detec\u00e7\u00e3o de s\u00edfiles na gesta\u00e7\u00e3o, HIV e hepatite C;<\/p>\n<p><strong>Habilita\u00e7\u00e3o da Farm\u00e1cia de Medicamentos Especiais (Feme)<\/strong> &#8211; por meio do servi\u00e7o, a Prefeitura de Bom Lugar fornece medicamentos que n\u00e3o fazem parte da lista de farm\u00e1cia b\u00e1sica;<\/p>\n<figure id=\"attachment_59337\" aria-describedby=\"caption-attachment-59337\" style=\"width: 650px\" class=\"wp-caption aligncenter\"><a href=\"https:\/\/www.blogsoestado.com\/danielmatos\/2019\/01\/06\/bom-lugar-encerra-2018-com-multiplas-acoes-na-saude-e-exito-no-atendimento-ao-povo\/img-20190104-wa0141\/\" rel=\"attachment wp-att-59337\"><img loading=\"lazy\" decoding=\"async\" class=\"wp-image-59337\" src=\"https:\/\/www.blogsoestado.com\/danielmatos\/files\/2019\/01\/IMG-20190104-WA0141.jpg\" alt=\"\" width=\"650\" height=\"366\" \/><\/a><figcaption id=\"caption-attachment-59337\" class=\"wp-caption-text\">Palestra educativa da Campanha Novembro Azul, outra atividade realizada pela prefeitura na \u00e1rea de sa\u00fade<\/figcaption><\/figure>\n<p><strong>Exame de ultrassom<\/strong> &#8211; realizados, em m\u00e9dia, 100 por m\u00eas. Esse procedimento m\u00e9dico tamb\u00e9m foi implantado na gest\u00e3o da prefeita Luciene Costa, que no per\u00edodo de dois anos, realizou mais de 2 mil exames;<\/p>\n<figure id=\"attachment_59338\" aria-describedby=\"caption-attachment-59338\" style=\"width: 540px\" class=\"wp-caption aligncenter\"><a href=\"https:\/\/www.blogsoestado.com\/danielmatos\/2019\/01\/06\/bom-lugar-encerra-2018-com-multiplas-acoes-na-saude-e-exito-no-atendimento-ao-povo\/img-20190104-wa01392\/\" rel=\"attachment wp-att-59338\"><img loading=\"lazy\" decoding=\"async\" class=\"wp-image-59338 size-full\" src=\"https:\/\/www.blogsoestado.com\/danielmatos\/files\/2019\/01\/IMG-20190104-WA01392.jpg\" alt=\"\" width=\"540\" height=\"399\" \/><\/a><figcaption id=\"caption-attachment-59338\" class=\"wp-caption-text\">Secret\u00e1rio de Sa\u00fade, Jeferson Carvalho, com equipe de profissionais em a\u00e7\u00e3o da campanha Outubro Rosa<\/figcaption><\/figure>\n<p>A prefeita faz quest\u00e3o de mencionar, em meio a tantos avan\u00e7os, uma uma ambul\u00e2ncia nova e uma caminhonete modelo Amarok, repassadas ao munic\u00edpio gra\u00e7as emendas parlamentares destinadas pelo deputado federal Jo\u00e3o Marcelo (MDB), que sempre foi presente e atuante no atendimento das necessitadas do povo bomlugarense.<\/p>\n","protected":false},"excerpt":{"rendered":"<p>A Prefeitura do munic\u00edpio de Bom Lugar, sob a gest\u00e3o da prefeita Luciene Costa (PV), fechou o ano de 2018 [&hellip;]<\/p>\n","protected":false},"author":0,"featured_media":0,"comment_status":"open","ping_status":"open","sticky":false,"template":"","format":"standard","meta":{"site-sidebar-layout":"default","site-content-layout":"","ast-site-content-layout":"default","site-content-style":"default","site-sidebar-style":"default","ast-global-header-display":"","ast-banner-title-visibility":"","ast-main-header-display":"","ast-hfb-above-header-display":"","ast-hfb-below-header-display":"","ast-hfb-mobile-header-display":"","site-post-title":"","ast-breadcrumbs-content":"","ast-featured-img":"","footer-sml-layout":"","ast-disable-related-posts":"","theme-transparent-header-meta":"","adv-header-id-meta":"","stick-header-meta":"","header-above-stick-meta":"","header-main-stick-meta":"","header-below-stick-meta":"","astra-migrate-meta-layouts":"default","ast-page-background-enabled":"default","ast-page-background-meta":{"desktop":{"background-color":"var(--ast-global-color-5)","background-image":"","background-repeat":"repeat","background-position":"center center","background-size":"auto","background-attachment":"scroll","background-type":"","background-media":"","overlay-type":"","overlay-color":"","overlay-opacity":"","overlay-gradient":""},"tablet":{"background-color":"","background-image":"","background-repeat":"repeat","background-position":"center center","background-size":"auto","background-attachment":"scroll","background-type":"","background-media":"","overlay-type":"","overlay-color":"","overlay-opacity":"","overlay-gradient":""},"mobile":{"background-color":"","background-image":"","background-repeat":"repeat","background-position":"center center","background-size":"auto","background-attachment":"scroll","background-type":"","background-media":"","overlay-type":"","overlay-color":"","overlay-opacity":"","overlay-gradient":""}},"ast-content-background-meta":{"desktop":{"background-color":"var(--ast-global-color-4)","background-image":"","background-repeat":"repeat","background-position":"center center","background-size":"auto","background-attachment":"scroll","background-type":"","background-media":"","overlay-type":"","overlay-color":"","overlay-opacity":"","overlay-gradient":""},"tablet":{"background-color":"var(--ast-global-color-4)","background-image":"","background-repeat":"repeat","background-position":"center center","background-size":"auto","background-attachment":"scroll","background-type":"","background-media":"","overlay-type":"","overlay-color":"","overlay-opacity":"","overlay-gradient":""},"mobile":{"background-color":"var(--ast-global-color-4)","background-image":"","background-repeat":"repeat","background-position":"center center","background-size":"auto","background-attachment":"scroll","background-type":"","background-media":"","overlay-type":"","overlay-color":"","overlay-opacity":"","overlay-gradient":""}},"footnotes":""},"categories":[1],"tags":[],"class_list":["post-59327","post","type-post","status-publish","format-standard","hentry","category-sem-categoria"],"yoast_head":"<!-- This site is optimized with the Yoast SEO plugin v26.6 - https:\/\/yoast.com\/wordpress\/plugins\/seo\/ -->\n<title>Prefeitura de Bom Lugar encerra 2018 com m\u00faltiplas a\u00e7\u00f5es na sa\u00fade e \u00eaxito no atendimento ao povo - Daniel Matos<\/title>\n<meta name=\"robots\" content=\"index, follow, max-snippet:-1, max-image-preview:large, max-video-preview:-1\" \/>\n<link rel=\"canonical\" href=\"https:\/\/www.blogsoestado.com\/danielmatos\/prefeitura-de-bom-lugar-encerra-2018-com-multiplas-acoes-na-saude-e-exito-no-atendimento-ao-povo\/\" \/>\n<meta property=\"og:locale\" content=\"pt_BR\" \/>\n<meta property=\"og:type\" content=\"article\" \/>\n<meta property=\"og:title\" content=\"Prefeitura de Bom Lugar encerra 2018 com m\u00faltiplas a\u00e7\u00f5es na sa\u00fade e \u00eaxito no atendimento ao povo - Daniel Matos\" \/>\n<meta property=\"og:description\" content=\"A Prefeitura do munic\u00edpio de Bom Lugar, sob a gest\u00e3o da prefeita Luciene Costa (PV), fechou o ano de 2018 [&hellip;]\" \/>\n<meta property=\"og:url\" content=\"https:\/\/www.blogsoestado.com\/danielmatos\/prefeitura-de-bom-lugar-encerra-2018-com-multiplas-acoes-na-saude-e-exito-no-atendimento-ao-povo\/\" \/>\n<meta property=\"og:site_name\" content=\"Daniel Matos\" \/>\n<meta property=\"article:published_time\" content=\"2019-01-06T12:33:54+00:00\" \/>\n<meta property=\"og:image\" content=\"https:\/\/www.blogsoestado.com\/danielmatos\/files\/2019\/01\/IMG-20190104-WA0143.jpg\" \/>\n<meta name=\"twitter:card\" content=\"summary_large_image\" \/>\n<meta name=\"twitter:label1\" content=\"Est. tempo de leitura\" \/>\n\t<meta name=\"twitter:data1\" content=\"4 minutos\" \/>\n<script type=\"application\/ld+json\" class=\"yoast-schema-graph\">{\"@context\":\"https:\/\/schema.org\",\"@graph\":[{\"@type\":\"WebPage\",\"@id\":\"https:\/\/www.blogsoestado.com\/danielmatos\/prefeitura-de-bom-lugar-encerra-2018-com-multiplas-acoes-na-saude-e-exito-no-atendimento-ao-povo\/\",\"url\":\"https:\/\/www.blogsoestado.com\/danielmatos\/prefeitura-de-bom-lugar-encerra-2018-com-multiplas-acoes-na-saude-e-exito-no-atendimento-ao-povo\/\",\"name\":\"Prefeitura de Bom Lugar encerra 2018 com m\u00faltiplas a\u00e7\u00f5es na sa\u00fade e \u00eaxito no atendimento ao povo - Daniel Matos\",\"isPartOf\":{\"@id\":\"https:\/\/www.blogsoestado.com\/danielmatos\/#website\"},\"primaryImageOfPage\":{\"@id\":\"https:\/\/www.blogsoestado.com\/danielmatos\/prefeitura-de-bom-lugar-encerra-2018-com-multiplas-acoes-na-saude-e-exito-no-atendimento-ao-povo\/#primaryimage\"},\"image\":{\"@id\":\"https:\/\/www.blogsoestado.com\/danielmatos\/prefeitura-de-bom-lugar-encerra-2018-com-multiplas-acoes-na-saude-e-exito-no-atendimento-ao-povo\/#primaryimage\"},\"thumbnailUrl\":\"https:\/\/www.blogsoestado.com\/danielmatos\/files\/2019\/01\/IMG-20190104-WA0143.jpg\",\"datePublished\":\"2019-01-06T12:33:54+00:00\",\"author\":{\"@id\":\"\"},\"breadcrumb\":{\"@id\":\"https:\/\/www.blogsoestado.com\/danielmatos\/prefeitura-de-bom-lugar-encerra-2018-com-multiplas-acoes-na-saude-e-exito-no-atendimento-ao-povo\/#breadcrumb\"},\"inLanguage\":\"pt-BR\",\"potentialAction\":[{\"@type\":\"ReadAction\",\"target\":[\"https:\/\/www.blogsoestado.com\/danielmatos\/prefeitura-de-bom-lugar-encerra-2018-com-multiplas-acoes-na-saude-e-exito-no-atendimento-ao-povo\/\"]}]},{\"@type\":\"ImageObject\",\"inLanguage\":\"pt-BR\",\"@id\":\"https:\/\/www.blogsoestado.com\/danielmatos\/prefeitura-de-bom-lugar-encerra-2018-com-multiplas-acoes-na-saude-e-exito-no-atendimento-ao-povo\/#primaryimage\",\"url\":\"https:\/\/www.blogsoestado.com\/danielmatos\/files\/2019\/01\/IMG-20190104-WA0143.jpg\",\"contentUrl\":\"https:\/\/www.blogsoestado.com\/danielmatos\/files\/2019\/01\/IMG-20190104-WA0143.jpg\"},{\"@type\":\"BreadcrumbList\",\"@id\":\"https:\/\/www.blogsoestado.com\/danielmatos\/prefeitura-de-bom-lugar-encerra-2018-com-multiplas-acoes-na-saude-e-exito-no-atendimento-ao-povo\/#breadcrumb\",\"itemListElement\":[{\"@type\":\"ListItem\",\"position\":1,\"name\":\"In\u00edcio\",\"item\":\"https:\/\/www.blogsoestado.com\/danielmatos\/\"},{\"@type\":\"ListItem\",\"position\":2,\"name\":\"Prefeitura de Bom Lugar encerra 2018 com m\u00faltiplas a\u00e7\u00f5es na sa\u00fade e \u00eaxito no atendimento ao povo\"}]},{\"@type\":\"WebSite\",\"@id\":\"https:\/\/www.blogsoestado.com\/danielmatos\/#website\",\"url\":\"https:\/\/www.blogsoestado.com\/danielmatos\/\",\"name\":\"Daniel Matos\",\"description\":\"\",\"potentialAction\":[{\"@type\":\"SearchAction\",\"target\":{\"@type\":\"EntryPoint\",\"urlTemplate\":\"https:\/\/www.blogsoestado.com\/danielmatos\/?s={search_term_string}\"},\"query-input\":{\"@type\":\"PropertyValueSpecification\",\"valueRequired\":true,\"valueName\":\"search_term_string\"}}],\"inLanguage\":\"pt-BR\"}]}<\/script>\n<!-- \/ Yoast SEO plugin. -->","yoast_head_json":{"title":"Prefeitura de Bom Lugar encerra 2018 com m\u00faltiplas a\u00e7\u00f5es na sa\u00fade e \u00eaxito no atendimento ao povo - Daniel Matos","robots":{"index":"index","follow":"follow","max-snippet":"max-snippet:-1","max-image-preview":"max-image-preview:large","max-video-preview":"max-video-preview:-1"},"canonical":"https:\/\/www.blogsoestado.com\/danielmatos\/prefeitura-de-bom-lugar-encerra-2018-com-multiplas-acoes-na-saude-e-exito-no-atendimento-ao-povo\/","og_locale":"pt_BR","og_type":"article","og_title":"Prefeitura de Bom Lugar encerra 2018 com m\u00faltiplas a\u00e7\u00f5es na sa\u00fade e \u00eaxito no atendimento ao povo - Daniel Matos","og_description":"A Prefeitura do munic\u00edpio de Bom Lugar, sob a gest\u00e3o da prefeita Luciene Costa (PV), fechou o ano de 2018 [&hellip;]","og_url":"https:\/\/www.blogsoestado.com\/danielmatos\/prefeitura-de-bom-lugar-encerra-2018-com-multiplas-acoes-na-saude-e-exito-no-atendimento-ao-povo\/","og_site_name":"Daniel Matos","article_published_time":"2019-01-06T12:33:54+00:00","og_image":[{"url":"https:\/\/www.blogsoestado.com\/danielmatos\/files\/2019\/01\/IMG-20190104-WA0143.jpg","type":"","width":"","height":""}],"twitter_card":"summary_large_image","twitter_misc":{"Est. tempo de leitura":"4 minutos"},"schema":{"@context":"https:\/\/schema.org","@graph":[{"@type":"WebPage","@id":"https:\/\/www.blogsoestado.com\/danielmatos\/prefeitura-de-bom-lugar-encerra-2018-com-multiplas-acoes-na-saude-e-exito-no-atendimento-ao-povo\/","url":"https:\/\/www.blogsoestado.com\/danielmatos\/prefeitura-de-bom-lugar-encerra-2018-com-multiplas-acoes-na-saude-e-exito-no-atendimento-ao-povo\/","name":"Prefeitura de Bom Lugar encerra 2018 com m\u00faltiplas a\u00e7\u00f5es na sa\u00fade e \u00eaxito no atendimento ao povo - Daniel Matos","isPartOf":{"@id":"https:\/\/www.blogsoestado.com\/danielmatos\/#website"},"primaryImageOfPage":{"@id":"https:\/\/www.blogsoestado.com\/danielmatos\/prefeitura-de-bom-lugar-encerra-2018-com-multiplas-acoes-na-saude-e-exito-no-atendimento-ao-povo\/#primaryimage"},"image":{"@id":"https:\/\/www.blogsoestado.com\/danielmatos\/prefeitura-de-bom-lugar-encerra-2018-com-multiplas-acoes-na-saude-e-exito-no-atendimento-ao-povo\/#primaryimage"},"thumbnailUrl":"https:\/\/www.blogsoestado.com\/danielmatos\/files\/2019\/01\/IMG-20190104-WA0143.jpg","datePublished":"2019-01-06T12:33:54+00:00","author":{"@id":""},"breadcrumb":{"@id":"https:\/\/www.blogsoestado.com\/danielmatos\/prefeitura-de-bom-lugar-encerra-2018-com-multiplas-acoes-na-saude-e-exito-no-atendimento-ao-povo\/#breadcrumb"},"inLanguage":"pt-BR","potentialAction":[{"@type":"ReadAction","target":["https:\/\/www.blogsoestado.com\/danielmatos\/prefeitura-de-bom-lugar-encerra-2018-com-multiplas-acoes-na-saude-e-exito-no-atendimento-ao-povo\/"]}]},{"@type":"ImageObject","inLanguage":"pt-BR","@id":"https:\/\/www.blogsoestado.com\/danielmatos\/prefeitura-de-bom-lugar-encerra-2018-com-multiplas-acoes-na-saude-e-exito-no-atendimento-ao-povo\/#primaryimage","url":"https:\/\/www.blogsoestado.com\/danielmatos\/files\/2019\/01\/IMG-20190104-WA0143.jpg","contentUrl":"https:\/\/www.blogsoestado.com\/danielmatos\/files\/2019\/01\/IMG-20190104-WA0143.jpg"},{"@type":"BreadcrumbList","@id":"https:\/\/www.blogsoestado.com\/danielmatos\/prefeitura-de-bom-lugar-encerra-2018-com-multiplas-acoes-na-saude-e-exito-no-atendimento-ao-povo\/#breadcrumb","itemListElement":[{"@type":"ListItem","position":1,"name":"In\u00edcio","item":"https:\/\/www.blogsoestado.com\/danielmatos\/"},{"@type":"ListItem","position":2,"name":"Prefeitura de Bom Lugar encerra 2018 com m\u00faltiplas a\u00e7\u00f5es na sa\u00fade e \u00eaxito no atendimento ao povo"}]},{"@type":"WebSite","@id":"https:\/\/www.blogsoestado.com\/danielmatos\/#website","url":"https:\/\/www.blogsoestado.com\/danielmatos\/","name":"Daniel Matos","description":"","potentialAction":[{"@type":"SearchAction","target":{"@type":"EntryPoint","urlTemplate":"https:\/\/www.blogsoestado.com\/danielmatos\/?s={search_term_string}"},"query-input":{"@type":"PropertyValueSpecification","valueRequired":true,"valueName":"search_term_string"}}],"inLanguage":"pt-BR"}]}},"jetpack_featured_media_url":"","_links":{"self":[{"href":"https:\/\/www.blogsoestado.com\/danielmatos\/wp-json\/wp\/v2\/posts\/59327","targetHints":{"allow":["GET"]}}],"collection":[{"href":"https:\/\/www.blogsoestado.com\/danielmatos\/wp-json\/wp\/v2\/posts"}],"about":[{"href":"https:\/\/www.blogsoestado.com\/danielmatos\/wp-json\/wp\/v2\/types\/post"}],"replies":[{"embeddable":true,"href":"https:\/\/www.blogsoestado.com\/danielmatos\/wp-json\/wp\/v2\/comments?post=59327"}],"version-history":[{"count":0,"href":"https:\/\/www.blogsoestado.com\/danielmatos\/wp-json\/wp\/v2\/posts\/59327\/revisions"}],"wp:attachment":[{"href":"https:\/\/www.blogsoestado.com\/danielmatos\/wp-json\/wp\/v2\/media?parent=59327"}],"wp:term":[{"taxonomy":"category","embeddable":true,"href":"https:\/\/www.blogsoestado.com\/danielmatos\/wp-json\/wp\/v2\/categories?post=59327"},{"taxonomy":"post_tag","embeddable":true,"href":"https:\/\/www.blogsoestado.com\/danielmatos\/wp-json\/wp\/v2\/tags?post=59327"}],"curies":[{"name":"wp","href":"https:\/\/api.w.org\/{rel}","templated":true}]}}