{"id":59349,"date":"2019-01-07T09:33:44","date_gmt":"2019-01-07T12:33:44","guid":{"rendered":"https:\/\/www.blogsoestado.com\/danielmatos\/?p=59349"},"modified":"2019-01-07T09:33:44","modified_gmt":"2019-01-07T12:33:44","slug":"maranhense-phil-camarao-passa-a-integrar-contran-e-abramet","status":"publish","type":"post","link":"https:\/\/www.blogsoestado.com\/danielmatos\/maranhense-phil-camarao-passa-a-integrar-contran-e-abramet\/","title":{"rendered":"Maranhense Phil Camar\u00e3o passa a integrar Contran e Abramet"},"content":{"rendered":"<figure id=\"attachment_59350\" aria-describedby=\"caption-attachment-59350\" style=\"width: 321px\" class=\"wp-caption alignleft\"><a href=\"https:\/\/www.blogsoestado.com\/danielmatos\/2019\/01\/07\/maranhense-phil-camarao-passa-a-integrar-contran-e-abramet\/phil-abramet\/\" rel=\"attachment wp-att-59350\"><img fetchpriority=\"high\" decoding=\"async\" class=\"size-full wp-image-59350\" src=\"https:\/\/www.blogsoestado.com\/danielmatos\/files\/2019\/01\/phil-abramet.jpg\" alt=\"\" width=\"321\" height=\"448\" \/><\/a><figcaption id=\"caption-attachment-59350\" class=\"wp-caption-text\">Phil Camar\u00e3o foi reconduzido como membro titular da C\u00e2mara Tem\u00e1tica de Sa\u00fade e Meio Ambiente do Contran, representando a Secret\u00e1ria de Estado da Sa\u00fade<\/figcaption><\/figure>\n<p>O m\u00e9dico maranhense Phil Camar\u00e3o foi designado pelo Ministro de Estado das Cidades como membro titular da C\u00e2mara Tem\u00e1tica de Educa\u00e7\u00e3o para o Tr\u00e2nsito, Forma\u00e7\u00e3o e Habilita\u00e7\u00e3o de Condutores do Conselho Nacional de Tr\u00e2nsito (CONTRAN), bi\u00eanio 2019\/2020. Ele tamb\u00e9m passa a ser o representante da Associa\u00e7\u00e3o Brasileira de Medicina de Tr\u00e1fego (ABRAMET) no Maranh\u00e3o por igual per\u00edodo. E foi reconduzido como membro titular da C\u00e2mara Tem\u00e1tica de Sa\u00fade e Meio Ambiente do Contran, representando a Secret\u00e1ria de Estado da Sa\u00fade.<\/p>\n<p>As C\u00e2maras tem\u00e1ticas de todo pa\u00eds t\u00eam como finalidade estudar e oferecer sugest\u00f5es com embasamento t\u00e9cnico e cient\u00edfico consistente sobre assuntos espec\u00edficos para a tomada de decis\u00f5es pelo CONTRAN. Cada C\u00e2mara \u00e9 composta por 18 membros titulares e 18 suplentes para um mandato de dois anos, admitidas recondu\u00e7\u00f5es.<\/p>\n<p>Dirigindo hoje o Centro de Especialidades do PAM Diamante, o m\u00e9dico sabe dos desafios que ter\u00e1 nesses pr\u00f3ximos anos. \u201cEstar na C\u00e2mara Tem\u00e1tica do CONTRAN e na ABRAMET \u00e9, acima de tudo, um sacerd\u00f3cio, pois ali temos como objetivo aprimorar e melhorar a qualifica\u00e7\u00e3o dos profissionais da Medicina do Tr\u00e1fego. Visamos tamb\u00e9m conscientizar e informar a popula\u00e7\u00e3o sobre a import\u00e2ncia de mudan\u00e7a de h\u00e1bitos e atitudes no tr\u00e2nsito, para que tenhamos mais seguran\u00e7a\u201d, disse Phil Camar\u00e3o.<\/p>\n<p>\u00c9 o olhar sobre a capacita\u00e7\u00e3o da classe m\u00e9dica que leva a ABRAMET a zelar pela vida da popula\u00e7\u00e3o atrav\u00e9s dos seus especialistas, na dedica\u00e7\u00e3o ao desenvolvimento de a\u00e7\u00f5es, estudos e pesquisas visando a preven\u00e7\u00e3o de acidentes decorrentes da mobilidade humana.<\/p>\n<p>\u201cOs m\u00e9dicos de Tr\u00e1fego s\u00e3o fundamentais para a educa\u00e7\u00e3o, orienta\u00e7\u00e3o e conscientiza\u00e7\u00e3o do cidad\u00e3o comum no que se refere a Medicina de Tr\u00e1fego. Lutamos pela preserva\u00e7\u00e3o da vida da popula\u00e7\u00e3o no tr\u00e2nsito. Por isso muito nos honra fazer parte da C\u00e2mara Tem\u00e1tica do CONTRAN e da ABRAMET e tamb\u00e9m representar a Secretaria de estado da Sa\u00fade na C\u00e2mara Tem\u00e1tica de Sa\u00fade e Meio Ambiente do CONTRAN\u201d, finalizou o m\u00e9dico Phil Camar\u00e3o.<\/p>\n","protected":false},"excerpt":{"rendered":"<p>O m\u00e9dico maranhense Phil Camar\u00e3o foi designado pelo Ministro de Estado das Cidades como membro titular da C\u00e2mara Tem\u00e1tica de [&hellip;]<\/p>\n","protected":false},"author":0,"featured_media":0,"comment_status":"open","ping_status":"open","sticky":false,"template":"","format":"standard","meta":{"site-sidebar-layout":"default","site-content-layout":"","ast-site-content-layout":"default","site-content-style":"default","site-sidebar-style":"default","ast-global-header-display":"","ast-banner-title-visibility":"","ast-main-header-display":"","ast-hfb-above-header-display":"","ast-hfb-below-header-display":"","ast-hfb-mobile-header-display":"","site-post-title":"","ast-breadcrumbs-content":"","ast-featured-img":"","footer-sml-layout":"","ast-disable-related-posts":"","theme-transparent-header-meta":"","adv-header-id-meta":"","stick-header-meta":"","header-above-stick-meta":"","header-main-stick-meta":"","header-below-stick-meta":"","astra-migrate-meta-layouts":"default","ast-page-background-enabled":"default","ast-page-background-meta":{"desktop":{"background-color":"var(--ast-global-color-5)","background-image":"","background-repeat":"repeat","background-position":"center center","background-size":"auto","background-attachment":"scroll","background-type":"","background-media":"","overlay-type":"","overlay-color":"","overlay-opacity":"","overlay-gradient":""},"tablet":{"background-color":"","background-image":"","background-repeat":"repeat","background-position":"center center","background-size":"auto","background-attachment":"scroll","background-type":"","background-media":"","overlay-type":"","overlay-color":"","overlay-opacity":"","overlay-gradient":""},"mobile":{"background-color":"","background-image":"","background-repeat":"repeat","background-position":"center center","background-size":"auto","background-attachment":"scroll","background-type":"","background-media":"","overlay-type":"","overlay-color":"","overlay-opacity":"","overlay-gradient":""}},"ast-content-background-meta":{"desktop":{"background-color":"var(--ast-global-color-4)","background-image":"","background-repeat":"repeat","background-position":"center center","background-size":"auto","background-attachment":"scroll","background-type":"","background-media":"","overlay-type":"","overlay-color":"","overlay-opacity":"","overlay-gradient":""},"tablet":{"background-color":"var(--ast-global-color-4)","background-image":"","background-repeat":"repeat","background-position":"center center","background-size":"auto","background-attachment":"scroll","background-type":"","background-media":"","overlay-type":"","overlay-color":"","overlay-opacity":"","overlay-gradient":""},"mobile":{"background-color":"var(--ast-global-color-4)","background-image":"","background-repeat":"repeat","background-position":"center center","background-size":"auto","background-attachment":"scroll","background-type":"","background-media":"","overlay-type":"","overlay-color":"","overlay-opacity":"","overlay-gradient":""}},"footnotes":""},"categories":[1],"tags":[],"class_list":["post-59349","post","type-post","status-publish","format-standard","hentry","category-sem-categoria"],"yoast_head":"<!-- This site is optimized with the Yoast SEO plugin v26.6 - https:\/\/yoast.com\/wordpress\/plugins\/seo\/ -->\n<title>Maranhense Phil Camar\u00e3o passa a integrar Contran e Abramet - Daniel Matos<\/title>\n<meta name=\"robots\" content=\"index, follow, max-snippet:-1, max-image-preview:large, max-video-preview:-1\" \/>\n<link rel=\"canonical\" href=\"https:\/\/www.blogsoestado.com\/danielmatos\/maranhense-phil-camarao-passa-a-integrar-contran-e-abramet\/\" \/>\n<meta property=\"og:locale\" content=\"pt_BR\" \/>\n<meta property=\"og:type\" content=\"article\" \/>\n<meta property=\"og:title\" content=\"Maranhense Phil Camar\u00e3o passa a integrar Contran e Abramet - Daniel Matos\" \/>\n<meta property=\"og:description\" content=\"O m\u00e9dico maranhense Phil Camar\u00e3o foi designado pelo Ministro de Estado das Cidades como membro titular da C\u00e2mara Tem\u00e1tica de [&hellip;]\" \/>\n<meta property=\"og:url\" content=\"https:\/\/www.blogsoestado.com\/danielmatos\/maranhense-phil-camarao-passa-a-integrar-contran-e-abramet\/\" \/>\n<meta property=\"og:site_name\" content=\"Daniel Matos\" \/>\n<meta property=\"article:published_time\" content=\"2019-01-07T12:33:44+00:00\" \/>\n<meta property=\"og:image\" content=\"https:\/\/www.blogsoestado.com\/danielmatos\/files\/2019\/01\/phil-abramet.jpg\" \/>\n<meta name=\"twitter:card\" content=\"summary_large_image\" \/>\n<meta name=\"twitter:label1\" content=\"Est. tempo de leitura\" \/>\n\t<meta name=\"twitter:data1\" content=\"2 minutos\" \/>\n<script type=\"application\/ld+json\" class=\"yoast-schema-graph\">{\"@context\":\"https:\/\/schema.org\",\"@graph\":[{\"@type\":\"WebPage\",\"@id\":\"https:\/\/www.blogsoestado.com\/danielmatos\/maranhense-phil-camarao-passa-a-integrar-contran-e-abramet\/\",\"url\":\"https:\/\/www.blogsoestado.com\/danielmatos\/maranhense-phil-camarao-passa-a-integrar-contran-e-abramet\/\",\"name\":\"Maranhense Phil Camar\u00e3o passa a integrar Contran e Abramet - Daniel Matos\",\"isPartOf\":{\"@id\":\"https:\/\/www.blogsoestado.com\/danielmatos\/#website\"},\"primaryImageOfPage\":{\"@id\":\"https:\/\/www.blogsoestado.com\/danielmatos\/maranhense-phil-camarao-passa-a-integrar-contran-e-abramet\/#primaryimage\"},\"image\":{\"@id\":\"https:\/\/www.blogsoestado.com\/danielmatos\/maranhense-phil-camarao-passa-a-integrar-contran-e-abramet\/#primaryimage\"},\"thumbnailUrl\":\"https:\/\/www.blogsoestado.com\/danielmatos\/files\/2019\/01\/phil-abramet.jpg\",\"datePublished\":\"2019-01-07T12:33:44+00:00\",\"author\":{\"@id\":\"\"},\"breadcrumb\":{\"@id\":\"https:\/\/www.blogsoestado.com\/danielmatos\/maranhense-phil-camarao-passa-a-integrar-contran-e-abramet\/#breadcrumb\"},\"inLanguage\":\"pt-BR\",\"potentialAction\":[{\"@type\":\"ReadAction\",\"target\":[\"https:\/\/www.blogsoestado.com\/danielmatos\/maranhense-phil-camarao-passa-a-integrar-contran-e-abramet\/\"]}]},{\"@type\":\"ImageObject\",\"inLanguage\":\"pt-BR\",\"@id\":\"https:\/\/www.blogsoestado.com\/danielmatos\/maranhense-phil-camarao-passa-a-integrar-contran-e-abramet\/#primaryimage\",\"url\":\"https:\/\/www.blogsoestado.com\/danielmatos\/files\/2019\/01\/phil-abramet.jpg\",\"contentUrl\":\"https:\/\/www.blogsoestado.com\/danielmatos\/files\/2019\/01\/phil-abramet.jpg\"},{\"@type\":\"BreadcrumbList\",\"@id\":\"https:\/\/www.blogsoestado.com\/danielmatos\/maranhense-phil-camarao-passa-a-integrar-contran-e-abramet\/#breadcrumb\",\"itemListElement\":[{\"@type\":\"ListItem\",\"position\":1,\"name\":\"In\u00edcio\",\"item\":\"https:\/\/www.blogsoestado.com\/danielmatos\/\"},{\"@type\":\"ListItem\",\"position\":2,\"name\":\"Maranhense Phil Camar\u00e3o passa a integrar Contran e Abramet\"}]},{\"@type\":\"WebSite\",\"@id\":\"https:\/\/www.blogsoestado.com\/danielmatos\/#website\",\"url\":\"https:\/\/www.blogsoestado.com\/danielmatos\/\",\"name\":\"Daniel Matos\",\"description\":\"\",\"potentialAction\":[{\"@type\":\"SearchAction\",\"target\":{\"@type\":\"EntryPoint\",\"urlTemplate\":\"https:\/\/www.blogsoestado.com\/danielmatos\/?s={search_term_string}\"},\"query-input\":{\"@type\":\"PropertyValueSpecification\",\"valueRequired\":true,\"valueName\":\"search_term_string\"}}],\"inLanguage\":\"pt-BR\"}]}<\/script>\n<!-- \/ Yoast SEO plugin. -->","yoast_head_json":{"title":"Maranhense Phil Camar\u00e3o passa a integrar Contran e Abramet - Daniel Matos","robots":{"index":"index","follow":"follow","max-snippet":"max-snippet:-1","max-image-preview":"max-image-preview:large","max-video-preview":"max-video-preview:-1"},"canonical":"https:\/\/www.blogsoestado.com\/danielmatos\/maranhense-phil-camarao-passa-a-integrar-contran-e-abramet\/","og_locale":"pt_BR","og_type":"article","og_title":"Maranhense Phil Camar\u00e3o passa a integrar Contran e Abramet - Daniel Matos","og_description":"O m\u00e9dico maranhense Phil Camar\u00e3o foi designado pelo Ministro de Estado das Cidades como membro titular da C\u00e2mara Tem\u00e1tica de [&hellip;]","og_url":"https:\/\/www.blogsoestado.com\/danielmatos\/maranhense-phil-camarao-passa-a-integrar-contran-e-abramet\/","og_site_name":"Daniel Matos","article_published_time":"2019-01-07T12:33:44+00:00","og_image":[{"url":"https:\/\/www.blogsoestado.com\/danielmatos\/files\/2019\/01\/phil-abramet.jpg","type":"","width":"","height":""}],"twitter_card":"summary_large_image","twitter_misc":{"Est. tempo de leitura":"2 minutos"},"schema":{"@context":"https:\/\/schema.org","@graph":[{"@type":"WebPage","@id":"https:\/\/www.blogsoestado.com\/danielmatos\/maranhense-phil-camarao-passa-a-integrar-contran-e-abramet\/","url":"https:\/\/www.blogsoestado.com\/danielmatos\/maranhense-phil-camarao-passa-a-integrar-contran-e-abramet\/","name":"Maranhense Phil Camar\u00e3o passa a integrar Contran e Abramet - Daniel Matos","isPartOf":{"@id":"https:\/\/www.blogsoestado.com\/danielmatos\/#website"},"primaryImageOfPage":{"@id":"https:\/\/www.blogsoestado.com\/danielmatos\/maranhense-phil-camarao-passa-a-integrar-contran-e-abramet\/#primaryimage"},"image":{"@id":"https:\/\/www.blogsoestado.com\/danielmatos\/maranhense-phil-camarao-passa-a-integrar-contran-e-abramet\/#primaryimage"},"thumbnailUrl":"https:\/\/www.blogsoestado.com\/danielmatos\/files\/2019\/01\/phil-abramet.jpg","datePublished":"2019-01-07T12:33:44+00:00","author":{"@id":""},"breadcrumb":{"@id":"https:\/\/www.blogsoestado.com\/danielmatos\/maranhense-phil-camarao-passa-a-integrar-contran-e-abramet\/#breadcrumb"},"inLanguage":"pt-BR","potentialAction":[{"@type":"ReadAction","target":["https:\/\/www.blogsoestado.com\/danielmatos\/maranhense-phil-camarao-passa-a-integrar-contran-e-abramet\/"]}]},{"@type":"ImageObject","inLanguage":"pt-BR","@id":"https:\/\/www.blogsoestado.com\/danielmatos\/maranhense-phil-camarao-passa-a-integrar-contran-e-abramet\/#primaryimage","url":"https:\/\/www.blogsoestado.com\/danielmatos\/files\/2019\/01\/phil-abramet.jpg","contentUrl":"https:\/\/www.blogsoestado.com\/danielmatos\/files\/2019\/01\/phil-abramet.jpg"},{"@type":"BreadcrumbList","@id":"https:\/\/www.blogsoestado.com\/danielmatos\/maranhense-phil-camarao-passa-a-integrar-contran-e-abramet\/#breadcrumb","itemListElement":[{"@type":"ListItem","position":1,"name":"In\u00edcio","item":"https:\/\/www.blogsoestado.com\/danielmatos\/"},{"@type":"ListItem","position":2,"name":"Maranhense Phil Camar\u00e3o passa a integrar Contran e Abramet"}]},{"@type":"WebSite","@id":"https:\/\/www.blogsoestado.com\/danielmatos\/#website","url":"https:\/\/www.blogsoestado.com\/danielmatos\/","name":"Daniel Matos","description":"","potentialAction":[{"@type":"SearchAction","target":{"@type":"EntryPoint","urlTemplate":"https:\/\/www.blogsoestado.com\/danielmatos\/?s={search_term_string}"},"query-input":{"@type":"PropertyValueSpecification","valueRequired":true,"valueName":"search_term_string"}}],"inLanguage":"pt-BR"}]}},"jetpack_featured_media_url":"","_links":{"self":[{"href":"https:\/\/www.blogsoestado.com\/danielmatos\/wp-json\/wp\/v2\/posts\/59349","targetHints":{"allow":["GET"]}}],"collection":[{"href":"https:\/\/www.blogsoestado.com\/danielmatos\/wp-json\/wp\/v2\/posts"}],"about":[{"href":"https:\/\/www.blogsoestado.com\/danielmatos\/wp-json\/wp\/v2\/types\/post"}],"replies":[{"embeddable":true,"href":"https:\/\/www.blogsoestado.com\/danielmatos\/wp-json\/wp\/v2\/comments?post=59349"}],"version-history":[{"count":0,"href":"https:\/\/www.blogsoestado.com\/danielmatos\/wp-json\/wp\/v2\/posts\/59349\/revisions"}],"wp:attachment":[{"href":"https:\/\/www.blogsoestado.com\/danielmatos\/wp-json\/wp\/v2\/media?parent=59349"}],"wp:term":[{"taxonomy":"category","embeddable":true,"href":"https:\/\/www.blogsoestado.com\/danielmatos\/wp-json\/wp\/v2\/categories?post=59349"},{"taxonomy":"post_tag","embeddable":true,"href":"https:\/\/www.blogsoestado.com\/danielmatos\/wp-json\/wp\/v2\/tags?post=59349"}],"curies":[{"name":"wp","href":"https:\/\/api.w.org\/{rel}","templated":true}]}}