{"id":59353,"date":"2019-01-07T10:50:42","date_gmt":"2019-01-07T13:50:42","guid":{"rendered":"https:\/\/www.blogsoestado.com\/danielmatos\/?p=59353"},"modified":"2019-01-07T10:50:42","modified_gmt":"2019-01-07T13:50:42","slug":"marcial-lima-denuncia-buraqueira-deixada-em-ruas-e-avenidas-por-empresas-terceirizadas","status":"publish","type":"post","link":"https:\/\/www.blogsoestado.com\/danielmatos\/marcial-lima-denuncia-buraqueira-deixada-em-ruas-e-avenidas-por-empresas-terceirizadas\/","title":{"rendered":"Marcial Lima denuncia buraqueira deixada em ruas e avenidas por empresas terceirizadas"},"content":{"rendered":"<figure id=\"attachment_59355\" aria-describedby=\"caption-attachment-59355\" style=\"width: 450px\" class=\"wp-caption alignleft\"><a href=\"https:\/\/www.blogsoestado.com\/danielmatos\/2019\/01\/07\/marcial-lima-denuncia-buraqueira-deixada-em-ruas-e-avenidas-por-empresas-terceirizadas\/marcial-buracos\/\" rel=\"attachment wp-att-59355\"><img fetchpriority=\"high\" decoding=\"async\" class=\"wp-image-59355\" src=\"https:\/\/www.blogsoestado.com\/danielmatos\/files\/2019\/01\/marcial-buracos.jpg\" alt=\"\" width=\"450\" height=\"276\" \/><\/a><figcaption id=\"caption-attachment-59355\" class=\"wp-caption-text\">Marcial Lima alerta para vala escavada no acostamento da Avenida S\u00e3o Lu\u00eds Rei de Fran\u00e7a, que representa risco ao tr\u00e2nsito<\/figcaption><\/figure>\n<p>O vereador Marcial Lima (PRTB) denunciou, em suas redes sociais, a danifica\u00e7\u00e3o de vias p\u00fablicas de S\u00e3o Lu\u00eds por empresas terceirizadas de telefonia e de abastecimento de \u00e1gua e saneamento. O parlamentar alertou que em muitos servi\u00e7os as referidas empresas quebram o pavimento e a camada asf\u00e1ltica n\u00e3o \u00e9 resposta, restando a buraqueira e todos os transtornos decorrentes desse problema de infraestrutura.<\/p>\n<p>Marcial Lima tomou com exemplo a obra realizada pela operadora Vivo na Rua Ja\u00fa, no Conjunto Habitacional Turu. Ap\u00f3s removerem parte do asfalto da via para instala\u00e7\u00e3o de uma rede de cabos subterr\u00e2neos, oper\u00e1rios e t\u00e9cnicos da empresa taparam os buracos com concreto de m\u00e1 qualidade. Resultado: ano ao patrim\u00f4nio p\u00fablico, preju\u00edzo \u00e1 mobilidade e risco de acidentes.<\/p>\n<p>O vereador ressaltou que est\u00e1 cumprindo o seu papel de fiscalizar a cidade e advertiu a Prefeitura de S\u00e3o Lu\u00eds quanto a necessidade de acertar previamente com as terceirizadas o devido reparo das vias ap\u00f3s as interven\u00e7\u00f5es. &#8220;A Prefeitura deve marcar presen\u00e7a nos bairros onde h\u00e1 esse tipo de problema para que sejam tomadas as devidas provid\u00eancias&#8221;, defende, conclamando os cidad\u00e3os a apresentarem suas reclama\u00e7\u00f5es\u00a0via redes sociais e demais canais dispon\u00edveis.<\/p>\n<p>Marcial Lima alertou, ainda, que a situa\u00e7\u00e3o tende a se agravar com a intensifica\u00e7\u00e3o do per\u00edodo chuvoso.<\/p>\n<p><strong>Acostamento<\/strong><\/p>\n<p>O representante do parlamento municipal tamb\u00e9m chamou aten\u00e7\u00e3o da prefeitura e at\u00e9 mesmo do Minist\u00e9rio P\u00fablico para a escava\u00e7\u00e3o do acostamento da Avenida S\u00e3o Lu\u00eds Rei de Fran\u00e7a, nas imedia\u00e7\u00f5es da Fribal. Ele denunciou que a vala escavada junto \u00e0 cal\u00e7ada da movimentada avenida n\u00e3o tem qualquer sinaliza\u00e7\u00e3o, o que representa perigo de acidentes, principalmente \u00e0 noite. &#8220;Um motorista pode perder um pneu ao cair nessa vala&#8221;, adverte.<\/p>\n<p>Marcial citou, ainda, a Rua das Cegonhas, no Olho d&#8217;\u00c1gua, que tamb\u00e9m foi escavada e jamais foi recuperada pela empresa executora da obra, restando aos moradores e demais pessoas que por ali circulam uma via quase intrafeg\u00e1vel. &#8220;N\u00e3o sou contra as obras executadas por essas empresas, mas \u00e9 preciso evitar os transtornos&#8221;, observou.<\/p>\n<p>Assista ao v\u00eddeo:<\/p>\n<div class=\"fb-video\" data-allowfullscreen=\"true\" data-href=\"https:\/\/www.facebook.com\/marciallima2\/videos\/1033153636892851\/\" style=\"background-color: #fff; display: inline-block;\"><\/div>\n","protected":false},"excerpt":{"rendered":"<p>O vereador Marcial Lima (PRTB) denunciou, em suas redes sociais, a danifica\u00e7\u00e3o de vias p\u00fablicas de S\u00e3o Lu\u00eds por empresas [&hellip;]<\/p>\n","protected":false},"author":0,"featured_media":0,"comment_status":"open","ping_status":"open","sticky":false,"template":"","format":"standard","meta":{"site-sidebar-layout":"default","site-content-layout":"","ast-site-content-layout":"default","site-content-style":"default","site-sidebar-style":"default","ast-global-header-display":"","ast-banner-title-visibility":"","ast-main-header-display":"","ast-hfb-above-header-display":"","ast-hfb-below-header-display":"","ast-hfb-mobile-header-display":"","site-post-title":"","ast-breadcrumbs-content":"","ast-featured-img":"","footer-sml-layout":"","ast-disable-related-posts":"","theme-transparent-header-meta":"","adv-header-id-meta":"","stick-header-meta":"","header-above-stick-meta":"","header-main-stick-meta":"","header-below-stick-meta":"","astra-migrate-meta-layouts":"default","ast-page-background-enabled":"default","ast-page-background-meta":{"desktop":{"background-color":"var(--ast-global-color-5)","background-image":"","background-repeat":"repeat","background-position":"center center","background-size":"auto","background-attachment":"scroll","background-type":"","background-media":"","overlay-type":"","overlay-color":"","overlay-opacity":"","overlay-gradient":""},"tablet":{"background-color":"","background-image":"","background-repeat":"repeat","background-position":"center center","background-size":"auto","background-attachment":"scroll","background-type":"","background-media":"","overlay-type":"","overlay-color":"","overlay-opacity":"","overlay-gradient":""},"mobile":{"background-color":"","background-image":"","background-repeat":"repeat","background-position":"center center","background-size":"auto","background-attachment":"scroll","background-type":"","background-media":"","overlay-type":"","overlay-color":"","overlay-opacity":"","overlay-gradient":""}},"ast-content-background-meta":{"desktop":{"background-color":"var(--ast-global-color-4)","background-image":"","background-repeat":"repeat","background-position":"center center","background-size":"auto","background-attachment":"scroll","background-type":"","background-media":"","overlay-type":"","overlay-color":"","overlay-opacity":"","overlay-gradient":""},"tablet":{"background-color":"var(--ast-global-color-4)","background-image":"","background-repeat":"repeat","background-position":"center center","background-size":"auto","background-attachment":"scroll","background-type":"","background-media":"","overlay-type":"","overlay-color":"","overlay-opacity":"","overlay-gradient":""},"mobile":{"background-color":"var(--ast-global-color-4)","background-image":"","background-repeat":"repeat","background-position":"center center","background-size":"auto","background-attachment":"scroll","background-type":"","background-media":"","overlay-type":"","overlay-color":"","overlay-opacity":"","overlay-gradient":""}},"footnotes":""},"categories":[1],"tags":[],"class_list":["post-59353","post","type-post","status-publish","format-standard","hentry","category-sem-categoria"],"yoast_head":"<!-- This site is optimized with the Yoast SEO plugin v26.6 - https:\/\/yoast.com\/wordpress\/plugins\/seo\/ -->\n<title>Marcial Lima denuncia buraqueira deixada em ruas e avenidas por empresas terceirizadas - Daniel Matos<\/title>\n<meta name=\"robots\" content=\"index, follow, max-snippet:-1, max-image-preview:large, max-video-preview:-1\" \/>\n<link rel=\"canonical\" href=\"https:\/\/www.blogsoestado.com\/danielmatos\/marcial-lima-denuncia-buraqueira-deixada-em-ruas-e-avenidas-por-empresas-terceirizadas\/\" \/>\n<meta property=\"og:locale\" content=\"pt_BR\" \/>\n<meta property=\"og:type\" content=\"article\" \/>\n<meta property=\"og:title\" content=\"Marcial Lima denuncia buraqueira deixada em ruas e avenidas por empresas terceirizadas - Daniel Matos\" \/>\n<meta property=\"og:description\" content=\"O vereador Marcial Lima (PRTB) denunciou, em suas redes sociais, a danifica\u00e7\u00e3o de vias p\u00fablicas de S\u00e3o Lu\u00eds por empresas [&hellip;]\" \/>\n<meta property=\"og:url\" content=\"https:\/\/www.blogsoestado.com\/danielmatos\/marcial-lima-denuncia-buraqueira-deixada-em-ruas-e-avenidas-por-empresas-terceirizadas\/\" \/>\n<meta property=\"og:site_name\" content=\"Daniel Matos\" \/>\n<meta property=\"article:published_time\" content=\"2019-01-07T13:50:42+00:00\" \/>\n<meta property=\"og:image\" content=\"https:\/\/www.blogsoestado.com\/danielmatos\/files\/2019\/01\/marcial-buracos.jpg\" \/>\n<meta name=\"twitter:card\" content=\"summary_large_image\" \/>\n<meta name=\"twitter:label1\" content=\"Est. tempo de leitura\" \/>\n\t<meta name=\"twitter:data1\" content=\"2 minutos\" \/>\n<script type=\"application\/ld+json\" class=\"yoast-schema-graph\">{\"@context\":\"https:\/\/schema.org\",\"@graph\":[{\"@type\":\"WebPage\",\"@id\":\"https:\/\/www.blogsoestado.com\/danielmatos\/marcial-lima-denuncia-buraqueira-deixada-em-ruas-e-avenidas-por-empresas-terceirizadas\/\",\"url\":\"https:\/\/www.blogsoestado.com\/danielmatos\/marcial-lima-denuncia-buraqueira-deixada-em-ruas-e-avenidas-por-empresas-terceirizadas\/\",\"name\":\"Marcial Lima denuncia buraqueira deixada em ruas e avenidas por empresas terceirizadas - Daniel Matos\",\"isPartOf\":{\"@id\":\"https:\/\/www.blogsoestado.com\/danielmatos\/#website\"},\"primaryImageOfPage\":{\"@id\":\"https:\/\/www.blogsoestado.com\/danielmatos\/marcial-lima-denuncia-buraqueira-deixada-em-ruas-e-avenidas-por-empresas-terceirizadas\/#primaryimage\"},\"image\":{\"@id\":\"https:\/\/www.blogsoestado.com\/danielmatos\/marcial-lima-denuncia-buraqueira-deixada-em-ruas-e-avenidas-por-empresas-terceirizadas\/#primaryimage\"},\"thumbnailUrl\":\"https:\/\/www.blogsoestado.com\/danielmatos\/files\/2019\/01\/marcial-buracos.jpg\",\"datePublished\":\"2019-01-07T13:50:42+00:00\",\"author\":{\"@id\":\"\"},\"breadcrumb\":{\"@id\":\"https:\/\/www.blogsoestado.com\/danielmatos\/marcial-lima-denuncia-buraqueira-deixada-em-ruas-e-avenidas-por-empresas-terceirizadas\/#breadcrumb\"},\"inLanguage\":\"pt-BR\",\"potentialAction\":[{\"@type\":\"ReadAction\",\"target\":[\"https:\/\/www.blogsoestado.com\/danielmatos\/marcial-lima-denuncia-buraqueira-deixada-em-ruas-e-avenidas-por-empresas-terceirizadas\/\"]}]},{\"@type\":\"ImageObject\",\"inLanguage\":\"pt-BR\",\"@id\":\"https:\/\/www.blogsoestado.com\/danielmatos\/marcial-lima-denuncia-buraqueira-deixada-em-ruas-e-avenidas-por-empresas-terceirizadas\/#primaryimage\",\"url\":\"https:\/\/www.blogsoestado.com\/danielmatos\/files\/2019\/01\/marcial-buracos.jpg\",\"contentUrl\":\"https:\/\/www.blogsoestado.com\/danielmatos\/files\/2019\/01\/marcial-buracos.jpg\"},{\"@type\":\"BreadcrumbList\",\"@id\":\"https:\/\/www.blogsoestado.com\/danielmatos\/marcial-lima-denuncia-buraqueira-deixada-em-ruas-e-avenidas-por-empresas-terceirizadas\/#breadcrumb\",\"itemListElement\":[{\"@type\":\"ListItem\",\"position\":1,\"name\":\"In\u00edcio\",\"item\":\"https:\/\/www.blogsoestado.com\/danielmatos\/\"},{\"@type\":\"ListItem\",\"position\":2,\"name\":\"Marcial Lima denuncia buraqueira deixada em ruas e avenidas por empresas terceirizadas\"}]},{\"@type\":\"WebSite\",\"@id\":\"https:\/\/www.blogsoestado.com\/danielmatos\/#website\",\"url\":\"https:\/\/www.blogsoestado.com\/danielmatos\/\",\"name\":\"Daniel Matos\",\"description\":\"\",\"potentialAction\":[{\"@type\":\"SearchAction\",\"target\":{\"@type\":\"EntryPoint\",\"urlTemplate\":\"https:\/\/www.blogsoestado.com\/danielmatos\/?s={search_term_string}\"},\"query-input\":{\"@type\":\"PropertyValueSpecification\",\"valueRequired\":true,\"valueName\":\"search_term_string\"}}],\"inLanguage\":\"pt-BR\"}]}<\/script>\n<!-- \/ Yoast SEO plugin. -->","yoast_head_json":{"title":"Marcial Lima denuncia buraqueira deixada em ruas e avenidas por empresas terceirizadas - Daniel Matos","robots":{"index":"index","follow":"follow","max-snippet":"max-snippet:-1","max-image-preview":"max-image-preview:large","max-video-preview":"max-video-preview:-1"},"canonical":"https:\/\/www.blogsoestado.com\/danielmatos\/marcial-lima-denuncia-buraqueira-deixada-em-ruas-e-avenidas-por-empresas-terceirizadas\/","og_locale":"pt_BR","og_type":"article","og_title":"Marcial Lima denuncia buraqueira deixada em ruas e avenidas por empresas terceirizadas - Daniel Matos","og_description":"O vereador Marcial Lima (PRTB) denunciou, em suas redes sociais, a danifica\u00e7\u00e3o de vias p\u00fablicas de S\u00e3o Lu\u00eds por empresas [&hellip;]","og_url":"https:\/\/www.blogsoestado.com\/danielmatos\/marcial-lima-denuncia-buraqueira-deixada-em-ruas-e-avenidas-por-empresas-terceirizadas\/","og_site_name":"Daniel Matos","article_published_time":"2019-01-07T13:50:42+00:00","og_image":[{"url":"https:\/\/www.blogsoestado.com\/danielmatos\/files\/2019\/01\/marcial-buracos.jpg","type":"","width":"","height":""}],"twitter_card":"summary_large_image","twitter_misc":{"Est. tempo de leitura":"2 minutos"},"schema":{"@context":"https:\/\/schema.org","@graph":[{"@type":"WebPage","@id":"https:\/\/www.blogsoestado.com\/danielmatos\/marcial-lima-denuncia-buraqueira-deixada-em-ruas-e-avenidas-por-empresas-terceirizadas\/","url":"https:\/\/www.blogsoestado.com\/danielmatos\/marcial-lima-denuncia-buraqueira-deixada-em-ruas-e-avenidas-por-empresas-terceirizadas\/","name":"Marcial Lima denuncia buraqueira deixada em ruas e avenidas por empresas terceirizadas - Daniel Matos","isPartOf":{"@id":"https:\/\/www.blogsoestado.com\/danielmatos\/#website"},"primaryImageOfPage":{"@id":"https:\/\/www.blogsoestado.com\/danielmatos\/marcial-lima-denuncia-buraqueira-deixada-em-ruas-e-avenidas-por-empresas-terceirizadas\/#primaryimage"},"image":{"@id":"https:\/\/www.blogsoestado.com\/danielmatos\/marcial-lima-denuncia-buraqueira-deixada-em-ruas-e-avenidas-por-empresas-terceirizadas\/#primaryimage"},"thumbnailUrl":"https:\/\/www.blogsoestado.com\/danielmatos\/files\/2019\/01\/marcial-buracos.jpg","datePublished":"2019-01-07T13:50:42+00:00","author":{"@id":""},"breadcrumb":{"@id":"https:\/\/www.blogsoestado.com\/danielmatos\/marcial-lima-denuncia-buraqueira-deixada-em-ruas-e-avenidas-por-empresas-terceirizadas\/#breadcrumb"},"inLanguage":"pt-BR","potentialAction":[{"@type":"ReadAction","target":["https:\/\/www.blogsoestado.com\/danielmatos\/marcial-lima-denuncia-buraqueira-deixada-em-ruas-e-avenidas-por-empresas-terceirizadas\/"]}]},{"@type":"ImageObject","inLanguage":"pt-BR","@id":"https:\/\/www.blogsoestado.com\/danielmatos\/marcial-lima-denuncia-buraqueira-deixada-em-ruas-e-avenidas-por-empresas-terceirizadas\/#primaryimage","url":"https:\/\/www.blogsoestado.com\/danielmatos\/files\/2019\/01\/marcial-buracos.jpg","contentUrl":"https:\/\/www.blogsoestado.com\/danielmatos\/files\/2019\/01\/marcial-buracos.jpg"},{"@type":"BreadcrumbList","@id":"https:\/\/www.blogsoestado.com\/danielmatos\/marcial-lima-denuncia-buraqueira-deixada-em-ruas-e-avenidas-por-empresas-terceirizadas\/#breadcrumb","itemListElement":[{"@type":"ListItem","position":1,"name":"In\u00edcio","item":"https:\/\/www.blogsoestado.com\/danielmatos\/"},{"@type":"ListItem","position":2,"name":"Marcial Lima denuncia buraqueira deixada em ruas e avenidas por empresas terceirizadas"}]},{"@type":"WebSite","@id":"https:\/\/www.blogsoestado.com\/danielmatos\/#website","url":"https:\/\/www.blogsoestado.com\/danielmatos\/","name":"Daniel Matos","description":"","potentialAction":[{"@type":"SearchAction","target":{"@type":"EntryPoint","urlTemplate":"https:\/\/www.blogsoestado.com\/danielmatos\/?s={search_term_string}"},"query-input":{"@type":"PropertyValueSpecification","valueRequired":true,"valueName":"search_term_string"}}],"inLanguage":"pt-BR"}]}},"jetpack_featured_media_url":"","_links":{"self":[{"href":"https:\/\/www.blogsoestado.com\/danielmatos\/wp-json\/wp\/v2\/posts\/59353","targetHints":{"allow":["GET"]}}],"collection":[{"href":"https:\/\/www.blogsoestado.com\/danielmatos\/wp-json\/wp\/v2\/posts"}],"about":[{"href":"https:\/\/www.blogsoestado.com\/danielmatos\/wp-json\/wp\/v2\/types\/post"}],"replies":[{"embeddable":true,"href":"https:\/\/www.blogsoestado.com\/danielmatos\/wp-json\/wp\/v2\/comments?post=59353"}],"version-history":[{"count":0,"href":"https:\/\/www.blogsoestado.com\/danielmatos\/wp-json\/wp\/v2\/posts\/59353\/revisions"}],"wp:attachment":[{"href":"https:\/\/www.blogsoestado.com\/danielmatos\/wp-json\/wp\/v2\/media?parent=59353"}],"wp:term":[{"taxonomy":"category","embeddable":true,"href":"https:\/\/www.blogsoestado.com\/danielmatos\/wp-json\/wp\/v2\/categories?post=59353"},{"taxonomy":"post_tag","embeddable":true,"href":"https:\/\/www.blogsoestado.com\/danielmatos\/wp-json\/wp\/v2\/tags?post=59353"}],"curies":[{"name":"wp","href":"https:\/\/api.w.org\/{rel}","templated":true}]}}