{"id":59363,"date":"2019-01-07T16:29:06","date_gmt":"2019-01-07T19:29:06","guid":{"rendered":"https:\/\/www.blogsoestado.com\/danielmatos\/?p=59363"},"modified":"2019-01-07T16:29:06","modified_gmt":"2019-01-07T19:29:06","slug":"deputado-wellington-presta-solidariedade-as-familias-de-adolescentes-executados-na-zona-rural-de-sao-luis","status":"publish","type":"post","link":"https:\/\/www.blogsoestado.com\/danielmatos\/deputado-wellington-presta-solidariedade-as-familias-de-adolescentes-executados-na-zona-rural-de-sao-luis\/","title":{"rendered":"Deputado Wellington presta solidariedade \u00e0s fam\u00edlias de adolescentes executados na zona rural de S\u00e3o Lu\u00eds"},"content":{"rendered":"<figure id=\"attachment_59364\" aria-describedby=\"caption-attachment-59364\" style=\"width: 640px\" class=\"wp-caption aligncenter\"><a href=\"https:\/\/www.blogsoestado.com\/danielmatos\/2019\/01\/07\/deputado-wellington-presta-solidariedade-as-familias-de-adolescentes-executados-na-zona-rural-de-sao-luis\/w-chacina\/\" rel=\"attachment wp-att-59364\"><img fetchpriority=\"high\" decoding=\"async\" class=\"size-full wp-image-59364\" src=\"https:\/\/www.blogsoestado.com\/danielmatos\/files\/2019\/01\/w-chacina.jpg\" alt=\"\" width=\"640\" height=\"480\" \/><\/a><figcaption id=\"caption-attachment-59364\" class=\"wp-caption-text\">Wellington levou palavra de conforto a familiares das v\u00edtimas e prometeu acompanhar investiga\u00e7\u00f5es e cobrar elucida\u00e7\u00e3o do crime<\/figcaption><\/figure>\n<p>O deputado estadual Wellington do Curso esteve na comunidade de Mato Grosso e Coquilho, zona rural de S\u00e3o Lu\u00eds, para se solidarizar com familiares e amigos dos adolescentes que foram executados. De acordo com as informa\u00e7\u00f5es, os tr\u00eas rapazes foram mortos a tiros em uma \u00e1rea de mangue nas proximidades da constru\u00e7\u00e3o de um residencial do Minha Casa, Minha Vida, no povoado Mato Grosso. Eles foram identificados como Gustavo Feitosa Monroe, de 17 anos, Joanderson da Silva Diniz, de 17 anos, e Gildean Castro Silva, 14 anos.<\/p>\n<p>Ao se posicionar sobre o caso, o deputado Wellington afirmou que estar\u00e1 acompanhando as investiga\u00e7\u00f5es para que o crime n\u00e3o fique impune.<\/p>\n<figure id=\"attachment_59365\" aria-describedby=\"caption-attachment-59365\" style=\"width: 480px\" class=\"wp-caption aligncenter\"><a href=\"https:\/\/www.blogsoestado.com\/danielmatos\/2019\/01\/07\/deputado-wellington-presta-solidariedade-as-familias-de-adolescentes-executados-na-zona-rural-de-sao-luis\/w-chacina2\/\" rel=\"attachment wp-att-59365\"><img decoding=\"async\" class=\"size-full wp-image-59365\" src=\"https:\/\/www.blogsoestado.com\/danielmatos\/files\/2019\/01\/w-chacina2.jpg\" alt=\"\" width=\"480\" height=\"480\" \/><\/a><figcaption id=\"caption-attachment-59365\" class=\"wp-caption-text\">Gustavo, Joanderson e Gildean foram mortos barbaramente na zona rural<\/figcaption><\/figure>\n<p>\u201cUma verdadeira trag\u00e9dia na zona rural de S\u00e3o Luis. Acabaram n\u00e3o apenas com a vida desses tr\u00eas jovens, mas tamb\u00e9m destru\u00edram essas fam\u00edlias que agora ter\u00e3o que conviver com esse vazio. Infelizmente, n\u00e3o h\u00e1 coisa alguma que possamos fazer para trazer a vida deles de volta. Resta pedir a Deus que console os cora\u00e7\u00f5es dos familiares e amigos e nos empenharmos para que as investiga\u00e7\u00f5es nos permitam identificar quem cometeu essa chacina. Nos solidarizamos com familiares e amigos, e rogamos a Deus que conforte os cora\u00e7\u00f5es dos entes queridos e que na Sua benevol\u00eancia, receba estes jovens de bra\u00e7os abertos\u201d, disse Wellington.<\/p>\n<p>Ainda na comunidade, o deputado Wellington participou de reuni\u00e3o que contou com a presen\u00e7a de populares, do Secret\u00e1rio de Seguran\u00e7a P\u00fablica do Estado do Maranh\u00e3o e, tamb\u00e9m, do Secret\u00e1rio de Direitos Humanos.<\/p>\n","protected":false},"excerpt":{"rendered":"<p>O deputado estadual Wellington do Curso esteve na comunidade de Mato Grosso e Coquilho, zona rural de S\u00e3o Lu\u00eds, para [&hellip;]<\/p>\n","protected":false},"author":0,"featured_media":0,"comment_status":"open","ping_status":"open","sticky":false,"template":"","format":"standard","meta":{"site-sidebar-layout":"default","site-content-layout":"","ast-site-content-layout":"default","site-content-style":"default","site-sidebar-style":"default","ast-global-header-display":"","ast-banner-title-visibility":"","ast-main-header-display":"","ast-hfb-above-header-display":"","ast-hfb-below-header-display":"","ast-hfb-mobile-header-display":"","site-post-title":"","ast-breadcrumbs-content":"","ast-featured-img":"","footer-sml-layout":"","ast-disable-related-posts":"","theme-transparent-header-meta":"","adv-header-id-meta":"","stick-header-meta":"","header-above-stick-meta":"","header-main-stick-meta":"","header-below-stick-meta":"","astra-migrate-meta-layouts":"default","ast-page-background-enabled":"default","ast-page-background-meta":{"desktop":{"background-color":"var(--ast-global-color-5)","background-image":"","background-repeat":"repeat","background-position":"center center","background-size":"auto","background-attachment":"scroll","background-type":"","background-media":"","overlay-type":"","overlay-color":"","overlay-opacity":"","overlay-gradient":""},"tablet":{"background-color":"","background-image":"","background-repeat":"repeat","background-position":"center center","background-size":"auto","background-attachment":"scroll","background-type":"","background-media":"","overlay-type":"","overlay-color":"","overlay-opacity":"","overlay-gradient":""},"mobile":{"background-color":"","background-image":"","background-repeat":"repeat","background-position":"center center","background-size":"auto","background-attachment":"scroll","background-type":"","background-media":"","overlay-type":"","overlay-color":"","overlay-opacity":"","overlay-gradient":""}},"ast-content-background-meta":{"desktop":{"background-color":"var(--ast-global-color-4)","background-image":"","background-repeat":"repeat","background-position":"center center","background-size":"auto","background-attachment":"scroll","background-type":"","background-media":"","overlay-type":"","overlay-color":"","overlay-opacity":"","overlay-gradient":""},"tablet":{"background-color":"var(--ast-global-color-4)","background-image":"","background-repeat":"repeat","background-position":"center center","background-size":"auto","background-attachment":"scroll","background-type":"","background-media":"","overlay-type":"","overlay-color":"","overlay-opacity":"","overlay-gradient":""},"mobile":{"background-color":"var(--ast-global-color-4)","background-image":"","background-repeat":"repeat","background-position":"center center","background-size":"auto","background-attachment":"scroll","background-type":"","background-media":"","overlay-type":"","overlay-color":"","overlay-opacity":"","overlay-gradient":""}},"footnotes":""},"categories":[1],"tags":[],"class_list":["post-59363","post","type-post","status-publish","format-standard","hentry","category-sem-categoria"],"yoast_head":"<!-- This site is optimized with the Yoast SEO plugin v26.6 - https:\/\/yoast.com\/wordpress\/plugins\/seo\/ -->\n<title>Deputado Wellington presta solidariedade \u00e0s fam\u00edlias de adolescentes executados na zona rural de S\u00e3o Lu\u00eds - Daniel Matos<\/title>\n<meta name=\"robots\" content=\"index, follow, max-snippet:-1, max-image-preview:large, max-video-preview:-1\" \/>\n<link rel=\"canonical\" href=\"https:\/\/www.blogsoestado.com\/danielmatos\/deputado-wellington-presta-solidariedade-as-familias-de-adolescentes-executados-na-zona-rural-de-sao-luis\/\" \/>\n<meta property=\"og:locale\" content=\"pt_BR\" \/>\n<meta property=\"og:type\" content=\"article\" \/>\n<meta property=\"og:title\" content=\"Deputado Wellington presta solidariedade \u00e0s fam\u00edlias de adolescentes executados na zona rural de S\u00e3o Lu\u00eds - Daniel Matos\" \/>\n<meta property=\"og:description\" content=\"O deputado estadual Wellington do Curso esteve na comunidade de Mato Grosso e Coquilho, zona rural de S\u00e3o Lu\u00eds, para [&hellip;]\" \/>\n<meta property=\"og:url\" content=\"https:\/\/www.blogsoestado.com\/danielmatos\/deputado-wellington-presta-solidariedade-as-familias-de-adolescentes-executados-na-zona-rural-de-sao-luis\/\" \/>\n<meta property=\"og:site_name\" content=\"Daniel Matos\" \/>\n<meta property=\"article:published_time\" content=\"2019-01-07T19:29:06+00:00\" \/>\n<meta property=\"og:image\" content=\"https:\/\/www.blogsoestado.com\/danielmatos\/files\/2019\/01\/w-chacina.jpg\" \/>\n<meta name=\"twitter:card\" content=\"summary_large_image\" \/>\n<meta name=\"twitter:label1\" content=\"Est. tempo de leitura\" \/>\n\t<meta name=\"twitter:data1\" content=\"2 minutos\" \/>\n<script type=\"application\/ld+json\" class=\"yoast-schema-graph\">{\"@context\":\"https:\/\/schema.org\",\"@graph\":[{\"@type\":\"WebPage\",\"@id\":\"https:\/\/www.blogsoestado.com\/danielmatos\/deputado-wellington-presta-solidariedade-as-familias-de-adolescentes-executados-na-zona-rural-de-sao-luis\/\",\"url\":\"https:\/\/www.blogsoestado.com\/danielmatos\/deputado-wellington-presta-solidariedade-as-familias-de-adolescentes-executados-na-zona-rural-de-sao-luis\/\",\"name\":\"Deputado Wellington presta solidariedade \u00e0s fam\u00edlias de adolescentes executados na zona rural de S\u00e3o Lu\u00eds - Daniel Matos\",\"isPartOf\":{\"@id\":\"https:\/\/www.blogsoestado.com\/danielmatos\/#website\"},\"primaryImageOfPage\":{\"@id\":\"https:\/\/www.blogsoestado.com\/danielmatos\/deputado-wellington-presta-solidariedade-as-familias-de-adolescentes-executados-na-zona-rural-de-sao-luis\/#primaryimage\"},\"image\":{\"@id\":\"https:\/\/www.blogsoestado.com\/danielmatos\/deputado-wellington-presta-solidariedade-as-familias-de-adolescentes-executados-na-zona-rural-de-sao-luis\/#primaryimage\"},\"thumbnailUrl\":\"https:\/\/www.blogsoestado.com\/danielmatos\/files\/2019\/01\/w-chacina.jpg\",\"datePublished\":\"2019-01-07T19:29:06+00:00\",\"author\":{\"@id\":\"\"},\"breadcrumb\":{\"@id\":\"https:\/\/www.blogsoestado.com\/danielmatos\/deputado-wellington-presta-solidariedade-as-familias-de-adolescentes-executados-na-zona-rural-de-sao-luis\/#breadcrumb\"},\"inLanguage\":\"pt-BR\",\"potentialAction\":[{\"@type\":\"ReadAction\",\"target\":[\"https:\/\/www.blogsoestado.com\/danielmatos\/deputado-wellington-presta-solidariedade-as-familias-de-adolescentes-executados-na-zona-rural-de-sao-luis\/\"]}]},{\"@type\":\"ImageObject\",\"inLanguage\":\"pt-BR\",\"@id\":\"https:\/\/www.blogsoestado.com\/danielmatos\/deputado-wellington-presta-solidariedade-as-familias-de-adolescentes-executados-na-zona-rural-de-sao-luis\/#primaryimage\",\"url\":\"https:\/\/www.blogsoestado.com\/danielmatos\/files\/2019\/01\/w-chacina.jpg\",\"contentUrl\":\"https:\/\/www.blogsoestado.com\/danielmatos\/files\/2019\/01\/w-chacina.jpg\"},{\"@type\":\"BreadcrumbList\",\"@id\":\"https:\/\/www.blogsoestado.com\/danielmatos\/deputado-wellington-presta-solidariedade-as-familias-de-adolescentes-executados-na-zona-rural-de-sao-luis\/#breadcrumb\",\"itemListElement\":[{\"@type\":\"ListItem\",\"position\":1,\"name\":\"In\u00edcio\",\"item\":\"https:\/\/www.blogsoestado.com\/danielmatos\/\"},{\"@type\":\"ListItem\",\"position\":2,\"name\":\"Deputado Wellington presta solidariedade \u00e0s fam\u00edlias de adolescentes executados na zona rural de S\u00e3o Lu\u00eds\"}]},{\"@type\":\"WebSite\",\"@id\":\"https:\/\/www.blogsoestado.com\/danielmatos\/#website\",\"url\":\"https:\/\/www.blogsoestado.com\/danielmatos\/\",\"name\":\"Daniel Matos\",\"description\":\"\",\"potentialAction\":[{\"@type\":\"SearchAction\",\"target\":{\"@type\":\"EntryPoint\",\"urlTemplate\":\"https:\/\/www.blogsoestado.com\/danielmatos\/?s={search_term_string}\"},\"query-input\":{\"@type\":\"PropertyValueSpecification\",\"valueRequired\":true,\"valueName\":\"search_term_string\"}}],\"inLanguage\":\"pt-BR\"}]}<\/script>\n<!-- \/ Yoast SEO plugin. -->","yoast_head_json":{"title":"Deputado Wellington presta solidariedade \u00e0s fam\u00edlias de adolescentes executados na zona rural de S\u00e3o Lu\u00eds - Daniel Matos","robots":{"index":"index","follow":"follow","max-snippet":"max-snippet:-1","max-image-preview":"max-image-preview:large","max-video-preview":"max-video-preview:-1"},"canonical":"https:\/\/www.blogsoestado.com\/danielmatos\/deputado-wellington-presta-solidariedade-as-familias-de-adolescentes-executados-na-zona-rural-de-sao-luis\/","og_locale":"pt_BR","og_type":"article","og_title":"Deputado Wellington presta solidariedade \u00e0s fam\u00edlias de adolescentes executados na zona rural de S\u00e3o Lu\u00eds - Daniel Matos","og_description":"O deputado estadual Wellington do Curso esteve na comunidade de Mato Grosso e Coquilho, zona rural de S\u00e3o Lu\u00eds, para [&hellip;]","og_url":"https:\/\/www.blogsoestado.com\/danielmatos\/deputado-wellington-presta-solidariedade-as-familias-de-adolescentes-executados-na-zona-rural-de-sao-luis\/","og_site_name":"Daniel Matos","article_published_time":"2019-01-07T19:29:06+00:00","og_image":[{"url":"https:\/\/www.blogsoestado.com\/danielmatos\/files\/2019\/01\/w-chacina.jpg","type":"","width":"","height":""}],"twitter_card":"summary_large_image","twitter_misc":{"Est. tempo de leitura":"2 minutos"},"schema":{"@context":"https:\/\/schema.org","@graph":[{"@type":"WebPage","@id":"https:\/\/www.blogsoestado.com\/danielmatos\/deputado-wellington-presta-solidariedade-as-familias-de-adolescentes-executados-na-zona-rural-de-sao-luis\/","url":"https:\/\/www.blogsoestado.com\/danielmatos\/deputado-wellington-presta-solidariedade-as-familias-de-adolescentes-executados-na-zona-rural-de-sao-luis\/","name":"Deputado Wellington presta solidariedade \u00e0s fam\u00edlias de adolescentes executados na zona rural de S\u00e3o Lu\u00eds - Daniel Matos","isPartOf":{"@id":"https:\/\/www.blogsoestado.com\/danielmatos\/#website"},"primaryImageOfPage":{"@id":"https:\/\/www.blogsoestado.com\/danielmatos\/deputado-wellington-presta-solidariedade-as-familias-de-adolescentes-executados-na-zona-rural-de-sao-luis\/#primaryimage"},"image":{"@id":"https:\/\/www.blogsoestado.com\/danielmatos\/deputado-wellington-presta-solidariedade-as-familias-de-adolescentes-executados-na-zona-rural-de-sao-luis\/#primaryimage"},"thumbnailUrl":"https:\/\/www.blogsoestado.com\/danielmatos\/files\/2019\/01\/w-chacina.jpg","datePublished":"2019-01-07T19:29:06+00:00","author":{"@id":""},"breadcrumb":{"@id":"https:\/\/www.blogsoestado.com\/danielmatos\/deputado-wellington-presta-solidariedade-as-familias-de-adolescentes-executados-na-zona-rural-de-sao-luis\/#breadcrumb"},"inLanguage":"pt-BR","potentialAction":[{"@type":"ReadAction","target":["https:\/\/www.blogsoestado.com\/danielmatos\/deputado-wellington-presta-solidariedade-as-familias-de-adolescentes-executados-na-zona-rural-de-sao-luis\/"]}]},{"@type":"ImageObject","inLanguage":"pt-BR","@id":"https:\/\/www.blogsoestado.com\/danielmatos\/deputado-wellington-presta-solidariedade-as-familias-de-adolescentes-executados-na-zona-rural-de-sao-luis\/#primaryimage","url":"https:\/\/www.blogsoestado.com\/danielmatos\/files\/2019\/01\/w-chacina.jpg","contentUrl":"https:\/\/www.blogsoestado.com\/danielmatos\/files\/2019\/01\/w-chacina.jpg"},{"@type":"BreadcrumbList","@id":"https:\/\/www.blogsoestado.com\/danielmatos\/deputado-wellington-presta-solidariedade-as-familias-de-adolescentes-executados-na-zona-rural-de-sao-luis\/#breadcrumb","itemListElement":[{"@type":"ListItem","position":1,"name":"In\u00edcio","item":"https:\/\/www.blogsoestado.com\/danielmatos\/"},{"@type":"ListItem","position":2,"name":"Deputado Wellington presta solidariedade \u00e0s fam\u00edlias de adolescentes executados na zona rural de S\u00e3o Lu\u00eds"}]},{"@type":"WebSite","@id":"https:\/\/www.blogsoestado.com\/danielmatos\/#website","url":"https:\/\/www.blogsoestado.com\/danielmatos\/","name":"Daniel Matos","description":"","potentialAction":[{"@type":"SearchAction","target":{"@type":"EntryPoint","urlTemplate":"https:\/\/www.blogsoestado.com\/danielmatos\/?s={search_term_string}"},"query-input":{"@type":"PropertyValueSpecification","valueRequired":true,"valueName":"search_term_string"}}],"inLanguage":"pt-BR"}]}},"jetpack_featured_media_url":"","_links":{"self":[{"href":"https:\/\/www.blogsoestado.com\/danielmatos\/wp-json\/wp\/v2\/posts\/59363","targetHints":{"allow":["GET"]}}],"collection":[{"href":"https:\/\/www.blogsoestado.com\/danielmatos\/wp-json\/wp\/v2\/posts"}],"about":[{"href":"https:\/\/www.blogsoestado.com\/danielmatos\/wp-json\/wp\/v2\/types\/post"}],"replies":[{"embeddable":true,"href":"https:\/\/www.blogsoestado.com\/danielmatos\/wp-json\/wp\/v2\/comments?post=59363"}],"version-history":[{"count":0,"href":"https:\/\/www.blogsoestado.com\/danielmatos\/wp-json\/wp\/v2\/posts\/59363\/revisions"}],"wp:attachment":[{"href":"https:\/\/www.blogsoestado.com\/danielmatos\/wp-json\/wp\/v2\/media?parent=59363"}],"wp:term":[{"taxonomy":"category","embeddable":true,"href":"https:\/\/www.blogsoestado.com\/danielmatos\/wp-json\/wp\/v2\/categories?post=59363"},{"taxonomy":"post_tag","embeddable":true,"href":"https:\/\/www.blogsoestado.com\/danielmatos\/wp-json\/wp\/v2\/tags?post=59363"}],"curies":[{"name":"wp","href":"https:\/\/api.w.org\/{rel}","templated":true}]}}