{"id":59369,"date":"2019-01-07T17:15:20","date_gmt":"2019-01-07T20:15:20","guid":{"rendered":"https:\/\/www.blogsoestado.com\/danielmatos\/?p=59369"},"modified":"2019-01-07T17:15:20","modified_gmt":"2019-01-07T20:15:20","slug":"osmar-filho-reune-se-com-superintendente-do-iphan-e-estabelece-parcerias-em-favor-de-sao-luis","status":"publish","type":"post","link":"https:\/\/www.blogsoestado.com\/danielmatos\/osmar-filho-reune-se-com-superintendente-do-iphan-e-estabelece-parcerias-em-favor-de-sao-luis\/","title":{"rendered":"Osmar Filho re\u00fane-se com superintendente do Iphan e estabelece parcerias em favor de S\u00e3o Lu\u00eds"},"content":{"rendered":"<figure id=\"attachment_59370\" aria-describedby=\"caption-attachment-59370\" style=\"width: 640px\" class=\"wp-caption aligncenter\"><a href=\"https:\/\/www.blogsoestado.com\/danielmatos\/2019\/01\/07\/osmar-filho-reune-se-com-superintendente-do-iphan-e-estabelece-parcerias-em-favor-de-sao-luis\/osmar-iphan\/\" rel=\"attachment wp-att-59370\"><img fetchpriority=\"high\" decoding=\"async\" class=\"size-full wp-image-59370\" src=\"https:\/\/www.blogsoestado.com\/danielmatos\/files\/2019\/01\/osmar-iphan.jpg\" alt=\"\" width=\"640\" height=\"427\" \/><\/a><figcaption id=\"caption-attachment-59370\" class=\"wp-caption-text\">Osmar Filho disse ao superintendente do Iphan que \u00e9 de suma import\u00e2ncia poder entregar \u00e0 popula\u00e7\u00e3o de S\u00e3o Lu\u00eds o pr\u00e9dio revitalizado nos 400 anos da C\u00e2mara Municipal<\/figcaption><\/figure>\n<p>O presidente da C\u00e2mara Municipal de S\u00e3o Lu\u00eds, vereador Osmar Filho (PDT), reuniu-se, nesta segunda-feira (7), com o superintendente regional do Instituto do Patrim\u00f4nio Hist\u00f3rico e Art\u00edstico Nacional (Iphan), Maur\u00edcio Itapary, com o objetivo de estreitar rela\u00e7\u00f5es e estabelecer uma parceria em busca da valoriza\u00e7\u00e3o, reestrutura\u00e7\u00e3o e conserva\u00e7\u00e3o do patrim\u00f4nio hist\u00f3rico da cidade.<\/p>\n<p>\u201cA gente se coloca \u00e0 disposi\u00e7\u00e3o, enquanto l\u00edder do Poder Legislativo Municipal e representante da popula\u00e7\u00e3o, de buscar pol\u00edticas p\u00fablicas que beneficiem patrim\u00f4nio hist\u00f3rico da cidade\u201d, disse.<\/p>\n<p>Osmar se comprometeu em buscar apoio junto \u00e0 Bancada Maranhense em Bras\u00edlia para conseguir recursos com este fim.<\/p>\n<p>Na oportunidade, tamb\u00e9m foram discutidos um projeto de revitaliza\u00e7\u00e3o para o atual pr\u00e9dio da C\u00e2mara Municipal e o da nova sede, um projeto de iniciativa do Iphan que dever\u00e1 ser na antiga F\u00e1brica S\u00e3o Lu\u00eds, no bairro da Madre Deus.<\/p>\n<p>\u201cNo fim deste ano a C\u00e2mara completa 400 anos. Ent\u00e3o, seria de suma import\u00e2ncia poder entregar para a popula\u00e7\u00e3o de S\u00e3o Lu\u00eds este complexo, para que esta possa participar dos grandes debates que envolvem a cidade e usufruir deste espa\u00e7o\u201d, ressaltou presidente.<\/p>\n<p>Ele lembrou que a C\u00e2mara Municipal \u00e9 a Casa do Povo e, por conta disto, a nova sede \u00e9 um projeto de grande valia, n\u00e3o s\u00f3 para a Casa e para a popula\u00e7\u00e3o, mas, tamb\u00e9m para a preserva\u00e7\u00e3o do patrim\u00f4nio hist\u00f3rico da capital.<\/p>\n<p>Osmar Filho ainda parabenizou Maur\u00edcio Itapary pela sua gest\u00e3o \u00e0 frente do \u00f3rg\u00e3o.<\/p>\n<p>\u201cRecentemente acompanhamos a entrega do Complexo Deodoro e de parte da Rua Grande, obras que, realizadas em parceria com a Prefeitura de S\u00e3o Lu\u00eds, deram nova vida \u00e0 cidade\u201d, observou.<\/p>\n<p>O superintendente do Iphan disse que o \u00f3rg\u00e3o est\u00e1 de portas abertas para as parcerias em favor de S\u00e3o Lu\u00eds e que esta \u00e9 muito bem vinda, pois o trabalho de conserva\u00e7\u00e3o do patrim\u00f4nio da cidade s\u00f3 tem sentido se for feito em uni\u00e3o com todos, a exemplo do que j\u00e1 vem acontecendo com o Estado, o Munic\u00edpio e a iniciativa privada.<\/p>\n<p>\u201cO vereador Osmar \u00e9 um parceiro a partir de agora e vamos sentar para estabelecer um di\u00e1logo bem aberto e franco com a C\u00e2mara de Vereadores\u201d, falou avaliou Itapary.<\/p>\n","protected":false},"excerpt":{"rendered":"<p>O presidente da C\u00e2mara Municipal de S\u00e3o Lu\u00eds, vereador Osmar Filho (PDT), reuniu-se, nesta segunda-feira (7), com o superintendente regional [&hellip;]<\/p>\n","protected":false},"author":0,"featured_media":0,"comment_status":"open","ping_status":"open","sticky":false,"template":"","format":"standard","meta":{"site-sidebar-layout":"default","site-content-layout":"","ast-site-content-layout":"default","site-content-style":"default","site-sidebar-style":"default","ast-global-header-display":"","ast-banner-title-visibility":"","ast-main-header-display":"","ast-hfb-above-header-display":"","ast-hfb-below-header-display":"","ast-hfb-mobile-header-display":"","site-post-title":"","ast-breadcrumbs-content":"","ast-featured-img":"","footer-sml-layout":"","ast-disable-related-posts":"","theme-transparent-header-meta":"","adv-header-id-meta":"","stick-header-meta":"","header-above-stick-meta":"","header-main-stick-meta":"","header-below-stick-meta":"","astra-migrate-meta-layouts":"default","ast-page-background-enabled":"default","ast-page-background-meta":{"desktop":{"background-color":"var(--ast-global-color-5)","background-image":"","background-repeat":"repeat","background-position":"center center","background-size":"auto","background-attachment":"scroll","background-type":"","background-media":"","overlay-type":"","overlay-color":"","overlay-opacity":"","overlay-gradient":""},"tablet":{"background-color":"","background-image":"","background-repeat":"repeat","background-position":"center center","background-size":"auto","background-attachment":"scroll","background-type":"","background-media":"","overlay-type":"","overlay-color":"","overlay-opacity":"","overlay-gradient":""},"mobile":{"background-color":"","background-image":"","background-repeat":"repeat","background-position":"center center","background-size":"auto","background-attachment":"scroll","background-type":"","background-media":"","overlay-type":"","overlay-color":"","overlay-opacity":"","overlay-gradient":""}},"ast-content-background-meta":{"desktop":{"background-color":"var(--ast-global-color-4)","background-image":"","background-repeat":"repeat","background-position":"center center","background-size":"auto","background-attachment":"scroll","background-type":"","background-media":"","overlay-type":"","overlay-color":"","overlay-opacity":"","overlay-gradient":""},"tablet":{"background-color":"var(--ast-global-color-4)","background-image":"","background-repeat":"repeat","background-position":"center center","background-size":"auto","background-attachment":"scroll","background-type":"","background-media":"","overlay-type":"","overlay-color":"","overlay-opacity":"","overlay-gradient":""},"mobile":{"background-color":"var(--ast-global-color-4)","background-image":"","background-repeat":"repeat","background-position":"center center","background-size":"auto","background-attachment":"scroll","background-type":"","background-media":"","overlay-type":"","overlay-color":"","overlay-opacity":"","overlay-gradient":""}},"footnotes":""},"categories":[1],"tags":[],"class_list":["post-59369","post","type-post","status-publish","format-standard","hentry","category-sem-categoria"],"yoast_head":"<!-- This site is optimized with the Yoast SEO plugin v26.6 - https:\/\/yoast.com\/wordpress\/plugins\/seo\/ -->\n<title>Osmar Filho re\u00fane-se com superintendente do Iphan e estabelece parcerias em favor de S\u00e3o Lu\u00eds - Daniel Matos<\/title>\n<meta name=\"robots\" content=\"index, follow, max-snippet:-1, max-image-preview:large, max-video-preview:-1\" \/>\n<link rel=\"canonical\" href=\"https:\/\/www.blogsoestado.com\/danielmatos\/osmar-filho-reune-se-com-superintendente-do-iphan-e-estabelece-parcerias-em-favor-de-sao-luis\/\" \/>\n<meta property=\"og:locale\" content=\"pt_BR\" \/>\n<meta property=\"og:type\" content=\"article\" \/>\n<meta property=\"og:title\" content=\"Osmar Filho re\u00fane-se com superintendente do Iphan e estabelece parcerias em favor de S\u00e3o Lu\u00eds - Daniel Matos\" \/>\n<meta property=\"og:description\" content=\"O presidente da C\u00e2mara Municipal de S\u00e3o Lu\u00eds, vereador Osmar Filho (PDT), reuniu-se, nesta segunda-feira (7), com o superintendente regional [&hellip;]\" \/>\n<meta property=\"og:url\" content=\"https:\/\/www.blogsoestado.com\/danielmatos\/osmar-filho-reune-se-com-superintendente-do-iphan-e-estabelece-parcerias-em-favor-de-sao-luis\/\" \/>\n<meta property=\"og:site_name\" content=\"Daniel Matos\" \/>\n<meta property=\"article:published_time\" content=\"2019-01-07T20:15:20+00:00\" \/>\n<meta property=\"og:image\" content=\"https:\/\/www.blogsoestado.com\/danielmatos\/files\/2019\/01\/osmar-iphan.jpg\" \/>\n<meta name=\"twitter:card\" content=\"summary_large_image\" \/>\n<meta name=\"twitter:label1\" content=\"Est. tempo de leitura\" \/>\n\t<meta name=\"twitter:data1\" content=\"2 minutos\" \/>\n<script type=\"application\/ld+json\" class=\"yoast-schema-graph\">{\"@context\":\"https:\/\/schema.org\",\"@graph\":[{\"@type\":\"WebPage\",\"@id\":\"https:\/\/www.blogsoestado.com\/danielmatos\/osmar-filho-reune-se-com-superintendente-do-iphan-e-estabelece-parcerias-em-favor-de-sao-luis\/\",\"url\":\"https:\/\/www.blogsoestado.com\/danielmatos\/osmar-filho-reune-se-com-superintendente-do-iphan-e-estabelece-parcerias-em-favor-de-sao-luis\/\",\"name\":\"Osmar Filho re\u00fane-se com superintendente do Iphan e estabelece parcerias em favor de S\u00e3o Lu\u00eds - Daniel Matos\",\"isPartOf\":{\"@id\":\"https:\/\/www.blogsoestado.com\/danielmatos\/#website\"},\"primaryImageOfPage\":{\"@id\":\"https:\/\/www.blogsoestado.com\/danielmatos\/osmar-filho-reune-se-com-superintendente-do-iphan-e-estabelece-parcerias-em-favor-de-sao-luis\/#primaryimage\"},\"image\":{\"@id\":\"https:\/\/www.blogsoestado.com\/danielmatos\/osmar-filho-reune-se-com-superintendente-do-iphan-e-estabelece-parcerias-em-favor-de-sao-luis\/#primaryimage\"},\"thumbnailUrl\":\"https:\/\/www.blogsoestado.com\/danielmatos\/files\/2019\/01\/osmar-iphan.jpg\",\"datePublished\":\"2019-01-07T20:15:20+00:00\",\"author\":{\"@id\":\"\"},\"breadcrumb\":{\"@id\":\"https:\/\/www.blogsoestado.com\/danielmatos\/osmar-filho-reune-se-com-superintendente-do-iphan-e-estabelece-parcerias-em-favor-de-sao-luis\/#breadcrumb\"},\"inLanguage\":\"pt-BR\",\"potentialAction\":[{\"@type\":\"ReadAction\",\"target\":[\"https:\/\/www.blogsoestado.com\/danielmatos\/osmar-filho-reune-se-com-superintendente-do-iphan-e-estabelece-parcerias-em-favor-de-sao-luis\/\"]}]},{\"@type\":\"ImageObject\",\"inLanguage\":\"pt-BR\",\"@id\":\"https:\/\/www.blogsoestado.com\/danielmatos\/osmar-filho-reune-se-com-superintendente-do-iphan-e-estabelece-parcerias-em-favor-de-sao-luis\/#primaryimage\",\"url\":\"https:\/\/www.blogsoestado.com\/danielmatos\/files\/2019\/01\/osmar-iphan.jpg\",\"contentUrl\":\"https:\/\/www.blogsoestado.com\/danielmatos\/files\/2019\/01\/osmar-iphan.jpg\"},{\"@type\":\"BreadcrumbList\",\"@id\":\"https:\/\/www.blogsoestado.com\/danielmatos\/osmar-filho-reune-se-com-superintendente-do-iphan-e-estabelece-parcerias-em-favor-de-sao-luis\/#breadcrumb\",\"itemListElement\":[{\"@type\":\"ListItem\",\"position\":1,\"name\":\"In\u00edcio\",\"item\":\"https:\/\/www.blogsoestado.com\/danielmatos\/\"},{\"@type\":\"ListItem\",\"position\":2,\"name\":\"Osmar Filho re\u00fane-se com superintendente do Iphan e estabelece parcerias em favor de S\u00e3o Lu\u00eds\"}]},{\"@type\":\"WebSite\",\"@id\":\"https:\/\/www.blogsoestado.com\/danielmatos\/#website\",\"url\":\"https:\/\/www.blogsoestado.com\/danielmatos\/\",\"name\":\"Daniel Matos\",\"description\":\"\",\"potentialAction\":[{\"@type\":\"SearchAction\",\"target\":{\"@type\":\"EntryPoint\",\"urlTemplate\":\"https:\/\/www.blogsoestado.com\/danielmatos\/?s={search_term_string}\"},\"query-input\":{\"@type\":\"PropertyValueSpecification\",\"valueRequired\":true,\"valueName\":\"search_term_string\"}}],\"inLanguage\":\"pt-BR\"}]}<\/script>\n<!-- \/ Yoast SEO plugin. -->","yoast_head_json":{"title":"Osmar Filho re\u00fane-se com superintendente do Iphan e estabelece parcerias em favor de S\u00e3o Lu\u00eds - Daniel Matos","robots":{"index":"index","follow":"follow","max-snippet":"max-snippet:-1","max-image-preview":"max-image-preview:large","max-video-preview":"max-video-preview:-1"},"canonical":"https:\/\/www.blogsoestado.com\/danielmatos\/osmar-filho-reune-se-com-superintendente-do-iphan-e-estabelece-parcerias-em-favor-de-sao-luis\/","og_locale":"pt_BR","og_type":"article","og_title":"Osmar Filho re\u00fane-se com superintendente do Iphan e estabelece parcerias em favor de S\u00e3o Lu\u00eds - Daniel Matos","og_description":"O presidente da C\u00e2mara Municipal de S\u00e3o Lu\u00eds, vereador Osmar Filho (PDT), reuniu-se, nesta segunda-feira (7), com o superintendente regional [&hellip;]","og_url":"https:\/\/www.blogsoestado.com\/danielmatos\/osmar-filho-reune-se-com-superintendente-do-iphan-e-estabelece-parcerias-em-favor-de-sao-luis\/","og_site_name":"Daniel Matos","article_published_time":"2019-01-07T20:15:20+00:00","og_image":[{"url":"https:\/\/www.blogsoestado.com\/danielmatos\/files\/2019\/01\/osmar-iphan.jpg","type":"","width":"","height":""}],"twitter_card":"summary_large_image","twitter_misc":{"Est. tempo de leitura":"2 minutos"},"schema":{"@context":"https:\/\/schema.org","@graph":[{"@type":"WebPage","@id":"https:\/\/www.blogsoestado.com\/danielmatos\/osmar-filho-reune-se-com-superintendente-do-iphan-e-estabelece-parcerias-em-favor-de-sao-luis\/","url":"https:\/\/www.blogsoestado.com\/danielmatos\/osmar-filho-reune-se-com-superintendente-do-iphan-e-estabelece-parcerias-em-favor-de-sao-luis\/","name":"Osmar Filho re\u00fane-se com superintendente do Iphan e estabelece parcerias em favor de S\u00e3o Lu\u00eds - Daniel Matos","isPartOf":{"@id":"https:\/\/www.blogsoestado.com\/danielmatos\/#website"},"primaryImageOfPage":{"@id":"https:\/\/www.blogsoestado.com\/danielmatos\/osmar-filho-reune-se-com-superintendente-do-iphan-e-estabelece-parcerias-em-favor-de-sao-luis\/#primaryimage"},"image":{"@id":"https:\/\/www.blogsoestado.com\/danielmatos\/osmar-filho-reune-se-com-superintendente-do-iphan-e-estabelece-parcerias-em-favor-de-sao-luis\/#primaryimage"},"thumbnailUrl":"https:\/\/www.blogsoestado.com\/danielmatos\/files\/2019\/01\/osmar-iphan.jpg","datePublished":"2019-01-07T20:15:20+00:00","author":{"@id":""},"breadcrumb":{"@id":"https:\/\/www.blogsoestado.com\/danielmatos\/osmar-filho-reune-se-com-superintendente-do-iphan-e-estabelece-parcerias-em-favor-de-sao-luis\/#breadcrumb"},"inLanguage":"pt-BR","potentialAction":[{"@type":"ReadAction","target":["https:\/\/www.blogsoestado.com\/danielmatos\/osmar-filho-reune-se-com-superintendente-do-iphan-e-estabelece-parcerias-em-favor-de-sao-luis\/"]}]},{"@type":"ImageObject","inLanguage":"pt-BR","@id":"https:\/\/www.blogsoestado.com\/danielmatos\/osmar-filho-reune-se-com-superintendente-do-iphan-e-estabelece-parcerias-em-favor-de-sao-luis\/#primaryimage","url":"https:\/\/www.blogsoestado.com\/danielmatos\/files\/2019\/01\/osmar-iphan.jpg","contentUrl":"https:\/\/www.blogsoestado.com\/danielmatos\/files\/2019\/01\/osmar-iphan.jpg"},{"@type":"BreadcrumbList","@id":"https:\/\/www.blogsoestado.com\/danielmatos\/osmar-filho-reune-se-com-superintendente-do-iphan-e-estabelece-parcerias-em-favor-de-sao-luis\/#breadcrumb","itemListElement":[{"@type":"ListItem","position":1,"name":"In\u00edcio","item":"https:\/\/www.blogsoestado.com\/danielmatos\/"},{"@type":"ListItem","position":2,"name":"Osmar Filho re\u00fane-se com superintendente do Iphan e estabelece parcerias em favor de S\u00e3o Lu\u00eds"}]},{"@type":"WebSite","@id":"https:\/\/www.blogsoestado.com\/danielmatos\/#website","url":"https:\/\/www.blogsoestado.com\/danielmatos\/","name":"Daniel Matos","description":"","potentialAction":[{"@type":"SearchAction","target":{"@type":"EntryPoint","urlTemplate":"https:\/\/www.blogsoestado.com\/danielmatos\/?s={search_term_string}"},"query-input":{"@type":"PropertyValueSpecification","valueRequired":true,"valueName":"search_term_string"}}],"inLanguage":"pt-BR"}]}},"jetpack_featured_media_url":"","_links":{"self":[{"href":"https:\/\/www.blogsoestado.com\/danielmatos\/wp-json\/wp\/v2\/posts\/59369","targetHints":{"allow":["GET"]}}],"collection":[{"href":"https:\/\/www.blogsoestado.com\/danielmatos\/wp-json\/wp\/v2\/posts"}],"about":[{"href":"https:\/\/www.blogsoestado.com\/danielmatos\/wp-json\/wp\/v2\/types\/post"}],"replies":[{"embeddable":true,"href":"https:\/\/www.blogsoestado.com\/danielmatos\/wp-json\/wp\/v2\/comments?post=59369"}],"version-history":[{"count":0,"href":"https:\/\/www.blogsoestado.com\/danielmatos\/wp-json\/wp\/v2\/posts\/59369\/revisions"}],"wp:attachment":[{"href":"https:\/\/www.blogsoestado.com\/danielmatos\/wp-json\/wp\/v2\/media?parent=59369"}],"wp:term":[{"taxonomy":"category","embeddable":true,"href":"https:\/\/www.blogsoestado.com\/danielmatos\/wp-json\/wp\/v2\/categories?post=59369"},{"taxonomy":"post_tag","embeddable":true,"href":"https:\/\/www.blogsoestado.com\/danielmatos\/wp-json\/wp\/v2\/tags?post=59369"}],"curies":[{"name":"wp","href":"https:\/\/api.w.org\/{rel}","templated":true}]}}