{"id":59377,"date":"2019-01-07T18:08:57","date_gmt":"2019-01-07T21:08:57","guid":{"rendered":"https:\/\/www.blogsoestado.com\/danielmatos\/?p=59377"},"modified":"2019-01-07T18:08:57","modified_gmt":"2019-01-07T21:08:57","slug":"em-artigo-estadao-exalta-trabalho-do-ex-ministro-sarney-filho-ao-destacar-legado-ambiental-do-governo-temer","status":"publish","type":"post","link":"https:\/\/www.blogsoestado.com\/danielmatos\/em-artigo-estadao-exalta-trabalho-do-ex-ministro-sarney-filho-ao-destacar-legado-ambiental-do-governo-temer\/","title":{"rendered":"Em artigo, Estad\u00e3o exalta trabalho do ex-ministro Sarney Filho ao destacar legado ambiental do governo Temer"},"content":{"rendered":"<h2><span style=\"color: #ff0000;\">Para o articulista, maranhense foi o ministro do Meio Ambiente mais qualificado desde a sua primeira passagem pelo cargo, no governo FHC<\/span><\/h2>\n<p>*Jo\u00e3o Lara Mesquita, O Estado de S.Paulo<\/p>\n<figure id=\"attachment_59378\" aria-describedby=\"caption-attachment-59378\" style=\"width: 460px\" class=\"wp-caption alignleft\"><a href=\"https:\/\/www.blogsoestado.com\/danielmatos\/2019\/01\/07\/em-artigo-estadao-destaca-legado-ambiental-do-governo-temer-e-exalta-trabalho-do-ex-ministro-sarney-filho\/sarney-filho-decreto\/\" rel=\"attachment wp-att-59378\"><img fetchpriority=\"high\" decoding=\"async\" class=\"size-full wp-image-59378\" src=\"https:\/\/www.blogsoestado.com\/danielmatos\/files\/2019\/01\/sarney-filho-decreto.jpeg\" alt=\"\" width=\"460\" height=\"305\" \/><\/a><figcaption id=\"caption-attachment-59378\" class=\"wp-caption-text\">Sarney Filho anuncia decreto que criou novas unidades de conserva\u00e7\u00e3o ambiental no pa\u00eds<\/figcaption><\/figure>\n<p>Certos presidentes terminam seus mandatos julgados pela Hist\u00f3ria. \u00c9 o caso de Fernando Henrique Cardoso, por exemplo. Deixou o poder como estadista. Outros, por motivos que muitas vezes nada t\u00eam que ver com a gest\u00e3o propriamente, n\u00e3o. Para estes a Hist\u00f3ria exige mais tempo at\u00e9 fazer-lhes justi\u00e7a. \u00c9 o caso de Michel Temer, que assumiu em meio ao caos pol\u00edtico, econ\u00f4mico e moral deixado pelo lulopetismo. E em apenas dois anos avan\u00e7ou mais do que muitos presidentes que ficam oito.<\/p>\n<p>Temer saneou a Petrobr\u00e1s, quebrada pelo logro petista. Segurou a infla\u00e7\u00e3o. Aprovou a emenda que criou o teto para gastos federais. E mais: fez a reforma trabalhista, quebrando v\u00ednculos longevos; e a reforma do ensino m\u00e9dio. Mas n\u00e3o \u00e9 sobre essa heran\u00e7a que vamos comentar, mas, sim, o importante e improv\u00e1vel legado ambiental do governo Temer.<\/p>\n<p>Logo que assumiu, Michel Temer soube pavimentar o caminho ao trazer novamente para o Minist\u00e9rio do Meio Ambiente (MMA) Zequinha Sarney, o mais capacitado ministro que tivemos desde a sua primeira gest\u00e3o, no governo FHC.<\/p>\n<p>Menos de dois meses depois, amparado tecnicamente, criou sua primeira unidade de conserva\u00e7\u00e3o marinha. Assinou o \u201cDecreto sem n\u00famero de 02 de agosto de 2016\u201d, que criou a Reserva de Vida Selvagem dos Alcatrazes. Ao faz\u00ea-lo, Temer encerrava uma disputa de mais de 30 anos entre ambientalistas, a Marinha do Brasil e \u00f3rg\u00e3os do meio ambiente. Em raz\u00e3o do pouco espa\u00e7o que o ambiente marinho recebe da m\u00eddia, o ato teve menos repercuss\u00e3o do que devia. Mas os hoje criticados \u201cambientalistas\u201d vibraram.<\/p>\n<p>Outra unidade de conserva\u00e7\u00e3o marinha, que havia anos aguardava mudan\u00e7as, era a Esta\u00e7\u00e3o Ecol\u00f3gica do Taim, uma das gl\u00f3rias do litoral brasileiro, com sua nobre miss\u00e3o de proteger um dos recursos mais preciosos neste 21.\u00ba s\u00e9culo: a \u00e1gua. O Taim \u00e9 um sistema hidrol\u00f3gico que abastece cidades como Porto Alegre, Pelotas e Rio Grande, para s\u00f3 citar as maiores. Al\u00e9m da miss\u00e3o, os banhados do Taim, seus campos, dunas, praias e lagoas s\u00e3o de uma beleza c\u00eanica, e riqueza em biodiversidade, fora de s\u00e9rie. Em mar\u00e7o de 2017 o governo Temer triplicou a \u00e1rea do Taim. A esta\u00e7\u00e3o saltou de 11 mil para 32 mil hectares!<\/p>\n<p>Desde a redemocratiza\u00e7\u00e3o os sucessivos presidentes criaram unidades de conserva\u00e7\u00e3o no espa\u00e7o continental, sem olhar para o mar. A exce\u00e7\u00e3o foi Jos\u00e9 Sarney, que em 1985 assinou o Decreto-lei n.\u00ba 92.185, que proibia as atividades de ca\u00e7a comercial da baleia por um per\u00edodo de cinco anos. A partir da\u00ed n\u00e3o houve mais ca\u00e7a. O Brasil passou a seguir o que preconiza a Comiss\u00e3o Baleeira Internacional. Mas nosso mar e a zona costeira estavam ao deus-dar\u00e1. Se o espa\u00e7o continental brasileiro tinha cerca de 9% de sua \u00e1rea transformada em unidades de conserva\u00e7\u00e3o, o mar e a zona costeira mal chegavam a 1,5%. Neste \u00ednterim, o Brasil perdeu o protagonismo na causa ambiental para pa\u00edses como o Chile, que liderou na Am\u00e9rica do Sul a prote\u00e7\u00e3o aos mares. Mas o governo Temer n\u00e3o se contentou em criar unidades de conserva\u00e7\u00e3o.<\/p>\n<p>A assinatura do Decreto n.\u00ba 9.179\/2017, que instituiu o Programa de Convers\u00e3o de Multas Ambientais, pode representar um avan\u00e7o na pol\u00edtica de prote\u00e7\u00e3o ao meio ambiente. E o MMA ainda tentou p\u00f4r ordem nos garimpeiros ilegais, e sua for\u00e7a destrutiva, da Renca, a reserva miner\u00e1ria da Amaz\u00f4nia. Ainda em sua gest\u00e3o, o Ibama optou por defender os corais da foz do Amazonas e o ICMBio, por estudar seriamente as parcerias p\u00fablico-privadas para a concess\u00e3o de unidades de conserva\u00e7\u00e3o \u00e0 iniciativa privada. Mas a cereja ambiental do governo Temer mais uma vez veio do mar.<\/p>\n<p>Tudo come\u00e7ou em 2017. Um grupo de ambientalistas, do qual este escriba fazia parte, iniciou conversas com as equipes do Minist\u00e9rio do Meio Ambiente. Roberto Klabin, F\u00e1bio Feldmann, Jos\u00e9 Truda Palazzo Jr., Angela Kuczach, Paulo Guilherme Pinguim, o \u201cn\u00facleo duro\u201d da turma ambiental conversou com o ministro e com o ent\u00e3o presidente do ICMBio, Ricardo Soavinski. Havia concord\u00e2ncia de que nossa aten\u00e7\u00e3o para com o mais importante ecossistema do planeta, os oceanos, em frangalhos por causa da polui\u00e7\u00e3o, do aquecimento e do insaci\u00e1vel apetite da pesca, estava em d\u00e9bito. Era mister mudar. Tecemos a estrat\u00e9gia juntos. Em mar\u00e7o de 2018 Michel Temer assinou decreto criando as duas maiores unidades de conserva\u00e7\u00e3o marinhas do Brasil, justamente os pontos mais remotos do territ\u00f3rio nacional: as Ilhas de Trindade e Martim Vaz e o Arquip\u00e9lago de S\u00e3o Pedro e S\u00e3o Paulo.<\/p>\n<p>Ambas deveriam ser unidades de prote\u00e7\u00e3o integral. Era o que defendiam os ambientalistas. Mas eles n\u00e3o eram os \u00fanicos atores no palco. Havia a Marinha do Brasil, que tem bases em Trindade e em S\u00e3o Pedro e S\u00e3o Paulo, e empres\u00e1rios da pesca, entre outros. Assim, elas acabaram se tornando um misto de \u00e1reas de uso sustent\u00e1vel, Apas (\u00c1reas de Prote\u00e7\u00e3o Ambiental), e de prote\u00e7\u00e3o integral, Mona (Monumento Natural). Com uma s\u00f3 e ousada canetada, Temer p\u00f4s 11 milh\u00f5es de hectares de mar jurisdicional brasileiro sob Prote\u00e7\u00e3o Integral, ou seja, exclus\u00e3o total de atividades predat\u00f3rias, como minera\u00e7\u00e3o ou pesca. E outros 81 milh\u00f5es destinados ao regime de Uso Sustent\u00e1vel. A unidade de conserva\u00e7\u00e3o de Trindade e Martim Vaz \u00e9, por enquanto, a maior \u00e1rea protegida do Oceano Atl\u00e2ntico.<\/p>\n<p>Um presidente deixa de ser \u201capenas presidente\u201d quando tem coragem suficiente para adotar medidas duras, quando necess\u00e1rio, mesmo sabendo que ser\u00e3o impopulares. Ou, ainda, quando adota medidas cujos benef\u00edcios s\u00f3 chegar\u00e3o em tempo posterior ao presente. Algo que s\u00f3 ser\u00e1 aproveitado, e valorizado, pelas futuras gera\u00e7\u00f5es. Temer fez os dois, seja ao \u201csegurar\u201d a economia, seja ao fazer o Pa\u00eds retomar o protagonismo ambiental, protegendo para sempre o mar territorial brasileiro, a Amaz\u00f4nia Azul.<\/p>\n<p>Que o novo presidente se inspire e trate nosso maior ativo, o meio ambiente, com o cuidado que um bem desses merece.<\/p>\n<p>*Jornalista, \u00e9 mantenedor do site <a href=\"http:\/\/www.marsemfim.com.br\">www.marsemfim.com.br<\/a><\/p>\n","protected":false},"excerpt":{"rendered":"<p>Para o articulista, maranhense foi o ministro do Meio Ambiente mais qualificado desde a sua primeira passagem pelo cargo, no [&hellip;]<\/p>\n","protected":false},"author":0,"featured_media":0,"comment_status":"open","ping_status":"open","sticky":false,"template":"","format":"standard","meta":{"site-sidebar-layout":"default","site-content-layout":"","ast-site-content-layout":"default","site-content-style":"default","site-sidebar-style":"default","ast-global-header-display":"","ast-banner-title-visibility":"","ast-main-header-display":"","ast-hfb-above-header-display":"","ast-hfb-below-header-display":"","ast-hfb-mobile-header-display":"","site-post-title":"","ast-breadcrumbs-content":"","ast-featured-img":"","footer-sml-layout":"","ast-disable-related-posts":"","theme-transparent-header-meta":"","adv-header-id-meta":"","stick-header-meta":"","header-above-stick-meta":"","header-main-stick-meta":"","header-below-stick-meta":"","astra-migrate-meta-layouts":"default","ast-page-background-enabled":"default","ast-page-background-meta":{"desktop":{"background-color":"var(--ast-global-color-5)","background-image":"","background-repeat":"repeat","background-position":"center center","background-size":"auto","background-attachment":"scroll","background-type":"","background-media":"","overlay-type":"","overlay-color":"","overlay-opacity":"","overlay-gradient":""},"tablet":{"background-color":"","background-image":"","background-repeat":"repeat","background-position":"center center","background-size":"auto","background-attachment":"scroll","background-type":"","background-media":"","overlay-type":"","overlay-color":"","overlay-opacity":"","overlay-gradient":""},"mobile":{"background-color":"","background-image":"","background-repeat":"repeat","background-position":"center center","background-size":"auto","background-attachment":"scroll","background-type":"","background-media":"","overlay-type":"","overlay-color":"","overlay-opacity":"","overlay-gradient":""}},"ast-content-background-meta":{"desktop":{"background-color":"var(--ast-global-color-4)","background-image":"","background-repeat":"repeat","background-position":"center center","background-size":"auto","background-attachment":"scroll","background-type":"","background-media":"","overlay-type":"","overlay-color":"","overlay-opacity":"","overlay-gradient":""},"tablet":{"background-color":"var(--ast-global-color-4)","background-image":"","background-repeat":"repeat","background-position":"center center","background-size":"auto","background-attachment":"scroll","background-type":"","background-media":"","overlay-type":"","overlay-color":"","overlay-opacity":"","overlay-gradient":""},"mobile":{"background-color":"var(--ast-global-color-4)","background-image":"","background-repeat":"repeat","background-position":"center center","background-size":"auto","background-attachment":"scroll","background-type":"","background-media":"","overlay-type":"","overlay-color":"","overlay-opacity":"","overlay-gradient":""}},"footnotes":""},"categories":[1],"tags":[],"class_list":["post-59377","post","type-post","status-publish","format-standard","hentry","category-sem-categoria"],"yoast_head":"<!-- This site is optimized with the Yoast SEO plugin v26.6 - https:\/\/yoast.com\/wordpress\/plugins\/seo\/ -->\n<title>Em artigo, Estad\u00e3o exalta trabalho do ex-ministro Sarney Filho ao destacar legado ambiental do governo Temer - Daniel Matos<\/title>\n<meta name=\"robots\" content=\"index, follow, max-snippet:-1, max-image-preview:large, max-video-preview:-1\" \/>\n<link rel=\"canonical\" href=\"https:\/\/www.blogsoestado.com\/danielmatos\/em-artigo-estadao-exalta-trabalho-do-ex-ministro-sarney-filho-ao-destacar-legado-ambiental-do-governo-temer\/\" \/>\n<meta property=\"og:locale\" content=\"pt_BR\" \/>\n<meta property=\"og:type\" content=\"article\" \/>\n<meta property=\"og:title\" content=\"Em artigo, Estad\u00e3o exalta trabalho do ex-ministro Sarney Filho ao destacar legado ambiental do governo Temer - Daniel Matos\" \/>\n<meta property=\"og:description\" content=\"Para o articulista, maranhense foi o ministro do Meio Ambiente mais qualificado desde a sua primeira passagem pelo cargo, no [&hellip;]\" \/>\n<meta property=\"og:url\" content=\"https:\/\/www.blogsoestado.com\/danielmatos\/em-artigo-estadao-exalta-trabalho-do-ex-ministro-sarney-filho-ao-destacar-legado-ambiental-do-governo-temer\/\" \/>\n<meta property=\"og:site_name\" content=\"Daniel Matos\" \/>\n<meta property=\"article:published_time\" content=\"2019-01-07T21:08:57+00:00\" \/>\n<meta property=\"og:image\" content=\"https:\/\/www.blogsoestado.com\/danielmatos\/files\/2019\/01\/sarney-filho-decreto.jpeg\" \/>\n<meta name=\"twitter:card\" content=\"summary_large_image\" \/>\n<meta name=\"twitter:label1\" content=\"Est. tempo de leitura\" \/>\n\t<meta name=\"twitter:data1\" content=\"6 minutos\" \/>\n<script type=\"application\/ld+json\" class=\"yoast-schema-graph\">{\"@context\":\"https:\/\/schema.org\",\"@graph\":[{\"@type\":\"WebPage\",\"@id\":\"https:\/\/www.blogsoestado.com\/danielmatos\/em-artigo-estadao-exalta-trabalho-do-ex-ministro-sarney-filho-ao-destacar-legado-ambiental-do-governo-temer\/\",\"url\":\"https:\/\/www.blogsoestado.com\/danielmatos\/em-artigo-estadao-exalta-trabalho-do-ex-ministro-sarney-filho-ao-destacar-legado-ambiental-do-governo-temer\/\",\"name\":\"Em artigo, Estad\u00e3o exalta trabalho do ex-ministro Sarney Filho ao destacar legado ambiental do governo Temer - Daniel Matos\",\"isPartOf\":{\"@id\":\"https:\/\/www.blogsoestado.com\/danielmatos\/#website\"},\"primaryImageOfPage\":{\"@id\":\"https:\/\/www.blogsoestado.com\/danielmatos\/em-artigo-estadao-exalta-trabalho-do-ex-ministro-sarney-filho-ao-destacar-legado-ambiental-do-governo-temer\/#primaryimage\"},\"image\":{\"@id\":\"https:\/\/www.blogsoestado.com\/danielmatos\/em-artigo-estadao-exalta-trabalho-do-ex-ministro-sarney-filho-ao-destacar-legado-ambiental-do-governo-temer\/#primaryimage\"},\"thumbnailUrl\":\"https:\/\/www.blogsoestado.com\/danielmatos\/files\/2019\/01\/sarney-filho-decreto.jpeg\",\"datePublished\":\"2019-01-07T21:08:57+00:00\",\"author\":{\"@id\":\"\"},\"breadcrumb\":{\"@id\":\"https:\/\/www.blogsoestado.com\/danielmatos\/em-artigo-estadao-exalta-trabalho-do-ex-ministro-sarney-filho-ao-destacar-legado-ambiental-do-governo-temer\/#breadcrumb\"},\"inLanguage\":\"pt-BR\",\"potentialAction\":[{\"@type\":\"ReadAction\",\"target\":[\"https:\/\/www.blogsoestado.com\/danielmatos\/em-artigo-estadao-exalta-trabalho-do-ex-ministro-sarney-filho-ao-destacar-legado-ambiental-do-governo-temer\/\"]}]},{\"@type\":\"ImageObject\",\"inLanguage\":\"pt-BR\",\"@id\":\"https:\/\/www.blogsoestado.com\/danielmatos\/em-artigo-estadao-exalta-trabalho-do-ex-ministro-sarney-filho-ao-destacar-legado-ambiental-do-governo-temer\/#primaryimage\",\"url\":\"https:\/\/www.blogsoestado.com\/danielmatos\/files\/2019\/01\/sarney-filho-decreto.jpeg\",\"contentUrl\":\"https:\/\/www.blogsoestado.com\/danielmatos\/files\/2019\/01\/sarney-filho-decreto.jpeg\"},{\"@type\":\"BreadcrumbList\",\"@id\":\"https:\/\/www.blogsoestado.com\/danielmatos\/em-artigo-estadao-exalta-trabalho-do-ex-ministro-sarney-filho-ao-destacar-legado-ambiental-do-governo-temer\/#breadcrumb\",\"itemListElement\":[{\"@type\":\"ListItem\",\"position\":1,\"name\":\"In\u00edcio\",\"item\":\"https:\/\/www.blogsoestado.com\/danielmatos\/\"},{\"@type\":\"ListItem\",\"position\":2,\"name\":\"Em artigo, Estad\u00e3o exalta trabalho do ex-ministro Sarney Filho ao destacar legado ambiental do governo Temer\"}]},{\"@type\":\"WebSite\",\"@id\":\"https:\/\/www.blogsoestado.com\/danielmatos\/#website\",\"url\":\"https:\/\/www.blogsoestado.com\/danielmatos\/\",\"name\":\"Daniel Matos\",\"description\":\"\",\"potentialAction\":[{\"@type\":\"SearchAction\",\"target\":{\"@type\":\"EntryPoint\",\"urlTemplate\":\"https:\/\/www.blogsoestado.com\/danielmatos\/?s={search_term_string}\"},\"query-input\":{\"@type\":\"PropertyValueSpecification\",\"valueRequired\":true,\"valueName\":\"search_term_string\"}}],\"inLanguage\":\"pt-BR\"}]}<\/script>\n<!-- \/ Yoast SEO plugin. -->","yoast_head_json":{"title":"Em artigo, Estad\u00e3o exalta trabalho do ex-ministro Sarney Filho ao destacar legado ambiental do governo Temer - Daniel Matos","robots":{"index":"index","follow":"follow","max-snippet":"max-snippet:-1","max-image-preview":"max-image-preview:large","max-video-preview":"max-video-preview:-1"},"canonical":"https:\/\/www.blogsoestado.com\/danielmatos\/em-artigo-estadao-exalta-trabalho-do-ex-ministro-sarney-filho-ao-destacar-legado-ambiental-do-governo-temer\/","og_locale":"pt_BR","og_type":"article","og_title":"Em artigo, Estad\u00e3o exalta trabalho do ex-ministro Sarney Filho ao destacar legado ambiental do governo Temer - Daniel Matos","og_description":"Para o articulista, maranhense foi o ministro do Meio Ambiente mais qualificado desde a sua primeira passagem pelo cargo, no [&hellip;]","og_url":"https:\/\/www.blogsoestado.com\/danielmatos\/em-artigo-estadao-exalta-trabalho-do-ex-ministro-sarney-filho-ao-destacar-legado-ambiental-do-governo-temer\/","og_site_name":"Daniel Matos","article_published_time":"2019-01-07T21:08:57+00:00","og_image":[{"url":"https:\/\/www.blogsoestado.com\/danielmatos\/files\/2019\/01\/sarney-filho-decreto.jpeg","type":"","width":"","height":""}],"twitter_card":"summary_large_image","twitter_misc":{"Est. tempo de leitura":"6 minutos"},"schema":{"@context":"https:\/\/schema.org","@graph":[{"@type":"WebPage","@id":"https:\/\/www.blogsoestado.com\/danielmatos\/em-artigo-estadao-exalta-trabalho-do-ex-ministro-sarney-filho-ao-destacar-legado-ambiental-do-governo-temer\/","url":"https:\/\/www.blogsoestado.com\/danielmatos\/em-artigo-estadao-exalta-trabalho-do-ex-ministro-sarney-filho-ao-destacar-legado-ambiental-do-governo-temer\/","name":"Em artigo, Estad\u00e3o exalta trabalho do ex-ministro Sarney Filho ao destacar legado ambiental do governo Temer - Daniel Matos","isPartOf":{"@id":"https:\/\/www.blogsoestado.com\/danielmatos\/#website"},"primaryImageOfPage":{"@id":"https:\/\/www.blogsoestado.com\/danielmatos\/em-artigo-estadao-exalta-trabalho-do-ex-ministro-sarney-filho-ao-destacar-legado-ambiental-do-governo-temer\/#primaryimage"},"image":{"@id":"https:\/\/www.blogsoestado.com\/danielmatos\/em-artigo-estadao-exalta-trabalho-do-ex-ministro-sarney-filho-ao-destacar-legado-ambiental-do-governo-temer\/#primaryimage"},"thumbnailUrl":"https:\/\/www.blogsoestado.com\/danielmatos\/files\/2019\/01\/sarney-filho-decreto.jpeg","datePublished":"2019-01-07T21:08:57+00:00","author":{"@id":""},"breadcrumb":{"@id":"https:\/\/www.blogsoestado.com\/danielmatos\/em-artigo-estadao-exalta-trabalho-do-ex-ministro-sarney-filho-ao-destacar-legado-ambiental-do-governo-temer\/#breadcrumb"},"inLanguage":"pt-BR","potentialAction":[{"@type":"ReadAction","target":["https:\/\/www.blogsoestado.com\/danielmatos\/em-artigo-estadao-exalta-trabalho-do-ex-ministro-sarney-filho-ao-destacar-legado-ambiental-do-governo-temer\/"]}]},{"@type":"ImageObject","inLanguage":"pt-BR","@id":"https:\/\/www.blogsoestado.com\/danielmatos\/em-artigo-estadao-exalta-trabalho-do-ex-ministro-sarney-filho-ao-destacar-legado-ambiental-do-governo-temer\/#primaryimage","url":"https:\/\/www.blogsoestado.com\/danielmatos\/files\/2019\/01\/sarney-filho-decreto.jpeg","contentUrl":"https:\/\/www.blogsoestado.com\/danielmatos\/files\/2019\/01\/sarney-filho-decreto.jpeg"},{"@type":"BreadcrumbList","@id":"https:\/\/www.blogsoestado.com\/danielmatos\/em-artigo-estadao-exalta-trabalho-do-ex-ministro-sarney-filho-ao-destacar-legado-ambiental-do-governo-temer\/#breadcrumb","itemListElement":[{"@type":"ListItem","position":1,"name":"In\u00edcio","item":"https:\/\/www.blogsoestado.com\/danielmatos\/"},{"@type":"ListItem","position":2,"name":"Em artigo, Estad\u00e3o exalta trabalho do ex-ministro Sarney Filho ao destacar legado ambiental do governo Temer"}]},{"@type":"WebSite","@id":"https:\/\/www.blogsoestado.com\/danielmatos\/#website","url":"https:\/\/www.blogsoestado.com\/danielmatos\/","name":"Daniel Matos","description":"","potentialAction":[{"@type":"SearchAction","target":{"@type":"EntryPoint","urlTemplate":"https:\/\/www.blogsoestado.com\/danielmatos\/?s={search_term_string}"},"query-input":{"@type":"PropertyValueSpecification","valueRequired":true,"valueName":"search_term_string"}}],"inLanguage":"pt-BR"}]}},"jetpack_featured_media_url":"","_links":{"self":[{"href":"https:\/\/www.blogsoestado.com\/danielmatos\/wp-json\/wp\/v2\/posts\/59377","targetHints":{"allow":["GET"]}}],"collection":[{"href":"https:\/\/www.blogsoestado.com\/danielmatos\/wp-json\/wp\/v2\/posts"}],"about":[{"href":"https:\/\/www.blogsoestado.com\/danielmatos\/wp-json\/wp\/v2\/types\/post"}],"replies":[{"embeddable":true,"href":"https:\/\/www.blogsoestado.com\/danielmatos\/wp-json\/wp\/v2\/comments?post=59377"}],"version-history":[{"count":0,"href":"https:\/\/www.blogsoestado.com\/danielmatos\/wp-json\/wp\/v2\/posts\/59377\/revisions"}],"wp:attachment":[{"href":"https:\/\/www.blogsoestado.com\/danielmatos\/wp-json\/wp\/v2\/media?parent=59377"}],"wp:term":[{"taxonomy":"category","embeddable":true,"href":"https:\/\/www.blogsoestado.com\/danielmatos\/wp-json\/wp\/v2\/categories?post=59377"},{"taxonomy":"post_tag","embeddable":true,"href":"https:\/\/www.blogsoestado.com\/danielmatos\/wp-json\/wp\/v2\/tags?post=59377"}],"curies":[{"name":"wp","href":"https:\/\/api.w.org\/{rel}","templated":true}]}}