{"id":59386,"date":"2019-01-07T21:30:54","date_gmt":"2019-01-08T00:30:54","guid":{"rendered":"https:\/\/www.blogsoestado.com\/danielmatos\/?p=59386"},"modified":"2019-01-07T21:30:54","modified_gmt":"2019-01-08T00:30:54","slug":"wellington-destaca-decisao-que-afastara-prefeita-de-anapurus-caso-nao-nomeie-aprovados-em-concurso","status":"publish","type":"post","link":"https:\/\/www.blogsoestado.com\/danielmatos\/wellington-destaca-decisao-que-afastara-prefeita-de-anapurus-caso-nao-nomeie-aprovados-em-concurso\/","title":{"rendered":"Wellington destaca decis\u00e3o que afastar\u00e1 prefeita de Anapurus caso n\u00e3o nomeie aprovados em concurso"},"content":{"rendered":"<figure id=\"attachment_59387\" aria-describedby=\"caption-attachment-59387\" style=\"width: 640px\" class=\"wp-caption aligncenter\"><a href=\"https:\/\/www.blogsoestado.com\/danielmatos\/?attachment_id=59387\" rel=\"attachment wp-att-59387\"><img fetchpriority=\"high\" decoding=\"async\" class=\"size-full wp-image-59387\" src=\"https:\/\/www.blogsoestado.com\/danielmatos\/files\/2019\/01\/w-decisao.jpg\" alt=\"\" width=\"640\" height=\"480\" \/><\/a><figcaption id=\"caption-attachment-59387\" class=\"wp-caption-text\">Deputado Wellington com grupo de aprovados no concurso de Anapurus ap\u00f3s audi\u00eancia no MP<\/figcaption><\/figure>\n<p>O deputado estadual Wellington do Curso destacou a decis\u00e3o do juiz da comarca de Brejo em defesa dos concursados do munic\u00edpio de Anapurus. Trata-se de ato que imp\u00f5e que caso a prefeita do munic\u00edpio descumpra, novamente, a decis\u00e3o judicial com rela\u00e7\u00e3o a nomea\u00e7\u00e3o dos aprovados no \u00faltimo concurso p\u00fablico, poder\u00e1 ser afastada do Executivo.<\/p>\n<p>Em defesa dos aprovados de Anapurus, o deputado Wellington realizou audi\u00eancia p\u00fablica ainda em maio de 2017, quando foram iniciadas as a\u00e7\u00f5es em busca da nomea\u00e7\u00e3o dos concursados.<\/p>\n<figure id=\"attachment_59388\" aria-describedby=\"caption-attachment-59388\" style=\"width: 640px\" class=\"wp-caption aligncenter\"><a href=\"https:\/\/www.blogsoestado.com\/danielmatos\/?attachment_id=59388\" rel=\"attachment wp-att-59388\"><img decoding=\"async\" class=\"size-full wp-image-59388\" src=\"https:\/\/www.blogsoestado.com\/danielmatos\/files\/2019\/01\/w-decisao2.jpg\" alt=\"\" width=\"640\" height=\"427\" \/><\/a><figcaption id=\"caption-attachment-59388\" class=\"wp-caption-text\">Deputado Wellington fala aos aprovados no concurso durante audi\u00eancia p\u00fablica que discutiu as nomea\u00e7\u00f5es<\/figcaption><\/figure>\n<p>\u201cEnquanto deputado estadual, eu n\u00e3o posso nomear e nem obrigar que a Prefeitura fa\u00e7a isso. O que fizemos, desde maio de 2017, foi intermediar essa discuss\u00e3o, a fim de que tiv\u00e9ssemos uma solu\u00e7\u00e3o que concilie os interesses dos aprovados e da Gest\u00e3o Municipal. \u00c9 inadmiss\u00edvel que haja contrata\u00e7\u00f5es tempor\u00e1rias para os cargos em que temos aprovados. Isso fere a moralidade no servi\u00e7o p\u00fablico. Nomear aprovados em concurso p\u00fablico n\u00e3o \u00e9 favor. Por isso, apresentamos os fatos ao Minist\u00e9rio P\u00fablico e, agora, caso a Prefeita n\u00e3o cumpra a decis\u00e3o, o Judici\u00e1rio ir\u00e1 afast\u00e1-la. O nosso compromisso \u00e9 com cada concursado\u201d, disse o professor e deputado Wellington.<\/p>\n","protected":false},"excerpt":{"rendered":"<p>O deputado estadual Wellington do Curso destacou a decis\u00e3o do juiz da comarca de Brejo em defesa dos concursados do [&hellip;]<\/p>\n","protected":false},"author":0,"featured_media":0,"comment_status":"open","ping_status":"open","sticky":false,"template":"","format":"standard","meta":{"site-sidebar-layout":"default","site-content-layout":"","ast-site-content-layout":"default","site-content-style":"default","site-sidebar-style":"default","ast-global-header-display":"","ast-banner-title-visibility":"","ast-main-header-display":"","ast-hfb-above-header-display":"","ast-hfb-below-header-display":"","ast-hfb-mobile-header-display":"","site-post-title":"","ast-breadcrumbs-content":"","ast-featured-img":"","footer-sml-layout":"","ast-disable-related-posts":"","theme-transparent-header-meta":"","adv-header-id-meta":"","stick-header-meta":"","header-above-stick-meta":"","header-main-stick-meta":"","header-below-stick-meta":"","astra-migrate-meta-layouts":"default","ast-page-background-enabled":"default","ast-page-background-meta":{"desktop":{"background-color":"var(--ast-global-color-5)","background-image":"","background-repeat":"repeat","background-position":"center center","background-size":"auto","background-attachment":"scroll","background-type":"","background-media":"","overlay-type":"","overlay-color":"","overlay-opacity":"","overlay-gradient":""},"tablet":{"background-color":"","background-image":"","background-repeat":"repeat","background-position":"center center","background-size":"auto","background-attachment":"scroll","background-type":"","background-media":"","overlay-type":"","overlay-color":"","overlay-opacity":"","overlay-gradient":""},"mobile":{"background-color":"","background-image":"","background-repeat":"repeat","background-position":"center center","background-size":"auto","background-attachment":"scroll","background-type":"","background-media":"","overlay-type":"","overlay-color":"","overlay-opacity":"","overlay-gradient":""}},"ast-content-background-meta":{"desktop":{"background-color":"var(--ast-global-color-4)","background-image":"","background-repeat":"repeat","background-position":"center center","background-size":"auto","background-attachment":"scroll","background-type":"","background-media":"","overlay-type":"","overlay-color":"","overlay-opacity":"","overlay-gradient":""},"tablet":{"background-color":"var(--ast-global-color-4)","background-image":"","background-repeat":"repeat","background-position":"center center","background-size":"auto","background-attachment":"scroll","background-type":"","background-media":"","overlay-type":"","overlay-color":"","overlay-opacity":"","overlay-gradient":""},"mobile":{"background-color":"var(--ast-global-color-4)","background-image":"","background-repeat":"repeat","background-position":"center center","background-size":"auto","background-attachment":"scroll","background-type":"","background-media":"","overlay-type":"","overlay-color":"","overlay-opacity":"","overlay-gradient":""}},"footnotes":""},"categories":[1],"tags":[],"class_list":["post-59386","post","type-post","status-publish","format-standard","hentry","category-sem-categoria"],"yoast_head":"<!-- This site is optimized with the Yoast SEO plugin v26.6 - https:\/\/yoast.com\/wordpress\/plugins\/seo\/ -->\n<title>Wellington destaca decis\u00e3o que afastar\u00e1 prefeita de Anapurus caso n\u00e3o nomeie aprovados em concurso - Daniel Matos<\/title>\n<meta name=\"robots\" content=\"index, follow, max-snippet:-1, max-image-preview:large, max-video-preview:-1\" \/>\n<link rel=\"canonical\" href=\"https:\/\/www.blogsoestado.com\/danielmatos\/wellington-destaca-decisao-que-afastara-prefeita-de-anapurus-caso-nao-nomeie-aprovados-em-concurso\/\" \/>\n<meta property=\"og:locale\" content=\"pt_BR\" \/>\n<meta property=\"og:type\" content=\"article\" \/>\n<meta property=\"og:title\" content=\"Wellington destaca decis\u00e3o que afastar\u00e1 prefeita de Anapurus caso n\u00e3o nomeie aprovados em concurso - Daniel Matos\" \/>\n<meta property=\"og:description\" content=\"O deputado estadual Wellington do Curso destacou a decis\u00e3o do juiz da comarca de Brejo em defesa dos concursados do [&hellip;]\" \/>\n<meta property=\"og:url\" content=\"https:\/\/www.blogsoestado.com\/danielmatos\/wellington-destaca-decisao-que-afastara-prefeita-de-anapurus-caso-nao-nomeie-aprovados-em-concurso\/\" \/>\n<meta property=\"og:site_name\" content=\"Daniel Matos\" \/>\n<meta property=\"article:published_time\" content=\"2019-01-08T00:30:54+00:00\" \/>\n<meta property=\"og:image\" content=\"https:\/\/www.blogsoestado.com\/danielmatos\/files\/2019\/01\/w-decisao.jpg\" \/>\n<meta name=\"twitter:card\" content=\"summary_large_image\" \/>\n<meta name=\"twitter:label1\" content=\"Est. tempo de leitura\" \/>\n\t<meta name=\"twitter:data1\" content=\"1 minuto\" \/>\n<script type=\"application\/ld+json\" class=\"yoast-schema-graph\">{\"@context\":\"https:\/\/schema.org\",\"@graph\":[{\"@type\":\"WebPage\",\"@id\":\"https:\/\/www.blogsoestado.com\/danielmatos\/wellington-destaca-decisao-que-afastara-prefeita-de-anapurus-caso-nao-nomeie-aprovados-em-concurso\/\",\"url\":\"https:\/\/www.blogsoestado.com\/danielmatos\/wellington-destaca-decisao-que-afastara-prefeita-de-anapurus-caso-nao-nomeie-aprovados-em-concurso\/\",\"name\":\"Wellington destaca decis\u00e3o que afastar\u00e1 prefeita de Anapurus caso n\u00e3o nomeie aprovados em concurso - Daniel Matos\",\"isPartOf\":{\"@id\":\"https:\/\/www.blogsoestado.com\/danielmatos\/#website\"},\"primaryImageOfPage\":{\"@id\":\"https:\/\/www.blogsoestado.com\/danielmatos\/wellington-destaca-decisao-que-afastara-prefeita-de-anapurus-caso-nao-nomeie-aprovados-em-concurso\/#primaryimage\"},\"image\":{\"@id\":\"https:\/\/www.blogsoestado.com\/danielmatos\/wellington-destaca-decisao-que-afastara-prefeita-de-anapurus-caso-nao-nomeie-aprovados-em-concurso\/#primaryimage\"},\"thumbnailUrl\":\"https:\/\/www.blogsoestado.com\/danielmatos\/files\/2019\/01\/w-decisao.jpg\",\"datePublished\":\"2019-01-08T00:30:54+00:00\",\"author\":{\"@id\":\"\"},\"breadcrumb\":{\"@id\":\"https:\/\/www.blogsoestado.com\/danielmatos\/wellington-destaca-decisao-que-afastara-prefeita-de-anapurus-caso-nao-nomeie-aprovados-em-concurso\/#breadcrumb\"},\"inLanguage\":\"pt-BR\",\"potentialAction\":[{\"@type\":\"ReadAction\",\"target\":[\"https:\/\/www.blogsoestado.com\/danielmatos\/wellington-destaca-decisao-que-afastara-prefeita-de-anapurus-caso-nao-nomeie-aprovados-em-concurso\/\"]}]},{\"@type\":\"ImageObject\",\"inLanguage\":\"pt-BR\",\"@id\":\"https:\/\/www.blogsoestado.com\/danielmatos\/wellington-destaca-decisao-que-afastara-prefeita-de-anapurus-caso-nao-nomeie-aprovados-em-concurso\/#primaryimage\",\"url\":\"https:\/\/www.blogsoestado.com\/danielmatos\/files\/2019\/01\/w-decisao.jpg\",\"contentUrl\":\"https:\/\/www.blogsoestado.com\/danielmatos\/files\/2019\/01\/w-decisao.jpg\"},{\"@type\":\"BreadcrumbList\",\"@id\":\"https:\/\/www.blogsoestado.com\/danielmatos\/wellington-destaca-decisao-que-afastara-prefeita-de-anapurus-caso-nao-nomeie-aprovados-em-concurso\/#breadcrumb\",\"itemListElement\":[{\"@type\":\"ListItem\",\"position\":1,\"name\":\"In\u00edcio\",\"item\":\"https:\/\/www.blogsoestado.com\/danielmatos\/\"},{\"@type\":\"ListItem\",\"position\":2,\"name\":\"Wellington destaca decis\u00e3o que afastar\u00e1 prefeita de Anapurus caso n\u00e3o nomeie aprovados em concurso\"}]},{\"@type\":\"WebSite\",\"@id\":\"https:\/\/www.blogsoestado.com\/danielmatos\/#website\",\"url\":\"https:\/\/www.blogsoestado.com\/danielmatos\/\",\"name\":\"Daniel Matos\",\"description\":\"\",\"potentialAction\":[{\"@type\":\"SearchAction\",\"target\":{\"@type\":\"EntryPoint\",\"urlTemplate\":\"https:\/\/www.blogsoestado.com\/danielmatos\/?s={search_term_string}\"},\"query-input\":{\"@type\":\"PropertyValueSpecification\",\"valueRequired\":true,\"valueName\":\"search_term_string\"}}],\"inLanguage\":\"pt-BR\"}]}<\/script>\n<!-- \/ Yoast SEO plugin. -->","yoast_head_json":{"title":"Wellington destaca decis\u00e3o que afastar\u00e1 prefeita de Anapurus caso n\u00e3o nomeie aprovados em concurso - Daniel Matos","robots":{"index":"index","follow":"follow","max-snippet":"max-snippet:-1","max-image-preview":"max-image-preview:large","max-video-preview":"max-video-preview:-1"},"canonical":"https:\/\/www.blogsoestado.com\/danielmatos\/wellington-destaca-decisao-que-afastara-prefeita-de-anapurus-caso-nao-nomeie-aprovados-em-concurso\/","og_locale":"pt_BR","og_type":"article","og_title":"Wellington destaca decis\u00e3o que afastar\u00e1 prefeita de Anapurus caso n\u00e3o nomeie aprovados em concurso - Daniel Matos","og_description":"O deputado estadual Wellington do Curso destacou a decis\u00e3o do juiz da comarca de Brejo em defesa dos concursados do [&hellip;]","og_url":"https:\/\/www.blogsoestado.com\/danielmatos\/wellington-destaca-decisao-que-afastara-prefeita-de-anapurus-caso-nao-nomeie-aprovados-em-concurso\/","og_site_name":"Daniel Matos","article_published_time":"2019-01-08T00:30:54+00:00","og_image":[{"url":"https:\/\/www.blogsoestado.com\/danielmatos\/files\/2019\/01\/w-decisao.jpg","type":"","width":"","height":""}],"twitter_card":"summary_large_image","twitter_misc":{"Est. tempo de leitura":"1 minuto"},"schema":{"@context":"https:\/\/schema.org","@graph":[{"@type":"WebPage","@id":"https:\/\/www.blogsoestado.com\/danielmatos\/wellington-destaca-decisao-que-afastara-prefeita-de-anapurus-caso-nao-nomeie-aprovados-em-concurso\/","url":"https:\/\/www.blogsoestado.com\/danielmatos\/wellington-destaca-decisao-que-afastara-prefeita-de-anapurus-caso-nao-nomeie-aprovados-em-concurso\/","name":"Wellington destaca decis\u00e3o que afastar\u00e1 prefeita de Anapurus caso n\u00e3o nomeie aprovados em concurso - Daniel Matos","isPartOf":{"@id":"https:\/\/www.blogsoestado.com\/danielmatos\/#website"},"primaryImageOfPage":{"@id":"https:\/\/www.blogsoestado.com\/danielmatos\/wellington-destaca-decisao-que-afastara-prefeita-de-anapurus-caso-nao-nomeie-aprovados-em-concurso\/#primaryimage"},"image":{"@id":"https:\/\/www.blogsoestado.com\/danielmatos\/wellington-destaca-decisao-que-afastara-prefeita-de-anapurus-caso-nao-nomeie-aprovados-em-concurso\/#primaryimage"},"thumbnailUrl":"https:\/\/www.blogsoestado.com\/danielmatos\/files\/2019\/01\/w-decisao.jpg","datePublished":"2019-01-08T00:30:54+00:00","author":{"@id":""},"breadcrumb":{"@id":"https:\/\/www.blogsoestado.com\/danielmatos\/wellington-destaca-decisao-que-afastara-prefeita-de-anapurus-caso-nao-nomeie-aprovados-em-concurso\/#breadcrumb"},"inLanguage":"pt-BR","potentialAction":[{"@type":"ReadAction","target":["https:\/\/www.blogsoestado.com\/danielmatos\/wellington-destaca-decisao-que-afastara-prefeita-de-anapurus-caso-nao-nomeie-aprovados-em-concurso\/"]}]},{"@type":"ImageObject","inLanguage":"pt-BR","@id":"https:\/\/www.blogsoestado.com\/danielmatos\/wellington-destaca-decisao-que-afastara-prefeita-de-anapurus-caso-nao-nomeie-aprovados-em-concurso\/#primaryimage","url":"https:\/\/www.blogsoestado.com\/danielmatos\/files\/2019\/01\/w-decisao.jpg","contentUrl":"https:\/\/www.blogsoestado.com\/danielmatos\/files\/2019\/01\/w-decisao.jpg"},{"@type":"BreadcrumbList","@id":"https:\/\/www.blogsoestado.com\/danielmatos\/wellington-destaca-decisao-que-afastara-prefeita-de-anapurus-caso-nao-nomeie-aprovados-em-concurso\/#breadcrumb","itemListElement":[{"@type":"ListItem","position":1,"name":"In\u00edcio","item":"https:\/\/www.blogsoestado.com\/danielmatos\/"},{"@type":"ListItem","position":2,"name":"Wellington destaca decis\u00e3o que afastar\u00e1 prefeita de Anapurus caso n\u00e3o nomeie aprovados em concurso"}]},{"@type":"WebSite","@id":"https:\/\/www.blogsoestado.com\/danielmatos\/#website","url":"https:\/\/www.blogsoestado.com\/danielmatos\/","name":"Daniel Matos","description":"","potentialAction":[{"@type":"SearchAction","target":{"@type":"EntryPoint","urlTemplate":"https:\/\/www.blogsoestado.com\/danielmatos\/?s={search_term_string}"},"query-input":{"@type":"PropertyValueSpecification","valueRequired":true,"valueName":"search_term_string"}}],"inLanguage":"pt-BR"}]}},"jetpack_featured_media_url":"","_links":{"self":[{"href":"https:\/\/www.blogsoestado.com\/danielmatos\/wp-json\/wp\/v2\/posts\/59386","targetHints":{"allow":["GET"]}}],"collection":[{"href":"https:\/\/www.blogsoestado.com\/danielmatos\/wp-json\/wp\/v2\/posts"}],"about":[{"href":"https:\/\/www.blogsoestado.com\/danielmatos\/wp-json\/wp\/v2\/types\/post"}],"replies":[{"embeddable":true,"href":"https:\/\/www.blogsoestado.com\/danielmatos\/wp-json\/wp\/v2\/comments?post=59386"}],"version-history":[{"count":0,"href":"https:\/\/www.blogsoestado.com\/danielmatos\/wp-json\/wp\/v2\/posts\/59386\/revisions"}],"wp:attachment":[{"href":"https:\/\/www.blogsoestado.com\/danielmatos\/wp-json\/wp\/v2\/media?parent=59386"}],"wp:term":[{"taxonomy":"category","embeddable":true,"href":"https:\/\/www.blogsoestado.com\/danielmatos\/wp-json\/wp\/v2\/categories?post=59386"},{"taxonomy":"post_tag","embeddable":true,"href":"https:\/\/www.blogsoestado.com\/danielmatos\/wp-json\/wp\/v2\/tags?post=59386"}],"curies":[{"name":"wp","href":"https:\/\/api.w.org\/{rel}","templated":true}]}}