{"id":59393,"date":"2019-01-08T07:33:46","date_gmt":"2019-01-08T10:33:46","guid":{"rendered":"https:\/\/www.blogsoestado.com\/danielmatos\/?p=59393"},"modified":"2019-01-08T07:33:46","modified_gmt":"2019-01-08T10:33:46","slug":"vereador-cezar-bombeiro-avalia-como-positiva-e-produtiva-a-sua-atuacao-parlamentar-em-2018","status":"publish","type":"post","link":"https:\/\/www.blogsoestado.com\/danielmatos\/vereador-cezar-bombeiro-avalia-como-positiva-e-produtiva-a-sua-atuacao-parlamentar-em-2018\/","title":{"rendered":"Vereador C\u00e9zar Bombeiro avalia como positiva e produtiva a sua atua\u00e7\u00e3o parlamentar em 2018"},"content":{"rendered":"<figure id=\"attachment_59394\" aria-describedby=\"caption-attachment-59394\" style=\"width: 650px\" class=\"wp-caption aligncenter\"><a href=\"https:\/\/www.blogsoestado.com\/danielmatos\/2019\/01\/08\/vereador-cezar-bombeiro-avalia-como-positiva-e-produtiva-a-sua-atuacao-parlamentar-em-2018\/cesar\/\" rel=\"attachment wp-att-59394\"><img fetchpriority=\"high\" decoding=\"async\" class=\"wp-image-59394\" src=\"https:\/\/www.blogsoestado.com\/danielmatos\/files\/2019\/01\/cesar.jpg\" alt=\"\" width=\"650\" height=\"444\" \/><\/a><figcaption id=\"caption-attachment-59394\" class=\"wp-caption-text\">C\u00e9zar Bombeiro em diferentes momentos da sua din\u00e2mica atua\u00e7\u00e3o parlamentar no ano legislativo passado<\/figcaption><\/figure>\n<p>O vereador C\u00e9zar Bombeiro avaliou como positiva e bastante produtiva a<br \/>\nsua atua\u00e7\u00e3o parlamentar na C\u00e2mara Municipal de S\u00e3o Lu\u00eds.<\/p>\n<p>De acordo com os registros da sua assessoria t\u00e9cnica, foram encaminhados<br \/>\ne aprovados pela Mesa Diretora do Legislativo municipal 36 requerimentos. Indica\u00e7\u00f5es com solicita\u00e7\u00f5es de servi\u00e7os, obras e\u00a0provid\u00eancias ao poder p\u00fablico estadual atingiram o n\u00famero de 38.<\/p>\n<p>Projetos de lei voltados para os interesses coletivos foram aprovados nove\u00a0 e decretos legislativos tamb\u00e9m foram nove.<\/p>\n<p>O vereador diz que independente das suas a\u00e7\u00f5es dentro do parlamento, o\u00a0que foi feito nas comunidades superaram as expectativas, principalmente\u00a0no bairro Liberdade, onde parcerias com a comunidade e muitos\u00a0esfor\u00e7os atingiram a\u00e7\u00f5es concretas, principalmente na \u00e1rea da educa\u00e7\u00e3o,\u00a0do esporte e do lazer.<\/p>\n<p>O vereador C\u00e9zar Bombeiro salienta que visitou dezenas de comunidades e\u00a0todas as solicita\u00e7\u00f5es foram levadas para a C\u00e2mara Municipal, grande\u00a0parte delas com as realiza\u00e7\u00f5es de audi\u00eancias p\u00fablicas, com destaque para\u00a0a s\u00e9ria, grave e bastante preocupante quest\u00e3o das enchentes nos bairros de S\u00e3o Lu\u00eds<br \/>\nno per\u00edodo do inverno. Lamenta profundamente que a prefeitura de S\u00e3o<br \/>\nLu\u00eds tenha sido indiferente \u00e0 problem\u00e1tica e que a Mesa Diretora do<br \/>\nparlamento municipal tenha postergado o quanto pode para impedir a\u00a0presen\u00e7a do Secret\u00e1rio Municipal de Obras no plen\u00e1rio da casa legislativa para\u00a0falar sobre as enchentes e o caos nos escoamentos das \u00e1guas das chuvas.<\/p>\n<p>&#8220;No presente per\u00edodo vou continuar a minha luta dentro do compromisso que<br \/>\ntenho com a popula\u00e7\u00e3o e vou retomar a quest\u00e3o das enchentes&#8221;, prometeu.<\/p>\n<p>&#8220;O novo presidente, o vereador Osmar Filho, muito afeito ao di\u00e1logo \u00e9\u00a0muito importante e acredito que vamos nos entender muito bem, at\u00e9 pela\u00a0sua plena disposi\u00e7\u00e3o em realizar um trabalho din\u00e2mico e construtivo\u00a0levando o legislativo municipal para as comunidades. A minha atua\u00e7\u00e3o parlamentar\u00a0\u00e9 pautada nos interesses coletivos e entendo que ela\u00a0contempla quem realmente defende e luta por direitos e dignidade humana\u00a0das pessoas pobres&#8221;, afirmou o vereador C\u00e9zar Bombeiro.<\/p>\n","protected":false},"excerpt":{"rendered":"<p>O vereador C\u00e9zar Bombeiro avaliou como positiva e bastante produtiva a sua atua\u00e7\u00e3o parlamentar na C\u00e2mara Municipal de S\u00e3o Lu\u00eds. [&hellip;]<\/p>\n","protected":false},"author":0,"featured_media":0,"comment_status":"open","ping_status":"open","sticky":false,"template":"","format":"standard","meta":{"site-sidebar-layout":"default","site-content-layout":"","ast-site-content-layout":"default","site-content-style":"default","site-sidebar-style":"default","ast-global-header-display":"","ast-banner-title-visibility":"","ast-main-header-display":"","ast-hfb-above-header-display":"","ast-hfb-below-header-display":"","ast-hfb-mobile-header-display":"","site-post-title":"","ast-breadcrumbs-content":"","ast-featured-img":"","footer-sml-layout":"","ast-disable-related-posts":"","theme-transparent-header-meta":"","adv-header-id-meta":"","stick-header-meta":"","header-above-stick-meta":"","header-main-stick-meta":"","header-below-stick-meta":"","astra-migrate-meta-layouts":"default","ast-page-background-enabled":"default","ast-page-background-meta":{"desktop":{"background-color":"var(--ast-global-color-5)","background-image":"","background-repeat":"repeat","background-position":"center center","background-size":"auto","background-attachment":"scroll","background-type":"","background-media":"","overlay-type":"","overlay-color":"","overlay-opacity":"","overlay-gradient":""},"tablet":{"background-color":"","background-image":"","background-repeat":"repeat","background-position":"center center","background-size":"auto","background-attachment":"scroll","background-type":"","background-media":"","overlay-type":"","overlay-color":"","overlay-opacity":"","overlay-gradient":""},"mobile":{"background-color":"","background-image":"","background-repeat":"repeat","background-position":"center center","background-size":"auto","background-attachment":"scroll","background-type":"","background-media":"","overlay-type":"","overlay-color":"","overlay-opacity":"","overlay-gradient":""}},"ast-content-background-meta":{"desktop":{"background-color":"var(--ast-global-color-4)","background-image":"","background-repeat":"repeat","background-position":"center center","background-size":"auto","background-attachment":"scroll","background-type":"","background-media":"","overlay-type":"","overlay-color":"","overlay-opacity":"","overlay-gradient":""},"tablet":{"background-color":"var(--ast-global-color-4)","background-image":"","background-repeat":"repeat","background-position":"center center","background-size":"auto","background-attachment":"scroll","background-type":"","background-media":"","overlay-type":"","overlay-color":"","overlay-opacity":"","overlay-gradient":""},"mobile":{"background-color":"var(--ast-global-color-4)","background-image":"","background-repeat":"repeat","background-position":"center center","background-size":"auto","background-attachment":"scroll","background-type":"","background-media":"","overlay-type":"","overlay-color":"","overlay-opacity":"","overlay-gradient":""}},"footnotes":""},"categories":[1],"tags":[],"class_list":["post-59393","post","type-post","status-publish","format-standard","hentry","category-sem-categoria"],"yoast_head":"<!-- This site is optimized with the Yoast SEO plugin v26.6 - https:\/\/yoast.com\/wordpress\/plugins\/seo\/ -->\n<title>Vereador C\u00e9zar Bombeiro avalia como positiva e produtiva a sua atua\u00e7\u00e3o parlamentar em 2018 - Daniel Matos<\/title>\n<meta name=\"robots\" content=\"index, follow, max-snippet:-1, max-image-preview:large, max-video-preview:-1\" \/>\n<link rel=\"canonical\" href=\"https:\/\/www.blogsoestado.com\/danielmatos\/vereador-cezar-bombeiro-avalia-como-positiva-e-produtiva-a-sua-atuacao-parlamentar-em-2018\/\" \/>\n<meta property=\"og:locale\" content=\"pt_BR\" \/>\n<meta property=\"og:type\" content=\"article\" \/>\n<meta property=\"og:title\" content=\"Vereador C\u00e9zar Bombeiro avalia como positiva e produtiva a sua atua\u00e7\u00e3o parlamentar em 2018 - Daniel Matos\" \/>\n<meta property=\"og:description\" content=\"O vereador C\u00e9zar Bombeiro avaliou como positiva e bastante produtiva a sua atua\u00e7\u00e3o parlamentar na C\u00e2mara Municipal de S\u00e3o Lu\u00eds. [&hellip;]\" \/>\n<meta property=\"og:url\" content=\"https:\/\/www.blogsoestado.com\/danielmatos\/vereador-cezar-bombeiro-avalia-como-positiva-e-produtiva-a-sua-atuacao-parlamentar-em-2018\/\" \/>\n<meta property=\"og:site_name\" content=\"Daniel Matos\" \/>\n<meta property=\"article:published_time\" content=\"2019-01-08T10:33:46+00:00\" \/>\n<meta property=\"og:image\" content=\"https:\/\/www.blogsoestado.com\/danielmatos\/files\/2019\/01\/cesar.jpg\" \/>\n<meta name=\"twitter:card\" content=\"summary_large_image\" \/>\n<meta name=\"twitter:label1\" content=\"Est. tempo de leitura\" \/>\n\t<meta name=\"twitter:data1\" content=\"2 minutos\" \/>\n<script type=\"application\/ld+json\" class=\"yoast-schema-graph\">{\"@context\":\"https:\/\/schema.org\",\"@graph\":[{\"@type\":\"WebPage\",\"@id\":\"https:\/\/www.blogsoestado.com\/danielmatos\/vereador-cezar-bombeiro-avalia-como-positiva-e-produtiva-a-sua-atuacao-parlamentar-em-2018\/\",\"url\":\"https:\/\/www.blogsoestado.com\/danielmatos\/vereador-cezar-bombeiro-avalia-como-positiva-e-produtiva-a-sua-atuacao-parlamentar-em-2018\/\",\"name\":\"Vereador C\u00e9zar Bombeiro avalia como positiva e produtiva a sua atua\u00e7\u00e3o parlamentar em 2018 - Daniel Matos\",\"isPartOf\":{\"@id\":\"https:\/\/www.blogsoestado.com\/danielmatos\/#website\"},\"primaryImageOfPage\":{\"@id\":\"https:\/\/www.blogsoestado.com\/danielmatos\/vereador-cezar-bombeiro-avalia-como-positiva-e-produtiva-a-sua-atuacao-parlamentar-em-2018\/#primaryimage\"},\"image\":{\"@id\":\"https:\/\/www.blogsoestado.com\/danielmatos\/vereador-cezar-bombeiro-avalia-como-positiva-e-produtiva-a-sua-atuacao-parlamentar-em-2018\/#primaryimage\"},\"thumbnailUrl\":\"https:\/\/www.blogsoestado.com\/danielmatos\/files\/2019\/01\/cesar.jpg\",\"datePublished\":\"2019-01-08T10:33:46+00:00\",\"author\":{\"@id\":\"\"},\"breadcrumb\":{\"@id\":\"https:\/\/www.blogsoestado.com\/danielmatos\/vereador-cezar-bombeiro-avalia-como-positiva-e-produtiva-a-sua-atuacao-parlamentar-em-2018\/#breadcrumb\"},\"inLanguage\":\"pt-BR\",\"potentialAction\":[{\"@type\":\"ReadAction\",\"target\":[\"https:\/\/www.blogsoestado.com\/danielmatos\/vereador-cezar-bombeiro-avalia-como-positiva-e-produtiva-a-sua-atuacao-parlamentar-em-2018\/\"]}]},{\"@type\":\"ImageObject\",\"inLanguage\":\"pt-BR\",\"@id\":\"https:\/\/www.blogsoestado.com\/danielmatos\/vereador-cezar-bombeiro-avalia-como-positiva-e-produtiva-a-sua-atuacao-parlamentar-em-2018\/#primaryimage\",\"url\":\"https:\/\/www.blogsoestado.com\/danielmatos\/files\/2019\/01\/cesar.jpg\",\"contentUrl\":\"https:\/\/www.blogsoestado.com\/danielmatos\/files\/2019\/01\/cesar.jpg\"},{\"@type\":\"BreadcrumbList\",\"@id\":\"https:\/\/www.blogsoestado.com\/danielmatos\/vereador-cezar-bombeiro-avalia-como-positiva-e-produtiva-a-sua-atuacao-parlamentar-em-2018\/#breadcrumb\",\"itemListElement\":[{\"@type\":\"ListItem\",\"position\":1,\"name\":\"In\u00edcio\",\"item\":\"https:\/\/www.blogsoestado.com\/danielmatos\/\"},{\"@type\":\"ListItem\",\"position\":2,\"name\":\"Vereador C\u00e9zar Bombeiro avalia como positiva e produtiva a sua atua\u00e7\u00e3o parlamentar em 2018\"}]},{\"@type\":\"WebSite\",\"@id\":\"https:\/\/www.blogsoestado.com\/danielmatos\/#website\",\"url\":\"https:\/\/www.blogsoestado.com\/danielmatos\/\",\"name\":\"Daniel Matos\",\"description\":\"\",\"potentialAction\":[{\"@type\":\"SearchAction\",\"target\":{\"@type\":\"EntryPoint\",\"urlTemplate\":\"https:\/\/www.blogsoestado.com\/danielmatos\/?s={search_term_string}\"},\"query-input\":{\"@type\":\"PropertyValueSpecification\",\"valueRequired\":true,\"valueName\":\"search_term_string\"}}],\"inLanguage\":\"pt-BR\"}]}<\/script>\n<!-- \/ Yoast SEO plugin. -->","yoast_head_json":{"title":"Vereador C\u00e9zar Bombeiro avalia como positiva e produtiva a sua atua\u00e7\u00e3o parlamentar em 2018 - Daniel Matos","robots":{"index":"index","follow":"follow","max-snippet":"max-snippet:-1","max-image-preview":"max-image-preview:large","max-video-preview":"max-video-preview:-1"},"canonical":"https:\/\/www.blogsoestado.com\/danielmatos\/vereador-cezar-bombeiro-avalia-como-positiva-e-produtiva-a-sua-atuacao-parlamentar-em-2018\/","og_locale":"pt_BR","og_type":"article","og_title":"Vereador C\u00e9zar Bombeiro avalia como positiva e produtiva a sua atua\u00e7\u00e3o parlamentar em 2018 - Daniel Matos","og_description":"O vereador C\u00e9zar Bombeiro avaliou como positiva e bastante produtiva a sua atua\u00e7\u00e3o parlamentar na C\u00e2mara Municipal de S\u00e3o Lu\u00eds. [&hellip;]","og_url":"https:\/\/www.blogsoestado.com\/danielmatos\/vereador-cezar-bombeiro-avalia-como-positiva-e-produtiva-a-sua-atuacao-parlamentar-em-2018\/","og_site_name":"Daniel Matos","article_published_time":"2019-01-08T10:33:46+00:00","og_image":[{"url":"https:\/\/www.blogsoestado.com\/danielmatos\/files\/2019\/01\/cesar.jpg","type":"","width":"","height":""}],"twitter_card":"summary_large_image","twitter_misc":{"Est. tempo de leitura":"2 minutos"},"schema":{"@context":"https:\/\/schema.org","@graph":[{"@type":"WebPage","@id":"https:\/\/www.blogsoestado.com\/danielmatos\/vereador-cezar-bombeiro-avalia-como-positiva-e-produtiva-a-sua-atuacao-parlamentar-em-2018\/","url":"https:\/\/www.blogsoestado.com\/danielmatos\/vereador-cezar-bombeiro-avalia-como-positiva-e-produtiva-a-sua-atuacao-parlamentar-em-2018\/","name":"Vereador C\u00e9zar Bombeiro avalia como positiva e produtiva a sua atua\u00e7\u00e3o parlamentar em 2018 - Daniel Matos","isPartOf":{"@id":"https:\/\/www.blogsoestado.com\/danielmatos\/#website"},"primaryImageOfPage":{"@id":"https:\/\/www.blogsoestado.com\/danielmatos\/vereador-cezar-bombeiro-avalia-como-positiva-e-produtiva-a-sua-atuacao-parlamentar-em-2018\/#primaryimage"},"image":{"@id":"https:\/\/www.blogsoestado.com\/danielmatos\/vereador-cezar-bombeiro-avalia-como-positiva-e-produtiva-a-sua-atuacao-parlamentar-em-2018\/#primaryimage"},"thumbnailUrl":"https:\/\/www.blogsoestado.com\/danielmatos\/files\/2019\/01\/cesar.jpg","datePublished":"2019-01-08T10:33:46+00:00","author":{"@id":""},"breadcrumb":{"@id":"https:\/\/www.blogsoestado.com\/danielmatos\/vereador-cezar-bombeiro-avalia-como-positiva-e-produtiva-a-sua-atuacao-parlamentar-em-2018\/#breadcrumb"},"inLanguage":"pt-BR","potentialAction":[{"@type":"ReadAction","target":["https:\/\/www.blogsoestado.com\/danielmatos\/vereador-cezar-bombeiro-avalia-como-positiva-e-produtiva-a-sua-atuacao-parlamentar-em-2018\/"]}]},{"@type":"ImageObject","inLanguage":"pt-BR","@id":"https:\/\/www.blogsoestado.com\/danielmatos\/vereador-cezar-bombeiro-avalia-como-positiva-e-produtiva-a-sua-atuacao-parlamentar-em-2018\/#primaryimage","url":"https:\/\/www.blogsoestado.com\/danielmatos\/files\/2019\/01\/cesar.jpg","contentUrl":"https:\/\/www.blogsoestado.com\/danielmatos\/files\/2019\/01\/cesar.jpg"},{"@type":"BreadcrumbList","@id":"https:\/\/www.blogsoestado.com\/danielmatos\/vereador-cezar-bombeiro-avalia-como-positiva-e-produtiva-a-sua-atuacao-parlamentar-em-2018\/#breadcrumb","itemListElement":[{"@type":"ListItem","position":1,"name":"In\u00edcio","item":"https:\/\/www.blogsoestado.com\/danielmatos\/"},{"@type":"ListItem","position":2,"name":"Vereador C\u00e9zar Bombeiro avalia como positiva e produtiva a sua atua\u00e7\u00e3o parlamentar em 2018"}]},{"@type":"WebSite","@id":"https:\/\/www.blogsoestado.com\/danielmatos\/#website","url":"https:\/\/www.blogsoestado.com\/danielmatos\/","name":"Daniel Matos","description":"","potentialAction":[{"@type":"SearchAction","target":{"@type":"EntryPoint","urlTemplate":"https:\/\/www.blogsoestado.com\/danielmatos\/?s={search_term_string}"},"query-input":{"@type":"PropertyValueSpecification","valueRequired":true,"valueName":"search_term_string"}}],"inLanguage":"pt-BR"}]}},"jetpack_featured_media_url":"","_links":{"self":[{"href":"https:\/\/www.blogsoestado.com\/danielmatos\/wp-json\/wp\/v2\/posts\/59393","targetHints":{"allow":["GET"]}}],"collection":[{"href":"https:\/\/www.blogsoestado.com\/danielmatos\/wp-json\/wp\/v2\/posts"}],"about":[{"href":"https:\/\/www.blogsoestado.com\/danielmatos\/wp-json\/wp\/v2\/types\/post"}],"replies":[{"embeddable":true,"href":"https:\/\/www.blogsoestado.com\/danielmatos\/wp-json\/wp\/v2\/comments?post=59393"}],"version-history":[{"count":0,"href":"https:\/\/www.blogsoestado.com\/danielmatos\/wp-json\/wp\/v2\/posts\/59393\/revisions"}],"wp:attachment":[{"href":"https:\/\/www.blogsoestado.com\/danielmatos\/wp-json\/wp\/v2\/media?parent=59393"}],"wp:term":[{"taxonomy":"category","embeddable":true,"href":"https:\/\/www.blogsoestado.com\/danielmatos\/wp-json\/wp\/v2\/categories?post=59393"},{"taxonomy":"post_tag","embeddable":true,"href":"https:\/\/www.blogsoestado.com\/danielmatos\/wp-json\/wp\/v2\/tags?post=59393"}],"curies":[{"name":"wp","href":"https:\/\/api.w.org\/{rel}","templated":true}]}}