{"id":59397,"date":"2019-01-08T10:15:39","date_gmt":"2019-01-08T13:15:39","guid":{"rendered":"https:\/\/www.blogsoestado.com\/danielmatos\/?p=59397"},"modified":"2019-01-08T10:15:39","modified_gmt":"2019-01-08T13:15:39","slug":"pedro-lucas-dialoga-com-osmar-filho-e-se-coloca-a-disposicao-para-construir-parlamento-metropolitano","status":"publish","type":"post","link":"https:\/\/www.blogsoestado.com\/danielmatos\/pedro-lucas-dialoga-com-osmar-filho-e-se-coloca-a-disposicao-para-construir-parlamento-metropolitano\/","title":{"rendered":"Pedro Lucas dialoga com Osmar Filho e se coloca \u00e0 disposi\u00e7\u00e3o para construir Parlamento Metropolitano"},"content":{"rendered":"<p><a href=\"https:\/\/www.blogsoestado.com\/danielmatos\/2019\/01\/08\/pedro-lucas-dialoga-com-osmar-filho-e-se-coloca-a-disposicao-para-construir-parlamento-metropolitano\/56d80f4d-4d65-40d1-9975-71cf2b44134e\/\" rel=\"attachment wp-att-59398\"><img fetchpriority=\"high\" decoding=\"async\" class=\"alignleft wp-image-59398\" src=\"https:\/\/www.blogsoestado.com\/danielmatos\/files\/2019\/01\/56d80f4d-4d65-40d1-9975-71cf2b44134e.jpg\" alt=\"\" width=\"450\" height=\"505\" \/><\/a><\/p>\n<p>O deputado federal eleito Pedro Lucas Fernandes (PTB) visitou, nesta\u00a0segunda-feira (7), o presidente da C\u00e2mara Municipal de S\u00e3o Lu\u00eds,\u00a0vereador Osmar Filho (PDT).<\/p>\n<p>O encontro serviu para discutir demandas futuras para a capital\u00a0 maranhense\u00a0que podem ser articuladas por Pedro Lucas no Congresso a<br \/>\npartir de fevereiro.<\/p>\n<p>A visita institucional do futuro l\u00edder do PTB na C\u00e2mara dos Deputados\u00a0ocorreu de forma espont\u00e2nea e de cortesia.<\/p>\n<p>Pedro Lucas elogiou algumas iniciativas j\u00e1 anunciadas pelo presidente da\u00a0Casa. &#8220;Vim aqui para desejar uma prof\u00edcua gest\u00e3o na C\u00e2mara ao vereador\u00a0Osmar Filho, nos colocando \u00e0 disposi\u00e7\u00e3o como deputado federal para<br \/>\ncontribuir&#8221;, destacou Pedro Lucas.<\/p>\n<p>Al\u00e9m de manifestar apoio a Osmar no comando do Legislativo ludovicense,<br \/>\nPedro Lucas pontuou que o encontro tamb\u00e9m serviu para discutir demandas<br \/>\nfuturas que podem ser articuladas por ele em Bras\u00edlia a partir de\u00a0fevereiro, quando toma posse para seu primeiro mandato de deputado\u00a0federal.<\/p>\n<p>O parlamentar, que teve a experi\u00eancia de ter comandado a Ag\u00eancia\u00a0Executiva Metropolitana (AGEM), tamb\u00e9m colocou-se \u00e0 disposi\u00e7\u00e3o para\u00a0construir com o chefe do Legislativo ludovicense o<br \/>\nParlamento Metropolitano. &#8220;A iniciativa do presidente Osmar Filho \u00e9\u00a0uma a\u00e7\u00e3o de grande import\u00e2ncia e quero poder contribuir com minha\u00a0experi\u00eancia de secret\u00e1rio metropolitano para construir o Parlamento\u00a0Metropolitano&#8221;, concluiu.<\/p>\n","protected":false},"excerpt":{"rendered":"<p>O deputado federal eleito Pedro Lucas Fernandes (PTB) visitou, nesta\u00a0segunda-feira (7), o presidente da C\u00e2mara Municipal de S\u00e3o Lu\u00eds,\u00a0vereador Osmar [&hellip;]<\/p>\n","protected":false},"author":0,"featured_media":0,"comment_status":"open","ping_status":"open","sticky":false,"template":"","format":"standard","meta":{"site-sidebar-layout":"default","site-content-layout":"","ast-site-content-layout":"default","site-content-style":"default","site-sidebar-style":"default","ast-global-header-display":"","ast-banner-title-visibility":"","ast-main-header-display":"","ast-hfb-above-header-display":"","ast-hfb-below-header-display":"","ast-hfb-mobile-header-display":"","site-post-title":"","ast-breadcrumbs-content":"","ast-featured-img":"","footer-sml-layout":"","ast-disable-related-posts":"","theme-transparent-header-meta":"","adv-header-id-meta":"","stick-header-meta":"","header-above-stick-meta":"","header-main-stick-meta":"","header-below-stick-meta":"","astra-migrate-meta-layouts":"default","ast-page-background-enabled":"default","ast-page-background-meta":{"desktop":{"background-color":"var(--ast-global-color-5)","background-image":"","background-repeat":"repeat","background-position":"center center","background-size":"auto","background-attachment":"scroll","background-type":"","background-media":"","overlay-type":"","overlay-color":"","overlay-opacity":"","overlay-gradient":""},"tablet":{"background-color":"","background-image":"","background-repeat":"repeat","background-position":"center center","background-size":"auto","background-attachment":"scroll","background-type":"","background-media":"","overlay-type":"","overlay-color":"","overlay-opacity":"","overlay-gradient":""},"mobile":{"background-color":"","background-image":"","background-repeat":"repeat","background-position":"center center","background-size":"auto","background-attachment":"scroll","background-type":"","background-media":"","overlay-type":"","overlay-color":"","overlay-opacity":"","overlay-gradient":""}},"ast-content-background-meta":{"desktop":{"background-color":"var(--ast-global-color-4)","background-image":"","background-repeat":"repeat","background-position":"center center","background-size":"auto","background-attachment":"scroll","background-type":"","background-media":"","overlay-type":"","overlay-color":"","overlay-opacity":"","overlay-gradient":""},"tablet":{"background-color":"var(--ast-global-color-4)","background-image":"","background-repeat":"repeat","background-position":"center center","background-size":"auto","background-attachment":"scroll","background-type":"","background-media":"","overlay-type":"","overlay-color":"","overlay-opacity":"","overlay-gradient":""},"mobile":{"background-color":"var(--ast-global-color-4)","background-image":"","background-repeat":"repeat","background-position":"center center","background-size":"auto","background-attachment":"scroll","background-type":"","background-media":"","overlay-type":"","overlay-color":"","overlay-opacity":"","overlay-gradient":""}},"footnotes":""},"categories":[1],"tags":[],"class_list":["post-59397","post","type-post","status-publish","format-standard","hentry","category-sem-categoria"],"yoast_head":"<!-- This site is optimized with the Yoast SEO plugin v26.6 - https:\/\/yoast.com\/wordpress\/plugins\/seo\/ -->\n<title>Pedro Lucas dialoga com Osmar Filho e se coloca \u00e0 disposi\u00e7\u00e3o para construir Parlamento Metropolitano - Daniel Matos<\/title>\n<meta name=\"robots\" content=\"index, follow, max-snippet:-1, max-image-preview:large, max-video-preview:-1\" \/>\n<link rel=\"canonical\" href=\"https:\/\/www.blogsoestado.com\/danielmatos\/pedro-lucas-dialoga-com-osmar-filho-e-se-coloca-a-disposicao-para-construir-parlamento-metropolitano\/\" \/>\n<meta property=\"og:locale\" content=\"pt_BR\" \/>\n<meta property=\"og:type\" content=\"article\" \/>\n<meta property=\"og:title\" content=\"Pedro Lucas dialoga com Osmar Filho e se coloca \u00e0 disposi\u00e7\u00e3o para construir Parlamento Metropolitano - Daniel Matos\" \/>\n<meta property=\"og:description\" content=\"O deputado federal eleito Pedro Lucas Fernandes (PTB) visitou, nesta\u00a0segunda-feira (7), o presidente da C\u00e2mara Municipal de S\u00e3o Lu\u00eds,\u00a0vereador Osmar [&hellip;]\" \/>\n<meta property=\"og:url\" content=\"https:\/\/www.blogsoestado.com\/danielmatos\/pedro-lucas-dialoga-com-osmar-filho-e-se-coloca-a-disposicao-para-construir-parlamento-metropolitano\/\" \/>\n<meta property=\"og:site_name\" content=\"Daniel Matos\" \/>\n<meta property=\"article:published_time\" content=\"2019-01-08T13:15:39+00:00\" \/>\n<meta property=\"og:image\" content=\"https:\/\/www.blogsoestado.com\/danielmatos\/files\/2019\/01\/56d80f4d-4d65-40d1-9975-71cf2b44134e.jpg\" \/>\n<meta name=\"twitter:card\" content=\"summary_large_image\" \/>\n<meta name=\"twitter:label1\" content=\"Est. tempo de leitura\" \/>\n\t<meta name=\"twitter:data1\" content=\"1 minuto\" \/>\n<script type=\"application\/ld+json\" class=\"yoast-schema-graph\">{\"@context\":\"https:\/\/schema.org\",\"@graph\":[{\"@type\":\"WebPage\",\"@id\":\"https:\/\/www.blogsoestado.com\/danielmatos\/pedro-lucas-dialoga-com-osmar-filho-e-se-coloca-a-disposicao-para-construir-parlamento-metropolitano\/\",\"url\":\"https:\/\/www.blogsoestado.com\/danielmatos\/pedro-lucas-dialoga-com-osmar-filho-e-se-coloca-a-disposicao-para-construir-parlamento-metropolitano\/\",\"name\":\"Pedro Lucas dialoga com Osmar Filho e se coloca \u00e0 disposi\u00e7\u00e3o para construir Parlamento Metropolitano - Daniel Matos\",\"isPartOf\":{\"@id\":\"https:\/\/www.blogsoestado.com\/danielmatos\/#website\"},\"primaryImageOfPage\":{\"@id\":\"https:\/\/www.blogsoestado.com\/danielmatos\/pedro-lucas-dialoga-com-osmar-filho-e-se-coloca-a-disposicao-para-construir-parlamento-metropolitano\/#primaryimage\"},\"image\":{\"@id\":\"https:\/\/www.blogsoestado.com\/danielmatos\/pedro-lucas-dialoga-com-osmar-filho-e-se-coloca-a-disposicao-para-construir-parlamento-metropolitano\/#primaryimage\"},\"thumbnailUrl\":\"https:\/\/www.blogsoestado.com\/danielmatos\/files\/2019\/01\/56d80f4d-4d65-40d1-9975-71cf2b44134e.jpg\",\"datePublished\":\"2019-01-08T13:15:39+00:00\",\"author\":{\"@id\":\"\"},\"breadcrumb\":{\"@id\":\"https:\/\/www.blogsoestado.com\/danielmatos\/pedro-lucas-dialoga-com-osmar-filho-e-se-coloca-a-disposicao-para-construir-parlamento-metropolitano\/#breadcrumb\"},\"inLanguage\":\"pt-BR\",\"potentialAction\":[{\"@type\":\"ReadAction\",\"target\":[\"https:\/\/www.blogsoestado.com\/danielmatos\/pedro-lucas-dialoga-com-osmar-filho-e-se-coloca-a-disposicao-para-construir-parlamento-metropolitano\/\"]}]},{\"@type\":\"ImageObject\",\"inLanguage\":\"pt-BR\",\"@id\":\"https:\/\/www.blogsoestado.com\/danielmatos\/pedro-lucas-dialoga-com-osmar-filho-e-se-coloca-a-disposicao-para-construir-parlamento-metropolitano\/#primaryimage\",\"url\":\"https:\/\/www.blogsoestado.com\/danielmatos\/files\/2019\/01\/56d80f4d-4d65-40d1-9975-71cf2b44134e.jpg\",\"contentUrl\":\"https:\/\/www.blogsoestado.com\/danielmatos\/files\/2019\/01\/56d80f4d-4d65-40d1-9975-71cf2b44134e.jpg\"},{\"@type\":\"BreadcrumbList\",\"@id\":\"https:\/\/www.blogsoestado.com\/danielmatos\/pedro-lucas-dialoga-com-osmar-filho-e-se-coloca-a-disposicao-para-construir-parlamento-metropolitano\/#breadcrumb\",\"itemListElement\":[{\"@type\":\"ListItem\",\"position\":1,\"name\":\"In\u00edcio\",\"item\":\"https:\/\/www.blogsoestado.com\/danielmatos\/\"},{\"@type\":\"ListItem\",\"position\":2,\"name\":\"Pedro Lucas dialoga com Osmar Filho e se coloca \u00e0 disposi\u00e7\u00e3o para construir Parlamento Metropolitano\"}]},{\"@type\":\"WebSite\",\"@id\":\"https:\/\/www.blogsoestado.com\/danielmatos\/#website\",\"url\":\"https:\/\/www.blogsoestado.com\/danielmatos\/\",\"name\":\"Daniel Matos\",\"description\":\"\",\"potentialAction\":[{\"@type\":\"SearchAction\",\"target\":{\"@type\":\"EntryPoint\",\"urlTemplate\":\"https:\/\/www.blogsoestado.com\/danielmatos\/?s={search_term_string}\"},\"query-input\":{\"@type\":\"PropertyValueSpecification\",\"valueRequired\":true,\"valueName\":\"search_term_string\"}}],\"inLanguage\":\"pt-BR\"}]}<\/script>\n<!-- \/ Yoast SEO plugin. -->","yoast_head_json":{"title":"Pedro Lucas dialoga com Osmar Filho e se coloca \u00e0 disposi\u00e7\u00e3o para construir Parlamento Metropolitano - Daniel Matos","robots":{"index":"index","follow":"follow","max-snippet":"max-snippet:-1","max-image-preview":"max-image-preview:large","max-video-preview":"max-video-preview:-1"},"canonical":"https:\/\/www.blogsoestado.com\/danielmatos\/pedro-lucas-dialoga-com-osmar-filho-e-se-coloca-a-disposicao-para-construir-parlamento-metropolitano\/","og_locale":"pt_BR","og_type":"article","og_title":"Pedro Lucas dialoga com Osmar Filho e se coloca \u00e0 disposi\u00e7\u00e3o para construir Parlamento Metropolitano - Daniel Matos","og_description":"O deputado federal eleito Pedro Lucas Fernandes (PTB) visitou, nesta\u00a0segunda-feira (7), o presidente da C\u00e2mara Municipal de S\u00e3o Lu\u00eds,\u00a0vereador Osmar [&hellip;]","og_url":"https:\/\/www.blogsoestado.com\/danielmatos\/pedro-lucas-dialoga-com-osmar-filho-e-se-coloca-a-disposicao-para-construir-parlamento-metropolitano\/","og_site_name":"Daniel Matos","article_published_time":"2019-01-08T13:15:39+00:00","og_image":[{"url":"https:\/\/www.blogsoestado.com\/danielmatos\/files\/2019\/01\/56d80f4d-4d65-40d1-9975-71cf2b44134e.jpg","type":"","width":"","height":""}],"twitter_card":"summary_large_image","twitter_misc":{"Est. tempo de leitura":"1 minuto"},"schema":{"@context":"https:\/\/schema.org","@graph":[{"@type":"WebPage","@id":"https:\/\/www.blogsoestado.com\/danielmatos\/pedro-lucas-dialoga-com-osmar-filho-e-se-coloca-a-disposicao-para-construir-parlamento-metropolitano\/","url":"https:\/\/www.blogsoestado.com\/danielmatos\/pedro-lucas-dialoga-com-osmar-filho-e-se-coloca-a-disposicao-para-construir-parlamento-metropolitano\/","name":"Pedro Lucas dialoga com Osmar Filho e se coloca \u00e0 disposi\u00e7\u00e3o para construir Parlamento Metropolitano - Daniel Matos","isPartOf":{"@id":"https:\/\/www.blogsoestado.com\/danielmatos\/#website"},"primaryImageOfPage":{"@id":"https:\/\/www.blogsoestado.com\/danielmatos\/pedro-lucas-dialoga-com-osmar-filho-e-se-coloca-a-disposicao-para-construir-parlamento-metropolitano\/#primaryimage"},"image":{"@id":"https:\/\/www.blogsoestado.com\/danielmatos\/pedro-lucas-dialoga-com-osmar-filho-e-se-coloca-a-disposicao-para-construir-parlamento-metropolitano\/#primaryimage"},"thumbnailUrl":"https:\/\/www.blogsoestado.com\/danielmatos\/files\/2019\/01\/56d80f4d-4d65-40d1-9975-71cf2b44134e.jpg","datePublished":"2019-01-08T13:15:39+00:00","author":{"@id":""},"breadcrumb":{"@id":"https:\/\/www.blogsoestado.com\/danielmatos\/pedro-lucas-dialoga-com-osmar-filho-e-se-coloca-a-disposicao-para-construir-parlamento-metropolitano\/#breadcrumb"},"inLanguage":"pt-BR","potentialAction":[{"@type":"ReadAction","target":["https:\/\/www.blogsoestado.com\/danielmatos\/pedro-lucas-dialoga-com-osmar-filho-e-se-coloca-a-disposicao-para-construir-parlamento-metropolitano\/"]}]},{"@type":"ImageObject","inLanguage":"pt-BR","@id":"https:\/\/www.blogsoestado.com\/danielmatos\/pedro-lucas-dialoga-com-osmar-filho-e-se-coloca-a-disposicao-para-construir-parlamento-metropolitano\/#primaryimage","url":"https:\/\/www.blogsoestado.com\/danielmatos\/files\/2019\/01\/56d80f4d-4d65-40d1-9975-71cf2b44134e.jpg","contentUrl":"https:\/\/www.blogsoestado.com\/danielmatos\/files\/2019\/01\/56d80f4d-4d65-40d1-9975-71cf2b44134e.jpg"},{"@type":"BreadcrumbList","@id":"https:\/\/www.blogsoestado.com\/danielmatos\/pedro-lucas-dialoga-com-osmar-filho-e-se-coloca-a-disposicao-para-construir-parlamento-metropolitano\/#breadcrumb","itemListElement":[{"@type":"ListItem","position":1,"name":"In\u00edcio","item":"https:\/\/www.blogsoestado.com\/danielmatos\/"},{"@type":"ListItem","position":2,"name":"Pedro Lucas dialoga com Osmar Filho e se coloca \u00e0 disposi\u00e7\u00e3o para construir Parlamento Metropolitano"}]},{"@type":"WebSite","@id":"https:\/\/www.blogsoestado.com\/danielmatos\/#website","url":"https:\/\/www.blogsoestado.com\/danielmatos\/","name":"Daniel Matos","description":"","potentialAction":[{"@type":"SearchAction","target":{"@type":"EntryPoint","urlTemplate":"https:\/\/www.blogsoestado.com\/danielmatos\/?s={search_term_string}"},"query-input":{"@type":"PropertyValueSpecification","valueRequired":true,"valueName":"search_term_string"}}],"inLanguage":"pt-BR"}]}},"jetpack_featured_media_url":"","_links":{"self":[{"href":"https:\/\/www.blogsoestado.com\/danielmatos\/wp-json\/wp\/v2\/posts\/59397","targetHints":{"allow":["GET"]}}],"collection":[{"href":"https:\/\/www.blogsoestado.com\/danielmatos\/wp-json\/wp\/v2\/posts"}],"about":[{"href":"https:\/\/www.blogsoestado.com\/danielmatos\/wp-json\/wp\/v2\/types\/post"}],"replies":[{"embeddable":true,"href":"https:\/\/www.blogsoestado.com\/danielmatos\/wp-json\/wp\/v2\/comments?post=59397"}],"version-history":[{"count":0,"href":"https:\/\/www.blogsoestado.com\/danielmatos\/wp-json\/wp\/v2\/posts\/59397\/revisions"}],"wp:attachment":[{"href":"https:\/\/www.blogsoestado.com\/danielmatos\/wp-json\/wp\/v2\/media?parent=59397"}],"wp:term":[{"taxonomy":"category","embeddable":true,"href":"https:\/\/www.blogsoestado.com\/danielmatos\/wp-json\/wp\/v2\/categories?post=59397"},{"taxonomy":"post_tag","embeddable":true,"href":"https:\/\/www.blogsoestado.com\/danielmatos\/wp-json\/wp\/v2\/tags?post=59397"}],"curies":[{"name":"wp","href":"https:\/\/api.w.org\/{rel}","templated":true}]}}