{"id":59408,"date":"2019-01-08T17:01:01","date_gmt":"2019-01-08T20:01:01","guid":{"rendered":"https:\/\/www.blogsoestado.com\/danielmatos\/?p=59408"},"modified":"2019-01-08T17:01:01","modified_gmt":"2019-01-08T20:01:01","slug":"osmar-filho-visita-procurador-geral-de-justica","status":"publish","type":"post","link":"https:\/\/www.blogsoestado.com\/danielmatos\/osmar-filho-visita-procurador-geral-de-justica\/","title":{"rendered":"Osmar Filho visita procurador-geral de Justi\u00e7a"},"content":{"rendered":"<figure id=\"attachment_59409\" aria-describedby=\"caption-attachment-59409\" style=\"width: 640px\" class=\"wp-caption aligncenter\"><a href=\"https:\/\/www.blogsoestado.com\/danielmatos\/2019\/01\/08\/osmar-filho-visita-procurador-geral-de-justica\/osmar-mp-2\/\" rel=\"attachment wp-att-59409\"><img fetchpriority=\"high\" decoding=\"async\" class=\"size-full wp-image-59409\" src=\"https:\/\/www.blogsoestado.com\/danielmatos\/files\/2019\/01\/osmar-mp.jpg\" alt=\"\" width=\"640\" height=\"403\" \/><\/a><figcaption id=\"caption-attachment-59409\" class=\"wp-caption-text\">Osmar Filho e o chefe do Minist\u00e9rio P\u00fablico Estadual ratificaram o compromisso de firmar futuras parcerias institucionais, mantendo sempre a independ\u00eancia entre os Poderes e as institui\u00e7\u00f5es p\u00fablicas<\/figcaption><\/figure>\n<p>O presidente da C\u00e2mara Municipal de S\u00e3o Lu\u00eds, vereador Osmar Filho (PDT), visitou, nesta ter\u00e7a-feira (08), o procurador-geral de Justi\u00e7a, Luiz Gonzaga Martins Coelho. Na oportunidade, o parlamentar e o chefe do Minist\u00e9rio P\u00fablico Estadual ratificaram o compromisso de firmar futuras parcerias institucionais, mantendo sempre a independ\u00eancia entre os Poderes e as institui\u00e7\u00f5es p\u00fablicas.<\/p>\n<p>\u201cFoi uma visita de cortesia para estreitamento de rela\u00e7\u00f5es, mas com base no preceito constitucional, que estabelece a harmonia e a independ\u00eancia entre os poderes\u201d, afirmou o presidente.<\/p>\n<p>Osmar Filho destacou a import\u00e2ncia do encontro como sendo o ponto de partida para o estreitamento das rela\u00e7\u00f5es entre C\u00e2mara Municipal e Minist\u00e9rio P\u00fablico, ressaltando que o \u00f3rg\u00e3o de fiscaliza\u00e7\u00e3o, ao inv\u00e9s de ser o terror da classe pol\u00edtica, funciona, na realidade, \u00e9 como um parceiro, uma vez que auxilia na busca de administra\u00e7\u00f5es s\u00e9rias e transparentes.<\/p>\n<p>O pedetista garantiu que este tipo de reuni\u00e3o continuar\u00e1 sendo feita, tanto em \u00f3rg\u00e3os p\u00fablicos, como na iniciativa privada. \u201cBuscamos um relacionamento aberto com todos os segmentos da sociedade e, por isso, estamos dialogando com os mais variados \u00f3rg\u00e3os\u201d, acrescentou.<\/p>\n<figure id=\"attachment_59410\" aria-describedby=\"caption-attachment-59410\" style=\"width: 631px\" class=\"wp-caption aligncenter\"><a href=\"https:\/\/www.blogsoestado.com\/danielmatos\/2019\/01\/08\/osmar-filho-visita-procurador-geral-de-justica\/osmar-mp2\/\" rel=\"attachment wp-att-59410\"><img decoding=\"async\" class=\"size-full wp-image-59410\" src=\"https:\/\/www.blogsoestado.com\/danielmatos\/files\/2019\/01\/osmar-mp2.jpg\" alt=\"\" width=\"631\" height=\"480\" \/><\/a><figcaption id=\"caption-attachment-59410\" class=\"wp-caption-text\">O procurador-geral de Justi\u00e7a disse que o MP est\u00e1 pronto para ajudar a C\u00e2mara de S\u00e3o Lu\u00eds,e fez quest\u00e3o de recha\u00e7ar a imagem de inimiga da classe pol\u00edtica atribu\u00edda \u00e0 institui\u00e7\u00e3o<\/figcaption><\/figure>\n<p>Luiz Gonzaga Martins considerou como muito louv\u00e1vel a iniciativa do vereador, afirmando que que, desta forma, ele est\u00e1 buscando parcerias para a execu\u00e7\u00e3o de uma administra\u00e7\u00e3o \u00e0 altura das aspira\u00e7\u00f5es da popula\u00e7\u00e3o de S\u00e3o Lu\u00eds.<\/p>\n<p>\u201cO Minist\u00e9rio P\u00fablico est\u00e1 pronto para ajudar a C\u00e2mara de S\u00e3o Lu\u00eds, presidente Osmar Filho, pode ter certeza. Muita gente pensa que o Minist\u00e9rio P\u00fablico \u00e9 inimigo da classe pol\u00edtica, mas isso n\u00e3o \u00e9 verdade. O Minist\u00e9rio P\u00fablico \u00e9, na realidade, amigo do pol\u00edtico, porque tamb\u00e9m o orienta. Cabe ao pol\u00edtico a manuten\u00e7\u00e3o desta amizade, com base no seu comportamento\u201d, acentuou o procurador- geral.<\/p>\n","protected":false},"excerpt":{"rendered":"<p>O presidente da C\u00e2mara Municipal de S\u00e3o Lu\u00eds, vereador Osmar Filho (PDT), visitou, nesta ter\u00e7a-feira (08), o procurador-geral de Justi\u00e7a, [&hellip;]<\/p>\n","protected":false},"author":0,"featured_media":0,"comment_status":"open","ping_status":"open","sticky":false,"template":"","format":"standard","meta":{"site-sidebar-layout":"default","site-content-layout":"","ast-site-content-layout":"default","site-content-style":"default","site-sidebar-style":"default","ast-global-header-display":"","ast-banner-title-visibility":"","ast-main-header-display":"","ast-hfb-above-header-display":"","ast-hfb-below-header-display":"","ast-hfb-mobile-header-display":"","site-post-title":"","ast-breadcrumbs-content":"","ast-featured-img":"","footer-sml-layout":"","ast-disable-related-posts":"","theme-transparent-header-meta":"","adv-header-id-meta":"","stick-header-meta":"","header-above-stick-meta":"","header-main-stick-meta":"","header-below-stick-meta":"","astra-migrate-meta-layouts":"default","ast-page-background-enabled":"default","ast-page-background-meta":{"desktop":{"background-color":"var(--ast-global-color-5)","background-image":"","background-repeat":"repeat","background-position":"center center","background-size":"auto","background-attachment":"scroll","background-type":"","background-media":"","overlay-type":"","overlay-color":"","overlay-opacity":"","overlay-gradient":""},"tablet":{"background-color":"","background-image":"","background-repeat":"repeat","background-position":"center center","background-size":"auto","background-attachment":"scroll","background-type":"","background-media":"","overlay-type":"","overlay-color":"","overlay-opacity":"","overlay-gradient":""},"mobile":{"background-color":"","background-image":"","background-repeat":"repeat","background-position":"center center","background-size":"auto","background-attachment":"scroll","background-type":"","background-media":"","overlay-type":"","overlay-color":"","overlay-opacity":"","overlay-gradient":""}},"ast-content-background-meta":{"desktop":{"background-color":"var(--ast-global-color-4)","background-image":"","background-repeat":"repeat","background-position":"center center","background-size":"auto","background-attachment":"scroll","background-type":"","background-media":"","overlay-type":"","overlay-color":"","overlay-opacity":"","overlay-gradient":""},"tablet":{"background-color":"var(--ast-global-color-4)","background-image":"","background-repeat":"repeat","background-position":"center center","background-size":"auto","background-attachment":"scroll","background-type":"","background-media":"","overlay-type":"","overlay-color":"","overlay-opacity":"","overlay-gradient":""},"mobile":{"background-color":"var(--ast-global-color-4)","background-image":"","background-repeat":"repeat","background-position":"center center","background-size":"auto","background-attachment":"scroll","background-type":"","background-media":"","overlay-type":"","overlay-color":"","overlay-opacity":"","overlay-gradient":""}},"footnotes":""},"categories":[1],"tags":[],"class_list":["post-59408","post","type-post","status-publish","format-standard","hentry","category-sem-categoria"],"yoast_head":"<!-- This site is optimized with the Yoast SEO plugin v26.6 - https:\/\/yoast.com\/wordpress\/plugins\/seo\/ -->\n<title>Osmar Filho visita procurador-geral de Justi\u00e7a - Daniel Matos<\/title>\n<meta name=\"robots\" content=\"index, follow, max-snippet:-1, max-image-preview:large, max-video-preview:-1\" \/>\n<link rel=\"canonical\" href=\"https:\/\/www.blogsoestado.com\/danielmatos\/osmar-filho-visita-procurador-geral-de-justica\/\" \/>\n<meta property=\"og:locale\" content=\"pt_BR\" \/>\n<meta property=\"og:type\" content=\"article\" \/>\n<meta property=\"og:title\" content=\"Osmar Filho visita procurador-geral de Justi\u00e7a - Daniel Matos\" \/>\n<meta property=\"og:description\" content=\"O presidente da C\u00e2mara Municipal de S\u00e3o Lu\u00eds, vereador Osmar Filho (PDT), visitou, nesta ter\u00e7a-feira (08), o procurador-geral de Justi\u00e7a, [&hellip;]\" \/>\n<meta property=\"og:url\" content=\"https:\/\/www.blogsoestado.com\/danielmatos\/osmar-filho-visita-procurador-geral-de-justica\/\" \/>\n<meta property=\"og:site_name\" content=\"Daniel Matos\" \/>\n<meta property=\"article:published_time\" content=\"2019-01-08T20:01:01+00:00\" \/>\n<meta property=\"og:image\" content=\"https:\/\/www.blogsoestado.com\/danielmatos\/files\/2019\/01\/osmar-mp.jpg\" \/>\n<meta name=\"twitter:card\" content=\"summary_large_image\" \/>\n<meta name=\"twitter:label1\" content=\"Est. tempo de leitura\" \/>\n\t<meta name=\"twitter:data1\" content=\"2 minutos\" \/>\n<script type=\"application\/ld+json\" class=\"yoast-schema-graph\">{\"@context\":\"https:\/\/schema.org\",\"@graph\":[{\"@type\":\"WebPage\",\"@id\":\"https:\/\/www.blogsoestado.com\/danielmatos\/osmar-filho-visita-procurador-geral-de-justica\/\",\"url\":\"https:\/\/www.blogsoestado.com\/danielmatos\/osmar-filho-visita-procurador-geral-de-justica\/\",\"name\":\"Osmar Filho visita procurador-geral de Justi\u00e7a - Daniel Matos\",\"isPartOf\":{\"@id\":\"https:\/\/www.blogsoestado.com\/danielmatos\/#website\"},\"primaryImageOfPage\":{\"@id\":\"https:\/\/www.blogsoestado.com\/danielmatos\/osmar-filho-visita-procurador-geral-de-justica\/#primaryimage\"},\"image\":{\"@id\":\"https:\/\/www.blogsoestado.com\/danielmatos\/osmar-filho-visita-procurador-geral-de-justica\/#primaryimage\"},\"thumbnailUrl\":\"https:\/\/www.blogsoestado.com\/danielmatos\/files\/2019\/01\/osmar-mp.jpg\",\"datePublished\":\"2019-01-08T20:01:01+00:00\",\"author\":{\"@id\":\"\"},\"breadcrumb\":{\"@id\":\"https:\/\/www.blogsoestado.com\/danielmatos\/osmar-filho-visita-procurador-geral-de-justica\/#breadcrumb\"},\"inLanguage\":\"pt-BR\",\"potentialAction\":[{\"@type\":\"ReadAction\",\"target\":[\"https:\/\/www.blogsoestado.com\/danielmatos\/osmar-filho-visita-procurador-geral-de-justica\/\"]}]},{\"@type\":\"ImageObject\",\"inLanguage\":\"pt-BR\",\"@id\":\"https:\/\/www.blogsoestado.com\/danielmatos\/osmar-filho-visita-procurador-geral-de-justica\/#primaryimage\",\"url\":\"https:\/\/www.blogsoestado.com\/danielmatos\/files\/2019\/01\/osmar-mp.jpg\",\"contentUrl\":\"https:\/\/www.blogsoestado.com\/danielmatos\/files\/2019\/01\/osmar-mp.jpg\"},{\"@type\":\"BreadcrumbList\",\"@id\":\"https:\/\/www.blogsoestado.com\/danielmatos\/osmar-filho-visita-procurador-geral-de-justica\/#breadcrumb\",\"itemListElement\":[{\"@type\":\"ListItem\",\"position\":1,\"name\":\"In\u00edcio\",\"item\":\"https:\/\/www.blogsoestado.com\/danielmatos\/\"},{\"@type\":\"ListItem\",\"position\":2,\"name\":\"Osmar Filho visita procurador-geral de Justi\u00e7a\"}]},{\"@type\":\"WebSite\",\"@id\":\"https:\/\/www.blogsoestado.com\/danielmatos\/#website\",\"url\":\"https:\/\/www.blogsoestado.com\/danielmatos\/\",\"name\":\"Daniel Matos\",\"description\":\"\",\"potentialAction\":[{\"@type\":\"SearchAction\",\"target\":{\"@type\":\"EntryPoint\",\"urlTemplate\":\"https:\/\/www.blogsoestado.com\/danielmatos\/?s={search_term_string}\"},\"query-input\":{\"@type\":\"PropertyValueSpecification\",\"valueRequired\":true,\"valueName\":\"search_term_string\"}}],\"inLanguage\":\"pt-BR\"}]}<\/script>\n<!-- \/ Yoast SEO plugin. -->","yoast_head_json":{"title":"Osmar Filho visita procurador-geral de Justi\u00e7a - Daniel Matos","robots":{"index":"index","follow":"follow","max-snippet":"max-snippet:-1","max-image-preview":"max-image-preview:large","max-video-preview":"max-video-preview:-1"},"canonical":"https:\/\/www.blogsoestado.com\/danielmatos\/osmar-filho-visita-procurador-geral-de-justica\/","og_locale":"pt_BR","og_type":"article","og_title":"Osmar Filho visita procurador-geral de Justi\u00e7a - Daniel Matos","og_description":"O presidente da C\u00e2mara Municipal de S\u00e3o Lu\u00eds, vereador Osmar Filho (PDT), visitou, nesta ter\u00e7a-feira (08), o procurador-geral de Justi\u00e7a, [&hellip;]","og_url":"https:\/\/www.blogsoestado.com\/danielmatos\/osmar-filho-visita-procurador-geral-de-justica\/","og_site_name":"Daniel Matos","article_published_time":"2019-01-08T20:01:01+00:00","og_image":[{"url":"https:\/\/www.blogsoestado.com\/danielmatos\/files\/2019\/01\/osmar-mp.jpg","type":"","width":"","height":""}],"twitter_card":"summary_large_image","twitter_misc":{"Est. tempo de leitura":"2 minutos"},"schema":{"@context":"https:\/\/schema.org","@graph":[{"@type":"WebPage","@id":"https:\/\/www.blogsoestado.com\/danielmatos\/osmar-filho-visita-procurador-geral-de-justica\/","url":"https:\/\/www.blogsoestado.com\/danielmatos\/osmar-filho-visita-procurador-geral-de-justica\/","name":"Osmar Filho visita procurador-geral de Justi\u00e7a - Daniel Matos","isPartOf":{"@id":"https:\/\/www.blogsoestado.com\/danielmatos\/#website"},"primaryImageOfPage":{"@id":"https:\/\/www.blogsoestado.com\/danielmatos\/osmar-filho-visita-procurador-geral-de-justica\/#primaryimage"},"image":{"@id":"https:\/\/www.blogsoestado.com\/danielmatos\/osmar-filho-visita-procurador-geral-de-justica\/#primaryimage"},"thumbnailUrl":"https:\/\/www.blogsoestado.com\/danielmatos\/files\/2019\/01\/osmar-mp.jpg","datePublished":"2019-01-08T20:01:01+00:00","author":{"@id":""},"breadcrumb":{"@id":"https:\/\/www.blogsoestado.com\/danielmatos\/osmar-filho-visita-procurador-geral-de-justica\/#breadcrumb"},"inLanguage":"pt-BR","potentialAction":[{"@type":"ReadAction","target":["https:\/\/www.blogsoestado.com\/danielmatos\/osmar-filho-visita-procurador-geral-de-justica\/"]}]},{"@type":"ImageObject","inLanguage":"pt-BR","@id":"https:\/\/www.blogsoestado.com\/danielmatos\/osmar-filho-visita-procurador-geral-de-justica\/#primaryimage","url":"https:\/\/www.blogsoestado.com\/danielmatos\/files\/2019\/01\/osmar-mp.jpg","contentUrl":"https:\/\/www.blogsoestado.com\/danielmatos\/files\/2019\/01\/osmar-mp.jpg"},{"@type":"BreadcrumbList","@id":"https:\/\/www.blogsoestado.com\/danielmatos\/osmar-filho-visita-procurador-geral-de-justica\/#breadcrumb","itemListElement":[{"@type":"ListItem","position":1,"name":"In\u00edcio","item":"https:\/\/www.blogsoestado.com\/danielmatos\/"},{"@type":"ListItem","position":2,"name":"Osmar Filho visita procurador-geral de Justi\u00e7a"}]},{"@type":"WebSite","@id":"https:\/\/www.blogsoestado.com\/danielmatos\/#website","url":"https:\/\/www.blogsoestado.com\/danielmatos\/","name":"Daniel Matos","description":"","potentialAction":[{"@type":"SearchAction","target":{"@type":"EntryPoint","urlTemplate":"https:\/\/www.blogsoestado.com\/danielmatos\/?s={search_term_string}"},"query-input":{"@type":"PropertyValueSpecification","valueRequired":true,"valueName":"search_term_string"}}],"inLanguage":"pt-BR"}]}},"jetpack_featured_media_url":"","_links":{"self":[{"href":"https:\/\/www.blogsoestado.com\/danielmatos\/wp-json\/wp\/v2\/posts\/59408","targetHints":{"allow":["GET"]}}],"collection":[{"href":"https:\/\/www.blogsoestado.com\/danielmatos\/wp-json\/wp\/v2\/posts"}],"about":[{"href":"https:\/\/www.blogsoestado.com\/danielmatos\/wp-json\/wp\/v2\/types\/post"}],"replies":[{"embeddable":true,"href":"https:\/\/www.blogsoestado.com\/danielmatos\/wp-json\/wp\/v2\/comments?post=59408"}],"version-history":[{"count":0,"href":"https:\/\/www.blogsoestado.com\/danielmatos\/wp-json\/wp\/v2\/posts\/59408\/revisions"}],"wp:attachment":[{"href":"https:\/\/www.blogsoestado.com\/danielmatos\/wp-json\/wp\/v2\/media?parent=59408"}],"wp:term":[{"taxonomy":"category","embeddable":true,"href":"https:\/\/www.blogsoestado.com\/danielmatos\/wp-json\/wp\/v2\/categories?post=59408"},{"taxonomy":"post_tag","embeddable":true,"href":"https:\/\/www.blogsoestado.com\/danielmatos\/wp-json\/wp\/v2\/tags?post=59408"}],"curies":[{"name":"wp","href":"https:\/\/api.w.org\/{rel}","templated":true}]}}