{"id":59413,"date":"2019-01-09T08:26:54","date_gmt":"2019-01-09T11:26:54","guid":{"rendered":"https:\/\/www.blogsoestado.com\/danielmatos\/?p=59413"},"modified":"2019-01-09T08:26:54","modified_gmt":"2019-01-09T11:26:54","slug":"baile-verde-e-rosa-na-casa-das-dunas-promete-sacudir-amantes-do-samba-em-sao-luis","status":"publish","type":"post","link":"https:\/\/www.blogsoestado.com\/danielmatos\/baile-verde-e-rosa-na-casa-das-dunas-promete-sacudir-amantes-do-samba-em-sao-luis\/","title":{"rendered":"Baile Verde e Rosa, na Casa das Dunas, promete sacudir amantes do samba em S\u00e3o Lu\u00eds"},"content":{"rendered":"<p><a href=\"https:\/\/www.blogsoestado.com\/danielmatos\/2019\/01\/09\/baile-verde-e-rosa-na-casa-das-dunas-promete-sacudir-amantes-do-samba-em-sao-luis\/dudunas\/\" rel=\"attachment wp-att-59419\"><img fetchpriority=\"high\" decoding=\"async\" class=\"aligncenter size-full wp-image-59419\" src=\"https:\/\/www.blogsoestado.com\/danielmatos\/files\/2019\/01\/dudunas.jpg\" alt=\"\" width=\"480\" height=\"481\" \/><\/a><\/p>\n<p>A Casa das Dunas ser\u00e1 o palco, na pr\u00f3xima sexta-feira (11), de mais uma edi\u00e7\u00e3o do Baile Verde e Rosa, que \u00e9 organizado pela diretoria da escola de Samba Turma de Mangueira. Na edi\u00e7\u00e3o de 2019, al\u00e9m da bateria da escola, que h\u00e1 mais de tr\u00eas meses j\u00e1 ensaia para fazer bonito na passarela do Anel Vi\u00e1rio em 2019, o cantor carioca Dudu Nobre foi o escolhido para ser a grande atra\u00e7\u00e3o da noite.<\/p>\n<p>O baile que j\u00e1 faz parte do calend\u00e1rio da folia momesca na capital maranhense, como um dos mais prestigiados na pr\u00e9 temporada, tem como objetivo angariar recursos para que a escola fa\u00e7a os investimentos necess\u00e1rios para este ano, quando estar\u00e1 contando na avenida o enredo *\u201dPela mente de um Fof\u00e3o: uma viagem aos antigos carnavais\u201d*. O Bloc\u00e3o do Nina, e os grupos Feijoada Completa e Argumento tamb\u00e9m estar\u00e3o subindo ao palco para animar os foli\u00f5es.<\/p>\n<figure id=\"attachment_59414\" aria-describedby=\"caption-attachment-59414\" style=\"width: 552px\" class=\"wp-caption aligncenter\"><a href=\"https:\/\/www.blogsoestado.com\/danielmatos\/2019\/01\/09\/baile-verde-e-rosa-na-casa-das-dunas-promete-sacudir-amantes-do-samba-em-sao-luis\/img-20190109-wa0013\/\" rel=\"attachment wp-att-59414\"><img decoding=\"async\" class=\"size-full wp-image-59414\" src=\"https:\/\/www.blogsoestado.com\/danielmatos\/files\/2019\/01\/IMG-20190109-WA0013.jpg\" alt=\"\" width=\"552\" height=\"368\" \/><\/a><figcaption id=\"caption-attachment-59414\" class=\"wp-caption-text\">Escola de samba Turma de Margueira promete um baile de muita alegria e ritmo em plena orla<\/figcaption><\/figure>\n<p>Para o presidente da escola, que tamb\u00e9m assina o carnaval, Itamilson Lima, o baile representa o momento para aqueles que s\u00e3o amantes da mais antiga festa de rua do Pa\u00eds, que \u00e9 o Carnaval, um momento para se divertir com muita anima\u00e7\u00e3o e seguran\u00e7a. \u201cEste ano escolhemos a Casa das Dunas para sediar o nosso baile, em raz\u00e3o de ser uma das vistas mais privilegiadas de S\u00e3o Lu\u00eds. Somado a isso, a bela decora\u00e7\u00e3o que est\u00e1 sendo pensada para o local, cerveja gelada e o samba de qualidade daas nossas atra\u00e7\u00f5es, incluindo o cantor Dudu Nobre, n\u00e3o tenho d\u00favida que ser\u00e1 um sucesso\u201d, disse.<\/p>\n<p>Para aqueles que ainda n\u00e3o fizeram sua fantasia e n\u00e3o compraram seu ingresso, corra porque j\u00e1 est\u00e3o esgotando as mesas e ingressos individuais.<\/p>\n<p>No v\u00eddeo abaixo, o sambista Dudu Nobre, principal atra\u00e7\u00e3o da festa, faz um convite especial:<\/p>\n<div class=\"ast-oembed-container \" style=\"height: 100%;\"><iframe title=\"Dudu Nobre convida para o Baile Verde e Rosa, na Casa das Dunas\" width=\"500\" height=\"281\" src=\"https:\/\/www.youtube.com\/embed\/9TOa2zEP2kE?feature=oembed\" frameborder=\"0\" allow=\"accelerometer; autoplay; clipboard-write; encrypted-media; gyroscope; picture-in-picture; web-share\" referrerpolicy=\"strict-origin-when-cross-origin\" allowfullscreen><\/iframe><\/div>\n<p><strong>Servi\u00e7o:<\/strong><\/p>\n<p>Evento: BAILE VERDE E ROSA<br \/>\nQuando: 11\/01\/2019.<br \/>\nOnde: Casa das Dunas<\/p>\n<p><strong>Atra\u00e7\u00f5es:<\/strong><br \/>\nDUDU NOBRE,<br \/>\nBloc\u00e3o do Nina,<br \/>\nFeijoada Completa,<br \/>\nArgumento e<br \/>\nBateria da Mangueira.<\/p>\n<p>Abertura dos port\u00f5es : &#x23f0;21:00h<\/p>\n<p>&#x27a1;<strong>Espa\u00e7os:<\/strong><\/p>\n<p>Pista<br \/>\nInteira: r$ 50,00<br \/>\nMeia: r$ 25,00<\/p>\n<p><strong>Front<\/strong><\/p>\n<p>Inteira: r$ 80,00<br \/>\nMeia: r$ 40,00<\/p>\n<p><strong>Mesa:<\/strong> 400,00 (4 lugares)<\/p>\n<p><strong>VENDAS:<\/strong><\/p>\n<p>Bilheteria Digital:<br \/>\n-Rio Poty Hotel (Sem taxa)<br \/>\n-Shopping da ilha<br \/>\n-Rio Anil Shopping<br \/>\n-Casa das Dunas<\/p>\n<p>Realiza\u00e7\u00e3o: Mangueira.<\/p>\n","protected":false},"excerpt":{"rendered":"<p>A Casa das Dunas ser\u00e1 o palco, na pr\u00f3xima sexta-feira (11), de mais uma edi\u00e7\u00e3o do Baile Verde e Rosa, [&hellip;]<\/p>\n","protected":false},"author":0,"featured_media":0,"comment_status":"open","ping_status":"open","sticky":false,"template":"","format":"standard","meta":{"site-sidebar-layout":"default","site-content-layout":"","ast-site-content-layout":"default","site-content-style":"default","site-sidebar-style":"default","ast-global-header-display":"","ast-banner-title-visibility":"","ast-main-header-display":"","ast-hfb-above-header-display":"","ast-hfb-below-header-display":"","ast-hfb-mobile-header-display":"","site-post-title":"","ast-breadcrumbs-content":"","ast-featured-img":"","footer-sml-layout":"","ast-disable-related-posts":"","theme-transparent-header-meta":"","adv-header-id-meta":"","stick-header-meta":"","header-above-stick-meta":"","header-main-stick-meta":"","header-below-stick-meta":"","astra-migrate-meta-layouts":"default","ast-page-background-enabled":"default","ast-page-background-meta":{"desktop":{"background-color":"var(--ast-global-color-5)","background-image":"","background-repeat":"repeat","background-position":"center center","background-size":"auto","background-attachment":"scroll","background-type":"","background-media":"","overlay-type":"","overlay-color":"","overlay-opacity":"","overlay-gradient":""},"tablet":{"background-color":"","background-image":"","background-repeat":"repeat","background-position":"center center","background-size":"auto","background-attachment":"scroll","background-type":"","background-media":"","overlay-type":"","overlay-color":"","overlay-opacity":"","overlay-gradient":""},"mobile":{"background-color":"","background-image":"","background-repeat":"repeat","background-position":"center center","background-size":"auto","background-attachment":"scroll","background-type":"","background-media":"","overlay-type":"","overlay-color":"","overlay-opacity":"","overlay-gradient":""}},"ast-content-background-meta":{"desktop":{"background-color":"var(--ast-global-color-4)","background-image":"","background-repeat":"repeat","background-position":"center center","background-size":"auto","background-attachment":"scroll","background-type":"","background-media":"","overlay-type":"","overlay-color":"","overlay-opacity":"","overlay-gradient":""},"tablet":{"background-color":"var(--ast-global-color-4)","background-image":"","background-repeat":"repeat","background-position":"center center","background-size":"auto","background-attachment":"scroll","background-type":"","background-media":"","overlay-type":"","overlay-color":"","overlay-opacity":"","overlay-gradient":""},"mobile":{"background-color":"var(--ast-global-color-4)","background-image":"","background-repeat":"repeat","background-position":"center center","background-size":"auto","background-attachment":"scroll","background-type":"","background-media":"","overlay-type":"","overlay-color":"","overlay-opacity":"","overlay-gradient":""}},"footnotes":""},"categories":[1],"tags":[],"class_list":["post-59413","post","type-post","status-publish","format-standard","hentry","category-sem-categoria"],"yoast_head":"<!-- This site is optimized with the Yoast SEO plugin v26.6 - https:\/\/yoast.com\/wordpress\/plugins\/seo\/ -->\n<title>Baile Verde e Rosa, na Casa das Dunas, promete sacudir amantes do samba em S\u00e3o Lu\u00eds - Daniel Matos<\/title>\n<meta name=\"robots\" content=\"index, follow, max-snippet:-1, max-image-preview:large, max-video-preview:-1\" \/>\n<link rel=\"canonical\" href=\"https:\/\/www.blogsoestado.com\/danielmatos\/baile-verde-e-rosa-na-casa-das-dunas-promete-sacudir-amantes-do-samba-em-sao-luis\/\" \/>\n<meta property=\"og:locale\" content=\"pt_BR\" \/>\n<meta property=\"og:type\" content=\"article\" \/>\n<meta property=\"og:title\" content=\"Baile Verde e Rosa, na Casa das Dunas, promete sacudir amantes do samba em S\u00e3o Lu\u00eds - Daniel Matos\" \/>\n<meta property=\"og:description\" content=\"A Casa das Dunas ser\u00e1 o palco, na pr\u00f3xima sexta-feira (11), de mais uma edi\u00e7\u00e3o do Baile Verde e Rosa, [&hellip;]\" \/>\n<meta property=\"og:url\" content=\"https:\/\/www.blogsoestado.com\/danielmatos\/baile-verde-e-rosa-na-casa-das-dunas-promete-sacudir-amantes-do-samba-em-sao-luis\/\" \/>\n<meta property=\"og:site_name\" content=\"Daniel Matos\" \/>\n<meta property=\"article:published_time\" content=\"2019-01-09T11:26:54+00:00\" \/>\n<meta property=\"og:image\" content=\"https:\/\/www.blogsoestado.com\/danielmatos\/files\/2019\/01\/dudunas.jpg\" \/>\n<meta name=\"twitter:card\" content=\"summary_large_image\" \/>\n<meta name=\"twitter:label1\" content=\"Est. tempo de leitura\" \/>\n\t<meta name=\"twitter:data1\" content=\"2 minutos\" \/>\n<script type=\"application\/ld+json\" class=\"yoast-schema-graph\">{\"@context\":\"https:\/\/schema.org\",\"@graph\":[{\"@type\":\"WebPage\",\"@id\":\"https:\/\/www.blogsoestado.com\/danielmatos\/baile-verde-e-rosa-na-casa-das-dunas-promete-sacudir-amantes-do-samba-em-sao-luis\/\",\"url\":\"https:\/\/www.blogsoestado.com\/danielmatos\/baile-verde-e-rosa-na-casa-das-dunas-promete-sacudir-amantes-do-samba-em-sao-luis\/\",\"name\":\"Baile Verde e Rosa, na Casa das Dunas, promete sacudir amantes do samba em S\u00e3o Lu\u00eds - Daniel Matos\",\"isPartOf\":{\"@id\":\"https:\/\/www.blogsoestado.com\/danielmatos\/#website\"},\"primaryImageOfPage\":{\"@id\":\"https:\/\/www.blogsoestado.com\/danielmatos\/baile-verde-e-rosa-na-casa-das-dunas-promete-sacudir-amantes-do-samba-em-sao-luis\/#primaryimage\"},\"image\":{\"@id\":\"https:\/\/www.blogsoestado.com\/danielmatos\/baile-verde-e-rosa-na-casa-das-dunas-promete-sacudir-amantes-do-samba-em-sao-luis\/#primaryimage\"},\"thumbnailUrl\":\"https:\/\/www.blogsoestado.com\/danielmatos\/files\/2019\/01\/dudunas.jpg\",\"datePublished\":\"2019-01-09T11:26:54+00:00\",\"author\":{\"@id\":\"\"},\"breadcrumb\":{\"@id\":\"https:\/\/www.blogsoestado.com\/danielmatos\/baile-verde-e-rosa-na-casa-das-dunas-promete-sacudir-amantes-do-samba-em-sao-luis\/#breadcrumb\"},\"inLanguage\":\"pt-BR\",\"potentialAction\":[{\"@type\":\"ReadAction\",\"target\":[\"https:\/\/www.blogsoestado.com\/danielmatos\/baile-verde-e-rosa-na-casa-das-dunas-promete-sacudir-amantes-do-samba-em-sao-luis\/\"]}]},{\"@type\":\"ImageObject\",\"inLanguage\":\"pt-BR\",\"@id\":\"https:\/\/www.blogsoestado.com\/danielmatos\/baile-verde-e-rosa-na-casa-das-dunas-promete-sacudir-amantes-do-samba-em-sao-luis\/#primaryimage\",\"url\":\"https:\/\/www.blogsoestado.com\/danielmatos\/files\/2019\/01\/dudunas.jpg\",\"contentUrl\":\"https:\/\/www.blogsoestado.com\/danielmatos\/files\/2019\/01\/dudunas.jpg\"},{\"@type\":\"BreadcrumbList\",\"@id\":\"https:\/\/www.blogsoestado.com\/danielmatos\/baile-verde-e-rosa-na-casa-das-dunas-promete-sacudir-amantes-do-samba-em-sao-luis\/#breadcrumb\",\"itemListElement\":[{\"@type\":\"ListItem\",\"position\":1,\"name\":\"In\u00edcio\",\"item\":\"https:\/\/www.blogsoestado.com\/danielmatos\/\"},{\"@type\":\"ListItem\",\"position\":2,\"name\":\"Baile Verde e Rosa, na Casa das Dunas, promete sacudir amantes do samba em S\u00e3o Lu\u00eds\"}]},{\"@type\":\"WebSite\",\"@id\":\"https:\/\/www.blogsoestado.com\/danielmatos\/#website\",\"url\":\"https:\/\/www.blogsoestado.com\/danielmatos\/\",\"name\":\"Daniel Matos\",\"description\":\"\",\"potentialAction\":[{\"@type\":\"SearchAction\",\"target\":{\"@type\":\"EntryPoint\",\"urlTemplate\":\"https:\/\/www.blogsoestado.com\/danielmatos\/?s={search_term_string}\"},\"query-input\":{\"@type\":\"PropertyValueSpecification\",\"valueRequired\":true,\"valueName\":\"search_term_string\"}}],\"inLanguage\":\"pt-BR\"}]}<\/script>\n<!-- \/ Yoast SEO plugin. -->","yoast_head_json":{"title":"Baile Verde e Rosa, na Casa das Dunas, promete sacudir amantes do samba em S\u00e3o Lu\u00eds - Daniel Matos","robots":{"index":"index","follow":"follow","max-snippet":"max-snippet:-1","max-image-preview":"max-image-preview:large","max-video-preview":"max-video-preview:-1"},"canonical":"https:\/\/www.blogsoestado.com\/danielmatos\/baile-verde-e-rosa-na-casa-das-dunas-promete-sacudir-amantes-do-samba-em-sao-luis\/","og_locale":"pt_BR","og_type":"article","og_title":"Baile Verde e Rosa, na Casa das Dunas, promete sacudir amantes do samba em S\u00e3o Lu\u00eds - Daniel Matos","og_description":"A Casa das Dunas ser\u00e1 o palco, na pr\u00f3xima sexta-feira (11), de mais uma edi\u00e7\u00e3o do Baile Verde e Rosa, [&hellip;]","og_url":"https:\/\/www.blogsoestado.com\/danielmatos\/baile-verde-e-rosa-na-casa-das-dunas-promete-sacudir-amantes-do-samba-em-sao-luis\/","og_site_name":"Daniel Matos","article_published_time":"2019-01-09T11:26:54+00:00","og_image":[{"url":"https:\/\/www.blogsoestado.com\/danielmatos\/files\/2019\/01\/dudunas.jpg","type":"","width":"","height":""}],"twitter_card":"summary_large_image","twitter_misc":{"Est. tempo de leitura":"2 minutos"},"schema":{"@context":"https:\/\/schema.org","@graph":[{"@type":"WebPage","@id":"https:\/\/www.blogsoestado.com\/danielmatos\/baile-verde-e-rosa-na-casa-das-dunas-promete-sacudir-amantes-do-samba-em-sao-luis\/","url":"https:\/\/www.blogsoestado.com\/danielmatos\/baile-verde-e-rosa-na-casa-das-dunas-promete-sacudir-amantes-do-samba-em-sao-luis\/","name":"Baile Verde e Rosa, na Casa das Dunas, promete sacudir amantes do samba em S\u00e3o Lu\u00eds - Daniel Matos","isPartOf":{"@id":"https:\/\/www.blogsoestado.com\/danielmatos\/#website"},"primaryImageOfPage":{"@id":"https:\/\/www.blogsoestado.com\/danielmatos\/baile-verde-e-rosa-na-casa-das-dunas-promete-sacudir-amantes-do-samba-em-sao-luis\/#primaryimage"},"image":{"@id":"https:\/\/www.blogsoestado.com\/danielmatos\/baile-verde-e-rosa-na-casa-das-dunas-promete-sacudir-amantes-do-samba-em-sao-luis\/#primaryimage"},"thumbnailUrl":"https:\/\/www.blogsoestado.com\/danielmatos\/files\/2019\/01\/dudunas.jpg","datePublished":"2019-01-09T11:26:54+00:00","author":{"@id":""},"breadcrumb":{"@id":"https:\/\/www.blogsoestado.com\/danielmatos\/baile-verde-e-rosa-na-casa-das-dunas-promete-sacudir-amantes-do-samba-em-sao-luis\/#breadcrumb"},"inLanguage":"pt-BR","potentialAction":[{"@type":"ReadAction","target":["https:\/\/www.blogsoestado.com\/danielmatos\/baile-verde-e-rosa-na-casa-das-dunas-promete-sacudir-amantes-do-samba-em-sao-luis\/"]}]},{"@type":"ImageObject","inLanguage":"pt-BR","@id":"https:\/\/www.blogsoestado.com\/danielmatos\/baile-verde-e-rosa-na-casa-das-dunas-promete-sacudir-amantes-do-samba-em-sao-luis\/#primaryimage","url":"https:\/\/www.blogsoestado.com\/danielmatos\/files\/2019\/01\/dudunas.jpg","contentUrl":"https:\/\/www.blogsoestado.com\/danielmatos\/files\/2019\/01\/dudunas.jpg"},{"@type":"BreadcrumbList","@id":"https:\/\/www.blogsoestado.com\/danielmatos\/baile-verde-e-rosa-na-casa-das-dunas-promete-sacudir-amantes-do-samba-em-sao-luis\/#breadcrumb","itemListElement":[{"@type":"ListItem","position":1,"name":"In\u00edcio","item":"https:\/\/www.blogsoestado.com\/danielmatos\/"},{"@type":"ListItem","position":2,"name":"Baile Verde e Rosa, na Casa das Dunas, promete sacudir amantes do samba em S\u00e3o Lu\u00eds"}]},{"@type":"WebSite","@id":"https:\/\/www.blogsoestado.com\/danielmatos\/#website","url":"https:\/\/www.blogsoestado.com\/danielmatos\/","name":"Daniel Matos","description":"","potentialAction":[{"@type":"SearchAction","target":{"@type":"EntryPoint","urlTemplate":"https:\/\/www.blogsoestado.com\/danielmatos\/?s={search_term_string}"},"query-input":{"@type":"PropertyValueSpecification","valueRequired":true,"valueName":"search_term_string"}}],"inLanguage":"pt-BR"}]}},"jetpack_featured_media_url":"","_links":{"self":[{"href":"https:\/\/www.blogsoestado.com\/danielmatos\/wp-json\/wp\/v2\/posts\/59413","targetHints":{"allow":["GET"]}}],"collection":[{"href":"https:\/\/www.blogsoestado.com\/danielmatos\/wp-json\/wp\/v2\/posts"}],"about":[{"href":"https:\/\/www.blogsoestado.com\/danielmatos\/wp-json\/wp\/v2\/types\/post"}],"replies":[{"embeddable":true,"href":"https:\/\/www.blogsoestado.com\/danielmatos\/wp-json\/wp\/v2\/comments?post=59413"}],"version-history":[{"count":0,"href":"https:\/\/www.blogsoestado.com\/danielmatos\/wp-json\/wp\/v2\/posts\/59413\/revisions"}],"wp:attachment":[{"href":"https:\/\/www.blogsoestado.com\/danielmatos\/wp-json\/wp\/v2\/media?parent=59413"}],"wp:term":[{"taxonomy":"category","embeddable":true,"href":"https:\/\/www.blogsoestado.com\/danielmatos\/wp-json\/wp\/v2\/categories?post=59413"},{"taxonomy":"post_tag","embeddable":true,"href":"https:\/\/www.blogsoestado.com\/danielmatos\/wp-json\/wp\/v2\/tags?post=59413"}],"curies":[{"name":"wp","href":"https:\/\/api.w.org\/{rel}","templated":true}]}}