{"id":59436,"date":"2019-01-09T16:50:51","date_gmt":"2019-01-09T19:50:51","guid":{"rendered":"https:\/\/www.blogsoestado.com\/danielmatos\/?p=59436"},"modified":"2019-01-09T16:50:51","modified_gmt":"2019-01-09T19:50:51","slug":"fascistas-e-babacas-diz-presidente-da-assembleia-sobre-autores-de-video-que-tenta-desqualificar-nordestinos","status":"publish","type":"post","link":"https:\/\/www.blogsoestado.com\/danielmatos\/fascistas-e-babacas-diz-presidente-da-assembleia-sobre-autores-de-video-que-tenta-desqualificar-nordestinos\/","title":{"rendered":"&#8220;Fascistas e babacas&#8221;, diz presidente da Assembleia sobre autores de v\u00eddeo que tenta desqualificar nordestinos"},"content":{"rendered":"<p><a href=\"https:\/\/www.blogsoestado.com\/danielmatos\/2019\/01\/09\/fascistas-e-babacas-diz-presidente-da-assembleia-sobre-autores-de-videos-que-tenta-desqualificar-nordestinos\/othelino-ne\/\" rel=\"attachment wp-att-59437\"><img fetchpriority=\"high\" decoding=\"async\" class=\"aligncenter wp-image-59437\" src=\"https:\/\/www.blogsoestado.com\/danielmatos\/files\/2019\/01\/othelino-ne.jpg\" alt=\"\" width=\"650\" height=\"435\" \/><\/a><\/p>\n<p>O presidente da Assembleia Legislativa do Maranh\u00e3o, Othelino Neto, reagiu com indigna\u00e7\u00e3o a um v\u00eddeo propagado em redes sociais em que quatro homens aparentemente b\u00eabados proferem insultos contra nordestinos e tentam desqualificar os brasileiros nascidos nessa regi\u00e3o, acusando-os de se beneficiar das riquezas produzidas pelos sulistas. Em postagem em sua conta privada no Instagram, Othelino classificou o posicionamento do trio como de &#8220;mau gosto&#8221; e chamou os autores de &#8220;babacas&#8221; e &#8220;fascistas&#8221;.<\/p>\n<p>Othelino disse que o v\u00eddeo lhe provocou repulsa, assim como em outros milhares de brasileiros, nordestinos ou n\u00e3o. &#8220;S\u00f3 incautos acham que o alegre e trabalhador povo nordestino \u00e9 um estorvo para o restante do pa\u00eds<em>&#8220;, <\/em>rebateu<em>.<\/em><\/p>\n<p>O chefe do Poder Legislativo maranhense, que, a despeito do cargo relevante que ocupa e da sua representatividade, se pronunciou, acima de tudo, como cidad\u00e3o, enumerou uma s\u00e9rie de qualidades do Nordeste, dando \u00eanfase \u00e0s belezas naturais, com direito a imagens de algumas delas para ilustrar seu texto.<\/p>\n<p>Mencionou, inicialmente, atrativos do Maranh\u00e3o, como os Len\u00e7\u00f3is Maranhenses, a Floresta dos Guar\u00e1s e o Delta do Parna\u00edba. Tamb\u00e9m citou tesouros da natureza situados em outros estados da regi\u00e3o, a exemplo de Jericoacoara (Cear\u00e1), Porto Seguro e Pelourinho (Bahia), Maragogi (Alagoas) e Porto de Galinhas (Pernambuco).<\/p>\n<p>Othelino Neto fez quest\u00e3o de lembrar que as riquezas naturais do Nordeste atraem milh\u00f5es de turistas do sul do Brasil e de praticamente todo o mundo. E afirmou que prefere o jeito acolhedor do nordestino, &#8220;<em>que sofre, mas levanta a cabe\u00e7a em busca da felicidade&#8221;.<\/em><\/p>\n<p>Tamb\u00e9m citou personagens hist\u00f3ricos, poetas e \u00edcones da m\u00fasica famosos, com talento reconhecido em todo o Brasil e elevados \u00e1 categoria de patrim\u00f4nios nacionais. Nessa c\u00e9lebre lista inclui Lampi\u00e3o, Luiz Gonzaga, Jo\u00e3o do Vale, Nauro Machado, Bet\u00e2nia, Caetano e Gil, Belchior, Fagner, Elba e Z\u00e9 Ramalho.<\/p>\n<p>Confira, na \u00edntegra, a rea\u00e7\u00e3o firme do presidente da Assembleia \u00e0 manifesta\u00e7\u00e3o de preconceito, finalizada apropriadamente com os versos de uma das m\u00fasicas mais emblem\u00e1ticas do cancioneiro popular maranhense &#8211; e nordestino:<\/p>\n<p><em>Um v\u00eddeo de muito mau gosto, de vi\u00e9s fascista, feito por um grupo de babacas e divulgado nas redes, provocou repulsa em mim e em milhares de brasileiros, nordestinos ou n\u00e3o. <\/em><\/p>\n<p><em>S\u00f3 incautos acham que o alegre e trabalhador povo nordestino \u00e9 um estorvo para o restante do pa\u00eds. <\/em><br \/>\n<em>N\u00f3s temos as mais encantadoras belezas naturais. Os Len\u00e7\u00f3is Maranhenses e a Floresta dos Guar\u00e1s, o Delta do Parna\u00edba, Jericoacoara, Porto Seguro e o charme do Pelourinho. Maragogi, Porto de Galinhas&#8230;Visitados por milh\u00f5es de turistas do sul do Brasil e tantos outros pa\u00edses. <\/em><\/p>\n<p><em>Esse ch\u00e3o gerou Lampi\u00e3o, Luiz Gonzaga, nosso rei do Bai\u00e3o, Jo\u00e3o do Vale, Nauro Machado, Bet\u00e2nia, Caetano e Gil, Belchior, Fagner, Elba e Z\u00e9 Ramalho e tantos outros talentos. <\/em><\/p>\n<p><em>Sou mais o jeito acolhedor de nosso povo, que sofre mas levanta a cabe\u00e7a em busca da felicidade. <\/em><br \/>\n<em>Ande no sert\u00e3o do Cear\u00e1 que, mesmo com a seca que atormenta, voc\u00ea sempre encontra um sorriso acolhedor. <\/em><br \/>\n<em>Somos um povo acolhedor e solid\u00e1rio. Sabemos, inclusive, reconhecer aqueles que muito fizeram para reduzir a pobreza em nossa regi\u00e3o. <\/em><\/p>\n<p><em>Aos est\u00fapidos de plant\u00e3o, deixo um trecho da can\u00e7\u00e3o Ilha Magn\u00e9tica, do poeta C\u00e9sar Nascimento: <\/em><\/p>\n<p><em>\u201cAh que ilha inexata quando toca o cora\u00e7\u00e3o<\/em><\/p>\n<p><em>Eu te toco, tu me tocas<\/em><br \/>\n<em>C\u00e1 nas cordas do viol\u00e3o<\/em><br \/>\n<em>E se um dia eu for embora<\/em><br \/>\n<em>Para bem longe deste ch\u00e3o<\/em><br \/>\n<em>Eu jamais te esquecerei<\/em><br \/>\n<em>S\u00e3o Luis do Maranh\u00e3o&#8230;\u201d. <\/em><\/p>\n<p><em>Bem-vindos ao Nordeste!<\/em><\/p>\n<p>Abaixo, o v\u00eddeo repulsivo:<\/p>\n<div class=\"ast-oembed-container \" style=\"height: 100%;\"><iframe title=\"Preconceito contra nordestinos\" width=\"500\" height=\"281\" src=\"https:\/\/www.youtube.com\/embed\/FMvhL6cX8nE?feature=oembed\" frameborder=\"0\" allow=\"accelerometer; autoplay; clipboard-write; encrypted-media; gyroscope; picture-in-picture; web-share\" referrerpolicy=\"strict-origin-when-cross-origin\" allowfullscreen><\/iframe><\/div>\n","protected":false},"excerpt":{"rendered":"<p>O presidente da Assembleia Legislativa do Maranh\u00e3o, Othelino Neto, reagiu com indigna\u00e7\u00e3o a um v\u00eddeo propagado em redes sociais em [&hellip;]<\/p>\n","protected":false},"author":0,"featured_media":0,"comment_status":"open","ping_status":"open","sticky":false,"template":"","format":"standard","meta":{"site-sidebar-layout":"default","site-content-layout":"","ast-site-content-layout":"default","site-content-style":"default","site-sidebar-style":"default","ast-global-header-display":"","ast-banner-title-visibility":"","ast-main-header-display":"","ast-hfb-above-header-display":"","ast-hfb-below-header-display":"","ast-hfb-mobile-header-display":"","site-post-title":"","ast-breadcrumbs-content":"","ast-featured-img":"","footer-sml-layout":"","ast-disable-related-posts":"","theme-transparent-header-meta":"","adv-header-id-meta":"","stick-header-meta":"","header-above-stick-meta":"","header-main-stick-meta":"","header-below-stick-meta":"","astra-migrate-meta-layouts":"default","ast-page-background-enabled":"default","ast-page-background-meta":{"desktop":{"background-color":"var(--ast-global-color-5)","background-image":"","background-repeat":"repeat","background-position":"center center","background-size":"auto","background-attachment":"scroll","background-type":"","background-media":"","overlay-type":"","overlay-color":"","overlay-opacity":"","overlay-gradient":""},"tablet":{"background-color":"","background-image":"","background-repeat":"repeat","background-position":"center center","background-size":"auto","background-attachment":"scroll","background-type":"","background-media":"","overlay-type":"","overlay-color":"","overlay-opacity":"","overlay-gradient":""},"mobile":{"background-color":"","background-image":"","background-repeat":"repeat","background-position":"center center","background-size":"auto","background-attachment":"scroll","background-type":"","background-media":"","overlay-type":"","overlay-color":"","overlay-opacity":"","overlay-gradient":""}},"ast-content-background-meta":{"desktop":{"background-color":"var(--ast-global-color-4)","background-image":"","background-repeat":"repeat","background-position":"center center","background-size":"auto","background-attachment":"scroll","background-type":"","background-media":"","overlay-type":"","overlay-color":"","overlay-opacity":"","overlay-gradient":""},"tablet":{"background-color":"var(--ast-global-color-4)","background-image":"","background-repeat":"repeat","background-position":"center center","background-size":"auto","background-attachment":"scroll","background-type":"","background-media":"","overlay-type":"","overlay-color":"","overlay-opacity":"","overlay-gradient":""},"mobile":{"background-color":"var(--ast-global-color-4)","background-image":"","background-repeat":"repeat","background-position":"center center","background-size":"auto","background-attachment":"scroll","background-type":"","background-media":"","overlay-type":"","overlay-color":"","overlay-opacity":"","overlay-gradient":""}},"footnotes":""},"categories":[1],"tags":[],"class_list":["post-59436","post","type-post","status-publish","format-standard","hentry","category-sem-categoria"],"yoast_head":"<!-- This site is optimized with the Yoast SEO plugin v26.6 - https:\/\/yoast.com\/wordpress\/plugins\/seo\/ -->\n<title>&quot;Fascistas e babacas&quot;, diz presidente da Assembleia sobre autores de v\u00eddeo que tenta desqualificar nordestinos - Daniel Matos<\/title>\n<meta name=\"robots\" content=\"index, follow, max-snippet:-1, max-image-preview:large, max-video-preview:-1\" \/>\n<link rel=\"canonical\" href=\"https:\/\/www.blogsoestado.com\/danielmatos\/fascistas-e-babacas-diz-presidente-da-assembleia-sobre-autores-de-video-que-tenta-desqualificar-nordestinos\/\" \/>\n<meta property=\"og:locale\" content=\"pt_BR\" \/>\n<meta property=\"og:type\" content=\"article\" \/>\n<meta property=\"og:title\" content=\"&quot;Fascistas e babacas&quot;, diz presidente da Assembleia sobre autores de v\u00eddeo que tenta desqualificar nordestinos - Daniel Matos\" \/>\n<meta property=\"og:description\" content=\"O presidente da Assembleia Legislativa do Maranh\u00e3o, Othelino Neto, reagiu com indigna\u00e7\u00e3o a um v\u00eddeo propagado em redes sociais em [&hellip;]\" \/>\n<meta property=\"og:url\" content=\"https:\/\/www.blogsoestado.com\/danielmatos\/fascistas-e-babacas-diz-presidente-da-assembleia-sobre-autores-de-video-que-tenta-desqualificar-nordestinos\/\" \/>\n<meta property=\"og:site_name\" content=\"Daniel Matos\" \/>\n<meta property=\"article:published_time\" content=\"2019-01-09T19:50:51+00:00\" \/>\n<meta property=\"og:image\" content=\"https:\/\/www.blogsoestado.com\/danielmatos\/files\/2019\/01\/othelino-ne.jpg\" \/>\n<meta name=\"twitter:card\" content=\"summary_large_image\" \/>\n<meta name=\"twitter:label1\" content=\"Est. tempo de leitura\" \/>\n\t<meta name=\"twitter:data1\" content=\"3 minutos\" \/>\n<script type=\"application\/ld+json\" class=\"yoast-schema-graph\">{\"@context\":\"https:\/\/schema.org\",\"@graph\":[{\"@type\":\"WebPage\",\"@id\":\"https:\/\/www.blogsoestado.com\/danielmatos\/fascistas-e-babacas-diz-presidente-da-assembleia-sobre-autores-de-video-que-tenta-desqualificar-nordestinos\/\",\"url\":\"https:\/\/www.blogsoestado.com\/danielmatos\/fascistas-e-babacas-diz-presidente-da-assembleia-sobre-autores-de-video-que-tenta-desqualificar-nordestinos\/\",\"name\":\"\\\"Fascistas e babacas\\\", diz presidente da Assembleia sobre autores de v\u00eddeo que tenta desqualificar nordestinos - Daniel Matos\",\"isPartOf\":{\"@id\":\"https:\/\/www.blogsoestado.com\/danielmatos\/#website\"},\"primaryImageOfPage\":{\"@id\":\"https:\/\/www.blogsoestado.com\/danielmatos\/fascistas-e-babacas-diz-presidente-da-assembleia-sobre-autores-de-video-que-tenta-desqualificar-nordestinos\/#primaryimage\"},\"image\":{\"@id\":\"https:\/\/www.blogsoestado.com\/danielmatos\/fascistas-e-babacas-diz-presidente-da-assembleia-sobre-autores-de-video-que-tenta-desqualificar-nordestinos\/#primaryimage\"},\"thumbnailUrl\":\"https:\/\/www.blogsoestado.com\/danielmatos\/files\/2019\/01\/othelino-ne.jpg\",\"datePublished\":\"2019-01-09T19:50:51+00:00\",\"author\":{\"@id\":\"\"},\"breadcrumb\":{\"@id\":\"https:\/\/www.blogsoestado.com\/danielmatos\/fascistas-e-babacas-diz-presidente-da-assembleia-sobre-autores-de-video-que-tenta-desqualificar-nordestinos\/#breadcrumb\"},\"inLanguage\":\"pt-BR\",\"potentialAction\":[{\"@type\":\"ReadAction\",\"target\":[\"https:\/\/www.blogsoestado.com\/danielmatos\/fascistas-e-babacas-diz-presidente-da-assembleia-sobre-autores-de-video-que-tenta-desqualificar-nordestinos\/\"]}]},{\"@type\":\"ImageObject\",\"inLanguage\":\"pt-BR\",\"@id\":\"https:\/\/www.blogsoestado.com\/danielmatos\/fascistas-e-babacas-diz-presidente-da-assembleia-sobre-autores-de-video-que-tenta-desqualificar-nordestinos\/#primaryimage\",\"url\":\"https:\/\/www.blogsoestado.com\/danielmatos\/files\/2019\/01\/othelino-ne.jpg\",\"contentUrl\":\"https:\/\/www.blogsoestado.com\/danielmatos\/files\/2019\/01\/othelino-ne.jpg\"},{\"@type\":\"BreadcrumbList\",\"@id\":\"https:\/\/www.blogsoestado.com\/danielmatos\/fascistas-e-babacas-diz-presidente-da-assembleia-sobre-autores-de-video-que-tenta-desqualificar-nordestinos\/#breadcrumb\",\"itemListElement\":[{\"@type\":\"ListItem\",\"position\":1,\"name\":\"In\u00edcio\",\"item\":\"https:\/\/www.blogsoestado.com\/danielmatos\/\"},{\"@type\":\"ListItem\",\"position\":2,\"name\":\"&#8220;Fascistas e babacas&#8221;, diz presidente da Assembleia sobre autores de v\u00eddeo que tenta desqualificar nordestinos\"}]},{\"@type\":\"WebSite\",\"@id\":\"https:\/\/www.blogsoestado.com\/danielmatos\/#website\",\"url\":\"https:\/\/www.blogsoestado.com\/danielmatos\/\",\"name\":\"Daniel Matos\",\"description\":\"\",\"potentialAction\":[{\"@type\":\"SearchAction\",\"target\":{\"@type\":\"EntryPoint\",\"urlTemplate\":\"https:\/\/www.blogsoestado.com\/danielmatos\/?s={search_term_string}\"},\"query-input\":{\"@type\":\"PropertyValueSpecification\",\"valueRequired\":true,\"valueName\":\"search_term_string\"}}],\"inLanguage\":\"pt-BR\"}]}<\/script>\n<!-- \/ Yoast SEO plugin. -->","yoast_head_json":{"title":"\"Fascistas e babacas\", diz presidente da Assembleia sobre autores de v\u00eddeo que tenta desqualificar nordestinos - Daniel Matos","robots":{"index":"index","follow":"follow","max-snippet":"max-snippet:-1","max-image-preview":"max-image-preview:large","max-video-preview":"max-video-preview:-1"},"canonical":"https:\/\/www.blogsoestado.com\/danielmatos\/fascistas-e-babacas-diz-presidente-da-assembleia-sobre-autores-de-video-que-tenta-desqualificar-nordestinos\/","og_locale":"pt_BR","og_type":"article","og_title":"\"Fascistas e babacas\", diz presidente da Assembleia sobre autores de v\u00eddeo que tenta desqualificar nordestinos - Daniel Matos","og_description":"O presidente da Assembleia Legislativa do Maranh\u00e3o, Othelino Neto, reagiu com indigna\u00e7\u00e3o a um v\u00eddeo propagado em redes sociais em [&hellip;]","og_url":"https:\/\/www.blogsoestado.com\/danielmatos\/fascistas-e-babacas-diz-presidente-da-assembleia-sobre-autores-de-video-que-tenta-desqualificar-nordestinos\/","og_site_name":"Daniel Matos","article_published_time":"2019-01-09T19:50:51+00:00","og_image":[{"url":"https:\/\/www.blogsoestado.com\/danielmatos\/files\/2019\/01\/othelino-ne.jpg","type":"","width":"","height":""}],"twitter_card":"summary_large_image","twitter_misc":{"Est. tempo de leitura":"3 minutos"},"schema":{"@context":"https:\/\/schema.org","@graph":[{"@type":"WebPage","@id":"https:\/\/www.blogsoestado.com\/danielmatos\/fascistas-e-babacas-diz-presidente-da-assembleia-sobre-autores-de-video-que-tenta-desqualificar-nordestinos\/","url":"https:\/\/www.blogsoestado.com\/danielmatos\/fascistas-e-babacas-diz-presidente-da-assembleia-sobre-autores-de-video-que-tenta-desqualificar-nordestinos\/","name":"\"Fascistas e babacas\", diz presidente da Assembleia sobre autores de v\u00eddeo que tenta desqualificar nordestinos - Daniel Matos","isPartOf":{"@id":"https:\/\/www.blogsoestado.com\/danielmatos\/#website"},"primaryImageOfPage":{"@id":"https:\/\/www.blogsoestado.com\/danielmatos\/fascistas-e-babacas-diz-presidente-da-assembleia-sobre-autores-de-video-que-tenta-desqualificar-nordestinos\/#primaryimage"},"image":{"@id":"https:\/\/www.blogsoestado.com\/danielmatos\/fascistas-e-babacas-diz-presidente-da-assembleia-sobre-autores-de-video-que-tenta-desqualificar-nordestinos\/#primaryimage"},"thumbnailUrl":"https:\/\/www.blogsoestado.com\/danielmatos\/files\/2019\/01\/othelino-ne.jpg","datePublished":"2019-01-09T19:50:51+00:00","author":{"@id":""},"breadcrumb":{"@id":"https:\/\/www.blogsoestado.com\/danielmatos\/fascistas-e-babacas-diz-presidente-da-assembleia-sobre-autores-de-video-que-tenta-desqualificar-nordestinos\/#breadcrumb"},"inLanguage":"pt-BR","potentialAction":[{"@type":"ReadAction","target":["https:\/\/www.blogsoestado.com\/danielmatos\/fascistas-e-babacas-diz-presidente-da-assembleia-sobre-autores-de-video-que-tenta-desqualificar-nordestinos\/"]}]},{"@type":"ImageObject","inLanguage":"pt-BR","@id":"https:\/\/www.blogsoestado.com\/danielmatos\/fascistas-e-babacas-diz-presidente-da-assembleia-sobre-autores-de-video-que-tenta-desqualificar-nordestinos\/#primaryimage","url":"https:\/\/www.blogsoestado.com\/danielmatos\/files\/2019\/01\/othelino-ne.jpg","contentUrl":"https:\/\/www.blogsoestado.com\/danielmatos\/files\/2019\/01\/othelino-ne.jpg"},{"@type":"BreadcrumbList","@id":"https:\/\/www.blogsoestado.com\/danielmatos\/fascistas-e-babacas-diz-presidente-da-assembleia-sobre-autores-de-video-que-tenta-desqualificar-nordestinos\/#breadcrumb","itemListElement":[{"@type":"ListItem","position":1,"name":"In\u00edcio","item":"https:\/\/www.blogsoestado.com\/danielmatos\/"},{"@type":"ListItem","position":2,"name":"&#8220;Fascistas e babacas&#8221;, diz presidente da Assembleia sobre autores de v\u00eddeo que tenta desqualificar nordestinos"}]},{"@type":"WebSite","@id":"https:\/\/www.blogsoestado.com\/danielmatos\/#website","url":"https:\/\/www.blogsoestado.com\/danielmatos\/","name":"Daniel Matos","description":"","potentialAction":[{"@type":"SearchAction","target":{"@type":"EntryPoint","urlTemplate":"https:\/\/www.blogsoestado.com\/danielmatos\/?s={search_term_string}"},"query-input":{"@type":"PropertyValueSpecification","valueRequired":true,"valueName":"search_term_string"}}],"inLanguage":"pt-BR"}]}},"jetpack_featured_media_url":"","_links":{"self":[{"href":"https:\/\/www.blogsoestado.com\/danielmatos\/wp-json\/wp\/v2\/posts\/59436","targetHints":{"allow":["GET"]}}],"collection":[{"href":"https:\/\/www.blogsoestado.com\/danielmatos\/wp-json\/wp\/v2\/posts"}],"about":[{"href":"https:\/\/www.blogsoestado.com\/danielmatos\/wp-json\/wp\/v2\/types\/post"}],"replies":[{"embeddable":true,"href":"https:\/\/www.blogsoestado.com\/danielmatos\/wp-json\/wp\/v2\/comments?post=59436"}],"version-history":[{"count":0,"href":"https:\/\/www.blogsoestado.com\/danielmatos\/wp-json\/wp\/v2\/posts\/59436\/revisions"}],"wp:attachment":[{"href":"https:\/\/www.blogsoestado.com\/danielmatos\/wp-json\/wp\/v2\/media?parent=59436"}],"wp:term":[{"taxonomy":"category","embeddable":true,"href":"https:\/\/www.blogsoestado.com\/danielmatos\/wp-json\/wp\/v2\/categories?post=59436"},{"taxonomy":"post_tag","embeddable":true,"href":"https:\/\/www.blogsoestado.com\/danielmatos\/wp-json\/wp\/v2\/tags?post=59436"}],"curies":[{"name":"wp","href":"https:\/\/api.w.org\/{rel}","templated":true}]}}