{"id":59459,"date":"2019-01-10T11:09:58","date_gmt":"2019-01-10T14:09:58","guid":{"rendered":"https:\/\/www.blogsoestado.com\/danielmatos\/?p=59459"},"modified":"2019-01-10T11:09:58","modified_gmt":"2019-01-10T14:09:58","slug":"adriano-sarney-lembra-a-marcio-jerry-que-se-reelegeu-na-oposicao-e-chama-secretario-deputado-de-carreirista","status":"publish","type":"post","link":"https:\/\/www.blogsoestado.com\/danielmatos\/adriano-sarney-lembra-a-marcio-jerry-que-se-reelegeu-na-oposicao-e-chama-secretario-deputado-de-carreirista\/","title":{"rendered":"Adriano Sarney lembra a M\u00e1rcio Jerry que se reelegeu na oposi\u00e7\u00e3o e chama secret\u00e1rio\/deputado de carreirista"},"content":{"rendered":"<p><a href=\"https:\/\/www.blogsoestado.com\/danielmatos\/2019\/01\/10\/adriano-sarney-lembra-a-marcio-jerry-que-se-reelegeu-na-oposicao-e-chama-secretario-deputado-de-carreirista\/adriano-tweet\/\" rel=\"attachment wp-att-59460\"><img fetchpriority=\"high\" decoding=\"async\" class=\"alignleft size-full wp-image-59460\" src=\"https:\/\/www.blogsoestado.com\/danielmatos\/files\/2019\/01\/adriano-tweet.jpg\" alt=\"\" width=\"320\" height=\"640\" \/><\/a>O deputado estadual reeleito Adriano Sarney (PV) deu uma resposta incisiva e certeira a mais um coment\u00e1rio ofensivo \u00e0 sua fam\u00edlia feito pelo deputado federal eleito e persistente secret\u00e1rio de Estado da Comunica\u00e7\u00e3o e Assuntos Pol\u00edticos, M\u00e1rcio Jerry (PCdoB). Ap\u00f3s registrar, em sua conta no Twitter, que &#8220;a temporada de moleza comunista no Maranh\u00e3o acabou&#8221;, Adriano foi surpreendido com mais uma manifesta\u00e7\u00e3o desonrosa do advers\u00e1rio.<\/p>\n<p>O parlamentar do PV lembrou ao comunista que ingressou na vida p\u00fablica na oposi\u00e7\u00e3o e foi eleito e reeleito com seu grupo pol\u00edtico fora do poder. Tamb\u00e9m ressaltou que ocupou seu primeiro cargo p\u00fablico por meio do voto, comparando sua trajet\u00f3ria ao do secret\u00e1rio, que antes de ser eleito para a C\u00e2mara Federal, em outubro do ano passado, s\u00f3 exercera cargos p\u00fablicos por indica\u00e7\u00e3o pol\u00edtica. &#8220;N\u00e3o sou carreirista, secret\u00e1rio. Pena que n\u00e3o se pode definir o mesmo de voc\u00ea&#8221;, detonou Adriano, que mais adiante classificou como mero subterf\u00fagio os sucessivos ataques de M\u00e1rcio Jerry \u00e0 sua fam\u00edlia.<\/p>\n<p>Diante da firmeza do oposicionista, Jerry mencionou sua origem humilde, no interior, reminisc\u00eancias que nem de longe se comparam ao poder e \u00e0 vida abastada ostentada atualmente pelo secret\u00e1rio, apontado como segundo homem mais influente do governo Fl\u00e1vio Dino, principal respons\u00e1vel por sua mudan\u00e7a repentina de status.<\/p>\n<p>A verdade \u00e9 que M\u00e1rcio Jerry saiu vitorioso das urnas gra\u00e7as a uma campanha milion\u00e1ria. Mas, como assim? Se n\u00e3o dispunha de estrutura para bancar sua candidatura, de onde sa\u00edram os recursos que financiaram o seu bem-sucedido projeto eleitoral, tocado na base da ostenta\u00e7\u00e3o?<\/p>\n<p><strong>&#8220;Coveiro&#8221;<\/strong><\/p>\n<p>Empatia popular certamente n\u00e3o foi, muito menos habilidade na constru\u00e7\u00e3o de alian\u00e7as, tendo em vista sua antiga fama de desagregador.\u00a0Protagonista de um dos maiores fiascos da hist\u00f3ria pol\u00edtica do Maranh\u00e3o, M\u00e1rcio Jerry at\u00e9 hoje \u00e9 apelidado de &#8220;coveiro&#8221;, por ter sepultado, no in\u00edcio da d\u00e9cada passada, o projeto de reelei\u00e7\u00e3o do ent\u00e3o prefeito de Imperatriz, Jomar Fernandes (2001-2004), que teve a infelicidade de nome\u00e1-lo secret\u00e1rio municipal de Governo e Projetos Estrat\u00e9gicos. O desempenho desastroso de Jerry na pasta foi considerado, na \u00e9poca, o fator determinante para a derrota de Jomar nas urnas e para a volta do ex-prefeito Ildon Marques, do PMDB, ao poder.<\/p>\n<p>\u00c9 esse indiv\u00edduo que tenta se colocar como figura proeminente da pol\u00edtica do Maranh\u00e3o nos dias de hoje. Menos mal que ainda haja bravos, a exemplo de Adriano, a confront\u00e1-lo no campo pol\u00edtico e comunicadores com coragem para expor a verdade.<\/p>\n","protected":false},"excerpt":{"rendered":"<p>O deputado estadual reeleito Adriano Sarney (PV) deu uma resposta incisiva e certeira a mais um coment\u00e1rio ofensivo \u00e0 sua [&hellip;]<\/p>\n","protected":false},"author":0,"featured_media":0,"comment_status":"open","ping_status":"open","sticky":false,"template":"","format":"standard","meta":{"site-sidebar-layout":"default","site-content-layout":"","ast-site-content-layout":"default","site-content-style":"default","site-sidebar-style":"default","ast-global-header-display":"","ast-banner-title-visibility":"","ast-main-header-display":"","ast-hfb-above-header-display":"","ast-hfb-below-header-display":"","ast-hfb-mobile-header-display":"","site-post-title":"","ast-breadcrumbs-content":"","ast-featured-img":"","footer-sml-layout":"","ast-disable-related-posts":"","theme-transparent-header-meta":"","adv-header-id-meta":"","stick-header-meta":"","header-above-stick-meta":"","header-main-stick-meta":"","header-below-stick-meta":"","astra-migrate-meta-layouts":"default","ast-page-background-enabled":"default","ast-page-background-meta":{"desktop":{"background-color":"var(--ast-global-color-5)","background-image":"","background-repeat":"repeat","background-position":"center center","background-size":"auto","background-attachment":"scroll","background-type":"","background-media":"","overlay-type":"","overlay-color":"","overlay-opacity":"","overlay-gradient":""},"tablet":{"background-color":"","background-image":"","background-repeat":"repeat","background-position":"center center","background-size":"auto","background-attachment":"scroll","background-type":"","background-media":"","overlay-type":"","overlay-color":"","overlay-opacity":"","overlay-gradient":""},"mobile":{"background-color":"","background-image":"","background-repeat":"repeat","background-position":"center center","background-size":"auto","background-attachment":"scroll","background-type":"","background-media":"","overlay-type":"","overlay-color":"","overlay-opacity":"","overlay-gradient":""}},"ast-content-background-meta":{"desktop":{"background-color":"var(--ast-global-color-4)","background-image":"","background-repeat":"repeat","background-position":"center center","background-size":"auto","background-attachment":"scroll","background-type":"","background-media":"","overlay-type":"","overlay-color":"","overlay-opacity":"","overlay-gradient":""},"tablet":{"background-color":"var(--ast-global-color-4)","background-image":"","background-repeat":"repeat","background-position":"center center","background-size":"auto","background-attachment":"scroll","background-type":"","background-media":"","overlay-type":"","overlay-color":"","overlay-opacity":"","overlay-gradient":""},"mobile":{"background-color":"var(--ast-global-color-4)","background-image":"","background-repeat":"repeat","background-position":"center center","background-size":"auto","background-attachment":"scroll","background-type":"","background-media":"","overlay-type":"","overlay-color":"","overlay-opacity":"","overlay-gradient":""}},"footnotes":""},"categories":[1],"tags":[],"class_list":["post-59459","post","type-post","status-publish","format-standard","hentry","category-sem-categoria"],"yoast_head":"<!-- This site is optimized with the Yoast SEO plugin v26.6 - https:\/\/yoast.com\/wordpress\/plugins\/seo\/ -->\n<title>Adriano Sarney lembra a M\u00e1rcio Jerry que se reelegeu na oposi\u00e7\u00e3o e chama secret\u00e1rio\/deputado de carreirista - Daniel Matos<\/title>\n<meta name=\"robots\" content=\"index, follow, max-snippet:-1, max-image-preview:large, max-video-preview:-1\" \/>\n<link rel=\"canonical\" href=\"https:\/\/www.blogsoestado.com\/danielmatos\/adriano-sarney-lembra-a-marcio-jerry-que-se-reelegeu-na-oposicao-e-chama-secretario-deputado-de-carreirista\/\" \/>\n<meta property=\"og:locale\" content=\"pt_BR\" \/>\n<meta property=\"og:type\" content=\"article\" \/>\n<meta property=\"og:title\" content=\"Adriano Sarney lembra a M\u00e1rcio Jerry que se reelegeu na oposi\u00e7\u00e3o e chama secret\u00e1rio\/deputado de carreirista - Daniel Matos\" \/>\n<meta property=\"og:description\" content=\"O deputado estadual reeleito Adriano Sarney (PV) deu uma resposta incisiva e certeira a mais um coment\u00e1rio ofensivo \u00e0 sua [&hellip;]\" \/>\n<meta property=\"og:url\" content=\"https:\/\/www.blogsoestado.com\/danielmatos\/adriano-sarney-lembra-a-marcio-jerry-que-se-reelegeu-na-oposicao-e-chama-secretario-deputado-de-carreirista\/\" \/>\n<meta property=\"og:site_name\" content=\"Daniel Matos\" \/>\n<meta property=\"article:published_time\" content=\"2019-01-10T14:09:58+00:00\" \/>\n<meta property=\"og:image\" content=\"https:\/\/www.blogsoestado.com\/danielmatos\/files\/2019\/01\/adriano-tweet.jpg\" \/>\n<meta name=\"twitter:card\" content=\"summary_large_image\" \/>\n<meta name=\"twitter:label1\" content=\"Est. tempo de leitura\" \/>\n\t<meta name=\"twitter:data1\" content=\"2 minutos\" \/>\n<script type=\"application\/ld+json\" class=\"yoast-schema-graph\">{\"@context\":\"https:\/\/schema.org\",\"@graph\":[{\"@type\":\"WebPage\",\"@id\":\"https:\/\/www.blogsoestado.com\/danielmatos\/adriano-sarney-lembra-a-marcio-jerry-que-se-reelegeu-na-oposicao-e-chama-secretario-deputado-de-carreirista\/\",\"url\":\"https:\/\/www.blogsoestado.com\/danielmatos\/adriano-sarney-lembra-a-marcio-jerry-que-se-reelegeu-na-oposicao-e-chama-secretario-deputado-de-carreirista\/\",\"name\":\"Adriano Sarney lembra a M\u00e1rcio Jerry que se reelegeu na oposi\u00e7\u00e3o e chama secret\u00e1rio\/deputado de carreirista - Daniel Matos\",\"isPartOf\":{\"@id\":\"https:\/\/www.blogsoestado.com\/danielmatos\/#website\"},\"primaryImageOfPage\":{\"@id\":\"https:\/\/www.blogsoestado.com\/danielmatos\/adriano-sarney-lembra-a-marcio-jerry-que-se-reelegeu-na-oposicao-e-chama-secretario-deputado-de-carreirista\/#primaryimage\"},\"image\":{\"@id\":\"https:\/\/www.blogsoestado.com\/danielmatos\/adriano-sarney-lembra-a-marcio-jerry-que-se-reelegeu-na-oposicao-e-chama-secretario-deputado-de-carreirista\/#primaryimage\"},\"thumbnailUrl\":\"https:\/\/www.blogsoestado.com\/danielmatos\/files\/2019\/01\/adriano-tweet.jpg\",\"datePublished\":\"2019-01-10T14:09:58+00:00\",\"author\":{\"@id\":\"\"},\"breadcrumb\":{\"@id\":\"https:\/\/www.blogsoestado.com\/danielmatos\/adriano-sarney-lembra-a-marcio-jerry-que-se-reelegeu-na-oposicao-e-chama-secretario-deputado-de-carreirista\/#breadcrumb\"},\"inLanguage\":\"pt-BR\",\"potentialAction\":[{\"@type\":\"ReadAction\",\"target\":[\"https:\/\/www.blogsoestado.com\/danielmatos\/adriano-sarney-lembra-a-marcio-jerry-que-se-reelegeu-na-oposicao-e-chama-secretario-deputado-de-carreirista\/\"]}]},{\"@type\":\"ImageObject\",\"inLanguage\":\"pt-BR\",\"@id\":\"https:\/\/www.blogsoestado.com\/danielmatos\/adriano-sarney-lembra-a-marcio-jerry-que-se-reelegeu-na-oposicao-e-chama-secretario-deputado-de-carreirista\/#primaryimage\",\"url\":\"https:\/\/www.blogsoestado.com\/danielmatos\/files\/2019\/01\/adriano-tweet.jpg\",\"contentUrl\":\"https:\/\/www.blogsoestado.com\/danielmatos\/files\/2019\/01\/adriano-tweet.jpg\"},{\"@type\":\"BreadcrumbList\",\"@id\":\"https:\/\/www.blogsoestado.com\/danielmatos\/adriano-sarney-lembra-a-marcio-jerry-que-se-reelegeu-na-oposicao-e-chama-secretario-deputado-de-carreirista\/#breadcrumb\",\"itemListElement\":[{\"@type\":\"ListItem\",\"position\":1,\"name\":\"In\u00edcio\",\"item\":\"https:\/\/www.blogsoestado.com\/danielmatos\/\"},{\"@type\":\"ListItem\",\"position\":2,\"name\":\"Adriano Sarney lembra a M\u00e1rcio Jerry que se reelegeu na oposi\u00e7\u00e3o e chama secret\u00e1rio\/deputado de carreirista\"}]},{\"@type\":\"WebSite\",\"@id\":\"https:\/\/www.blogsoestado.com\/danielmatos\/#website\",\"url\":\"https:\/\/www.blogsoestado.com\/danielmatos\/\",\"name\":\"Daniel Matos\",\"description\":\"\",\"potentialAction\":[{\"@type\":\"SearchAction\",\"target\":{\"@type\":\"EntryPoint\",\"urlTemplate\":\"https:\/\/www.blogsoestado.com\/danielmatos\/?s={search_term_string}\"},\"query-input\":{\"@type\":\"PropertyValueSpecification\",\"valueRequired\":true,\"valueName\":\"search_term_string\"}}],\"inLanguage\":\"pt-BR\"}]}<\/script>\n<!-- \/ Yoast SEO plugin. -->","yoast_head_json":{"title":"Adriano Sarney lembra a M\u00e1rcio Jerry que se reelegeu na oposi\u00e7\u00e3o e chama secret\u00e1rio\/deputado de carreirista - Daniel Matos","robots":{"index":"index","follow":"follow","max-snippet":"max-snippet:-1","max-image-preview":"max-image-preview:large","max-video-preview":"max-video-preview:-1"},"canonical":"https:\/\/www.blogsoestado.com\/danielmatos\/adriano-sarney-lembra-a-marcio-jerry-que-se-reelegeu-na-oposicao-e-chama-secretario-deputado-de-carreirista\/","og_locale":"pt_BR","og_type":"article","og_title":"Adriano Sarney lembra a M\u00e1rcio Jerry que se reelegeu na oposi\u00e7\u00e3o e chama secret\u00e1rio\/deputado de carreirista - Daniel Matos","og_description":"O deputado estadual reeleito Adriano Sarney (PV) deu uma resposta incisiva e certeira a mais um coment\u00e1rio ofensivo \u00e0 sua [&hellip;]","og_url":"https:\/\/www.blogsoestado.com\/danielmatos\/adriano-sarney-lembra-a-marcio-jerry-que-se-reelegeu-na-oposicao-e-chama-secretario-deputado-de-carreirista\/","og_site_name":"Daniel Matos","article_published_time":"2019-01-10T14:09:58+00:00","og_image":[{"url":"https:\/\/www.blogsoestado.com\/danielmatos\/files\/2019\/01\/adriano-tweet.jpg","type":"","width":"","height":""}],"twitter_card":"summary_large_image","twitter_misc":{"Est. tempo de leitura":"2 minutos"},"schema":{"@context":"https:\/\/schema.org","@graph":[{"@type":"WebPage","@id":"https:\/\/www.blogsoestado.com\/danielmatos\/adriano-sarney-lembra-a-marcio-jerry-que-se-reelegeu-na-oposicao-e-chama-secretario-deputado-de-carreirista\/","url":"https:\/\/www.blogsoestado.com\/danielmatos\/adriano-sarney-lembra-a-marcio-jerry-que-se-reelegeu-na-oposicao-e-chama-secretario-deputado-de-carreirista\/","name":"Adriano Sarney lembra a M\u00e1rcio Jerry que se reelegeu na oposi\u00e7\u00e3o e chama secret\u00e1rio\/deputado de carreirista - Daniel Matos","isPartOf":{"@id":"https:\/\/www.blogsoestado.com\/danielmatos\/#website"},"primaryImageOfPage":{"@id":"https:\/\/www.blogsoestado.com\/danielmatos\/adriano-sarney-lembra-a-marcio-jerry-que-se-reelegeu-na-oposicao-e-chama-secretario-deputado-de-carreirista\/#primaryimage"},"image":{"@id":"https:\/\/www.blogsoestado.com\/danielmatos\/adriano-sarney-lembra-a-marcio-jerry-que-se-reelegeu-na-oposicao-e-chama-secretario-deputado-de-carreirista\/#primaryimage"},"thumbnailUrl":"https:\/\/www.blogsoestado.com\/danielmatos\/files\/2019\/01\/adriano-tweet.jpg","datePublished":"2019-01-10T14:09:58+00:00","author":{"@id":""},"breadcrumb":{"@id":"https:\/\/www.blogsoestado.com\/danielmatos\/adriano-sarney-lembra-a-marcio-jerry-que-se-reelegeu-na-oposicao-e-chama-secretario-deputado-de-carreirista\/#breadcrumb"},"inLanguage":"pt-BR","potentialAction":[{"@type":"ReadAction","target":["https:\/\/www.blogsoestado.com\/danielmatos\/adriano-sarney-lembra-a-marcio-jerry-que-se-reelegeu-na-oposicao-e-chama-secretario-deputado-de-carreirista\/"]}]},{"@type":"ImageObject","inLanguage":"pt-BR","@id":"https:\/\/www.blogsoestado.com\/danielmatos\/adriano-sarney-lembra-a-marcio-jerry-que-se-reelegeu-na-oposicao-e-chama-secretario-deputado-de-carreirista\/#primaryimage","url":"https:\/\/www.blogsoestado.com\/danielmatos\/files\/2019\/01\/adriano-tweet.jpg","contentUrl":"https:\/\/www.blogsoestado.com\/danielmatos\/files\/2019\/01\/adriano-tweet.jpg"},{"@type":"BreadcrumbList","@id":"https:\/\/www.blogsoestado.com\/danielmatos\/adriano-sarney-lembra-a-marcio-jerry-que-se-reelegeu-na-oposicao-e-chama-secretario-deputado-de-carreirista\/#breadcrumb","itemListElement":[{"@type":"ListItem","position":1,"name":"In\u00edcio","item":"https:\/\/www.blogsoestado.com\/danielmatos\/"},{"@type":"ListItem","position":2,"name":"Adriano Sarney lembra a M\u00e1rcio Jerry que se reelegeu na oposi\u00e7\u00e3o e chama secret\u00e1rio\/deputado de carreirista"}]},{"@type":"WebSite","@id":"https:\/\/www.blogsoestado.com\/danielmatos\/#website","url":"https:\/\/www.blogsoestado.com\/danielmatos\/","name":"Daniel Matos","description":"","potentialAction":[{"@type":"SearchAction","target":{"@type":"EntryPoint","urlTemplate":"https:\/\/www.blogsoestado.com\/danielmatos\/?s={search_term_string}"},"query-input":{"@type":"PropertyValueSpecification","valueRequired":true,"valueName":"search_term_string"}}],"inLanguage":"pt-BR"}]}},"jetpack_featured_media_url":"","_links":{"self":[{"href":"https:\/\/www.blogsoestado.com\/danielmatos\/wp-json\/wp\/v2\/posts\/59459","targetHints":{"allow":["GET"]}}],"collection":[{"href":"https:\/\/www.blogsoestado.com\/danielmatos\/wp-json\/wp\/v2\/posts"}],"about":[{"href":"https:\/\/www.blogsoestado.com\/danielmatos\/wp-json\/wp\/v2\/types\/post"}],"replies":[{"embeddable":true,"href":"https:\/\/www.blogsoestado.com\/danielmatos\/wp-json\/wp\/v2\/comments?post=59459"}],"version-history":[{"count":0,"href":"https:\/\/www.blogsoestado.com\/danielmatos\/wp-json\/wp\/v2\/posts\/59459\/revisions"}],"wp:attachment":[{"href":"https:\/\/www.blogsoestado.com\/danielmatos\/wp-json\/wp\/v2\/media?parent=59459"}],"wp:term":[{"taxonomy":"category","embeddable":true,"href":"https:\/\/www.blogsoestado.com\/danielmatos\/wp-json\/wp\/v2\/categories?post=59459"},{"taxonomy":"post_tag","embeddable":true,"href":"https:\/\/www.blogsoestado.com\/danielmatos\/wp-json\/wp\/v2\/tags?post=59459"}],"curies":[{"name":"wp","href":"https:\/\/api.w.org\/{rel}","templated":true}]}}