{"id":59465,"date":"2019-01-10T11:55:02","date_gmt":"2019-01-10T14:55:02","guid":{"rendered":"https:\/\/www.blogsoestado.com\/danielmatos\/?p=59465"},"modified":"2019-01-10T11:55:02","modified_gmt":"2019-01-10T14:55:02","slug":"apos-reuniao-com-secretario-municipal-de-saude-vereador-gutemberg-anuncia-volta-do-atendimento-na-maternidade-maria-do-amparo","status":"publish","type":"post","link":"https:\/\/www.blogsoestado.com\/danielmatos\/apos-reuniao-com-secretario-municipal-de-saude-vereador-gutemberg-anuncia-volta-do-atendimento-na-maternidade-maria-do-amparo\/","title":{"rendered":"Ap\u00f3s reuni\u00e3o com secret\u00e1rio municipal de Sa\u00fade, vereador Gutemberg anuncia volta do atendimento na Maternidade Maria do Amparo"},"content":{"rendered":"<div class=\"P9YgZ\">\n<div class=\"C7I1f X7jCj\">\n<div>\n<figure id=\"attachment_59466\" aria-describedby=\"caption-attachment-59466\" style=\"width: 500px\" class=\"wp-caption aligncenter\"><a href=\"https:\/\/www.blogsoestado.com\/danielmatos\/2019\/01\/10\/apos-reuniao-com-secretario-municipal-de-saude-vereador-gutemberg-anuncia-volta-do-atendimento-na-maternidade-maria-do-amparo\/gutemberg-maternidade\/\" rel=\"attachment wp-att-59466\"><img fetchpriority=\"high\" decoding=\"async\" class=\"wp-image-59466\" src=\"https:\/\/www.blogsoestado.com\/danielmatos\/files\/2019\/01\/gutemberg-maternidade.jpg\" alt=\"\" width=\"500\" height=\"500\" \/><\/a><figcaption id=\"caption-attachment-59466\" class=\"wp-caption-text\">Vereador Gutemberg Ara\u00fajo obteve do secret\u00e1rio Lula Filho a garantia de que a maternidade voltar\u00e1 a atender a popula\u00e7\u00e3o<\/figcaption><\/figure>\n<\/div>\n<div class=\"C4VMK\">\n<div class=\"C7I1f X7jCj\"><\/div>\n<\/div>\n<\/div>\n<div class=\"C7I1f \">A Maternidade Maria do Amparo, no bairro Anil, vai voltar\u00e1 a atender a comunidade. Em reuni\u00e3o hoje \u00e0 tarde com o secret\u00e1rio municipal de Sa\u00fade, Lula Filho, o vereador e m\u00e9dico Gutemberg Ara\u00fajo (PRTB) obteve a garantia do retorno das atividades na casa de sa\u00fade. &#8220;Essa reabertura \u00e9 fruto da sensibilidade dos secret\u00e1rios, dos anseios da sociedade e do reconhecimento dos servi\u00e7os prestados por aquela maternidade&#8221;, registrou Gutemberg.<\/div>\n<\/div>\n","protected":false},"excerpt":{"rendered":"<p>A Maternidade Maria do Amparo, no bairro Anil, vai voltar\u00e1 a atender a comunidade. Em reuni\u00e3o hoje \u00e0 tarde com [&hellip;]<\/p>\n","protected":false},"author":0,"featured_media":0,"comment_status":"open","ping_status":"open","sticky":false,"template":"","format":"standard","meta":{"site-sidebar-layout":"default","site-content-layout":"","ast-site-content-layout":"default","site-content-style":"default","site-sidebar-style":"default","ast-global-header-display":"","ast-banner-title-visibility":"","ast-main-header-display":"","ast-hfb-above-header-display":"","ast-hfb-below-header-display":"","ast-hfb-mobile-header-display":"","site-post-title":"","ast-breadcrumbs-content":"","ast-featured-img":"","footer-sml-layout":"","ast-disable-related-posts":"","theme-transparent-header-meta":"","adv-header-id-meta":"","stick-header-meta":"","header-above-stick-meta":"","header-main-stick-meta":"","header-below-stick-meta":"","astra-migrate-meta-layouts":"default","ast-page-background-enabled":"default","ast-page-background-meta":{"desktop":{"background-color":"var(--ast-global-color-5)","background-image":"","background-repeat":"repeat","background-position":"center center","background-size":"auto","background-attachment":"scroll","background-type":"","background-media":"","overlay-type":"","overlay-color":"","overlay-opacity":"","overlay-gradient":""},"tablet":{"background-color":"","background-image":"","background-repeat":"repeat","background-position":"center center","background-size":"auto","background-attachment":"scroll","background-type":"","background-media":"","overlay-type":"","overlay-color":"","overlay-opacity":"","overlay-gradient":""},"mobile":{"background-color":"","background-image":"","background-repeat":"repeat","background-position":"center center","background-size":"auto","background-attachment":"scroll","background-type":"","background-media":"","overlay-type":"","overlay-color":"","overlay-opacity":"","overlay-gradient":""}},"ast-content-background-meta":{"desktop":{"background-color":"var(--ast-global-color-4)","background-image":"","background-repeat":"repeat","background-position":"center center","background-size":"auto","background-attachment":"scroll","background-type":"","background-media":"","overlay-type":"","overlay-color":"","overlay-opacity":"","overlay-gradient":""},"tablet":{"background-color":"var(--ast-global-color-4)","background-image":"","background-repeat":"repeat","background-position":"center center","background-size":"auto","background-attachment":"scroll","background-type":"","background-media":"","overlay-type":"","overlay-color":"","overlay-opacity":"","overlay-gradient":""},"mobile":{"background-color":"var(--ast-global-color-4)","background-image":"","background-repeat":"repeat","background-position":"center center","background-size":"auto","background-attachment":"scroll","background-type":"","background-media":"","overlay-type":"","overlay-color":"","overlay-opacity":"","overlay-gradient":""}},"footnotes":""},"categories":[1],"tags":[],"class_list":["post-59465","post","type-post","status-publish","format-standard","hentry","category-sem-categoria"],"yoast_head":"<!-- This site is optimized with the Yoast SEO plugin v26.6 - https:\/\/yoast.com\/wordpress\/plugins\/seo\/ -->\n<title>Ap\u00f3s reuni\u00e3o com secret\u00e1rio municipal de Sa\u00fade, vereador Gutemberg anuncia volta do atendimento na Maternidade Maria do Amparo - Daniel Matos<\/title>\n<meta name=\"robots\" content=\"index, follow, max-snippet:-1, max-image-preview:large, max-video-preview:-1\" \/>\n<link rel=\"canonical\" href=\"https:\/\/www.blogsoestado.com\/danielmatos\/apos-reuniao-com-secretario-municipal-de-saude-vereador-gutemberg-anuncia-volta-do-atendimento-na-maternidade-maria-do-amparo\/\" \/>\n<meta property=\"og:locale\" content=\"pt_BR\" \/>\n<meta property=\"og:type\" content=\"article\" \/>\n<meta property=\"og:title\" content=\"Ap\u00f3s reuni\u00e3o com secret\u00e1rio municipal de Sa\u00fade, vereador Gutemberg anuncia volta do atendimento na Maternidade Maria do Amparo - Daniel Matos\" \/>\n<meta property=\"og:description\" content=\"A Maternidade Maria do Amparo, no bairro Anil, vai voltar\u00e1 a atender a comunidade. Em reuni\u00e3o hoje \u00e0 tarde com [&hellip;]\" \/>\n<meta property=\"og:url\" content=\"https:\/\/www.blogsoestado.com\/danielmatos\/apos-reuniao-com-secretario-municipal-de-saude-vereador-gutemberg-anuncia-volta-do-atendimento-na-maternidade-maria-do-amparo\/\" \/>\n<meta property=\"og:site_name\" content=\"Daniel Matos\" \/>\n<meta property=\"article:published_time\" content=\"2019-01-10T14:55:02+00:00\" \/>\n<meta property=\"og:image\" content=\"https:\/\/www.blogsoestado.com\/danielmatos\/files\/2019\/01\/gutemberg-maternidade.jpg\" \/>\n<meta name=\"twitter:card\" content=\"summary_large_image\" \/>\n<meta name=\"twitter:label1\" content=\"Est. tempo de leitura\" \/>\n\t<meta name=\"twitter:data1\" content=\"1 minuto\" \/>\n<script type=\"application\/ld+json\" class=\"yoast-schema-graph\">{\"@context\":\"https:\/\/schema.org\",\"@graph\":[{\"@type\":\"WebPage\",\"@id\":\"https:\/\/www.blogsoestado.com\/danielmatos\/apos-reuniao-com-secretario-municipal-de-saude-vereador-gutemberg-anuncia-volta-do-atendimento-na-maternidade-maria-do-amparo\/\",\"url\":\"https:\/\/www.blogsoestado.com\/danielmatos\/apos-reuniao-com-secretario-municipal-de-saude-vereador-gutemberg-anuncia-volta-do-atendimento-na-maternidade-maria-do-amparo\/\",\"name\":\"Ap\u00f3s reuni\u00e3o com secret\u00e1rio municipal de Sa\u00fade, vereador Gutemberg anuncia volta do atendimento na Maternidade Maria do Amparo - Daniel Matos\",\"isPartOf\":{\"@id\":\"https:\/\/www.blogsoestado.com\/danielmatos\/#website\"},\"primaryImageOfPage\":{\"@id\":\"https:\/\/www.blogsoestado.com\/danielmatos\/apos-reuniao-com-secretario-municipal-de-saude-vereador-gutemberg-anuncia-volta-do-atendimento-na-maternidade-maria-do-amparo\/#primaryimage\"},\"image\":{\"@id\":\"https:\/\/www.blogsoestado.com\/danielmatos\/apos-reuniao-com-secretario-municipal-de-saude-vereador-gutemberg-anuncia-volta-do-atendimento-na-maternidade-maria-do-amparo\/#primaryimage\"},\"thumbnailUrl\":\"https:\/\/www.blogsoestado.com\/danielmatos\/files\/2019\/01\/gutemberg-maternidade.jpg\",\"datePublished\":\"2019-01-10T14:55:02+00:00\",\"author\":{\"@id\":\"\"},\"breadcrumb\":{\"@id\":\"https:\/\/www.blogsoestado.com\/danielmatos\/apos-reuniao-com-secretario-municipal-de-saude-vereador-gutemberg-anuncia-volta-do-atendimento-na-maternidade-maria-do-amparo\/#breadcrumb\"},\"inLanguage\":\"pt-BR\",\"potentialAction\":[{\"@type\":\"ReadAction\",\"target\":[\"https:\/\/www.blogsoestado.com\/danielmatos\/apos-reuniao-com-secretario-municipal-de-saude-vereador-gutemberg-anuncia-volta-do-atendimento-na-maternidade-maria-do-amparo\/\"]}]},{\"@type\":\"ImageObject\",\"inLanguage\":\"pt-BR\",\"@id\":\"https:\/\/www.blogsoestado.com\/danielmatos\/apos-reuniao-com-secretario-municipal-de-saude-vereador-gutemberg-anuncia-volta-do-atendimento-na-maternidade-maria-do-amparo\/#primaryimage\",\"url\":\"https:\/\/www.blogsoestado.com\/danielmatos\/files\/2019\/01\/gutemberg-maternidade.jpg\",\"contentUrl\":\"https:\/\/www.blogsoestado.com\/danielmatos\/files\/2019\/01\/gutemberg-maternidade.jpg\"},{\"@type\":\"BreadcrumbList\",\"@id\":\"https:\/\/www.blogsoestado.com\/danielmatos\/apos-reuniao-com-secretario-municipal-de-saude-vereador-gutemberg-anuncia-volta-do-atendimento-na-maternidade-maria-do-amparo\/#breadcrumb\",\"itemListElement\":[{\"@type\":\"ListItem\",\"position\":1,\"name\":\"In\u00edcio\",\"item\":\"https:\/\/www.blogsoestado.com\/danielmatos\/\"},{\"@type\":\"ListItem\",\"position\":2,\"name\":\"Ap\u00f3s reuni\u00e3o com secret\u00e1rio municipal de Sa\u00fade, vereador Gutemberg anuncia volta do atendimento na Maternidade Maria do Amparo\"}]},{\"@type\":\"WebSite\",\"@id\":\"https:\/\/www.blogsoestado.com\/danielmatos\/#website\",\"url\":\"https:\/\/www.blogsoestado.com\/danielmatos\/\",\"name\":\"Daniel Matos\",\"description\":\"\",\"potentialAction\":[{\"@type\":\"SearchAction\",\"target\":{\"@type\":\"EntryPoint\",\"urlTemplate\":\"https:\/\/www.blogsoestado.com\/danielmatos\/?s={search_term_string}\"},\"query-input\":{\"@type\":\"PropertyValueSpecification\",\"valueRequired\":true,\"valueName\":\"search_term_string\"}}],\"inLanguage\":\"pt-BR\"}]}<\/script>\n<!-- \/ Yoast SEO plugin. -->","yoast_head_json":{"title":"Ap\u00f3s reuni\u00e3o com secret\u00e1rio municipal de Sa\u00fade, vereador Gutemberg anuncia volta do atendimento na Maternidade Maria do Amparo - Daniel Matos","robots":{"index":"index","follow":"follow","max-snippet":"max-snippet:-1","max-image-preview":"max-image-preview:large","max-video-preview":"max-video-preview:-1"},"canonical":"https:\/\/www.blogsoestado.com\/danielmatos\/apos-reuniao-com-secretario-municipal-de-saude-vereador-gutemberg-anuncia-volta-do-atendimento-na-maternidade-maria-do-amparo\/","og_locale":"pt_BR","og_type":"article","og_title":"Ap\u00f3s reuni\u00e3o com secret\u00e1rio municipal de Sa\u00fade, vereador Gutemberg anuncia volta do atendimento na Maternidade Maria do Amparo - Daniel Matos","og_description":"A Maternidade Maria do Amparo, no bairro Anil, vai voltar\u00e1 a atender a comunidade. Em reuni\u00e3o hoje \u00e0 tarde com [&hellip;]","og_url":"https:\/\/www.blogsoestado.com\/danielmatos\/apos-reuniao-com-secretario-municipal-de-saude-vereador-gutemberg-anuncia-volta-do-atendimento-na-maternidade-maria-do-amparo\/","og_site_name":"Daniel Matos","article_published_time":"2019-01-10T14:55:02+00:00","og_image":[{"url":"https:\/\/www.blogsoestado.com\/danielmatos\/files\/2019\/01\/gutemberg-maternidade.jpg","type":"","width":"","height":""}],"twitter_card":"summary_large_image","twitter_misc":{"Est. tempo de leitura":"1 minuto"},"schema":{"@context":"https:\/\/schema.org","@graph":[{"@type":"WebPage","@id":"https:\/\/www.blogsoestado.com\/danielmatos\/apos-reuniao-com-secretario-municipal-de-saude-vereador-gutemberg-anuncia-volta-do-atendimento-na-maternidade-maria-do-amparo\/","url":"https:\/\/www.blogsoestado.com\/danielmatos\/apos-reuniao-com-secretario-municipal-de-saude-vereador-gutemberg-anuncia-volta-do-atendimento-na-maternidade-maria-do-amparo\/","name":"Ap\u00f3s reuni\u00e3o com secret\u00e1rio municipal de Sa\u00fade, vereador Gutemberg anuncia volta do atendimento na Maternidade Maria do Amparo - Daniel Matos","isPartOf":{"@id":"https:\/\/www.blogsoestado.com\/danielmatos\/#website"},"primaryImageOfPage":{"@id":"https:\/\/www.blogsoestado.com\/danielmatos\/apos-reuniao-com-secretario-municipal-de-saude-vereador-gutemberg-anuncia-volta-do-atendimento-na-maternidade-maria-do-amparo\/#primaryimage"},"image":{"@id":"https:\/\/www.blogsoestado.com\/danielmatos\/apos-reuniao-com-secretario-municipal-de-saude-vereador-gutemberg-anuncia-volta-do-atendimento-na-maternidade-maria-do-amparo\/#primaryimage"},"thumbnailUrl":"https:\/\/www.blogsoestado.com\/danielmatos\/files\/2019\/01\/gutemberg-maternidade.jpg","datePublished":"2019-01-10T14:55:02+00:00","author":{"@id":""},"breadcrumb":{"@id":"https:\/\/www.blogsoestado.com\/danielmatos\/apos-reuniao-com-secretario-municipal-de-saude-vereador-gutemberg-anuncia-volta-do-atendimento-na-maternidade-maria-do-amparo\/#breadcrumb"},"inLanguage":"pt-BR","potentialAction":[{"@type":"ReadAction","target":["https:\/\/www.blogsoestado.com\/danielmatos\/apos-reuniao-com-secretario-municipal-de-saude-vereador-gutemberg-anuncia-volta-do-atendimento-na-maternidade-maria-do-amparo\/"]}]},{"@type":"ImageObject","inLanguage":"pt-BR","@id":"https:\/\/www.blogsoestado.com\/danielmatos\/apos-reuniao-com-secretario-municipal-de-saude-vereador-gutemberg-anuncia-volta-do-atendimento-na-maternidade-maria-do-amparo\/#primaryimage","url":"https:\/\/www.blogsoestado.com\/danielmatos\/files\/2019\/01\/gutemberg-maternidade.jpg","contentUrl":"https:\/\/www.blogsoestado.com\/danielmatos\/files\/2019\/01\/gutemberg-maternidade.jpg"},{"@type":"BreadcrumbList","@id":"https:\/\/www.blogsoestado.com\/danielmatos\/apos-reuniao-com-secretario-municipal-de-saude-vereador-gutemberg-anuncia-volta-do-atendimento-na-maternidade-maria-do-amparo\/#breadcrumb","itemListElement":[{"@type":"ListItem","position":1,"name":"In\u00edcio","item":"https:\/\/www.blogsoestado.com\/danielmatos\/"},{"@type":"ListItem","position":2,"name":"Ap\u00f3s reuni\u00e3o com secret\u00e1rio municipal de Sa\u00fade, vereador Gutemberg anuncia volta do atendimento na Maternidade Maria do Amparo"}]},{"@type":"WebSite","@id":"https:\/\/www.blogsoestado.com\/danielmatos\/#website","url":"https:\/\/www.blogsoestado.com\/danielmatos\/","name":"Daniel Matos","description":"","potentialAction":[{"@type":"SearchAction","target":{"@type":"EntryPoint","urlTemplate":"https:\/\/www.blogsoestado.com\/danielmatos\/?s={search_term_string}"},"query-input":{"@type":"PropertyValueSpecification","valueRequired":true,"valueName":"search_term_string"}}],"inLanguage":"pt-BR"}]}},"jetpack_featured_media_url":"","_links":{"self":[{"href":"https:\/\/www.blogsoestado.com\/danielmatos\/wp-json\/wp\/v2\/posts\/59465","targetHints":{"allow":["GET"]}}],"collection":[{"href":"https:\/\/www.blogsoestado.com\/danielmatos\/wp-json\/wp\/v2\/posts"}],"about":[{"href":"https:\/\/www.blogsoestado.com\/danielmatos\/wp-json\/wp\/v2\/types\/post"}],"replies":[{"embeddable":true,"href":"https:\/\/www.blogsoestado.com\/danielmatos\/wp-json\/wp\/v2\/comments?post=59465"}],"version-history":[{"count":0,"href":"https:\/\/www.blogsoestado.com\/danielmatos\/wp-json\/wp\/v2\/posts\/59465\/revisions"}],"wp:attachment":[{"href":"https:\/\/www.blogsoestado.com\/danielmatos\/wp-json\/wp\/v2\/media?parent=59465"}],"wp:term":[{"taxonomy":"category","embeddable":true,"href":"https:\/\/www.blogsoestado.com\/danielmatos\/wp-json\/wp\/v2\/categories?post=59465"},{"taxonomy":"post_tag","embeddable":true,"href":"https:\/\/www.blogsoestado.com\/danielmatos\/wp-json\/wp\/v2\/tags?post=59465"}],"curies":[{"name":"wp","href":"https:\/\/api.w.org\/{rel}","templated":true}]}}