{"id":59473,"date":"2019-01-10T12:36:12","date_gmt":"2019-01-10T15:36:12","guid":{"rendered":"https:\/\/www.blogsoestado.com\/danielmatos\/?p=59473"},"modified":"2019-01-10T12:36:12","modified_gmt":"2019-01-10T15:36:12","slug":"cantor-felipao-e-a-atracao-desta-sexta-feira-11-no-cafe-de-la-musique-na-avenida-litoranea","status":"publish","type":"post","link":"https:\/\/www.blogsoestado.com\/danielmatos\/cantor-felipao-e-a-atracao-desta-sexta-feira-11-no-cafe-de-la-musique-na-avenida-litoranea\/","title":{"rendered":"Cantor Felip\u00e3o \u00e9 a atra\u00e7\u00e3o desta sexta-feira (11), no Caf\u00e9 de La Musique, na Avenida Litor\u00e2nea"},"content":{"rendered":"<h2><span style=\"color: #ff0000;\">Felip\u00e3o est\u00e1 de volta aos palcos do forr\u00f3 com uma agenda lotada de shows pelo pa\u00eds. Ele se apresenta amanh\u00e3 (11), no evento Caf\u00e9 Summer, um dos mais famosos beach club do mundo, na Litor\u00e2nea<\/span><\/h2>\n<p><a href=\"https:\/\/www.blogsoestado.com\/danielmatos\/2019\/01\/10\/cantor-felipao-e-a-atracao-desta-sexta-feira-11-no-cafe-de-la-musique-na-avenida-litoranea\/felipao-2\/\" rel=\"attachment wp-att-59474\"><img fetchpriority=\"high\" decoding=\"async\" class=\"alignleft wp-image-59474\" src=\"https:\/\/www.blogsoestado.com\/danielmatos\/files\/2019\/01\/felipao.jpeg\" alt=\"\" width=\"400\" height=\"712\" \/><\/a>O cantor Felip\u00e3o \u00e9 a atra\u00e7\u00e3o desta sexta-feira (11), da temporada do Caf\u00e9 de La Musique. O evento \u201cCaf\u00e9 Summer\u201d acontece na Praia do Calhau (Avenida Litor\u00e2nea), a partir das 20h, e ter\u00e1 tamb\u00e9m apresenta\u00e7\u00f5es de Guilherme Torres, Andson Mendon\u00e7a e o Dj Fl\u00e1vio Durans.<\/p>\n<p>Os ingressos para o Caf\u00e9 Summer est\u00e3o sendo vendidos na bilheteria do Caf\u00e9 de La Musique (Avenida Litor\u00e2nea), Na\u00e7\u00e3o Rubro Negra (Shopping da Ilha), Vis\u00f3tica (Tropical Shopping e Centro), Caf\u00e9 Store (Golden Shopping) e Marcelo Surf (Cohab).<\/p>\n<p>Dono de uma voz inconfund\u00edvel e estilo pr\u00f3prio, Felip\u00e3o come\u00e7ou 2019 repleto de novidades e volta \u00e0 ilha para um encontro bastante esperado pelos f\u00e3s e amantes do forr\u00f3. \u201cEstarei de volta \u00e0 ilha do amor, para matar a saudade do p\u00fablico, que vai curtir um show em clima de litoral, com vista para o mar. Vamos ter uma noite memor\u00e1vel de reencontro e um repert\u00f3rio que mescla as m\u00fasicas consagradas e os sucessos do novo DVD que gravamos recentemente\u201d, declarou o cantor forrozeiro.<\/p>\n<p>No set list, Felip\u00e3o vai apresentar os principais sucessos da carreira e do repert\u00f3rio atualizado, que j\u00e1 inclui hits do DVD \u201cFelip\u00e3o \u2013 Na Minha Praia\u201d, como \u201cApaixonado Vagabundo\u201d, \u201cDan\u00e7a Colado Comigo\u201d e \u201cCasal Normal\u201d.<\/p>\n<p>O artista vai lan\u00e7ar, em breve, o DVD intitulado \u201cFelip\u00e3o \u2013 Na Minha Praia\u201d, gravado em dezembro de 2018, em Canoa Quebrada (CE), com as participa\u00e7\u00f5es de Aldair Playboy, Junior Vianna, Romim Mata e M\u00e1rcia Fellipe. Depois de sete anos dedicados \u00e0 carreira gospel, o cantor Felip\u00e3o, que comandou por d\u00e9cadas, a Banda Forr\u00f3 Moral, voltou aos palcos do mundo forrozeiro h\u00e1 um ano, e vem se consagrando como um dos maiores nomes do g\u00eanero no Brasil, arrastando multid\u00f5es por onde passa.<\/p>\n<div class=\"ast-oembed-container \" style=\"height: 100%;\"><iframe title=\"Felip\u00e3o - Quando Ela Mexe Part. Lorena Improta [DVD OFICIAL - OLHA EU DE VOLTA]\" width=\"500\" height=\"281\" src=\"https:\/\/www.youtube.com\/embed\/ncirvIdPT5Q?feature=oembed\" frameborder=\"0\" allow=\"accelerometer; autoplay; clipboard-write; encrypted-media; gyroscope; picture-in-picture; web-share\" referrerpolicy=\"strict-origin-when-cross-origin\" allowfullscreen><\/iframe><\/div>\n<p>O primeiro ano de carreira solo do Felip\u00e3o mostrou a versatilidade do cantor em protagonizar videoclipes, desde a sua performance na megaprodu\u00e7\u00e3o do DVD \u201cOlha Eu de Volta\u201d, no qual interagiu com a bailarina e digital influencer Lorena Improtta; e \u201cObedecendo\u201d, fazendo um dueto com o amigo e hitmaker L\u00e9o Santana.<\/p>\n<div class=\"ast-oembed-container \" style=\"height: 100%;\"><iframe title=\"Felip\u00e3o - Apaixonado Vagabundo - Lyric Video\" width=\"500\" height=\"281\" src=\"https:\/\/www.youtube.com\/embed\/qI880J7Zlkc?feature=oembed\" frameborder=\"0\" allow=\"accelerometer; autoplay; clipboard-write; encrypted-media; gyroscope; picture-in-picture; web-share\" referrerpolicy=\"strict-origin-when-cross-origin\" allowfullscreen><\/iframe><\/div>\n<p>O cantor lan\u00e7ou as coreografias dos hits \u201cSarra Bumbum\u201d e \u201cAninha\u201d no FitDance, um dos canais de dan\u00e7a mais acessados do mundo. Destaque tamb\u00e9m para os recentes videoclipes das m\u00fasicas \u201cAs Vaqueirinhas\u201d e \u201cO Cara da Internet\u201d que j\u00e1 t\u00eam centenas de milhares de acessos poucas semanas ap\u00f3s o lan\u00e7amento.<\/p>\n<p><strong>SERVI\u00c7O<\/strong><\/p>\n<p><strong>O QU\u00ca:<\/strong> CAF\u00c9 SUMMER<\/p>\n<p><strong>ATRA\u00c7\u00d5ES:<\/strong> Felip\u00e3o<\/p>\n<p>Guilherme Torres, Andson Mendon\u00e7a e Dj Fl\u00e1vio Durans<\/p>\n<p><strong>QUANDO:<\/strong> Nesta sexta-feira (11), a partir das 20h<\/p>\n<p><strong>ONDE:<\/strong> Caf\u00e9 de La Musique, Praia do Calhau, Avenida Litor\u00e2nea<\/p>\n<p><strong>VENDAS:<\/strong> Bilheteria do Caf\u00e9 de La Musique (Avenida Litor\u00e2nea), Na\u00e7\u00e3o Rubro Negra (Shopping da Ilha), Vis\u00f3tica (Tropical Shopping e Centro), Caf\u00e9 Store (Golden Shopping) e Marcelo Surf (Cohab)<\/p>\n<p><strong>Informa\u00e7\u00f5es:<\/strong> (98) 98114 1702<\/p>\n","protected":false},"excerpt":{"rendered":"<p>Felip\u00e3o est\u00e1 de volta aos palcos do forr\u00f3 com uma agenda lotada de shows pelo pa\u00eds. Ele se apresenta amanh\u00e3 [&hellip;]<\/p>\n","protected":false},"author":0,"featured_media":0,"comment_status":"open","ping_status":"open","sticky":false,"template":"","format":"standard","meta":{"site-sidebar-layout":"default","site-content-layout":"","ast-site-content-layout":"default","site-content-style":"default","site-sidebar-style":"default","ast-global-header-display":"","ast-banner-title-visibility":"","ast-main-header-display":"","ast-hfb-above-header-display":"","ast-hfb-below-header-display":"","ast-hfb-mobile-header-display":"","site-post-title":"","ast-breadcrumbs-content":"","ast-featured-img":"","footer-sml-layout":"","ast-disable-related-posts":"","theme-transparent-header-meta":"","adv-header-id-meta":"","stick-header-meta":"","header-above-stick-meta":"","header-main-stick-meta":"","header-below-stick-meta":"","astra-migrate-meta-layouts":"default","ast-page-background-enabled":"default","ast-page-background-meta":{"desktop":{"background-color":"var(--ast-global-color-5)","background-image":"","background-repeat":"repeat","background-position":"center center","background-size":"auto","background-attachment":"scroll","background-type":"","background-media":"","overlay-type":"","overlay-color":"","overlay-opacity":"","overlay-gradient":""},"tablet":{"background-color":"","background-image":"","background-repeat":"repeat","background-position":"center center","background-size":"auto","background-attachment":"scroll","background-type":"","background-media":"","overlay-type":"","overlay-color":"","overlay-opacity":"","overlay-gradient":""},"mobile":{"background-color":"","background-image":"","background-repeat":"repeat","background-position":"center center","background-size":"auto","background-attachment":"scroll","background-type":"","background-media":"","overlay-type":"","overlay-color":"","overlay-opacity":"","overlay-gradient":""}},"ast-content-background-meta":{"desktop":{"background-color":"var(--ast-global-color-4)","background-image":"","background-repeat":"repeat","background-position":"center center","background-size":"auto","background-attachment":"scroll","background-type":"","background-media":"","overlay-type":"","overlay-color":"","overlay-opacity":"","overlay-gradient":""},"tablet":{"background-color":"var(--ast-global-color-4)","background-image":"","background-repeat":"repeat","background-position":"center center","background-size":"auto","background-attachment":"scroll","background-type":"","background-media":"","overlay-type":"","overlay-color":"","overlay-opacity":"","overlay-gradient":""},"mobile":{"background-color":"var(--ast-global-color-4)","background-image":"","background-repeat":"repeat","background-position":"center center","background-size":"auto","background-attachment":"scroll","background-type":"","background-media":"","overlay-type":"","overlay-color":"","overlay-opacity":"","overlay-gradient":""}},"footnotes":""},"categories":[1],"tags":[],"class_list":["post-59473","post","type-post","status-publish","format-standard","hentry","category-sem-categoria"],"yoast_head":"<!-- This site is optimized with the Yoast SEO plugin v26.6 - https:\/\/yoast.com\/wordpress\/plugins\/seo\/ -->\n<title>Cantor Felip\u00e3o \u00e9 a atra\u00e7\u00e3o desta sexta-feira (11), no Caf\u00e9 de La Musique, na Avenida Litor\u00e2nea - Daniel Matos<\/title>\n<meta name=\"robots\" content=\"index, follow, max-snippet:-1, max-image-preview:large, max-video-preview:-1\" \/>\n<link rel=\"canonical\" href=\"https:\/\/www.blogsoestado.com\/danielmatos\/cantor-felipao-e-a-atracao-desta-sexta-feira-11-no-cafe-de-la-musique-na-avenida-litoranea\/\" \/>\n<meta property=\"og:locale\" content=\"pt_BR\" \/>\n<meta property=\"og:type\" content=\"article\" \/>\n<meta property=\"og:title\" content=\"Cantor Felip\u00e3o \u00e9 a atra\u00e7\u00e3o desta sexta-feira (11), no Caf\u00e9 de La Musique, na Avenida Litor\u00e2nea - Daniel Matos\" \/>\n<meta property=\"og:description\" content=\"Felip\u00e3o est\u00e1 de volta aos palcos do forr\u00f3 com uma agenda lotada de shows pelo pa\u00eds. Ele se apresenta amanh\u00e3 [&hellip;]\" \/>\n<meta property=\"og:url\" content=\"https:\/\/www.blogsoestado.com\/danielmatos\/cantor-felipao-e-a-atracao-desta-sexta-feira-11-no-cafe-de-la-musique-na-avenida-litoranea\/\" \/>\n<meta property=\"og:site_name\" content=\"Daniel Matos\" \/>\n<meta property=\"article:published_time\" content=\"2019-01-10T15:36:12+00:00\" \/>\n<meta property=\"og:image\" content=\"https:\/\/www.blogsoestado.com\/danielmatos\/files\/2019\/01\/felipao.jpeg\" \/>\n<meta name=\"twitter:card\" content=\"summary_large_image\" \/>\n<meta name=\"twitter:label1\" content=\"Est. tempo de leitura\" \/>\n\t<meta name=\"twitter:data1\" content=\"3 minutos\" \/>\n<script type=\"application\/ld+json\" class=\"yoast-schema-graph\">{\"@context\":\"https:\/\/schema.org\",\"@graph\":[{\"@type\":\"WebPage\",\"@id\":\"https:\/\/www.blogsoestado.com\/danielmatos\/cantor-felipao-e-a-atracao-desta-sexta-feira-11-no-cafe-de-la-musique-na-avenida-litoranea\/\",\"url\":\"https:\/\/www.blogsoestado.com\/danielmatos\/cantor-felipao-e-a-atracao-desta-sexta-feira-11-no-cafe-de-la-musique-na-avenida-litoranea\/\",\"name\":\"Cantor Felip\u00e3o \u00e9 a atra\u00e7\u00e3o desta sexta-feira (11), no Caf\u00e9 de La Musique, na Avenida Litor\u00e2nea - Daniel Matos\",\"isPartOf\":{\"@id\":\"https:\/\/www.blogsoestado.com\/danielmatos\/#website\"},\"primaryImageOfPage\":{\"@id\":\"https:\/\/www.blogsoestado.com\/danielmatos\/cantor-felipao-e-a-atracao-desta-sexta-feira-11-no-cafe-de-la-musique-na-avenida-litoranea\/#primaryimage\"},\"image\":{\"@id\":\"https:\/\/www.blogsoestado.com\/danielmatos\/cantor-felipao-e-a-atracao-desta-sexta-feira-11-no-cafe-de-la-musique-na-avenida-litoranea\/#primaryimage\"},\"thumbnailUrl\":\"https:\/\/www.blogsoestado.com\/danielmatos\/files\/2019\/01\/felipao.jpeg\",\"datePublished\":\"2019-01-10T15:36:12+00:00\",\"author\":{\"@id\":\"\"},\"breadcrumb\":{\"@id\":\"https:\/\/www.blogsoestado.com\/danielmatos\/cantor-felipao-e-a-atracao-desta-sexta-feira-11-no-cafe-de-la-musique-na-avenida-litoranea\/#breadcrumb\"},\"inLanguage\":\"pt-BR\",\"potentialAction\":[{\"@type\":\"ReadAction\",\"target\":[\"https:\/\/www.blogsoestado.com\/danielmatos\/cantor-felipao-e-a-atracao-desta-sexta-feira-11-no-cafe-de-la-musique-na-avenida-litoranea\/\"]}]},{\"@type\":\"ImageObject\",\"inLanguage\":\"pt-BR\",\"@id\":\"https:\/\/www.blogsoestado.com\/danielmatos\/cantor-felipao-e-a-atracao-desta-sexta-feira-11-no-cafe-de-la-musique-na-avenida-litoranea\/#primaryimage\",\"url\":\"https:\/\/www.blogsoestado.com\/danielmatos\/files\/2019\/01\/felipao.jpeg\",\"contentUrl\":\"https:\/\/www.blogsoestado.com\/danielmatos\/files\/2019\/01\/felipao.jpeg\"},{\"@type\":\"BreadcrumbList\",\"@id\":\"https:\/\/www.blogsoestado.com\/danielmatos\/cantor-felipao-e-a-atracao-desta-sexta-feira-11-no-cafe-de-la-musique-na-avenida-litoranea\/#breadcrumb\",\"itemListElement\":[{\"@type\":\"ListItem\",\"position\":1,\"name\":\"In\u00edcio\",\"item\":\"https:\/\/www.blogsoestado.com\/danielmatos\/\"},{\"@type\":\"ListItem\",\"position\":2,\"name\":\"Cantor Felip\u00e3o \u00e9 a atra\u00e7\u00e3o desta sexta-feira (11), no Caf\u00e9 de La Musique, na Avenida Litor\u00e2nea\"}]},{\"@type\":\"WebSite\",\"@id\":\"https:\/\/www.blogsoestado.com\/danielmatos\/#website\",\"url\":\"https:\/\/www.blogsoestado.com\/danielmatos\/\",\"name\":\"Daniel Matos\",\"description\":\"\",\"potentialAction\":[{\"@type\":\"SearchAction\",\"target\":{\"@type\":\"EntryPoint\",\"urlTemplate\":\"https:\/\/www.blogsoestado.com\/danielmatos\/?s={search_term_string}\"},\"query-input\":{\"@type\":\"PropertyValueSpecification\",\"valueRequired\":true,\"valueName\":\"search_term_string\"}}],\"inLanguage\":\"pt-BR\"}]}<\/script>\n<!-- \/ Yoast SEO plugin. -->","yoast_head_json":{"title":"Cantor Felip\u00e3o \u00e9 a atra\u00e7\u00e3o desta sexta-feira (11), no Caf\u00e9 de La Musique, na Avenida Litor\u00e2nea - Daniel Matos","robots":{"index":"index","follow":"follow","max-snippet":"max-snippet:-1","max-image-preview":"max-image-preview:large","max-video-preview":"max-video-preview:-1"},"canonical":"https:\/\/www.blogsoestado.com\/danielmatos\/cantor-felipao-e-a-atracao-desta-sexta-feira-11-no-cafe-de-la-musique-na-avenida-litoranea\/","og_locale":"pt_BR","og_type":"article","og_title":"Cantor Felip\u00e3o \u00e9 a atra\u00e7\u00e3o desta sexta-feira (11), no Caf\u00e9 de La Musique, na Avenida Litor\u00e2nea - Daniel Matos","og_description":"Felip\u00e3o est\u00e1 de volta aos palcos do forr\u00f3 com uma agenda lotada de shows pelo pa\u00eds. Ele se apresenta amanh\u00e3 [&hellip;]","og_url":"https:\/\/www.blogsoestado.com\/danielmatos\/cantor-felipao-e-a-atracao-desta-sexta-feira-11-no-cafe-de-la-musique-na-avenida-litoranea\/","og_site_name":"Daniel Matos","article_published_time":"2019-01-10T15:36:12+00:00","og_image":[{"url":"https:\/\/www.blogsoestado.com\/danielmatos\/files\/2019\/01\/felipao.jpeg","type":"","width":"","height":""}],"twitter_card":"summary_large_image","twitter_misc":{"Est. tempo de leitura":"3 minutos"},"schema":{"@context":"https:\/\/schema.org","@graph":[{"@type":"WebPage","@id":"https:\/\/www.blogsoestado.com\/danielmatos\/cantor-felipao-e-a-atracao-desta-sexta-feira-11-no-cafe-de-la-musique-na-avenida-litoranea\/","url":"https:\/\/www.blogsoestado.com\/danielmatos\/cantor-felipao-e-a-atracao-desta-sexta-feira-11-no-cafe-de-la-musique-na-avenida-litoranea\/","name":"Cantor Felip\u00e3o \u00e9 a atra\u00e7\u00e3o desta sexta-feira (11), no Caf\u00e9 de La Musique, na Avenida Litor\u00e2nea - Daniel Matos","isPartOf":{"@id":"https:\/\/www.blogsoestado.com\/danielmatos\/#website"},"primaryImageOfPage":{"@id":"https:\/\/www.blogsoestado.com\/danielmatos\/cantor-felipao-e-a-atracao-desta-sexta-feira-11-no-cafe-de-la-musique-na-avenida-litoranea\/#primaryimage"},"image":{"@id":"https:\/\/www.blogsoestado.com\/danielmatos\/cantor-felipao-e-a-atracao-desta-sexta-feira-11-no-cafe-de-la-musique-na-avenida-litoranea\/#primaryimage"},"thumbnailUrl":"https:\/\/www.blogsoestado.com\/danielmatos\/files\/2019\/01\/felipao.jpeg","datePublished":"2019-01-10T15:36:12+00:00","author":{"@id":""},"breadcrumb":{"@id":"https:\/\/www.blogsoestado.com\/danielmatos\/cantor-felipao-e-a-atracao-desta-sexta-feira-11-no-cafe-de-la-musique-na-avenida-litoranea\/#breadcrumb"},"inLanguage":"pt-BR","potentialAction":[{"@type":"ReadAction","target":["https:\/\/www.blogsoestado.com\/danielmatos\/cantor-felipao-e-a-atracao-desta-sexta-feira-11-no-cafe-de-la-musique-na-avenida-litoranea\/"]}]},{"@type":"ImageObject","inLanguage":"pt-BR","@id":"https:\/\/www.blogsoestado.com\/danielmatos\/cantor-felipao-e-a-atracao-desta-sexta-feira-11-no-cafe-de-la-musique-na-avenida-litoranea\/#primaryimage","url":"https:\/\/www.blogsoestado.com\/danielmatos\/files\/2019\/01\/felipao.jpeg","contentUrl":"https:\/\/www.blogsoestado.com\/danielmatos\/files\/2019\/01\/felipao.jpeg"},{"@type":"BreadcrumbList","@id":"https:\/\/www.blogsoestado.com\/danielmatos\/cantor-felipao-e-a-atracao-desta-sexta-feira-11-no-cafe-de-la-musique-na-avenida-litoranea\/#breadcrumb","itemListElement":[{"@type":"ListItem","position":1,"name":"In\u00edcio","item":"https:\/\/www.blogsoestado.com\/danielmatos\/"},{"@type":"ListItem","position":2,"name":"Cantor Felip\u00e3o \u00e9 a atra\u00e7\u00e3o desta sexta-feira (11), no Caf\u00e9 de La Musique, na Avenida Litor\u00e2nea"}]},{"@type":"WebSite","@id":"https:\/\/www.blogsoestado.com\/danielmatos\/#website","url":"https:\/\/www.blogsoestado.com\/danielmatos\/","name":"Daniel Matos","description":"","potentialAction":[{"@type":"SearchAction","target":{"@type":"EntryPoint","urlTemplate":"https:\/\/www.blogsoestado.com\/danielmatos\/?s={search_term_string}"},"query-input":{"@type":"PropertyValueSpecification","valueRequired":true,"valueName":"search_term_string"}}],"inLanguage":"pt-BR"}]}},"jetpack_featured_media_url":"","_links":{"self":[{"href":"https:\/\/www.blogsoestado.com\/danielmatos\/wp-json\/wp\/v2\/posts\/59473","targetHints":{"allow":["GET"]}}],"collection":[{"href":"https:\/\/www.blogsoestado.com\/danielmatos\/wp-json\/wp\/v2\/posts"}],"about":[{"href":"https:\/\/www.blogsoestado.com\/danielmatos\/wp-json\/wp\/v2\/types\/post"}],"replies":[{"embeddable":true,"href":"https:\/\/www.blogsoestado.com\/danielmatos\/wp-json\/wp\/v2\/comments?post=59473"}],"version-history":[{"count":0,"href":"https:\/\/www.blogsoestado.com\/danielmatos\/wp-json\/wp\/v2\/posts\/59473\/revisions"}],"wp:attachment":[{"href":"https:\/\/www.blogsoestado.com\/danielmatos\/wp-json\/wp\/v2\/media?parent=59473"}],"wp:term":[{"taxonomy":"category","embeddable":true,"href":"https:\/\/www.blogsoestado.com\/danielmatos\/wp-json\/wp\/v2\/categories?post=59473"},{"taxonomy":"post_tag","embeddable":true,"href":"https:\/\/www.blogsoestado.com\/danielmatos\/wp-json\/wp\/v2\/tags?post=59473"}],"curies":[{"name":"wp","href":"https:\/\/api.w.org\/{rel}","templated":true}]}}