{"id":59478,"date":"2019-01-10T12:54:14","date_gmt":"2019-01-10T15:54:14","guid":{"rendered":"https:\/\/www.blogsoestado.com\/danielmatos\/?p=59478"},"modified":"2019-01-10T12:54:14","modified_gmt":"2019-01-10T15:54:14","slug":"edivaldo-diz-que-e-inadmissivel-ataques-preconceituosos-contra-nordestinos-e-nortistas","status":"publish","type":"post","link":"https:\/\/www.blogsoestado.com\/danielmatos\/edivaldo-diz-que-e-inadmissivel-ataques-preconceituosos-contra-nordestinos-e-nortistas\/","title":{"rendered":"Edivaldo diz que \u00e9 inadmiss\u00edvel ataques preconceituosos contra nordestinos e nortistas"},"content":{"rendered":"<p><a href=\"https:\/\/www.blogsoestado.com\/danielmatos\/2019\/01\/10\/edivaldo-diz-que-e-inadmissivel-ataques-preconceituosos-contra-nordestinos-e-nortistas\/edivaldo-reage\/\" rel=\"attachment wp-att-59479\"><img fetchpriority=\"high\" decoding=\"async\" class=\"alignright wp-image-59479\" src=\"https:\/\/www.blogsoestado.com\/danielmatos\/files\/2019\/01\/edivaldo-reage.jpeg\" alt=\"\" width=\"400\" height=\"523\" \/><\/a>Ap\u00f3s v\u00eddeo em que homens aparecem fazendo declara\u00e7\u00f5es contra nordestinos e nortistas viralizar na internet, o prefeito Edivaldo Holanda Junior (PDT) se manifestou nas redes sociais sobre o caso. Em publica\u00e7\u00e3o, o pedetista pediu pelo fim da intoler\u00e2ncia e disse ter orgulho de ser nordestino, maranhense e ludovicense.<\/p>\n<p>\u201cInadmiss\u00edvel que o povo do Nordeste e do Norte continue sofrendo ataques preconceituosos. \u00c9 preciso dar um basta nesta intoler\u00e2ncia. Eu tenho orgulho de ser nordestino, maranhense e ludovicense! #MenosIntoler\u00e2nciaMaisRespeito\u201d, publicou o prefeito em suas redes sociais.<\/p>\n<p>Edivaldo ganhou o apoio dos internautas, que tamb\u00e9m recha\u00e7aram os ataques. \u201cOrgulho de ser maranhense, ludovicense. Orgulho da minha cidade, S\u00e3o Lu\u00eds do Maranh\u00e3o. Tamb\u00e9m orgulho do seu posicionamento, prefeito Edivaldo Holanda! Avante!\u201d, publicou uma internauta. \u201cConcordo plenamente. Somos seres humanos que trabalham duro pra ter uma vida digna. Devemos ser respeitados por todos! Tenho orgulho de ser nordestina, maranhense e ludovicense\u201d, comentou outro seguidor.<\/p>\n<p><strong>Sobre o caso<\/strong><\/p>\n<p>No v\u00eddeo que viralizou nas redes sociais, um grupo de homens aparece atacando os moradores do Nordeste e do Norte. &#8220;Agora \u00e9 faca na caveira. A gente n\u00e3o vai mais suportar esse pessoal do Acre, esse pessoal de Roraima, esse pessoal do Norte\u201d, disse um deles. &#8220;Essa galera do Nordeste tem que parar de gastar o dinheiro que o Sudeste produz!&#8221;, fala outro, aos risos. &#8220;Exatamente! A gente est\u00e1 cansado de produzir e essa mula, n\u00e3o sei o qu\u00ea, n\u00e3o tem \u00e1gua&#8221;, complementa.<\/p>\n<p>Os coment\u00e1rios preconceituosos causaram revolta nas redes sociais. Em cerca de 24 horas, o v\u00eddeo j\u00e1 contabilizava 500 mil visualiza\u00e7\u00f5es e mais de 20 mil compartilhamentos.<\/p>\n","protected":false},"excerpt":{"rendered":"<p>Ap\u00f3s v\u00eddeo em que homens aparecem fazendo declara\u00e7\u00f5es contra nordestinos e nortistas viralizar na internet, o prefeito Edivaldo Holanda Junior [&hellip;]<\/p>\n","protected":false},"author":0,"featured_media":0,"comment_status":"open","ping_status":"open","sticky":false,"template":"","format":"standard","meta":{"site-sidebar-layout":"default","site-content-layout":"","ast-site-content-layout":"default","site-content-style":"default","site-sidebar-style":"default","ast-global-header-display":"","ast-banner-title-visibility":"","ast-main-header-display":"","ast-hfb-above-header-display":"","ast-hfb-below-header-display":"","ast-hfb-mobile-header-display":"","site-post-title":"","ast-breadcrumbs-content":"","ast-featured-img":"","footer-sml-layout":"","ast-disable-related-posts":"","theme-transparent-header-meta":"","adv-header-id-meta":"","stick-header-meta":"","header-above-stick-meta":"","header-main-stick-meta":"","header-below-stick-meta":"","astra-migrate-meta-layouts":"default","ast-page-background-enabled":"default","ast-page-background-meta":{"desktop":{"background-color":"var(--ast-global-color-5)","background-image":"","background-repeat":"repeat","background-position":"center center","background-size":"auto","background-attachment":"scroll","background-type":"","background-media":"","overlay-type":"","overlay-color":"","overlay-opacity":"","overlay-gradient":""},"tablet":{"background-color":"","background-image":"","background-repeat":"repeat","background-position":"center center","background-size":"auto","background-attachment":"scroll","background-type":"","background-media":"","overlay-type":"","overlay-color":"","overlay-opacity":"","overlay-gradient":""},"mobile":{"background-color":"","background-image":"","background-repeat":"repeat","background-position":"center center","background-size":"auto","background-attachment":"scroll","background-type":"","background-media":"","overlay-type":"","overlay-color":"","overlay-opacity":"","overlay-gradient":""}},"ast-content-background-meta":{"desktop":{"background-color":"var(--ast-global-color-4)","background-image":"","background-repeat":"repeat","background-position":"center center","background-size":"auto","background-attachment":"scroll","background-type":"","background-media":"","overlay-type":"","overlay-color":"","overlay-opacity":"","overlay-gradient":""},"tablet":{"background-color":"var(--ast-global-color-4)","background-image":"","background-repeat":"repeat","background-position":"center center","background-size":"auto","background-attachment":"scroll","background-type":"","background-media":"","overlay-type":"","overlay-color":"","overlay-opacity":"","overlay-gradient":""},"mobile":{"background-color":"var(--ast-global-color-4)","background-image":"","background-repeat":"repeat","background-position":"center center","background-size":"auto","background-attachment":"scroll","background-type":"","background-media":"","overlay-type":"","overlay-color":"","overlay-opacity":"","overlay-gradient":""}},"footnotes":""},"categories":[1],"tags":[],"class_list":["post-59478","post","type-post","status-publish","format-standard","hentry","category-sem-categoria"],"yoast_head":"<!-- This site is optimized with the Yoast SEO plugin v26.6 - https:\/\/yoast.com\/wordpress\/plugins\/seo\/ -->\n<title>Edivaldo diz que \u00e9 inadmiss\u00edvel ataques preconceituosos contra nordestinos e nortistas - Daniel Matos<\/title>\n<meta name=\"robots\" content=\"index, follow, max-snippet:-1, max-image-preview:large, max-video-preview:-1\" \/>\n<link rel=\"canonical\" href=\"https:\/\/www.blogsoestado.com\/danielmatos\/edivaldo-diz-que-e-inadmissivel-ataques-preconceituosos-contra-nordestinos-e-nortistas\/\" \/>\n<meta property=\"og:locale\" content=\"pt_BR\" \/>\n<meta property=\"og:type\" content=\"article\" \/>\n<meta property=\"og:title\" content=\"Edivaldo diz que \u00e9 inadmiss\u00edvel ataques preconceituosos contra nordestinos e nortistas - Daniel Matos\" \/>\n<meta property=\"og:description\" content=\"Ap\u00f3s v\u00eddeo em que homens aparecem fazendo declara\u00e7\u00f5es contra nordestinos e nortistas viralizar na internet, o prefeito Edivaldo Holanda Junior [&hellip;]\" \/>\n<meta property=\"og:url\" content=\"https:\/\/www.blogsoestado.com\/danielmatos\/edivaldo-diz-que-e-inadmissivel-ataques-preconceituosos-contra-nordestinos-e-nortistas\/\" \/>\n<meta property=\"og:site_name\" content=\"Daniel Matos\" \/>\n<meta property=\"article:published_time\" content=\"2019-01-10T15:54:14+00:00\" \/>\n<meta property=\"og:image\" content=\"https:\/\/www.blogsoestado.com\/danielmatos\/files\/2019\/01\/edivaldo-reage.jpeg\" \/>\n<meta name=\"twitter:card\" content=\"summary_large_image\" \/>\n<meta name=\"twitter:label1\" content=\"Est. tempo de leitura\" \/>\n\t<meta name=\"twitter:data1\" content=\"1 minuto\" \/>\n<script type=\"application\/ld+json\" class=\"yoast-schema-graph\">{\"@context\":\"https:\/\/schema.org\",\"@graph\":[{\"@type\":\"WebPage\",\"@id\":\"https:\/\/www.blogsoestado.com\/danielmatos\/edivaldo-diz-que-e-inadmissivel-ataques-preconceituosos-contra-nordestinos-e-nortistas\/\",\"url\":\"https:\/\/www.blogsoestado.com\/danielmatos\/edivaldo-diz-que-e-inadmissivel-ataques-preconceituosos-contra-nordestinos-e-nortistas\/\",\"name\":\"Edivaldo diz que \u00e9 inadmiss\u00edvel ataques preconceituosos contra nordestinos e nortistas - Daniel Matos\",\"isPartOf\":{\"@id\":\"https:\/\/www.blogsoestado.com\/danielmatos\/#website\"},\"primaryImageOfPage\":{\"@id\":\"https:\/\/www.blogsoestado.com\/danielmatos\/edivaldo-diz-que-e-inadmissivel-ataques-preconceituosos-contra-nordestinos-e-nortistas\/#primaryimage\"},\"image\":{\"@id\":\"https:\/\/www.blogsoestado.com\/danielmatos\/edivaldo-diz-que-e-inadmissivel-ataques-preconceituosos-contra-nordestinos-e-nortistas\/#primaryimage\"},\"thumbnailUrl\":\"https:\/\/www.blogsoestado.com\/danielmatos\/files\/2019\/01\/edivaldo-reage.jpeg\",\"datePublished\":\"2019-01-10T15:54:14+00:00\",\"author\":{\"@id\":\"\"},\"breadcrumb\":{\"@id\":\"https:\/\/www.blogsoestado.com\/danielmatos\/edivaldo-diz-que-e-inadmissivel-ataques-preconceituosos-contra-nordestinos-e-nortistas\/#breadcrumb\"},\"inLanguage\":\"pt-BR\",\"potentialAction\":[{\"@type\":\"ReadAction\",\"target\":[\"https:\/\/www.blogsoestado.com\/danielmatos\/edivaldo-diz-que-e-inadmissivel-ataques-preconceituosos-contra-nordestinos-e-nortistas\/\"]}]},{\"@type\":\"ImageObject\",\"inLanguage\":\"pt-BR\",\"@id\":\"https:\/\/www.blogsoestado.com\/danielmatos\/edivaldo-diz-que-e-inadmissivel-ataques-preconceituosos-contra-nordestinos-e-nortistas\/#primaryimage\",\"url\":\"https:\/\/www.blogsoestado.com\/danielmatos\/files\/2019\/01\/edivaldo-reage.jpeg\",\"contentUrl\":\"https:\/\/www.blogsoestado.com\/danielmatos\/files\/2019\/01\/edivaldo-reage.jpeg\"},{\"@type\":\"BreadcrumbList\",\"@id\":\"https:\/\/www.blogsoestado.com\/danielmatos\/edivaldo-diz-que-e-inadmissivel-ataques-preconceituosos-contra-nordestinos-e-nortistas\/#breadcrumb\",\"itemListElement\":[{\"@type\":\"ListItem\",\"position\":1,\"name\":\"In\u00edcio\",\"item\":\"https:\/\/www.blogsoestado.com\/danielmatos\/\"},{\"@type\":\"ListItem\",\"position\":2,\"name\":\"Edivaldo diz que \u00e9 inadmiss\u00edvel ataques preconceituosos contra nordestinos e nortistas\"}]},{\"@type\":\"WebSite\",\"@id\":\"https:\/\/www.blogsoestado.com\/danielmatos\/#website\",\"url\":\"https:\/\/www.blogsoestado.com\/danielmatos\/\",\"name\":\"Daniel Matos\",\"description\":\"\",\"potentialAction\":[{\"@type\":\"SearchAction\",\"target\":{\"@type\":\"EntryPoint\",\"urlTemplate\":\"https:\/\/www.blogsoestado.com\/danielmatos\/?s={search_term_string}\"},\"query-input\":{\"@type\":\"PropertyValueSpecification\",\"valueRequired\":true,\"valueName\":\"search_term_string\"}}],\"inLanguage\":\"pt-BR\"}]}<\/script>\n<!-- \/ Yoast SEO plugin. -->","yoast_head_json":{"title":"Edivaldo diz que \u00e9 inadmiss\u00edvel ataques preconceituosos contra nordestinos e nortistas - Daniel Matos","robots":{"index":"index","follow":"follow","max-snippet":"max-snippet:-1","max-image-preview":"max-image-preview:large","max-video-preview":"max-video-preview:-1"},"canonical":"https:\/\/www.blogsoestado.com\/danielmatos\/edivaldo-diz-que-e-inadmissivel-ataques-preconceituosos-contra-nordestinos-e-nortistas\/","og_locale":"pt_BR","og_type":"article","og_title":"Edivaldo diz que \u00e9 inadmiss\u00edvel ataques preconceituosos contra nordestinos e nortistas - Daniel Matos","og_description":"Ap\u00f3s v\u00eddeo em que homens aparecem fazendo declara\u00e7\u00f5es contra nordestinos e nortistas viralizar na internet, o prefeito Edivaldo Holanda Junior [&hellip;]","og_url":"https:\/\/www.blogsoestado.com\/danielmatos\/edivaldo-diz-que-e-inadmissivel-ataques-preconceituosos-contra-nordestinos-e-nortistas\/","og_site_name":"Daniel Matos","article_published_time":"2019-01-10T15:54:14+00:00","og_image":[{"url":"https:\/\/www.blogsoestado.com\/danielmatos\/files\/2019\/01\/edivaldo-reage.jpeg","type":"","width":"","height":""}],"twitter_card":"summary_large_image","twitter_misc":{"Est. tempo de leitura":"1 minuto"},"schema":{"@context":"https:\/\/schema.org","@graph":[{"@type":"WebPage","@id":"https:\/\/www.blogsoestado.com\/danielmatos\/edivaldo-diz-que-e-inadmissivel-ataques-preconceituosos-contra-nordestinos-e-nortistas\/","url":"https:\/\/www.blogsoestado.com\/danielmatos\/edivaldo-diz-que-e-inadmissivel-ataques-preconceituosos-contra-nordestinos-e-nortistas\/","name":"Edivaldo diz que \u00e9 inadmiss\u00edvel ataques preconceituosos contra nordestinos e nortistas - Daniel Matos","isPartOf":{"@id":"https:\/\/www.blogsoestado.com\/danielmatos\/#website"},"primaryImageOfPage":{"@id":"https:\/\/www.blogsoestado.com\/danielmatos\/edivaldo-diz-que-e-inadmissivel-ataques-preconceituosos-contra-nordestinos-e-nortistas\/#primaryimage"},"image":{"@id":"https:\/\/www.blogsoestado.com\/danielmatos\/edivaldo-diz-que-e-inadmissivel-ataques-preconceituosos-contra-nordestinos-e-nortistas\/#primaryimage"},"thumbnailUrl":"https:\/\/www.blogsoestado.com\/danielmatos\/files\/2019\/01\/edivaldo-reage.jpeg","datePublished":"2019-01-10T15:54:14+00:00","author":{"@id":""},"breadcrumb":{"@id":"https:\/\/www.blogsoestado.com\/danielmatos\/edivaldo-diz-que-e-inadmissivel-ataques-preconceituosos-contra-nordestinos-e-nortistas\/#breadcrumb"},"inLanguage":"pt-BR","potentialAction":[{"@type":"ReadAction","target":["https:\/\/www.blogsoestado.com\/danielmatos\/edivaldo-diz-que-e-inadmissivel-ataques-preconceituosos-contra-nordestinos-e-nortistas\/"]}]},{"@type":"ImageObject","inLanguage":"pt-BR","@id":"https:\/\/www.blogsoestado.com\/danielmatos\/edivaldo-diz-que-e-inadmissivel-ataques-preconceituosos-contra-nordestinos-e-nortistas\/#primaryimage","url":"https:\/\/www.blogsoestado.com\/danielmatos\/files\/2019\/01\/edivaldo-reage.jpeg","contentUrl":"https:\/\/www.blogsoestado.com\/danielmatos\/files\/2019\/01\/edivaldo-reage.jpeg"},{"@type":"BreadcrumbList","@id":"https:\/\/www.blogsoestado.com\/danielmatos\/edivaldo-diz-que-e-inadmissivel-ataques-preconceituosos-contra-nordestinos-e-nortistas\/#breadcrumb","itemListElement":[{"@type":"ListItem","position":1,"name":"In\u00edcio","item":"https:\/\/www.blogsoestado.com\/danielmatos\/"},{"@type":"ListItem","position":2,"name":"Edivaldo diz que \u00e9 inadmiss\u00edvel ataques preconceituosos contra nordestinos e nortistas"}]},{"@type":"WebSite","@id":"https:\/\/www.blogsoestado.com\/danielmatos\/#website","url":"https:\/\/www.blogsoestado.com\/danielmatos\/","name":"Daniel Matos","description":"","potentialAction":[{"@type":"SearchAction","target":{"@type":"EntryPoint","urlTemplate":"https:\/\/www.blogsoestado.com\/danielmatos\/?s={search_term_string}"},"query-input":{"@type":"PropertyValueSpecification","valueRequired":true,"valueName":"search_term_string"}}],"inLanguage":"pt-BR"}]}},"jetpack_featured_media_url":"","_links":{"self":[{"href":"https:\/\/www.blogsoestado.com\/danielmatos\/wp-json\/wp\/v2\/posts\/59478","targetHints":{"allow":["GET"]}}],"collection":[{"href":"https:\/\/www.blogsoestado.com\/danielmatos\/wp-json\/wp\/v2\/posts"}],"about":[{"href":"https:\/\/www.blogsoestado.com\/danielmatos\/wp-json\/wp\/v2\/types\/post"}],"replies":[{"embeddable":true,"href":"https:\/\/www.blogsoestado.com\/danielmatos\/wp-json\/wp\/v2\/comments?post=59478"}],"version-history":[{"count":0,"href":"https:\/\/www.blogsoestado.com\/danielmatos\/wp-json\/wp\/v2\/posts\/59478\/revisions"}],"wp:attachment":[{"href":"https:\/\/www.blogsoestado.com\/danielmatos\/wp-json\/wp\/v2\/media?parent=59478"}],"wp:term":[{"taxonomy":"category","embeddable":true,"href":"https:\/\/www.blogsoestado.com\/danielmatos\/wp-json\/wp\/v2\/categories?post=59478"},{"taxonomy":"post_tag","embeddable":true,"href":"https:\/\/www.blogsoestado.com\/danielmatos\/wp-json\/wp\/v2\/tags?post=59478"}],"curies":[{"name":"wp","href":"https:\/\/api.w.org\/{rel}","templated":true}]}}