{"id":59489,"date":"2019-01-10T14:10:34","date_gmt":"2019-01-10T17:10:34","guid":{"rendered":"https:\/\/www.blogsoestado.com\/danielmatos\/?p=59489"},"modified":"2019-01-10T14:10:34","modified_gmt":"2019-01-10T17:10:34","slug":"ex-prefeito-diz-que-deixou-r-25-milhoes-aplicados-em-bancos-para-a-previdencia-de-paco-do-lumiar","status":"publish","type":"post","link":"https:\/\/www.blogsoestado.com\/danielmatos\/ex-prefeito-diz-que-deixou-r-25-milhoes-aplicados-em-bancos-para-a-previdencia-de-paco-do-lumiar\/","title":{"rendered":"Ex-prefeito diz que deixou R$ 25 milh\u00f5es aplicados em bancos para a previd\u00eancia de Pa\u00e7o do Lumiar"},"content":{"rendered":"<p><strong>NOTA DE ESCLARECIMENTO<\/strong><\/p>\n<p>Acerca de not\u00edcia divulgada pelas redes sociais na \u00faltima quinta feira (10), tendo como foco o Previ Pa\u00e7o, presto os seguintes esclarecimentos:<\/p>\n<p>1) Na minha gest\u00e3o recebemos o Previ Pa\u00e7o sucateado, no qual realizamos parcelamento de dividas de gest\u00f5es anteriores;<\/p>\n<p>2) Antes da minha gest\u00e3o em Pa\u00e7o do Lumiar, existia dificuldades para concess\u00e3o de novas aposentadorias e pens\u00f5es, pois o fundo n\u00e3o tinha garantias para isso. Na minha gest\u00e3o aposentei mais de 150 funcion\u00e1rios p\u00fablicos, pois o Previ Pa\u00e7o passou a ter condi\u00e7\u00f5es financeiras para manter as aposentadorias e pens\u00f5es;<\/p>\n<p>3)Mesmo com todos os problemas deixei mais de R$ 25 milh\u00f5es em aplica\u00e7\u00f5es em Bancos P\u00fablicos, dando tranquilidade aos atuais aposentados \u00e0 \u00e9poca e garantir novas aposentadorias e pens\u00f5es futuras,<\/p>\n<p>4)Segundo informa\u00e7\u00f5es, o MP est\u00e1 questionando os repasses ao fundo do exerc\u00edcio de 2017, ou seja, na atual gest\u00e3o de Paco do Lumiar cujo o prefeito \u00e9 o Sr. Domingos Dutra;<\/p>\n<p>Estou tranquilo e consciente que fiz uma gest\u00e3o justa e correta, apesar das dificuldades financeiras que encontrei a prefeitura, n\u00e3o atrasei os compromissos e os sal\u00e1rios dos servidores municipais, continuo morando na mesma casa no Maiob\u00e3o, \u00e0 disposi\u00e7\u00e3o da comunidade e da justi\u00e7a de Pa\u00e7o do Lumiar.<\/p>\n<p>Pa\u00e7o do lumiar , 10 de janeiro de 2019.<br \/>\nProf. Josemar<br \/>\nEx-Prefeito de Pa\u00e7o do lumiar &#8211; MA<\/p>\n","protected":false},"excerpt":{"rendered":"<p>NOTA DE ESCLARECIMENTO Acerca de not\u00edcia divulgada pelas redes sociais na \u00faltima quinta feira (10), tendo como foco o Previ [&hellip;]<\/p>\n","protected":false},"author":0,"featured_media":0,"comment_status":"open","ping_status":"open","sticky":false,"template":"","format":"standard","meta":{"site-sidebar-layout":"default","site-content-layout":"","ast-site-content-layout":"default","site-content-style":"default","site-sidebar-style":"default","ast-global-header-display":"","ast-banner-title-visibility":"","ast-main-header-display":"","ast-hfb-above-header-display":"","ast-hfb-below-header-display":"","ast-hfb-mobile-header-display":"","site-post-title":"","ast-breadcrumbs-content":"","ast-featured-img":"","footer-sml-layout":"","ast-disable-related-posts":"","theme-transparent-header-meta":"","adv-header-id-meta":"","stick-header-meta":"","header-above-stick-meta":"","header-main-stick-meta":"","header-below-stick-meta":"","astra-migrate-meta-layouts":"default","ast-page-background-enabled":"default","ast-page-background-meta":{"desktop":{"background-color":"var(--ast-global-color-5)","background-image":"","background-repeat":"repeat","background-position":"center center","background-size":"auto","background-attachment":"scroll","background-type":"","background-media":"","overlay-type":"","overlay-color":"","overlay-opacity":"","overlay-gradient":""},"tablet":{"background-color":"","background-image":"","background-repeat":"repeat","background-position":"center center","background-size":"auto","background-attachment":"scroll","background-type":"","background-media":"","overlay-type":"","overlay-color":"","overlay-opacity":"","overlay-gradient":""},"mobile":{"background-color":"","background-image":"","background-repeat":"repeat","background-position":"center center","background-size":"auto","background-attachment":"scroll","background-type":"","background-media":"","overlay-type":"","overlay-color":"","overlay-opacity":"","overlay-gradient":""}},"ast-content-background-meta":{"desktop":{"background-color":"var(--ast-global-color-4)","background-image":"","background-repeat":"repeat","background-position":"center center","background-size":"auto","background-attachment":"scroll","background-type":"","background-media":"","overlay-type":"","overlay-color":"","overlay-opacity":"","overlay-gradient":""},"tablet":{"background-color":"var(--ast-global-color-4)","background-image":"","background-repeat":"repeat","background-position":"center center","background-size":"auto","background-attachment":"scroll","background-type":"","background-media":"","overlay-type":"","overlay-color":"","overlay-opacity":"","overlay-gradient":""},"mobile":{"background-color":"var(--ast-global-color-4)","background-image":"","background-repeat":"repeat","background-position":"center center","background-size":"auto","background-attachment":"scroll","background-type":"","background-media":"","overlay-type":"","overlay-color":"","overlay-opacity":"","overlay-gradient":""}},"footnotes":""},"categories":[1],"tags":[],"class_list":["post-59489","post","type-post","status-publish","format-standard","hentry","category-sem-categoria"],"yoast_head":"<!-- This site is optimized with the Yoast SEO plugin v26.6 - https:\/\/yoast.com\/wordpress\/plugins\/seo\/ -->\n<title>Ex-prefeito diz que deixou R$ 25 milh\u00f5es aplicados em bancos para a previd\u00eancia de Pa\u00e7o do Lumiar - Daniel Matos<\/title>\n<meta name=\"robots\" content=\"index, follow, max-snippet:-1, max-image-preview:large, max-video-preview:-1\" \/>\n<link rel=\"canonical\" href=\"https:\/\/www.blogsoestado.com\/danielmatos\/ex-prefeito-diz-que-deixou-r-25-milhoes-aplicados-em-bancos-para-a-previdencia-de-paco-do-lumiar\/\" \/>\n<meta property=\"og:locale\" content=\"pt_BR\" \/>\n<meta property=\"og:type\" content=\"article\" \/>\n<meta property=\"og:title\" content=\"Ex-prefeito diz que deixou R$ 25 milh\u00f5es aplicados em bancos para a previd\u00eancia de Pa\u00e7o do Lumiar - Daniel Matos\" \/>\n<meta property=\"og:description\" content=\"NOTA DE ESCLARECIMENTO Acerca de not\u00edcia divulgada pelas redes sociais na \u00faltima quinta feira (10), tendo como foco o Previ [&hellip;]\" \/>\n<meta property=\"og:url\" content=\"https:\/\/www.blogsoestado.com\/danielmatos\/ex-prefeito-diz-que-deixou-r-25-milhoes-aplicados-em-bancos-para-a-previdencia-de-paco-do-lumiar\/\" \/>\n<meta property=\"og:site_name\" content=\"Daniel Matos\" \/>\n<meta property=\"article:published_time\" content=\"2019-01-10T17:10:34+00:00\" \/>\n<meta name=\"twitter:card\" content=\"summary_large_image\" \/>\n<meta name=\"twitter:label1\" content=\"Est. tempo de leitura\" \/>\n\t<meta name=\"twitter:data1\" content=\"1 minuto\" \/>\n<script type=\"application\/ld+json\" class=\"yoast-schema-graph\">{\"@context\":\"https:\/\/schema.org\",\"@graph\":[{\"@type\":\"WebPage\",\"@id\":\"https:\/\/www.blogsoestado.com\/danielmatos\/ex-prefeito-diz-que-deixou-r-25-milhoes-aplicados-em-bancos-para-a-previdencia-de-paco-do-lumiar\/\",\"url\":\"https:\/\/www.blogsoestado.com\/danielmatos\/ex-prefeito-diz-que-deixou-r-25-milhoes-aplicados-em-bancos-para-a-previdencia-de-paco-do-lumiar\/\",\"name\":\"Ex-prefeito diz que deixou R$ 25 milh\u00f5es aplicados em bancos para a previd\u00eancia de Pa\u00e7o do Lumiar - Daniel Matos\",\"isPartOf\":{\"@id\":\"https:\/\/www.blogsoestado.com\/danielmatos\/#website\"},\"datePublished\":\"2019-01-10T17:10:34+00:00\",\"author\":{\"@id\":\"\"},\"breadcrumb\":{\"@id\":\"https:\/\/www.blogsoestado.com\/danielmatos\/ex-prefeito-diz-que-deixou-r-25-milhoes-aplicados-em-bancos-para-a-previdencia-de-paco-do-lumiar\/#breadcrumb\"},\"inLanguage\":\"pt-BR\",\"potentialAction\":[{\"@type\":\"ReadAction\",\"target\":[\"https:\/\/www.blogsoestado.com\/danielmatos\/ex-prefeito-diz-que-deixou-r-25-milhoes-aplicados-em-bancos-para-a-previdencia-de-paco-do-lumiar\/\"]}]},{\"@type\":\"BreadcrumbList\",\"@id\":\"https:\/\/www.blogsoestado.com\/danielmatos\/ex-prefeito-diz-que-deixou-r-25-milhoes-aplicados-em-bancos-para-a-previdencia-de-paco-do-lumiar\/#breadcrumb\",\"itemListElement\":[{\"@type\":\"ListItem\",\"position\":1,\"name\":\"In\u00edcio\",\"item\":\"https:\/\/www.blogsoestado.com\/danielmatos\/\"},{\"@type\":\"ListItem\",\"position\":2,\"name\":\"Ex-prefeito diz que deixou R$ 25 milh\u00f5es aplicados em bancos para a previd\u00eancia de Pa\u00e7o do Lumiar\"}]},{\"@type\":\"WebSite\",\"@id\":\"https:\/\/www.blogsoestado.com\/danielmatos\/#website\",\"url\":\"https:\/\/www.blogsoestado.com\/danielmatos\/\",\"name\":\"Daniel Matos\",\"description\":\"\",\"potentialAction\":[{\"@type\":\"SearchAction\",\"target\":{\"@type\":\"EntryPoint\",\"urlTemplate\":\"https:\/\/www.blogsoestado.com\/danielmatos\/?s={search_term_string}\"},\"query-input\":{\"@type\":\"PropertyValueSpecification\",\"valueRequired\":true,\"valueName\":\"search_term_string\"}}],\"inLanguage\":\"pt-BR\"}]}<\/script>\n<!-- \/ Yoast SEO plugin. -->","yoast_head_json":{"title":"Ex-prefeito diz que deixou R$ 25 milh\u00f5es aplicados em bancos para a previd\u00eancia de Pa\u00e7o do Lumiar - Daniel Matos","robots":{"index":"index","follow":"follow","max-snippet":"max-snippet:-1","max-image-preview":"max-image-preview:large","max-video-preview":"max-video-preview:-1"},"canonical":"https:\/\/www.blogsoestado.com\/danielmatos\/ex-prefeito-diz-que-deixou-r-25-milhoes-aplicados-em-bancos-para-a-previdencia-de-paco-do-lumiar\/","og_locale":"pt_BR","og_type":"article","og_title":"Ex-prefeito diz que deixou R$ 25 milh\u00f5es aplicados em bancos para a previd\u00eancia de Pa\u00e7o do Lumiar - Daniel Matos","og_description":"NOTA DE ESCLARECIMENTO Acerca de not\u00edcia divulgada pelas redes sociais na \u00faltima quinta feira (10), tendo como foco o Previ [&hellip;]","og_url":"https:\/\/www.blogsoestado.com\/danielmatos\/ex-prefeito-diz-que-deixou-r-25-milhoes-aplicados-em-bancos-para-a-previdencia-de-paco-do-lumiar\/","og_site_name":"Daniel Matos","article_published_time":"2019-01-10T17:10:34+00:00","twitter_card":"summary_large_image","twitter_misc":{"Est. tempo de leitura":"1 minuto"},"schema":{"@context":"https:\/\/schema.org","@graph":[{"@type":"WebPage","@id":"https:\/\/www.blogsoestado.com\/danielmatos\/ex-prefeito-diz-que-deixou-r-25-milhoes-aplicados-em-bancos-para-a-previdencia-de-paco-do-lumiar\/","url":"https:\/\/www.blogsoestado.com\/danielmatos\/ex-prefeito-diz-que-deixou-r-25-milhoes-aplicados-em-bancos-para-a-previdencia-de-paco-do-lumiar\/","name":"Ex-prefeito diz que deixou R$ 25 milh\u00f5es aplicados em bancos para a previd\u00eancia de Pa\u00e7o do Lumiar - Daniel Matos","isPartOf":{"@id":"https:\/\/www.blogsoestado.com\/danielmatos\/#website"},"datePublished":"2019-01-10T17:10:34+00:00","author":{"@id":""},"breadcrumb":{"@id":"https:\/\/www.blogsoestado.com\/danielmatos\/ex-prefeito-diz-que-deixou-r-25-milhoes-aplicados-em-bancos-para-a-previdencia-de-paco-do-lumiar\/#breadcrumb"},"inLanguage":"pt-BR","potentialAction":[{"@type":"ReadAction","target":["https:\/\/www.blogsoestado.com\/danielmatos\/ex-prefeito-diz-que-deixou-r-25-milhoes-aplicados-em-bancos-para-a-previdencia-de-paco-do-lumiar\/"]}]},{"@type":"BreadcrumbList","@id":"https:\/\/www.blogsoestado.com\/danielmatos\/ex-prefeito-diz-que-deixou-r-25-milhoes-aplicados-em-bancos-para-a-previdencia-de-paco-do-lumiar\/#breadcrumb","itemListElement":[{"@type":"ListItem","position":1,"name":"In\u00edcio","item":"https:\/\/www.blogsoestado.com\/danielmatos\/"},{"@type":"ListItem","position":2,"name":"Ex-prefeito diz que deixou R$ 25 milh\u00f5es aplicados em bancos para a previd\u00eancia de Pa\u00e7o do Lumiar"}]},{"@type":"WebSite","@id":"https:\/\/www.blogsoestado.com\/danielmatos\/#website","url":"https:\/\/www.blogsoestado.com\/danielmatos\/","name":"Daniel Matos","description":"","potentialAction":[{"@type":"SearchAction","target":{"@type":"EntryPoint","urlTemplate":"https:\/\/www.blogsoestado.com\/danielmatos\/?s={search_term_string}"},"query-input":{"@type":"PropertyValueSpecification","valueRequired":true,"valueName":"search_term_string"}}],"inLanguage":"pt-BR"}]}},"jetpack_featured_media_url":"","_links":{"self":[{"href":"https:\/\/www.blogsoestado.com\/danielmatos\/wp-json\/wp\/v2\/posts\/59489","targetHints":{"allow":["GET"]}}],"collection":[{"href":"https:\/\/www.blogsoestado.com\/danielmatos\/wp-json\/wp\/v2\/posts"}],"about":[{"href":"https:\/\/www.blogsoestado.com\/danielmatos\/wp-json\/wp\/v2\/types\/post"}],"replies":[{"embeddable":true,"href":"https:\/\/www.blogsoestado.com\/danielmatos\/wp-json\/wp\/v2\/comments?post=59489"}],"version-history":[{"count":0,"href":"https:\/\/www.blogsoestado.com\/danielmatos\/wp-json\/wp\/v2\/posts\/59489\/revisions"}],"wp:attachment":[{"href":"https:\/\/www.blogsoestado.com\/danielmatos\/wp-json\/wp\/v2\/media?parent=59489"}],"wp:term":[{"taxonomy":"category","embeddable":true,"href":"https:\/\/www.blogsoestado.com\/danielmatos\/wp-json\/wp\/v2\/categories?post=59489"},{"taxonomy":"post_tag","embeddable":true,"href":"https:\/\/www.blogsoestado.com\/danielmatos\/wp-json\/wp\/v2\/tags?post=59489"}],"curies":[{"name":"wp","href":"https:\/\/api.w.org\/{rel}","templated":true}]}}