{"id":59491,"date":"2019-01-10T15:24:19","date_gmt":"2019-01-10T18:24:19","guid":{"rendered":"https:\/\/www.blogsoestado.com\/danielmatos\/?p=59491"},"modified":"2019-01-10T15:24:19","modified_gmt":"2019-01-10T18:24:19","slug":"por-indicacao-de-cezar-bombeiro-secid-iniciara-em-fevereiro-trabalhos-para-incluir-liberdade-camboa-fe-em-deus-alemanha-e-vila-palmeira-no-programa-estadual-de-regularizacao-fundiaria","status":"publish","type":"post","link":"https:\/\/www.blogsoestado.com\/danielmatos\/por-indicacao-de-cezar-bombeiro-secid-iniciara-em-fevereiro-trabalhos-para-incluir-liberdade-camboa-fe-em-deus-alemanha-e-vila-palmeira-no-programa-estadual-de-regularizacao-fundiaria\/","title":{"rendered":"Por indica\u00e7\u00e3o de C\u00e9zar Bombeiro, Secid iniciar\u00e1 em fevereiro trabalhos para incluir Liberdade, Camboa, F\u00e9 em Deus, Alemanha e Vila Palmeira no Programa Estadual de Regulariza\u00e7\u00e3o Fundi\u00e1ria"},"content":{"rendered":"<div>\n<figure id=\"attachment_59493\" aria-describedby=\"caption-attachment-59493\" style=\"width: 280px\" class=\"wp-caption alignleft\"><a href=\"https:\/\/www.blogsoestado.com\/danielmatos\/2019\/01\/10\/por-indicacao-de-cezar-bombeiro-secid-iniciara-em-fevereiro-trabalhos-para-incluir-liberdade-camboa-fe-em-deus-alemanha-e-vila-palmeira-no-programa-estadual-de-regularizacao-fundiaria\/secid\/\" rel=\"attachment wp-att-59493\"><img decoding=\"async\" class=\"wp-image-59493 size-full\" src=\"https:\/\/www.blogsoestado.com\/danielmatos\/files\/2019\/01\/secid.jpeg\" alt=\"\" width=\"280\" height=\"168\" \/><\/a><figcaption id=\"caption-attachment-59493\" class=\"wp-caption-text\">C\u00e9zar Bombeiro promoveu uma s\u00e9rie de debates sobre a inclus\u00e3o dos cinco bairros no programa<\/figcaption><\/figure>\n<\/div>\n<div>O vereador C\u00e9zar Bombeiro recebeu o Of\u00edcio n\u00ba 831\/2018 \u2013 GAB\/SECID, datado de 5 de dezembro de 2018, e assinado pela Secretaria de Estado das Cidades e Desenvolvimento Urbano, Fl\u00e1via Alexandrina Coelho Almeida Moreira, informando do provimento \u00e0 sua indica\u00e7\u00e3o parlamentar no Legislativo municipal n\u00ba 221\/2018, na qual solicita que o Programa Estadual de Regulariza\u00e7\u00e3o Fundi\u00e1ria seja estendido aos bairros da Liberdade, Camboa, F\u00e9 em Deus, Alemanha e Vila Palmeira. A titular da SECID informou tamb\u00e9m que os trabalhos ser\u00e3o iniciados em fevereiro de 2019, o pr\u00f3ximo m\u00eas.<\/div>\n<div><\/div>\n<div>C\u00e9zar Bombeiro e v\u00e1rias lideran\u00e7as dos bairros acima mencionados v\u00eam lutando h\u00e1 muitos anos pela regulariza\u00e7\u00e3o fundi\u00e1ria de milhares de resid\u00eancias, que como posse n\u00e3o lhes garantem direitos em busca de empr\u00e9stimos junto a agentes financeiros para que possam melhorar as suas casas e tamb\u00e9m possam efetivamente mediante a titula\u00e7\u00e3o serem \u00a0definitivamente os propriet\u00e1rios das \u00e1reas que ocupam, havendo muitos casos de posses centen\u00e1rias, diz o vereador.<\/div>\n<div><\/div>\n<div>Na C\u00e2mara Municipal, conseguiu a realiza\u00e7\u00e3o de audi\u00eancias p\u00fablicas e foram feitas gest\u00f5es aos \u00f3rg\u00e3os competentes\u00a0 da Prefeitura de S\u00e3o Lu\u00eds, mas infelizmente n\u00e3o houve interesses em atender as fam\u00edlias pobres e humildes dos bairros acima citados, o que deu origem a indica\u00e7\u00e3o ao Governo do Estado, salienta o vereador.<\/div>\n<div class=\"separator\"><img fetchpriority=\"high\" decoding=\"async\" src=\"https:\/\/3.bp.blogspot.com\/-PNKKppJGnE8\/XDdZA6eL4ZI\/AAAAAAAAkk8\/Zoapb0U0uB0YOU37FQgnUTrmuh-61hdRACLcBGAs\/s280\/pretorio.jpeg\" width=\"280\" height=\"347\" border=\"0\" data-original-height=\"1280\" data-original-width=\"1033\" \/><\/div>\n<div>O vereador fez comunicado \u00e0s lideran\u00e7as dos bairros citados, inclusive distribuindo a c\u00f3pia do documento recebido da SECID, criando um clima de grande esperan\u00e7a para a resolu\u00e7\u00e3o de um s\u00e9rio problema para uma luta de mais de vinte anos. C\u00e9zar Bombeiro n\u00e3o esconde a satisfa\u00e7\u00e3o com informa\u00e7\u00e3o recebida da Secretaria de Estado das Cidades e Desenvolvimento Urbano e destaca que ser\u00e1 uma importante a\u00e7\u00e3o do Governo do Estado nos bairros destacados, que alimentam a transforma\u00e7\u00e3o de sonhos em realidade.<\/div>\n","protected":false},"excerpt":{"rendered":"<p>O vereador C\u00e9zar Bombeiro recebeu o Of\u00edcio n\u00ba 831\/2018 \u2013 GAB\/SECID, datado de 5 de dezembro de 2018, e assinado [&hellip;]<\/p>\n","protected":false},"author":0,"featured_media":0,"comment_status":"open","ping_status":"open","sticky":false,"template":"","format":"standard","meta":{"site-sidebar-layout":"default","site-content-layout":"","ast-site-content-layout":"default","site-content-style":"default","site-sidebar-style":"default","ast-global-header-display":"","ast-banner-title-visibility":"","ast-main-header-display":"","ast-hfb-above-header-display":"","ast-hfb-below-header-display":"","ast-hfb-mobile-header-display":"","site-post-title":"","ast-breadcrumbs-content":"","ast-featured-img":"","footer-sml-layout":"","ast-disable-related-posts":"","theme-transparent-header-meta":"","adv-header-id-meta":"","stick-header-meta":"","header-above-stick-meta":"","header-main-stick-meta":"","header-below-stick-meta":"","astra-migrate-meta-layouts":"default","ast-page-background-enabled":"default","ast-page-background-meta":{"desktop":{"background-color":"var(--ast-global-color-5)","background-image":"","background-repeat":"repeat","background-position":"center center","background-size":"auto","background-attachment":"scroll","background-type":"","background-media":"","overlay-type":"","overlay-color":"","overlay-opacity":"","overlay-gradient":""},"tablet":{"background-color":"","background-image":"","background-repeat":"repeat","background-position":"center center","background-size":"auto","background-attachment":"scroll","background-type":"","background-media":"","overlay-type":"","overlay-color":"","overlay-opacity":"","overlay-gradient":""},"mobile":{"background-color":"","background-image":"","background-repeat":"repeat","background-position":"center center","background-size":"auto","background-attachment":"scroll","background-type":"","background-media":"","overlay-type":"","overlay-color":"","overlay-opacity":"","overlay-gradient":""}},"ast-content-background-meta":{"desktop":{"background-color":"var(--ast-global-color-4)","background-image":"","background-repeat":"repeat","background-position":"center center","background-size":"auto","background-attachment":"scroll","background-type":"","background-media":"","overlay-type":"","overlay-color":"","overlay-opacity":"","overlay-gradient":""},"tablet":{"background-color":"var(--ast-global-color-4)","background-image":"","background-repeat":"repeat","background-position":"center center","background-size":"auto","background-attachment":"scroll","background-type":"","background-media":"","overlay-type":"","overlay-color":"","overlay-opacity":"","overlay-gradient":""},"mobile":{"background-color":"var(--ast-global-color-4)","background-image":"","background-repeat":"repeat","background-position":"center center","background-size":"auto","background-attachment":"scroll","background-type":"","background-media":"","overlay-type":"","overlay-color":"","overlay-opacity":"","overlay-gradient":""}},"footnotes":""},"categories":[1],"tags":[],"class_list":["post-59491","post","type-post","status-publish","format-standard","hentry","category-sem-categoria"],"yoast_head":"<!-- This site is optimized with the Yoast SEO plugin v26.6 - https:\/\/yoast.com\/wordpress\/plugins\/seo\/ -->\n<title>Por indica\u00e7\u00e3o de C\u00e9zar Bombeiro, Secid iniciar\u00e1 em fevereiro trabalhos para incluir Liberdade, Camboa, F\u00e9 em Deus, Alemanha e Vila Palmeira no Programa Estadual de Regulariza\u00e7\u00e3o Fundi\u00e1ria - Daniel Matos<\/title>\n<meta name=\"robots\" content=\"index, follow, max-snippet:-1, max-image-preview:large, max-video-preview:-1\" \/>\n<link rel=\"canonical\" href=\"https:\/\/www.blogsoestado.com\/danielmatos\/por-indicacao-de-cezar-bombeiro-secid-iniciara-em-fevereiro-trabalhos-para-incluir-liberdade-camboa-fe-em-deus-alemanha-e-vila-palmeira-no-programa-estadual-de-regularizacao-fundiaria\/\" \/>\n<meta property=\"og:locale\" content=\"pt_BR\" \/>\n<meta property=\"og:type\" content=\"article\" \/>\n<meta property=\"og:title\" content=\"Por indica\u00e7\u00e3o de C\u00e9zar Bombeiro, Secid iniciar\u00e1 em fevereiro trabalhos para incluir Liberdade, Camboa, F\u00e9 em Deus, Alemanha e Vila Palmeira no Programa Estadual de Regulariza\u00e7\u00e3o Fundi\u00e1ria - Daniel Matos\" \/>\n<meta property=\"og:description\" content=\"O vereador C\u00e9zar Bombeiro recebeu o Of\u00edcio n\u00ba 831\/2018 \u2013 GAB\/SECID, datado de 5 de dezembro de 2018, e assinado [&hellip;]\" \/>\n<meta property=\"og:url\" content=\"https:\/\/www.blogsoestado.com\/danielmatos\/por-indicacao-de-cezar-bombeiro-secid-iniciara-em-fevereiro-trabalhos-para-incluir-liberdade-camboa-fe-em-deus-alemanha-e-vila-palmeira-no-programa-estadual-de-regularizacao-fundiaria\/\" \/>\n<meta property=\"og:site_name\" content=\"Daniel Matos\" \/>\n<meta property=\"article:published_time\" content=\"2019-01-10T18:24:19+00:00\" \/>\n<meta property=\"og:image\" content=\"https:\/\/www.blogsoestado.com\/danielmatos\/files\/2019\/01\/secid.jpeg\" \/>\n<meta name=\"twitter:card\" content=\"summary_large_image\" \/>\n<meta name=\"twitter:label1\" content=\"Est. tempo de leitura\" \/>\n\t<meta name=\"twitter:data1\" content=\"2 minutos\" \/>\n<script type=\"application\/ld+json\" class=\"yoast-schema-graph\">{\"@context\":\"https:\/\/schema.org\",\"@graph\":[{\"@type\":\"WebPage\",\"@id\":\"https:\/\/www.blogsoestado.com\/danielmatos\/por-indicacao-de-cezar-bombeiro-secid-iniciara-em-fevereiro-trabalhos-para-incluir-liberdade-camboa-fe-em-deus-alemanha-e-vila-palmeira-no-programa-estadual-de-regularizacao-fundiaria\/\",\"url\":\"https:\/\/www.blogsoestado.com\/danielmatos\/por-indicacao-de-cezar-bombeiro-secid-iniciara-em-fevereiro-trabalhos-para-incluir-liberdade-camboa-fe-em-deus-alemanha-e-vila-palmeira-no-programa-estadual-de-regularizacao-fundiaria\/\",\"name\":\"Por indica\u00e7\u00e3o de C\u00e9zar Bombeiro, Secid iniciar\u00e1 em fevereiro trabalhos para incluir Liberdade, Camboa, F\u00e9 em Deus, Alemanha e Vila Palmeira no Programa Estadual de Regulariza\u00e7\u00e3o Fundi\u00e1ria - Daniel Matos\",\"isPartOf\":{\"@id\":\"https:\/\/www.blogsoestado.com\/danielmatos\/#website\"},\"primaryImageOfPage\":{\"@id\":\"https:\/\/www.blogsoestado.com\/danielmatos\/por-indicacao-de-cezar-bombeiro-secid-iniciara-em-fevereiro-trabalhos-para-incluir-liberdade-camboa-fe-em-deus-alemanha-e-vila-palmeira-no-programa-estadual-de-regularizacao-fundiaria\/#primaryimage\"},\"image\":{\"@id\":\"https:\/\/www.blogsoestado.com\/danielmatos\/por-indicacao-de-cezar-bombeiro-secid-iniciara-em-fevereiro-trabalhos-para-incluir-liberdade-camboa-fe-em-deus-alemanha-e-vila-palmeira-no-programa-estadual-de-regularizacao-fundiaria\/#primaryimage\"},\"thumbnailUrl\":\"https:\/\/www.blogsoestado.com\/danielmatos\/files\/2019\/01\/secid.jpeg\",\"datePublished\":\"2019-01-10T18:24:19+00:00\",\"author\":{\"@id\":\"\"},\"breadcrumb\":{\"@id\":\"https:\/\/www.blogsoestado.com\/danielmatos\/por-indicacao-de-cezar-bombeiro-secid-iniciara-em-fevereiro-trabalhos-para-incluir-liberdade-camboa-fe-em-deus-alemanha-e-vila-palmeira-no-programa-estadual-de-regularizacao-fundiaria\/#breadcrumb\"},\"inLanguage\":\"pt-BR\",\"potentialAction\":[{\"@type\":\"ReadAction\",\"target\":[\"https:\/\/www.blogsoestado.com\/danielmatos\/por-indicacao-de-cezar-bombeiro-secid-iniciara-em-fevereiro-trabalhos-para-incluir-liberdade-camboa-fe-em-deus-alemanha-e-vila-palmeira-no-programa-estadual-de-regularizacao-fundiaria\/\"]}]},{\"@type\":\"ImageObject\",\"inLanguage\":\"pt-BR\",\"@id\":\"https:\/\/www.blogsoestado.com\/danielmatos\/por-indicacao-de-cezar-bombeiro-secid-iniciara-em-fevereiro-trabalhos-para-incluir-liberdade-camboa-fe-em-deus-alemanha-e-vila-palmeira-no-programa-estadual-de-regularizacao-fundiaria\/#primaryimage\",\"url\":\"https:\/\/www.blogsoestado.com\/danielmatos\/files\/2019\/01\/secid.jpeg\",\"contentUrl\":\"https:\/\/www.blogsoestado.com\/danielmatos\/files\/2019\/01\/secid.jpeg\"},{\"@type\":\"BreadcrumbList\",\"@id\":\"https:\/\/www.blogsoestado.com\/danielmatos\/por-indicacao-de-cezar-bombeiro-secid-iniciara-em-fevereiro-trabalhos-para-incluir-liberdade-camboa-fe-em-deus-alemanha-e-vila-palmeira-no-programa-estadual-de-regularizacao-fundiaria\/#breadcrumb\",\"itemListElement\":[{\"@type\":\"ListItem\",\"position\":1,\"name\":\"In\u00edcio\",\"item\":\"https:\/\/www.blogsoestado.com\/danielmatos\/\"},{\"@type\":\"ListItem\",\"position\":2,\"name\":\"Por indica\u00e7\u00e3o de C\u00e9zar Bombeiro, Secid iniciar\u00e1 em fevereiro trabalhos para incluir Liberdade, Camboa, F\u00e9 em Deus, Alemanha e Vila Palmeira no Programa Estadual de Regulariza\u00e7\u00e3o Fundi\u00e1ria\"}]},{\"@type\":\"WebSite\",\"@id\":\"https:\/\/www.blogsoestado.com\/danielmatos\/#website\",\"url\":\"https:\/\/www.blogsoestado.com\/danielmatos\/\",\"name\":\"Daniel Matos\",\"description\":\"\",\"potentialAction\":[{\"@type\":\"SearchAction\",\"target\":{\"@type\":\"EntryPoint\",\"urlTemplate\":\"https:\/\/www.blogsoestado.com\/danielmatos\/?s={search_term_string}\"},\"query-input\":{\"@type\":\"PropertyValueSpecification\",\"valueRequired\":true,\"valueName\":\"search_term_string\"}}],\"inLanguage\":\"pt-BR\"}]}<\/script>\n<!-- \/ Yoast SEO plugin. -->","yoast_head_json":{"title":"Por indica\u00e7\u00e3o de C\u00e9zar Bombeiro, Secid iniciar\u00e1 em fevereiro trabalhos para incluir Liberdade, Camboa, F\u00e9 em Deus, Alemanha e Vila Palmeira no Programa Estadual de Regulariza\u00e7\u00e3o Fundi\u00e1ria - Daniel Matos","robots":{"index":"index","follow":"follow","max-snippet":"max-snippet:-1","max-image-preview":"max-image-preview:large","max-video-preview":"max-video-preview:-1"},"canonical":"https:\/\/www.blogsoestado.com\/danielmatos\/por-indicacao-de-cezar-bombeiro-secid-iniciara-em-fevereiro-trabalhos-para-incluir-liberdade-camboa-fe-em-deus-alemanha-e-vila-palmeira-no-programa-estadual-de-regularizacao-fundiaria\/","og_locale":"pt_BR","og_type":"article","og_title":"Por indica\u00e7\u00e3o de C\u00e9zar Bombeiro, Secid iniciar\u00e1 em fevereiro trabalhos para incluir Liberdade, Camboa, F\u00e9 em Deus, Alemanha e Vila Palmeira no Programa Estadual de Regulariza\u00e7\u00e3o Fundi\u00e1ria - Daniel Matos","og_description":"O vereador C\u00e9zar Bombeiro recebeu o Of\u00edcio n\u00ba 831\/2018 \u2013 GAB\/SECID, datado de 5 de dezembro de 2018, e assinado [&hellip;]","og_url":"https:\/\/www.blogsoestado.com\/danielmatos\/por-indicacao-de-cezar-bombeiro-secid-iniciara-em-fevereiro-trabalhos-para-incluir-liberdade-camboa-fe-em-deus-alemanha-e-vila-palmeira-no-programa-estadual-de-regularizacao-fundiaria\/","og_site_name":"Daniel Matos","article_published_time":"2019-01-10T18:24:19+00:00","og_image":[{"url":"https:\/\/www.blogsoestado.com\/danielmatos\/files\/2019\/01\/secid.jpeg","type":"","width":"","height":""}],"twitter_card":"summary_large_image","twitter_misc":{"Est. tempo de leitura":"2 minutos"},"schema":{"@context":"https:\/\/schema.org","@graph":[{"@type":"WebPage","@id":"https:\/\/www.blogsoestado.com\/danielmatos\/por-indicacao-de-cezar-bombeiro-secid-iniciara-em-fevereiro-trabalhos-para-incluir-liberdade-camboa-fe-em-deus-alemanha-e-vila-palmeira-no-programa-estadual-de-regularizacao-fundiaria\/","url":"https:\/\/www.blogsoestado.com\/danielmatos\/por-indicacao-de-cezar-bombeiro-secid-iniciara-em-fevereiro-trabalhos-para-incluir-liberdade-camboa-fe-em-deus-alemanha-e-vila-palmeira-no-programa-estadual-de-regularizacao-fundiaria\/","name":"Por indica\u00e7\u00e3o de C\u00e9zar Bombeiro, Secid iniciar\u00e1 em fevereiro trabalhos para incluir Liberdade, Camboa, F\u00e9 em Deus, Alemanha e Vila Palmeira no Programa Estadual de Regulariza\u00e7\u00e3o Fundi\u00e1ria - Daniel Matos","isPartOf":{"@id":"https:\/\/www.blogsoestado.com\/danielmatos\/#website"},"primaryImageOfPage":{"@id":"https:\/\/www.blogsoestado.com\/danielmatos\/por-indicacao-de-cezar-bombeiro-secid-iniciara-em-fevereiro-trabalhos-para-incluir-liberdade-camboa-fe-em-deus-alemanha-e-vila-palmeira-no-programa-estadual-de-regularizacao-fundiaria\/#primaryimage"},"image":{"@id":"https:\/\/www.blogsoestado.com\/danielmatos\/por-indicacao-de-cezar-bombeiro-secid-iniciara-em-fevereiro-trabalhos-para-incluir-liberdade-camboa-fe-em-deus-alemanha-e-vila-palmeira-no-programa-estadual-de-regularizacao-fundiaria\/#primaryimage"},"thumbnailUrl":"https:\/\/www.blogsoestado.com\/danielmatos\/files\/2019\/01\/secid.jpeg","datePublished":"2019-01-10T18:24:19+00:00","author":{"@id":""},"breadcrumb":{"@id":"https:\/\/www.blogsoestado.com\/danielmatos\/por-indicacao-de-cezar-bombeiro-secid-iniciara-em-fevereiro-trabalhos-para-incluir-liberdade-camboa-fe-em-deus-alemanha-e-vila-palmeira-no-programa-estadual-de-regularizacao-fundiaria\/#breadcrumb"},"inLanguage":"pt-BR","potentialAction":[{"@type":"ReadAction","target":["https:\/\/www.blogsoestado.com\/danielmatos\/por-indicacao-de-cezar-bombeiro-secid-iniciara-em-fevereiro-trabalhos-para-incluir-liberdade-camboa-fe-em-deus-alemanha-e-vila-palmeira-no-programa-estadual-de-regularizacao-fundiaria\/"]}]},{"@type":"ImageObject","inLanguage":"pt-BR","@id":"https:\/\/www.blogsoestado.com\/danielmatos\/por-indicacao-de-cezar-bombeiro-secid-iniciara-em-fevereiro-trabalhos-para-incluir-liberdade-camboa-fe-em-deus-alemanha-e-vila-palmeira-no-programa-estadual-de-regularizacao-fundiaria\/#primaryimage","url":"https:\/\/www.blogsoestado.com\/danielmatos\/files\/2019\/01\/secid.jpeg","contentUrl":"https:\/\/www.blogsoestado.com\/danielmatos\/files\/2019\/01\/secid.jpeg"},{"@type":"BreadcrumbList","@id":"https:\/\/www.blogsoestado.com\/danielmatos\/por-indicacao-de-cezar-bombeiro-secid-iniciara-em-fevereiro-trabalhos-para-incluir-liberdade-camboa-fe-em-deus-alemanha-e-vila-palmeira-no-programa-estadual-de-regularizacao-fundiaria\/#breadcrumb","itemListElement":[{"@type":"ListItem","position":1,"name":"In\u00edcio","item":"https:\/\/www.blogsoestado.com\/danielmatos\/"},{"@type":"ListItem","position":2,"name":"Por indica\u00e7\u00e3o de C\u00e9zar Bombeiro, Secid iniciar\u00e1 em fevereiro trabalhos para incluir Liberdade, Camboa, F\u00e9 em Deus, Alemanha e Vila Palmeira no Programa Estadual de Regulariza\u00e7\u00e3o Fundi\u00e1ria"}]},{"@type":"WebSite","@id":"https:\/\/www.blogsoestado.com\/danielmatos\/#website","url":"https:\/\/www.blogsoestado.com\/danielmatos\/","name":"Daniel Matos","description":"","potentialAction":[{"@type":"SearchAction","target":{"@type":"EntryPoint","urlTemplate":"https:\/\/www.blogsoestado.com\/danielmatos\/?s={search_term_string}"},"query-input":{"@type":"PropertyValueSpecification","valueRequired":true,"valueName":"search_term_string"}}],"inLanguage":"pt-BR"}]}},"jetpack_featured_media_url":"","_links":{"self":[{"href":"https:\/\/www.blogsoestado.com\/danielmatos\/wp-json\/wp\/v2\/posts\/59491","targetHints":{"allow":["GET"]}}],"collection":[{"href":"https:\/\/www.blogsoestado.com\/danielmatos\/wp-json\/wp\/v2\/posts"}],"about":[{"href":"https:\/\/www.blogsoestado.com\/danielmatos\/wp-json\/wp\/v2\/types\/post"}],"replies":[{"embeddable":true,"href":"https:\/\/www.blogsoestado.com\/danielmatos\/wp-json\/wp\/v2\/comments?post=59491"}],"version-history":[{"count":0,"href":"https:\/\/www.blogsoestado.com\/danielmatos\/wp-json\/wp\/v2\/posts\/59491\/revisions"}],"wp:attachment":[{"href":"https:\/\/www.blogsoestado.com\/danielmatos\/wp-json\/wp\/v2\/media?parent=59491"}],"wp:term":[{"taxonomy":"category","embeddable":true,"href":"https:\/\/www.blogsoestado.com\/danielmatos\/wp-json\/wp\/v2\/categories?post=59491"},{"taxonomy":"post_tag","embeddable":true,"href":"https:\/\/www.blogsoestado.com\/danielmatos\/wp-json\/wp\/v2\/tags?post=59491"}],"curies":[{"name":"wp","href":"https:\/\/api.w.org\/{rel}","templated":true}]}}