{"id":59500,"date":"2019-01-11T11:34:47","date_gmt":"2019-01-11T14:34:47","guid":{"rendered":"https:\/\/www.blogsoestado.com\/danielmatos\/?p=59500"},"modified":"2019-01-11T11:34:47","modified_gmt":"2019-01-11T14:34:47","slug":"wellington-cobra-mais-seguranca-para-motoristas-e-passageiros-do-transporte-por-aplicativos","status":"publish","type":"post","link":"https:\/\/www.blogsoestado.com\/danielmatos\/wellington-cobra-mais-seguranca-para-motoristas-e-passageiros-do-transporte-por-aplicativos\/","title":{"rendered":"Wellington cobra mais seguran\u00e7a para motoristas e passageiros do transporte por aplicativos"},"content":{"rendered":"<figure id=\"attachment_59501\" aria-describedby=\"caption-attachment-59501\" style=\"width: 600px\" class=\"wp-caption aligncenter\"><a href=\"https:\/\/www.blogsoestado.com\/danielmatos\/2019\/01\/11\/deputado-wellington-cobra-mais-seguranca-para-motoristas-e-passageiros\/img-20190111-wa0040\/\" rel=\"attachment wp-att-59501\"><img fetchpriority=\"high\" decoding=\"async\" class=\"wp-image-59501\" src=\"https:\/\/www.blogsoestado.com\/danielmatos\/files\/2019\/01\/IMG-20190111-WA0040.jpg\" alt=\"\" width=\"600\" height=\"449\" \/><\/a><figcaption id=\"caption-attachment-59501\" class=\"wp-caption-text\">Audi\u00eancia p\u00fablica que discutiu seguran\u00e7a do transporte por aplicativos contou com a participa\u00e7\u00e3o de mais de 500 motoristas<\/figcaption><\/figure>\n<p>O deputado estadual Wellington do Curso presidiu, na tarde dessa quinta-feira (10), audi\u00eancia p\u00fablica que teve por tema a \u201cSeguran\u00e7a e Melhorias no Sistema de Transporte por Aplicativos\u201d e contou com a participa\u00e7\u00e3o de mais de 500 motoristas que atuam no servi\u00e7o. Estiveram presentes na composi\u00e7\u00e3o da mesa o ouvidor geral da Secretaria de Seguran\u00e7a P\u00fablica do Maranh\u00e3o, M\u00e1rcio Rabelo; o advogado Marinel Dutra, representado a OAB; o vereador Marquinhos; al\u00e9m dos motoristas Breno Froz e Victor Magalh\u00e3es, que representaram a categoria.<\/p>\n<p>Na ocasi\u00e3o, diversos motoristas expuseram o sentimento de medo que \u00e9 predominante na categoria, j\u00e1 que recentemente houve mais um assassinato de motorista, totalizando tr\u00eas casos, al\u00e9m de relatos de v\u00e1rios assaltos e c\u00e1rcere privado.<\/p>\n<p>\u201cEu j\u00e1 fui assaltado tr\u00eas vezes. Ent\u00e3o, recebemos uma chamada e, \u00e0s vezes, do outro lado quem t\u00e1 a nos esperar \u00e9 um bandido, pronto para levar o nosso carro ou nosso dinheiro. A gente sai pra trabalhar e n\u00e3o sabe se volta\u201d, desabafou um dos motoristas.<\/p>\n<p>Na ocasi\u00e3o, o deputado Wellington deixou claro que todas as solicita\u00e7\u00f5es foram anotadas e, em seguida, encaminhadas a quem \u00e9 competente para efetivar.<\/p>\n<p>\u201cRecebemos a solicita\u00e7\u00e3o dos motoristas e aqui estamos para, no \u00e2mbito das nossas atribui\u00e7\u00f5es, lutar para combater a criminalidade. Hoje em dia, o trabalhador sai e n\u00e3o sabe se volta vivo pra casa. O Estado deve sim se posicionar para que a viol\u00eancia seja atenuada. S\u00e3o homens e mulheres que utilizam os aplicativos para sustentar as suas fam\u00edlias\u201d, afirmou Wellington.<\/p>\n<p>Todas as solicita\u00e7\u00f5es foram formalizados e encaminhadas ao Executivo, Governo e Prefeitura, al\u00e9m dos representantes do UBER e outros aplicativos de transporte.<\/p>\n","protected":false},"excerpt":{"rendered":"<p>O deputado estadual Wellington do Curso presidiu, na tarde dessa quinta-feira (10), audi\u00eancia p\u00fablica que teve por tema a \u201cSeguran\u00e7a [&hellip;]<\/p>\n","protected":false},"author":0,"featured_media":0,"comment_status":"open","ping_status":"open","sticky":false,"template":"","format":"standard","meta":{"site-sidebar-layout":"default","site-content-layout":"","ast-site-content-layout":"default","site-content-style":"default","site-sidebar-style":"default","ast-global-header-display":"","ast-banner-title-visibility":"","ast-main-header-display":"","ast-hfb-above-header-display":"","ast-hfb-below-header-display":"","ast-hfb-mobile-header-display":"","site-post-title":"","ast-breadcrumbs-content":"","ast-featured-img":"","footer-sml-layout":"","ast-disable-related-posts":"","theme-transparent-header-meta":"","adv-header-id-meta":"","stick-header-meta":"","header-above-stick-meta":"","header-main-stick-meta":"","header-below-stick-meta":"","astra-migrate-meta-layouts":"default","ast-page-background-enabled":"default","ast-page-background-meta":{"desktop":{"background-color":"var(--ast-global-color-5)","background-image":"","background-repeat":"repeat","background-position":"center center","background-size":"auto","background-attachment":"scroll","background-type":"","background-media":"","overlay-type":"","overlay-color":"","overlay-opacity":"","overlay-gradient":""},"tablet":{"background-color":"","background-image":"","background-repeat":"repeat","background-position":"center center","background-size":"auto","background-attachment":"scroll","background-type":"","background-media":"","overlay-type":"","overlay-color":"","overlay-opacity":"","overlay-gradient":""},"mobile":{"background-color":"","background-image":"","background-repeat":"repeat","background-position":"center center","background-size":"auto","background-attachment":"scroll","background-type":"","background-media":"","overlay-type":"","overlay-color":"","overlay-opacity":"","overlay-gradient":""}},"ast-content-background-meta":{"desktop":{"background-color":"var(--ast-global-color-4)","background-image":"","background-repeat":"repeat","background-position":"center center","background-size":"auto","background-attachment":"scroll","background-type":"","background-media":"","overlay-type":"","overlay-color":"","overlay-opacity":"","overlay-gradient":""},"tablet":{"background-color":"var(--ast-global-color-4)","background-image":"","background-repeat":"repeat","background-position":"center center","background-size":"auto","background-attachment":"scroll","background-type":"","background-media":"","overlay-type":"","overlay-color":"","overlay-opacity":"","overlay-gradient":""},"mobile":{"background-color":"var(--ast-global-color-4)","background-image":"","background-repeat":"repeat","background-position":"center center","background-size":"auto","background-attachment":"scroll","background-type":"","background-media":"","overlay-type":"","overlay-color":"","overlay-opacity":"","overlay-gradient":""}},"footnotes":""},"categories":[1],"tags":[],"class_list":["post-59500","post","type-post","status-publish","format-standard","hentry","category-sem-categoria"],"yoast_head":"<!-- This site is optimized with the Yoast SEO plugin v26.6 - https:\/\/yoast.com\/wordpress\/plugins\/seo\/ -->\n<title>Wellington cobra mais seguran\u00e7a para motoristas e passageiros do transporte por aplicativos - Daniel Matos<\/title>\n<meta name=\"robots\" content=\"index, follow, max-snippet:-1, max-image-preview:large, max-video-preview:-1\" \/>\n<link rel=\"canonical\" href=\"https:\/\/www.blogsoestado.com\/danielmatos\/wellington-cobra-mais-seguranca-para-motoristas-e-passageiros-do-transporte-por-aplicativos\/\" \/>\n<meta property=\"og:locale\" content=\"pt_BR\" \/>\n<meta property=\"og:type\" content=\"article\" \/>\n<meta property=\"og:title\" content=\"Wellington cobra mais seguran\u00e7a para motoristas e passageiros do transporte por aplicativos - Daniel Matos\" \/>\n<meta property=\"og:description\" content=\"O deputado estadual Wellington do Curso presidiu, na tarde dessa quinta-feira (10), audi\u00eancia p\u00fablica que teve por tema a \u201cSeguran\u00e7a [&hellip;]\" \/>\n<meta property=\"og:url\" content=\"https:\/\/www.blogsoestado.com\/danielmatos\/wellington-cobra-mais-seguranca-para-motoristas-e-passageiros-do-transporte-por-aplicativos\/\" \/>\n<meta property=\"og:site_name\" content=\"Daniel Matos\" \/>\n<meta property=\"article:published_time\" content=\"2019-01-11T14:34:47+00:00\" \/>\n<meta property=\"og:image\" content=\"https:\/\/www.blogsoestado.com\/danielmatos\/files\/2019\/01\/IMG-20190111-WA0040.jpg\" \/>\n<meta name=\"twitter:card\" content=\"summary_large_image\" \/>\n<meta name=\"twitter:label1\" content=\"Est. tempo de leitura\" \/>\n\t<meta name=\"twitter:data1\" content=\"2 minutos\" \/>\n<script type=\"application\/ld+json\" class=\"yoast-schema-graph\">{\"@context\":\"https:\/\/schema.org\",\"@graph\":[{\"@type\":\"WebPage\",\"@id\":\"https:\/\/www.blogsoestado.com\/danielmatos\/wellington-cobra-mais-seguranca-para-motoristas-e-passageiros-do-transporte-por-aplicativos\/\",\"url\":\"https:\/\/www.blogsoestado.com\/danielmatos\/wellington-cobra-mais-seguranca-para-motoristas-e-passageiros-do-transporte-por-aplicativos\/\",\"name\":\"Wellington cobra mais seguran\u00e7a para motoristas e passageiros do transporte por aplicativos - Daniel Matos\",\"isPartOf\":{\"@id\":\"https:\/\/www.blogsoestado.com\/danielmatos\/#website\"},\"primaryImageOfPage\":{\"@id\":\"https:\/\/www.blogsoestado.com\/danielmatos\/wellington-cobra-mais-seguranca-para-motoristas-e-passageiros-do-transporte-por-aplicativos\/#primaryimage\"},\"image\":{\"@id\":\"https:\/\/www.blogsoestado.com\/danielmatos\/wellington-cobra-mais-seguranca-para-motoristas-e-passageiros-do-transporte-por-aplicativos\/#primaryimage\"},\"thumbnailUrl\":\"https:\/\/www.blogsoestado.com\/danielmatos\/files\/2019\/01\/IMG-20190111-WA0040.jpg\",\"datePublished\":\"2019-01-11T14:34:47+00:00\",\"author\":{\"@id\":\"\"},\"breadcrumb\":{\"@id\":\"https:\/\/www.blogsoestado.com\/danielmatos\/wellington-cobra-mais-seguranca-para-motoristas-e-passageiros-do-transporte-por-aplicativos\/#breadcrumb\"},\"inLanguage\":\"pt-BR\",\"potentialAction\":[{\"@type\":\"ReadAction\",\"target\":[\"https:\/\/www.blogsoestado.com\/danielmatos\/wellington-cobra-mais-seguranca-para-motoristas-e-passageiros-do-transporte-por-aplicativos\/\"]}]},{\"@type\":\"ImageObject\",\"inLanguage\":\"pt-BR\",\"@id\":\"https:\/\/www.blogsoestado.com\/danielmatos\/wellington-cobra-mais-seguranca-para-motoristas-e-passageiros-do-transporte-por-aplicativos\/#primaryimage\",\"url\":\"https:\/\/www.blogsoestado.com\/danielmatos\/files\/2019\/01\/IMG-20190111-WA0040.jpg\",\"contentUrl\":\"https:\/\/www.blogsoestado.com\/danielmatos\/files\/2019\/01\/IMG-20190111-WA0040.jpg\"},{\"@type\":\"BreadcrumbList\",\"@id\":\"https:\/\/www.blogsoestado.com\/danielmatos\/wellington-cobra-mais-seguranca-para-motoristas-e-passageiros-do-transporte-por-aplicativos\/#breadcrumb\",\"itemListElement\":[{\"@type\":\"ListItem\",\"position\":1,\"name\":\"In\u00edcio\",\"item\":\"https:\/\/www.blogsoestado.com\/danielmatos\/\"},{\"@type\":\"ListItem\",\"position\":2,\"name\":\"Wellington cobra mais seguran\u00e7a para motoristas e passageiros do transporte por aplicativos\"}]},{\"@type\":\"WebSite\",\"@id\":\"https:\/\/www.blogsoestado.com\/danielmatos\/#website\",\"url\":\"https:\/\/www.blogsoestado.com\/danielmatos\/\",\"name\":\"Daniel Matos\",\"description\":\"\",\"potentialAction\":[{\"@type\":\"SearchAction\",\"target\":{\"@type\":\"EntryPoint\",\"urlTemplate\":\"https:\/\/www.blogsoestado.com\/danielmatos\/?s={search_term_string}\"},\"query-input\":{\"@type\":\"PropertyValueSpecification\",\"valueRequired\":true,\"valueName\":\"search_term_string\"}}],\"inLanguage\":\"pt-BR\"}]}<\/script>\n<!-- \/ Yoast SEO plugin. -->","yoast_head_json":{"title":"Wellington cobra mais seguran\u00e7a para motoristas e passageiros do transporte por aplicativos - Daniel Matos","robots":{"index":"index","follow":"follow","max-snippet":"max-snippet:-1","max-image-preview":"max-image-preview:large","max-video-preview":"max-video-preview:-1"},"canonical":"https:\/\/www.blogsoestado.com\/danielmatos\/wellington-cobra-mais-seguranca-para-motoristas-e-passageiros-do-transporte-por-aplicativos\/","og_locale":"pt_BR","og_type":"article","og_title":"Wellington cobra mais seguran\u00e7a para motoristas e passageiros do transporte por aplicativos - Daniel Matos","og_description":"O deputado estadual Wellington do Curso presidiu, na tarde dessa quinta-feira (10), audi\u00eancia p\u00fablica que teve por tema a \u201cSeguran\u00e7a [&hellip;]","og_url":"https:\/\/www.blogsoestado.com\/danielmatos\/wellington-cobra-mais-seguranca-para-motoristas-e-passageiros-do-transporte-por-aplicativos\/","og_site_name":"Daniel Matos","article_published_time":"2019-01-11T14:34:47+00:00","og_image":[{"url":"https:\/\/www.blogsoestado.com\/danielmatos\/files\/2019\/01\/IMG-20190111-WA0040.jpg","type":"","width":"","height":""}],"twitter_card":"summary_large_image","twitter_misc":{"Est. tempo de leitura":"2 minutos"},"schema":{"@context":"https:\/\/schema.org","@graph":[{"@type":"WebPage","@id":"https:\/\/www.blogsoestado.com\/danielmatos\/wellington-cobra-mais-seguranca-para-motoristas-e-passageiros-do-transporte-por-aplicativos\/","url":"https:\/\/www.blogsoestado.com\/danielmatos\/wellington-cobra-mais-seguranca-para-motoristas-e-passageiros-do-transporte-por-aplicativos\/","name":"Wellington cobra mais seguran\u00e7a para motoristas e passageiros do transporte por aplicativos - Daniel Matos","isPartOf":{"@id":"https:\/\/www.blogsoestado.com\/danielmatos\/#website"},"primaryImageOfPage":{"@id":"https:\/\/www.blogsoestado.com\/danielmatos\/wellington-cobra-mais-seguranca-para-motoristas-e-passageiros-do-transporte-por-aplicativos\/#primaryimage"},"image":{"@id":"https:\/\/www.blogsoestado.com\/danielmatos\/wellington-cobra-mais-seguranca-para-motoristas-e-passageiros-do-transporte-por-aplicativos\/#primaryimage"},"thumbnailUrl":"https:\/\/www.blogsoestado.com\/danielmatos\/files\/2019\/01\/IMG-20190111-WA0040.jpg","datePublished":"2019-01-11T14:34:47+00:00","author":{"@id":""},"breadcrumb":{"@id":"https:\/\/www.blogsoestado.com\/danielmatos\/wellington-cobra-mais-seguranca-para-motoristas-e-passageiros-do-transporte-por-aplicativos\/#breadcrumb"},"inLanguage":"pt-BR","potentialAction":[{"@type":"ReadAction","target":["https:\/\/www.blogsoestado.com\/danielmatos\/wellington-cobra-mais-seguranca-para-motoristas-e-passageiros-do-transporte-por-aplicativos\/"]}]},{"@type":"ImageObject","inLanguage":"pt-BR","@id":"https:\/\/www.blogsoestado.com\/danielmatos\/wellington-cobra-mais-seguranca-para-motoristas-e-passageiros-do-transporte-por-aplicativos\/#primaryimage","url":"https:\/\/www.blogsoestado.com\/danielmatos\/files\/2019\/01\/IMG-20190111-WA0040.jpg","contentUrl":"https:\/\/www.blogsoestado.com\/danielmatos\/files\/2019\/01\/IMG-20190111-WA0040.jpg"},{"@type":"BreadcrumbList","@id":"https:\/\/www.blogsoestado.com\/danielmatos\/wellington-cobra-mais-seguranca-para-motoristas-e-passageiros-do-transporte-por-aplicativos\/#breadcrumb","itemListElement":[{"@type":"ListItem","position":1,"name":"In\u00edcio","item":"https:\/\/www.blogsoestado.com\/danielmatos\/"},{"@type":"ListItem","position":2,"name":"Wellington cobra mais seguran\u00e7a para motoristas e passageiros do transporte por aplicativos"}]},{"@type":"WebSite","@id":"https:\/\/www.blogsoestado.com\/danielmatos\/#website","url":"https:\/\/www.blogsoestado.com\/danielmatos\/","name":"Daniel Matos","description":"","potentialAction":[{"@type":"SearchAction","target":{"@type":"EntryPoint","urlTemplate":"https:\/\/www.blogsoestado.com\/danielmatos\/?s={search_term_string}"},"query-input":{"@type":"PropertyValueSpecification","valueRequired":true,"valueName":"search_term_string"}}],"inLanguage":"pt-BR"}]}},"jetpack_featured_media_url":"","_links":{"self":[{"href":"https:\/\/www.blogsoestado.com\/danielmatos\/wp-json\/wp\/v2\/posts\/59500","targetHints":{"allow":["GET"]}}],"collection":[{"href":"https:\/\/www.blogsoestado.com\/danielmatos\/wp-json\/wp\/v2\/posts"}],"about":[{"href":"https:\/\/www.blogsoestado.com\/danielmatos\/wp-json\/wp\/v2\/types\/post"}],"replies":[{"embeddable":true,"href":"https:\/\/www.blogsoestado.com\/danielmatos\/wp-json\/wp\/v2\/comments?post=59500"}],"version-history":[{"count":0,"href":"https:\/\/www.blogsoestado.com\/danielmatos\/wp-json\/wp\/v2\/posts\/59500\/revisions"}],"wp:attachment":[{"href":"https:\/\/www.blogsoestado.com\/danielmatos\/wp-json\/wp\/v2\/media?parent=59500"}],"wp:term":[{"taxonomy":"category","embeddable":true,"href":"https:\/\/www.blogsoestado.com\/danielmatos\/wp-json\/wp\/v2\/categories?post=59500"},{"taxonomy":"post_tag","embeddable":true,"href":"https:\/\/www.blogsoestado.com\/danielmatos\/wp-json\/wp\/v2\/tags?post=59500"}],"curies":[{"name":"wp","href":"https:\/\/api.w.org\/{rel}","templated":true}]}}