{"id":59508,"date":"2019-01-11T13:37:32","date_gmt":"2019-01-11T16:37:32","guid":{"rendered":"https:\/\/www.blogsoestado.com\/danielmatos\/?p=59508"},"modified":"2019-01-11T13:37:32","modified_gmt":"2019-01-11T16:37:32","slug":"casa-das-dunas-e-hoje-o-baile-verde-e-rosa","status":"publish","type":"post","link":"https:\/\/www.blogsoestado.com\/danielmatos\/casa-das-dunas-e-hoje-o-baile-verde-e-rosa\/","title":{"rendered":"Casa das Dunas: \u00e9 hoje o Baile Verde e Rosa"},"content":{"rendered":"<p><a href=\"https:\/\/www.blogsoestado.com\/danielmatos\/2019\/01\/11\/casa-das-dunas-e-hoje-o-baile-verde-e-rosa\/img-20190111-wa0053\/\" rel=\"attachment wp-att-59509\"><img fetchpriority=\"high\" decoding=\"async\" class=\"aligncenter wp-image-59509\" src=\"https:\/\/www.blogsoestado.com\/danielmatos\/files\/2019\/01\/IMG-20190111-WA0053.jpg\" alt=\"\" width=\"600\" height=\"1068\" \/><\/a><\/p>\n<p>Logo mais, a partir das 21h, a Casa das Dunas servir\u00e1 de palco para mais uma edi\u00e7\u00e3o do Baile Verde e Rosa, que \u00e9 organizado pela diretoria da escola de Samba Turma de Mangueira. Na edi\u00e7\u00e3o de 2019, al\u00e9m da bateria da escola, que h\u00e1 mais de tr\u00eas meses j\u00e1 ensaia para fazer bonito na passarela do Anel Vi\u00e1rio em 2019, o cantor carioca Dudu Nobre foi o escolhido para ser a grande atra\u00e7\u00e3o da noite.<\/p>\n<p>O baile, que j\u00e1 faz parte do calend\u00e1rio da folia momesca na capital maranhense, como um dos mais prestigiados na pr\u00e9-temporada, tem como objetivo angariar recursos para que a escola fa\u00e7a os investimentos necess\u00e1rios para este ano, quando estar\u00e1 contando na avenida o enredo \u201dPela mente de um Fof\u00e3o: uma viagem aos antigos carnavais\u201d. O Bloc\u00e3o do Nina e os grupos Feijoada Completa e Argumento tamb\u00e9m subir\u00e3o ao palco para animar os foli\u00f5es.<\/p>\n<p>Para o presidente da escola, que tamb\u00e9m assina o carnaval, Itamilson Lima, o baile representa o momento para aqueles que s\u00e3o amantes da mais antiga festa de rua do pa\u00eds, que \u00e9 o Carnaval, um momento para se divertir com muita anima\u00e7\u00e3o e seguran\u00e7a. \u201cEste ano escolhemos a Casa das Dunas para sediar o nosso baile, em raz\u00e3o de ser uma das vistas mais privilegiadas de S\u00e3o Lu\u00eds. Somado a isso, a bela decora\u00e7\u00e3o que est\u00e1 sendo pensada para o local, cerveja gelada e o samba de qualidade das nossas atra\u00e7\u00f5es, incluindo o cantor Dudu Nobre. N\u00e3o tenho d\u00favida que ser\u00e1 um sucesso\u201d, disse.<\/p>\n<p>Para aqueles que ainda n\u00e3o fizeram sua fantasia e n\u00e3o compraram seu ingresso, corra porque j\u00e1 est\u00e3o esgotando as mesas e ingressos individuais. Abaixo mais informa\u00e7\u00f5es:<\/p>\n<p><strong>Evento<\/strong>: BAILE VERDE E ROSA<br \/>\nQuando: 11\/01\/2019.<br \/>\nOnde: Casa das Dunas<\/p>\n<p><strong>Atra\u00e7\u00f5es<\/strong>:<\/p>\n<p>DUDU NOBRE,<br \/>\nBloc\u00e3o do Nina,<br \/>\nFeijoada Completa,<br \/>\nArgumento e<br \/>\nBateria da Mangueira.<\/p>\n<p>Abertura dos port\u00f5es : &#x23f0;21h<\/p>\n<p>&#x27a1;Espa\u00e7os:<\/p>\n<p><strong>Pista<\/strong><br \/>\nInteira: R$ 50,00<br \/>\nMeia: R$ 25,00<\/p>\n<p><strong>Front<\/strong><br \/>\nInteira: R$ 80,00<br \/>\nMeia: R$ 40,00<\/p>\n<p><strong>Mesa<\/strong>: R$400,00 (4 lugares)<\/p>\n<p><strong>VENDAS<\/strong>:<\/p>\n<p>Bilheteria Digital:<br \/>\n-Rio Poty Hotel (Sem taxa)<br \/>\n-Shopping da ilha<br \/>\n-Rio Anil Shopping<br \/>\n-Casa das Dunas<\/p>\n<p>Realiza\u00e7\u00e3o: Mangueira.<\/p>\n","protected":false},"excerpt":{"rendered":"<p>Logo mais, a partir das 21h, a Casa das Dunas servir\u00e1 de palco para mais uma edi\u00e7\u00e3o do Baile Verde [&hellip;]<\/p>\n","protected":false},"author":0,"featured_media":0,"comment_status":"open","ping_status":"open","sticky":false,"template":"","format":"standard","meta":{"site-sidebar-layout":"default","site-content-layout":"","ast-site-content-layout":"default","site-content-style":"default","site-sidebar-style":"default","ast-global-header-display":"","ast-banner-title-visibility":"","ast-main-header-display":"","ast-hfb-above-header-display":"","ast-hfb-below-header-display":"","ast-hfb-mobile-header-display":"","site-post-title":"","ast-breadcrumbs-content":"","ast-featured-img":"","footer-sml-layout":"","ast-disable-related-posts":"","theme-transparent-header-meta":"","adv-header-id-meta":"","stick-header-meta":"","header-above-stick-meta":"","header-main-stick-meta":"","header-below-stick-meta":"","astra-migrate-meta-layouts":"default","ast-page-background-enabled":"default","ast-page-background-meta":{"desktop":{"background-color":"var(--ast-global-color-5)","background-image":"","background-repeat":"repeat","background-position":"center center","background-size":"auto","background-attachment":"scroll","background-type":"","background-media":"","overlay-type":"","overlay-color":"","overlay-opacity":"","overlay-gradient":""},"tablet":{"background-color":"","background-image":"","background-repeat":"repeat","background-position":"center center","background-size":"auto","background-attachment":"scroll","background-type":"","background-media":"","overlay-type":"","overlay-color":"","overlay-opacity":"","overlay-gradient":""},"mobile":{"background-color":"","background-image":"","background-repeat":"repeat","background-position":"center center","background-size":"auto","background-attachment":"scroll","background-type":"","background-media":"","overlay-type":"","overlay-color":"","overlay-opacity":"","overlay-gradient":""}},"ast-content-background-meta":{"desktop":{"background-color":"var(--ast-global-color-4)","background-image":"","background-repeat":"repeat","background-position":"center center","background-size":"auto","background-attachment":"scroll","background-type":"","background-media":"","overlay-type":"","overlay-color":"","overlay-opacity":"","overlay-gradient":""},"tablet":{"background-color":"var(--ast-global-color-4)","background-image":"","background-repeat":"repeat","background-position":"center center","background-size":"auto","background-attachment":"scroll","background-type":"","background-media":"","overlay-type":"","overlay-color":"","overlay-opacity":"","overlay-gradient":""},"mobile":{"background-color":"var(--ast-global-color-4)","background-image":"","background-repeat":"repeat","background-position":"center center","background-size":"auto","background-attachment":"scroll","background-type":"","background-media":"","overlay-type":"","overlay-color":"","overlay-opacity":"","overlay-gradient":""}},"footnotes":""},"categories":[1],"tags":[],"class_list":["post-59508","post","type-post","status-publish","format-standard","hentry","category-sem-categoria"],"yoast_head":"<!-- This site is optimized with the Yoast SEO plugin v26.6 - https:\/\/yoast.com\/wordpress\/plugins\/seo\/ -->\n<title>Casa das Dunas: \u00e9 hoje o Baile Verde e Rosa - Daniel Matos<\/title>\n<meta name=\"robots\" content=\"index, follow, max-snippet:-1, max-image-preview:large, max-video-preview:-1\" \/>\n<link rel=\"canonical\" href=\"https:\/\/www.blogsoestado.com\/danielmatos\/casa-das-dunas-e-hoje-o-baile-verde-e-rosa\/\" \/>\n<meta property=\"og:locale\" content=\"pt_BR\" \/>\n<meta property=\"og:type\" content=\"article\" \/>\n<meta property=\"og:title\" content=\"Casa das Dunas: \u00e9 hoje o Baile Verde e Rosa - Daniel Matos\" \/>\n<meta property=\"og:description\" content=\"Logo mais, a partir das 21h, a Casa das Dunas servir\u00e1 de palco para mais uma edi\u00e7\u00e3o do Baile Verde [&hellip;]\" \/>\n<meta property=\"og:url\" content=\"https:\/\/www.blogsoestado.com\/danielmatos\/casa-das-dunas-e-hoje-o-baile-verde-e-rosa\/\" \/>\n<meta property=\"og:site_name\" content=\"Daniel Matos\" \/>\n<meta property=\"article:published_time\" content=\"2019-01-11T16:37:32+00:00\" \/>\n<meta property=\"og:image\" content=\"https:\/\/www.blogsoestado.com\/danielmatos\/files\/2019\/01\/IMG-20190111-WA0053.jpg\" \/>\n<meta name=\"twitter:card\" content=\"summary_large_image\" \/>\n<meta name=\"twitter:label1\" content=\"Est. tempo de leitura\" \/>\n\t<meta name=\"twitter:data1\" content=\"2 minutos\" \/>\n<script type=\"application\/ld+json\" class=\"yoast-schema-graph\">{\"@context\":\"https:\/\/schema.org\",\"@graph\":[{\"@type\":\"WebPage\",\"@id\":\"https:\/\/www.blogsoestado.com\/danielmatos\/casa-das-dunas-e-hoje-o-baile-verde-e-rosa\/\",\"url\":\"https:\/\/www.blogsoestado.com\/danielmatos\/casa-das-dunas-e-hoje-o-baile-verde-e-rosa\/\",\"name\":\"Casa das Dunas: \u00e9 hoje o Baile Verde e Rosa - Daniel Matos\",\"isPartOf\":{\"@id\":\"https:\/\/www.blogsoestado.com\/danielmatos\/#website\"},\"primaryImageOfPage\":{\"@id\":\"https:\/\/www.blogsoestado.com\/danielmatos\/casa-das-dunas-e-hoje-o-baile-verde-e-rosa\/#primaryimage\"},\"image\":{\"@id\":\"https:\/\/www.blogsoestado.com\/danielmatos\/casa-das-dunas-e-hoje-o-baile-verde-e-rosa\/#primaryimage\"},\"thumbnailUrl\":\"https:\/\/www.blogsoestado.com\/danielmatos\/files\/2019\/01\/IMG-20190111-WA0053.jpg\",\"datePublished\":\"2019-01-11T16:37:32+00:00\",\"author\":{\"@id\":\"\"},\"breadcrumb\":{\"@id\":\"https:\/\/www.blogsoestado.com\/danielmatos\/casa-das-dunas-e-hoje-o-baile-verde-e-rosa\/#breadcrumb\"},\"inLanguage\":\"pt-BR\",\"potentialAction\":[{\"@type\":\"ReadAction\",\"target\":[\"https:\/\/www.blogsoestado.com\/danielmatos\/casa-das-dunas-e-hoje-o-baile-verde-e-rosa\/\"]}]},{\"@type\":\"ImageObject\",\"inLanguage\":\"pt-BR\",\"@id\":\"https:\/\/www.blogsoestado.com\/danielmatos\/casa-das-dunas-e-hoje-o-baile-verde-e-rosa\/#primaryimage\",\"url\":\"https:\/\/www.blogsoestado.com\/danielmatos\/files\/2019\/01\/IMG-20190111-WA0053.jpg\",\"contentUrl\":\"https:\/\/www.blogsoestado.com\/danielmatos\/files\/2019\/01\/IMG-20190111-WA0053.jpg\"},{\"@type\":\"BreadcrumbList\",\"@id\":\"https:\/\/www.blogsoestado.com\/danielmatos\/casa-das-dunas-e-hoje-o-baile-verde-e-rosa\/#breadcrumb\",\"itemListElement\":[{\"@type\":\"ListItem\",\"position\":1,\"name\":\"In\u00edcio\",\"item\":\"https:\/\/www.blogsoestado.com\/danielmatos\/\"},{\"@type\":\"ListItem\",\"position\":2,\"name\":\"Casa das Dunas: \u00e9 hoje o Baile Verde e Rosa\"}]},{\"@type\":\"WebSite\",\"@id\":\"https:\/\/www.blogsoestado.com\/danielmatos\/#website\",\"url\":\"https:\/\/www.blogsoestado.com\/danielmatos\/\",\"name\":\"Daniel Matos\",\"description\":\"\",\"potentialAction\":[{\"@type\":\"SearchAction\",\"target\":{\"@type\":\"EntryPoint\",\"urlTemplate\":\"https:\/\/www.blogsoestado.com\/danielmatos\/?s={search_term_string}\"},\"query-input\":{\"@type\":\"PropertyValueSpecification\",\"valueRequired\":true,\"valueName\":\"search_term_string\"}}],\"inLanguage\":\"pt-BR\"}]}<\/script>\n<!-- \/ Yoast SEO plugin. -->","yoast_head_json":{"title":"Casa das Dunas: \u00e9 hoje o Baile Verde e Rosa - Daniel Matos","robots":{"index":"index","follow":"follow","max-snippet":"max-snippet:-1","max-image-preview":"max-image-preview:large","max-video-preview":"max-video-preview:-1"},"canonical":"https:\/\/www.blogsoestado.com\/danielmatos\/casa-das-dunas-e-hoje-o-baile-verde-e-rosa\/","og_locale":"pt_BR","og_type":"article","og_title":"Casa das Dunas: \u00e9 hoje o Baile Verde e Rosa - Daniel Matos","og_description":"Logo mais, a partir das 21h, a Casa das Dunas servir\u00e1 de palco para mais uma edi\u00e7\u00e3o do Baile Verde [&hellip;]","og_url":"https:\/\/www.blogsoestado.com\/danielmatos\/casa-das-dunas-e-hoje-o-baile-verde-e-rosa\/","og_site_name":"Daniel Matos","article_published_time":"2019-01-11T16:37:32+00:00","og_image":[{"url":"https:\/\/www.blogsoestado.com\/danielmatos\/files\/2019\/01\/IMG-20190111-WA0053.jpg","type":"","width":"","height":""}],"twitter_card":"summary_large_image","twitter_misc":{"Est. tempo de leitura":"2 minutos"},"schema":{"@context":"https:\/\/schema.org","@graph":[{"@type":"WebPage","@id":"https:\/\/www.blogsoestado.com\/danielmatos\/casa-das-dunas-e-hoje-o-baile-verde-e-rosa\/","url":"https:\/\/www.blogsoestado.com\/danielmatos\/casa-das-dunas-e-hoje-o-baile-verde-e-rosa\/","name":"Casa das Dunas: \u00e9 hoje o Baile Verde e Rosa - Daniel Matos","isPartOf":{"@id":"https:\/\/www.blogsoestado.com\/danielmatos\/#website"},"primaryImageOfPage":{"@id":"https:\/\/www.blogsoestado.com\/danielmatos\/casa-das-dunas-e-hoje-o-baile-verde-e-rosa\/#primaryimage"},"image":{"@id":"https:\/\/www.blogsoestado.com\/danielmatos\/casa-das-dunas-e-hoje-o-baile-verde-e-rosa\/#primaryimage"},"thumbnailUrl":"https:\/\/www.blogsoestado.com\/danielmatos\/files\/2019\/01\/IMG-20190111-WA0053.jpg","datePublished":"2019-01-11T16:37:32+00:00","author":{"@id":""},"breadcrumb":{"@id":"https:\/\/www.blogsoestado.com\/danielmatos\/casa-das-dunas-e-hoje-o-baile-verde-e-rosa\/#breadcrumb"},"inLanguage":"pt-BR","potentialAction":[{"@type":"ReadAction","target":["https:\/\/www.blogsoestado.com\/danielmatos\/casa-das-dunas-e-hoje-o-baile-verde-e-rosa\/"]}]},{"@type":"ImageObject","inLanguage":"pt-BR","@id":"https:\/\/www.blogsoestado.com\/danielmatos\/casa-das-dunas-e-hoje-o-baile-verde-e-rosa\/#primaryimage","url":"https:\/\/www.blogsoestado.com\/danielmatos\/files\/2019\/01\/IMG-20190111-WA0053.jpg","contentUrl":"https:\/\/www.blogsoestado.com\/danielmatos\/files\/2019\/01\/IMG-20190111-WA0053.jpg"},{"@type":"BreadcrumbList","@id":"https:\/\/www.blogsoestado.com\/danielmatos\/casa-das-dunas-e-hoje-o-baile-verde-e-rosa\/#breadcrumb","itemListElement":[{"@type":"ListItem","position":1,"name":"In\u00edcio","item":"https:\/\/www.blogsoestado.com\/danielmatos\/"},{"@type":"ListItem","position":2,"name":"Casa das Dunas: \u00e9 hoje o Baile Verde e Rosa"}]},{"@type":"WebSite","@id":"https:\/\/www.blogsoestado.com\/danielmatos\/#website","url":"https:\/\/www.blogsoestado.com\/danielmatos\/","name":"Daniel Matos","description":"","potentialAction":[{"@type":"SearchAction","target":{"@type":"EntryPoint","urlTemplate":"https:\/\/www.blogsoestado.com\/danielmatos\/?s={search_term_string}"},"query-input":{"@type":"PropertyValueSpecification","valueRequired":true,"valueName":"search_term_string"}}],"inLanguage":"pt-BR"}]}},"jetpack_featured_media_url":"","_links":{"self":[{"href":"https:\/\/www.blogsoestado.com\/danielmatos\/wp-json\/wp\/v2\/posts\/59508","targetHints":{"allow":["GET"]}}],"collection":[{"href":"https:\/\/www.blogsoestado.com\/danielmatos\/wp-json\/wp\/v2\/posts"}],"about":[{"href":"https:\/\/www.blogsoestado.com\/danielmatos\/wp-json\/wp\/v2\/types\/post"}],"replies":[{"embeddable":true,"href":"https:\/\/www.blogsoestado.com\/danielmatos\/wp-json\/wp\/v2\/comments?post=59508"}],"version-history":[{"count":0,"href":"https:\/\/www.blogsoestado.com\/danielmatos\/wp-json\/wp\/v2\/posts\/59508\/revisions"}],"wp:attachment":[{"href":"https:\/\/www.blogsoestado.com\/danielmatos\/wp-json\/wp\/v2\/media?parent=59508"}],"wp:term":[{"taxonomy":"category","embeddable":true,"href":"https:\/\/www.blogsoestado.com\/danielmatos\/wp-json\/wp\/v2\/categories?post=59508"},{"taxonomy":"post_tag","embeddable":true,"href":"https:\/\/www.blogsoestado.com\/danielmatos\/wp-json\/wp\/v2\/tags?post=59508"}],"curies":[{"name":"wp","href":"https:\/\/api.w.org\/{rel}","templated":true}]}}