{"id":59513,"date":"2019-01-11T14:49:39","date_gmt":"2019-01-11T17:49:39","guid":{"rendered":"https:\/\/www.blogsoestado.com\/danielmatos\/?p=59513"},"modified":"2019-01-11T14:49:39","modified_gmt":"2019-01-11T17:49:39","slug":"festa-solidaria-para-osvaldo-mandou-legal","status":"publish","type":"post","link":"https:\/\/www.blogsoestado.com\/danielmatos\/festa-solidaria-para-osvaldo-mandou-legal\/","title":{"rendered":"Festa solid\u00e1ria para Osvaldo Mandou Legal"},"content":{"rendered":"<p><a href=\"https:\/\/www.blogsoestado.com\/danielmatos\/2019\/01\/11\/festa-solidaria-para-osvaldo-mandou-legal\/img-20190109-wa0188\/\" rel=\"attachment wp-att-59514\"><img fetchpriority=\"high\" decoding=\"async\" class=\"aligncenter wp-image-59514\" src=\"https:\/\/www.blogsoestado.com\/danielmatos\/files\/2019\/01\/IMG-20190109-WA0188.jpg\" alt=\"\" width=\"600\" height=\"599\" \/><\/a><\/p>\n<p>Artistas e grupos representativos da cultura popular do Maranh\u00e3o subir\u00e1 ao palco, no proximo domingo (13), para um show de solidariedade em prol da sa\u00fade do comunicador e produtor cultural Osvaldo Sousa Mandou Legal. As apresenta\u00e7\u00f5es acontecem a partir das 10h, na Rua Gustavo Barroso, Vila Palmeira.<\/p>\n<p>Habituados a irradiar alegria de norte a sul do Maranhao e at\u00e9 fora do estado, os artistas se reunir\u00e3o, dessa vez, em torno de uma causa maior: angariar recursos para que Osvaldo Mandou Legal &#8211; apelido que faz refer\u00eancia ao programa de TV produzido e apresentado pelo comunicador &#8211; possa dar continuidade ao tratamento contra um c\u00e2ncer agressivo, diagnosticado no in\u00edcio de 2017.<\/p>\n<p>Organizada pelo grupo de WhatsApp &#8220;Os Top da Maioba&#8221;, a festa ter\u00e1 como atra\u00e7\u00f5es o Boi da Maioba, Boi da Pindoba, Boi de Igua\u00edba, Boi de Sao Jos\u00e9 de Ribamar e Boi do Bairro de F\u00e1tima.<\/p>\n<p>Os cantadores Chagas, Darlan, J\u00fanior, Marquinho, Berg, Ronny, Jailson, Cec\u00e9u, Z\u00e9 Alberto e Lel\u00e9 apresentar\u00e3o toadas antigas e algumas novas composi\u00e7\u00f5es, que est\u00e3o sendo preparadas para a pr\u00f3xima temporada junina.<\/p>\n<p>Artistas de outros g\u00eaneros, como samba e seresta, tamb\u00e9m aderiram \u00e0 corrente de solidariedade e apoiarao a iniciativa.<\/p>\n<p>Al\u00e9m contribuir participando da festa, o p\u00fablico pode fazer doa\u00e7\u00f5es a Osvaldo via conta banc\u00e1ria (ag\u00eancia 0020-5, conta corrente 27454-2, Banco do Brasil).<\/p>\n","protected":false},"excerpt":{"rendered":"<p>Artistas e grupos representativos da cultura popular do Maranh\u00e3o subir\u00e1 ao palco, no proximo domingo (13), para um show de [&hellip;]<\/p>\n","protected":false},"author":0,"featured_media":0,"comment_status":"open","ping_status":"open","sticky":false,"template":"","format":"standard","meta":{"site-sidebar-layout":"default","site-content-layout":"","ast-site-content-layout":"default","site-content-style":"default","site-sidebar-style":"default","ast-global-header-display":"","ast-banner-title-visibility":"","ast-main-header-display":"","ast-hfb-above-header-display":"","ast-hfb-below-header-display":"","ast-hfb-mobile-header-display":"","site-post-title":"","ast-breadcrumbs-content":"","ast-featured-img":"","footer-sml-layout":"","ast-disable-related-posts":"","theme-transparent-header-meta":"","adv-header-id-meta":"","stick-header-meta":"","header-above-stick-meta":"","header-main-stick-meta":"","header-below-stick-meta":"","astra-migrate-meta-layouts":"default","ast-page-background-enabled":"default","ast-page-background-meta":{"desktop":{"background-color":"var(--ast-global-color-5)","background-image":"","background-repeat":"repeat","background-position":"center center","background-size":"auto","background-attachment":"scroll","background-type":"","background-media":"","overlay-type":"","overlay-color":"","overlay-opacity":"","overlay-gradient":""},"tablet":{"background-color":"","background-image":"","background-repeat":"repeat","background-position":"center center","background-size":"auto","background-attachment":"scroll","background-type":"","background-media":"","overlay-type":"","overlay-color":"","overlay-opacity":"","overlay-gradient":""},"mobile":{"background-color":"","background-image":"","background-repeat":"repeat","background-position":"center center","background-size":"auto","background-attachment":"scroll","background-type":"","background-media":"","overlay-type":"","overlay-color":"","overlay-opacity":"","overlay-gradient":""}},"ast-content-background-meta":{"desktop":{"background-color":"var(--ast-global-color-4)","background-image":"","background-repeat":"repeat","background-position":"center center","background-size":"auto","background-attachment":"scroll","background-type":"","background-media":"","overlay-type":"","overlay-color":"","overlay-opacity":"","overlay-gradient":""},"tablet":{"background-color":"var(--ast-global-color-4)","background-image":"","background-repeat":"repeat","background-position":"center center","background-size":"auto","background-attachment":"scroll","background-type":"","background-media":"","overlay-type":"","overlay-color":"","overlay-opacity":"","overlay-gradient":""},"mobile":{"background-color":"var(--ast-global-color-4)","background-image":"","background-repeat":"repeat","background-position":"center center","background-size":"auto","background-attachment":"scroll","background-type":"","background-media":"","overlay-type":"","overlay-color":"","overlay-opacity":"","overlay-gradient":""}},"footnotes":""},"categories":[1],"tags":[],"class_list":["post-59513","post","type-post","status-publish","format-standard","hentry","category-sem-categoria"],"yoast_head":"<!-- This site is optimized with the Yoast SEO plugin v26.6 - https:\/\/yoast.com\/wordpress\/plugins\/seo\/ -->\n<title>Festa solid\u00e1ria para Osvaldo Mandou Legal - Daniel Matos<\/title>\n<meta name=\"robots\" content=\"index, follow, max-snippet:-1, max-image-preview:large, max-video-preview:-1\" \/>\n<link rel=\"canonical\" href=\"https:\/\/www.blogsoestado.com\/danielmatos\/festa-solidaria-para-osvaldo-mandou-legal\/\" \/>\n<meta property=\"og:locale\" content=\"pt_BR\" \/>\n<meta property=\"og:type\" content=\"article\" \/>\n<meta property=\"og:title\" content=\"Festa solid\u00e1ria para Osvaldo Mandou Legal - Daniel Matos\" \/>\n<meta property=\"og:description\" content=\"Artistas e grupos representativos da cultura popular do Maranh\u00e3o subir\u00e1 ao palco, no proximo domingo (13), para um show de [&hellip;]\" \/>\n<meta property=\"og:url\" content=\"https:\/\/www.blogsoestado.com\/danielmatos\/festa-solidaria-para-osvaldo-mandou-legal\/\" \/>\n<meta property=\"og:site_name\" content=\"Daniel Matos\" \/>\n<meta property=\"article:published_time\" content=\"2019-01-11T17:49:39+00:00\" \/>\n<meta property=\"og:image\" content=\"https:\/\/www.blogsoestado.com\/danielmatos\/files\/2019\/01\/IMG-20190109-WA0188.jpg\" \/>\n<meta name=\"twitter:card\" content=\"summary_large_image\" \/>\n<meta name=\"twitter:label1\" content=\"Est. tempo de leitura\" \/>\n\t<meta name=\"twitter:data1\" content=\"1 minuto\" \/>\n<script type=\"application\/ld+json\" class=\"yoast-schema-graph\">{\"@context\":\"https:\/\/schema.org\",\"@graph\":[{\"@type\":\"WebPage\",\"@id\":\"https:\/\/www.blogsoestado.com\/danielmatos\/festa-solidaria-para-osvaldo-mandou-legal\/\",\"url\":\"https:\/\/www.blogsoestado.com\/danielmatos\/festa-solidaria-para-osvaldo-mandou-legal\/\",\"name\":\"Festa solid\u00e1ria para Osvaldo Mandou Legal - Daniel Matos\",\"isPartOf\":{\"@id\":\"https:\/\/www.blogsoestado.com\/danielmatos\/#website\"},\"primaryImageOfPage\":{\"@id\":\"https:\/\/www.blogsoestado.com\/danielmatos\/festa-solidaria-para-osvaldo-mandou-legal\/#primaryimage\"},\"image\":{\"@id\":\"https:\/\/www.blogsoestado.com\/danielmatos\/festa-solidaria-para-osvaldo-mandou-legal\/#primaryimage\"},\"thumbnailUrl\":\"https:\/\/www.blogsoestado.com\/danielmatos\/files\/2019\/01\/IMG-20190109-WA0188.jpg\",\"datePublished\":\"2019-01-11T17:49:39+00:00\",\"author\":{\"@id\":\"\"},\"breadcrumb\":{\"@id\":\"https:\/\/www.blogsoestado.com\/danielmatos\/festa-solidaria-para-osvaldo-mandou-legal\/#breadcrumb\"},\"inLanguage\":\"pt-BR\",\"potentialAction\":[{\"@type\":\"ReadAction\",\"target\":[\"https:\/\/www.blogsoestado.com\/danielmatos\/festa-solidaria-para-osvaldo-mandou-legal\/\"]}]},{\"@type\":\"ImageObject\",\"inLanguage\":\"pt-BR\",\"@id\":\"https:\/\/www.blogsoestado.com\/danielmatos\/festa-solidaria-para-osvaldo-mandou-legal\/#primaryimage\",\"url\":\"https:\/\/www.blogsoestado.com\/danielmatos\/files\/2019\/01\/IMG-20190109-WA0188.jpg\",\"contentUrl\":\"https:\/\/www.blogsoestado.com\/danielmatos\/files\/2019\/01\/IMG-20190109-WA0188.jpg\"},{\"@type\":\"BreadcrumbList\",\"@id\":\"https:\/\/www.blogsoestado.com\/danielmatos\/festa-solidaria-para-osvaldo-mandou-legal\/#breadcrumb\",\"itemListElement\":[{\"@type\":\"ListItem\",\"position\":1,\"name\":\"In\u00edcio\",\"item\":\"https:\/\/www.blogsoestado.com\/danielmatos\/\"},{\"@type\":\"ListItem\",\"position\":2,\"name\":\"Festa solid\u00e1ria para Osvaldo Mandou Legal\"}]},{\"@type\":\"WebSite\",\"@id\":\"https:\/\/www.blogsoestado.com\/danielmatos\/#website\",\"url\":\"https:\/\/www.blogsoestado.com\/danielmatos\/\",\"name\":\"Daniel Matos\",\"description\":\"\",\"potentialAction\":[{\"@type\":\"SearchAction\",\"target\":{\"@type\":\"EntryPoint\",\"urlTemplate\":\"https:\/\/www.blogsoestado.com\/danielmatos\/?s={search_term_string}\"},\"query-input\":{\"@type\":\"PropertyValueSpecification\",\"valueRequired\":true,\"valueName\":\"search_term_string\"}}],\"inLanguage\":\"pt-BR\"}]}<\/script>\n<!-- \/ Yoast SEO plugin. -->","yoast_head_json":{"title":"Festa solid\u00e1ria para Osvaldo Mandou Legal - Daniel Matos","robots":{"index":"index","follow":"follow","max-snippet":"max-snippet:-1","max-image-preview":"max-image-preview:large","max-video-preview":"max-video-preview:-1"},"canonical":"https:\/\/www.blogsoestado.com\/danielmatos\/festa-solidaria-para-osvaldo-mandou-legal\/","og_locale":"pt_BR","og_type":"article","og_title":"Festa solid\u00e1ria para Osvaldo Mandou Legal - Daniel Matos","og_description":"Artistas e grupos representativos da cultura popular do Maranh\u00e3o subir\u00e1 ao palco, no proximo domingo (13), para um show de [&hellip;]","og_url":"https:\/\/www.blogsoestado.com\/danielmatos\/festa-solidaria-para-osvaldo-mandou-legal\/","og_site_name":"Daniel Matos","article_published_time":"2019-01-11T17:49:39+00:00","og_image":[{"url":"https:\/\/www.blogsoestado.com\/danielmatos\/files\/2019\/01\/IMG-20190109-WA0188.jpg","type":"","width":"","height":""}],"twitter_card":"summary_large_image","twitter_misc":{"Est. tempo de leitura":"1 minuto"},"schema":{"@context":"https:\/\/schema.org","@graph":[{"@type":"WebPage","@id":"https:\/\/www.blogsoestado.com\/danielmatos\/festa-solidaria-para-osvaldo-mandou-legal\/","url":"https:\/\/www.blogsoestado.com\/danielmatos\/festa-solidaria-para-osvaldo-mandou-legal\/","name":"Festa solid\u00e1ria para Osvaldo Mandou Legal - Daniel Matos","isPartOf":{"@id":"https:\/\/www.blogsoestado.com\/danielmatos\/#website"},"primaryImageOfPage":{"@id":"https:\/\/www.blogsoestado.com\/danielmatos\/festa-solidaria-para-osvaldo-mandou-legal\/#primaryimage"},"image":{"@id":"https:\/\/www.blogsoestado.com\/danielmatos\/festa-solidaria-para-osvaldo-mandou-legal\/#primaryimage"},"thumbnailUrl":"https:\/\/www.blogsoestado.com\/danielmatos\/files\/2019\/01\/IMG-20190109-WA0188.jpg","datePublished":"2019-01-11T17:49:39+00:00","author":{"@id":""},"breadcrumb":{"@id":"https:\/\/www.blogsoestado.com\/danielmatos\/festa-solidaria-para-osvaldo-mandou-legal\/#breadcrumb"},"inLanguage":"pt-BR","potentialAction":[{"@type":"ReadAction","target":["https:\/\/www.blogsoestado.com\/danielmatos\/festa-solidaria-para-osvaldo-mandou-legal\/"]}]},{"@type":"ImageObject","inLanguage":"pt-BR","@id":"https:\/\/www.blogsoestado.com\/danielmatos\/festa-solidaria-para-osvaldo-mandou-legal\/#primaryimage","url":"https:\/\/www.blogsoestado.com\/danielmatos\/files\/2019\/01\/IMG-20190109-WA0188.jpg","contentUrl":"https:\/\/www.blogsoestado.com\/danielmatos\/files\/2019\/01\/IMG-20190109-WA0188.jpg"},{"@type":"BreadcrumbList","@id":"https:\/\/www.blogsoestado.com\/danielmatos\/festa-solidaria-para-osvaldo-mandou-legal\/#breadcrumb","itemListElement":[{"@type":"ListItem","position":1,"name":"In\u00edcio","item":"https:\/\/www.blogsoestado.com\/danielmatos\/"},{"@type":"ListItem","position":2,"name":"Festa solid\u00e1ria para Osvaldo Mandou Legal"}]},{"@type":"WebSite","@id":"https:\/\/www.blogsoestado.com\/danielmatos\/#website","url":"https:\/\/www.blogsoestado.com\/danielmatos\/","name":"Daniel Matos","description":"","potentialAction":[{"@type":"SearchAction","target":{"@type":"EntryPoint","urlTemplate":"https:\/\/www.blogsoestado.com\/danielmatos\/?s={search_term_string}"},"query-input":{"@type":"PropertyValueSpecification","valueRequired":true,"valueName":"search_term_string"}}],"inLanguage":"pt-BR"}]}},"jetpack_featured_media_url":"","_links":{"self":[{"href":"https:\/\/www.blogsoestado.com\/danielmatos\/wp-json\/wp\/v2\/posts\/59513","targetHints":{"allow":["GET"]}}],"collection":[{"href":"https:\/\/www.blogsoestado.com\/danielmatos\/wp-json\/wp\/v2\/posts"}],"about":[{"href":"https:\/\/www.blogsoestado.com\/danielmatos\/wp-json\/wp\/v2\/types\/post"}],"replies":[{"embeddable":true,"href":"https:\/\/www.blogsoestado.com\/danielmatos\/wp-json\/wp\/v2\/comments?post=59513"}],"version-history":[{"count":0,"href":"https:\/\/www.blogsoestado.com\/danielmatos\/wp-json\/wp\/v2\/posts\/59513\/revisions"}],"wp:attachment":[{"href":"https:\/\/www.blogsoestado.com\/danielmatos\/wp-json\/wp\/v2\/media?parent=59513"}],"wp:term":[{"taxonomy":"category","embeddable":true,"href":"https:\/\/www.blogsoestado.com\/danielmatos\/wp-json\/wp\/v2\/categories?post=59513"},{"taxonomy":"post_tag","embeddable":true,"href":"https:\/\/www.blogsoestado.com\/danielmatos\/wp-json\/wp\/v2\/tags?post=59513"}],"curies":[{"name":"wp","href":"https:\/\/api.w.org\/{rel}","templated":true}]}}