{"id":59521,"date":"2019-01-11T17:53:46","date_gmt":"2019-01-11T20:53:46","guid":{"rendered":"https:\/\/www.blogsoestado.com\/danielmatos\/?p=59521"},"modified":"2019-01-11T17:53:46","modified_gmt":"2019-01-11T20:53:46","slug":"osmar-filho-recebe-visita-do-novo-presidente-do-sebrae-no-maranhao","status":"publish","type":"post","link":"https:\/\/www.blogsoestado.com\/danielmatos\/osmar-filho-recebe-visita-do-novo-presidente-do-sebrae-no-maranhao\/","title":{"rendered":"Osmar Filho recebe visita do novo presidente do Sebrae no Maranh\u00e3o"},"content":{"rendered":"<h2><span style=\"color: #ff0000;\">Encontro serviu para estreitar rela\u00e7\u00f5es entre setor empresarial e o\u00a0<\/span><span style=\"color: #ff0000;\">Poder Legislativo de S\u00e3o Lu\u00eds<\/span><\/h2>\n<figure id=\"attachment_59522\" aria-describedby=\"caption-attachment-59522\" style=\"width: 650px\" class=\"wp-caption aligncenter\"><a href=\"https:\/\/www.blogsoestado.com\/danielmatos\/2019\/01\/11\/osmar-filho-recebe-visita-do-novo-presidente-do-sebrae-no-maranhao\/foto-01\/\" rel=\"attachment wp-att-59522\"><img fetchpriority=\"high\" decoding=\"async\" class=\"wp-image-59522\" src=\"https:\/\/www.blogsoestado.com\/danielmatos\/files\/2019\/01\/Foto-01.jpg\" alt=\"\" width=\"650\" height=\"433\" \/><\/a><figcaption id=\"caption-attachment-59522\" class=\"wp-caption-text\">Osmar Filho e Raimundo Filho discutiram uma parceria entre o Sebrae e a C\u00e2mara de S\u00e3o Luis<\/figcaption><\/figure>\n<p>O presidente da C\u00e2mara Municipal de S\u00e3o Lu\u00eds, vereador Osmar Filho\u00a0(PDT), recebeu, na tarde desta quinta-feira (10), a visita de cortesia\u00a0do novo presidente do Servi\u00e7o Brasileiro de Apoio \u00e0s Micro e Pequenas\u00a0Empresas do Maranh\u00e3o (Sebrae\/MA), Raimundo Coelho de Sousa.<\/p>\n<p>Na ocasi\u00e3o, foi feito um convite para a solenidade de posse da nova\u00a0diretoria da entidade que est\u00e1 marcada para \u00e0s 19h, do dia 17 deste\u00a0m\u00eas, no audit\u00f3rio Terezinha Jansen, do Centro Pedro Neiva de Santana &#8211;\u00a0Multicenter Sebrae, localizado no Cohafuma.<\/p>\n<p>O chefe do legislativo destacou a import\u00e2ncia da visita\u00a0 e prop\u00f4s uma\u00a0 mesa\u00a0de trabalho para discutir algumas a\u00e7\u00f5es junto com a Casa visando\u00a0uma parceria que possa programar pol\u00edticas p\u00fablicas na capital.<\/p>\n<p>&#8220;Um prazer receber o novo dirigente do Sebrae para discutirmos assuntos\u00a0de interesses da popula\u00e7\u00e3o ludovicense. No momento em que todo mundo\u00a0esteja no mesmo plano, acredito que a gente consiga avan\u00e7ar. O Sebrae\u00a0vai ser muito importante para que possamos colocar em pr\u00e1tica algumas\u00a0pol\u00edticas p\u00fablicas\u201d, afirmou o presidente Osmar Filho, que garantiu que\u00a0estender\u00e1 o convite aos vereadores, para que todos tenham a oportunidade\u00a0de conhecer mais detalhes sobre as a\u00e7\u00f5es para que possam gerar emprego e\u00a0renda na cidade.<\/p>\n<figure id=\"attachment_59523\" aria-describedby=\"caption-attachment-59523\" style=\"width: 450px\" class=\"wp-caption alignright\"><a href=\"https:\/\/www.blogsoestado.com\/danielmatos\/2019\/01\/11\/osmar-filho-recebe-visita-do-novo-presidente-do-sebrae-no-maranhao\/foto-04\/\" rel=\"attachment wp-att-59523\"><img decoding=\"async\" class=\"wp-image-59523\" src=\"https:\/\/www.blogsoestado.com\/danielmatos\/files\/2019\/01\/Foto-04.jpg\" alt=\"\" width=\"450\" height=\"325\" \/><\/a><figcaption id=\"caption-attachment-59523\" class=\"wp-caption-text\">Aproxima\u00e7\u00e3o entre os dois gestores pode render bons frutos para S\u00e3o Lu\u00eds<\/figcaption><\/figure>\n<p>&#8220;A C\u00e2mara est\u00e1 aberta para o Sebrae dialogar com os parlamentares. Sempre que algum projeto necessitar da regula\u00e7\u00e3o e do aval do\u00a0Legislativo Municipal estaremos prontos para discutir em conjunto&#8221;,\u00a0completou.<\/p>\n<p>Raimundo Coelho ressaltou que o objetivo \u00e9 estreitar as rela\u00e7\u00f5es entre o setor empresarial e o Poder Legislativo Municipal, para que, juntos,\u00a0possam discutir propostas para o desenvolvimento de S\u00e3o Lu\u00eds.<\/p>\n<p>Na visita que durou meia hora, tamb\u00e9m foi discutido o cen\u00e1rio pol\u00edtico e\u00a0 econ\u00f4mico\u00a0atual. Na oportunidade, o presidente do Sebrae garantiu que\u00a0est\u00e1 disposto a uma parceria com a C\u00e2mara para discutir importantes\u00a0projetos de interesse econ\u00f4mico.<\/p>\n<p>&#8220;Viemos convidar o presidente Osmar Filho para nossa solenidade de\u00a0posse. Al\u00e9m disso, n\u00f3s n\u00e3o sabemos trabalhar s\u00f3. Por isso, estamos aqui\u00a0dispostos uma parceria&#8221;, destacou Coelho.<\/p>\n<p><strong>A\u00c7\u00d5ES<\/strong> \u2013 Raimundo Coelho, que tamb\u00e9m Federa\u00e7\u00e3o da Agricultura do Maranh\u00e3o (Faema), disse que, sob sua presid\u00eancia, o Sebrae-MA, vai manter a mesma\u00a0pol\u00edtica de fortalecimento das micro e pequenas empresas e anunciou que\u00a0pretende abrir di\u00e1logos com gestores p\u00fablicos, das esferas federal,\u00a0estadual e municipais para que os empres\u00e1rios de pequeno porte continuem\u00a0tendo aten\u00e7\u00e3o especial, principalmente no que se refere a compras\u00a0governamentais.<\/p>\n<p>Coelho frisou ainda que encontra um \u00f3rg\u00e3o bem estruturado, com um corpo t\u00e9cnico da mais alta qualidade e motivado a continuar primando pela sua\u00a0pol\u00edtica em prol das MPEs. Com observou, ser\u00e1 natural que crie algumas<br \/>\ninova\u00e7\u00f5es nessa pol\u00edtica. A capacita\u00e7\u00e3o empresarial continuar\u00e1 sendo a\u00a0 prioridade das prioridades.<\/p>\n","protected":false},"excerpt":{"rendered":"<p>Encontro serviu para estreitar rela\u00e7\u00f5es entre setor empresarial e o\u00a0Poder Legislativo de S\u00e3o Lu\u00eds O presidente da C\u00e2mara Municipal de [&hellip;]<\/p>\n","protected":false},"author":0,"featured_media":0,"comment_status":"open","ping_status":"open","sticky":false,"template":"","format":"standard","meta":{"site-sidebar-layout":"default","site-content-layout":"","ast-site-content-layout":"default","site-content-style":"default","site-sidebar-style":"default","ast-global-header-display":"","ast-banner-title-visibility":"","ast-main-header-display":"","ast-hfb-above-header-display":"","ast-hfb-below-header-display":"","ast-hfb-mobile-header-display":"","site-post-title":"","ast-breadcrumbs-content":"","ast-featured-img":"","footer-sml-layout":"","ast-disable-related-posts":"","theme-transparent-header-meta":"","adv-header-id-meta":"","stick-header-meta":"","header-above-stick-meta":"","header-main-stick-meta":"","header-below-stick-meta":"","astra-migrate-meta-layouts":"default","ast-page-background-enabled":"default","ast-page-background-meta":{"desktop":{"background-color":"var(--ast-global-color-5)","background-image":"","background-repeat":"repeat","background-position":"center center","background-size":"auto","background-attachment":"scroll","background-type":"","background-media":"","overlay-type":"","overlay-color":"","overlay-opacity":"","overlay-gradient":""},"tablet":{"background-color":"","background-image":"","background-repeat":"repeat","background-position":"center center","background-size":"auto","background-attachment":"scroll","background-type":"","background-media":"","overlay-type":"","overlay-color":"","overlay-opacity":"","overlay-gradient":""},"mobile":{"background-color":"","background-image":"","background-repeat":"repeat","background-position":"center center","background-size":"auto","background-attachment":"scroll","background-type":"","background-media":"","overlay-type":"","overlay-color":"","overlay-opacity":"","overlay-gradient":""}},"ast-content-background-meta":{"desktop":{"background-color":"var(--ast-global-color-4)","background-image":"","background-repeat":"repeat","background-position":"center center","background-size":"auto","background-attachment":"scroll","background-type":"","background-media":"","overlay-type":"","overlay-color":"","overlay-opacity":"","overlay-gradient":""},"tablet":{"background-color":"var(--ast-global-color-4)","background-image":"","background-repeat":"repeat","background-position":"center center","background-size":"auto","background-attachment":"scroll","background-type":"","background-media":"","overlay-type":"","overlay-color":"","overlay-opacity":"","overlay-gradient":""},"mobile":{"background-color":"var(--ast-global-color-4)","background-image":"","background-repeat":"repeat","background-position":"center center","background-size":"auto","background-attachment":"scroll","background-type":"","background-media":"","overlay-type":"","overlay-color":"","overlay-opacity":"","overlay-gradient":""}},"footnotes":""},"categories":[1],"tags":[],"class_list":["post-59521","post","type-post","status-publish","format-standard","hentry","category-sem-categoria"],"yoast_head":"<!-- This site is optimized with the Yoast SEO plugin v26.6 - https:\/\/yoast.com\/wordpress\/plugins\/seo\/ -->\n<title>Osmar Filho recebe visita do novo presidente do Sebrae no Maranh\u00e3o - Daniel Matos<\/title>\n<meta name=\"robots\" content=\"index, follow, max-snippet:-1, max-image-preview:large, max-video-preview:-1\" \/>\n<link rel=\"canonical\" href=\"https:\/\/www.blogsoestado.com\/danielmatos\/osmar-filho-recebe-visita-do-novo-presidente-do-sebrae-no-maranhao\/\" \/>\n<meta property=\"og:locale\" content=\"pt_BR\" \/>\n<meta property=\"og:type\" content=\"article\" \/>\n<meta property=\"og:title\" content=\"Osmar Filho recebe visita do novo presidente do Sebrae no Maranh\u00e3o - Daniel Matos\" \/>\n<meta property=\"og:description\" content=\"Encontro serviu para estreitar rela\u00e7\u00f5es entre setor empresarial e o\u00a0Poder Legislativo de S\u00e3o Lu\u00eds O presidente da C\u00e2mara Municipal de [&hellip;]\" \/>\n<meta property=\"og:url\" content=\"https:\/\/www.blogsoestado.com\/danielmatos\/osmar-filho-recebe-visita-do-novo-presidente-do-sebrae-no-maranhao\/\" \/>\n<meta property=\"og:site_name\" content=\"Daniel Matos\" \/>\n<meta property=\"article:published_time\" content=\"2019-01-11T20:53:46+00:00\" \/>\n<meta property=\"og:image\" content=\"https:\/\/www.blogsoestado.com\/danielmatos\/files\/2019\/01\/Foto-01.jpg\" \/>\n<meta name=\"twitter:card\" content=\"summary_large_image\" \/>\n<meta name=\"twitter:label1\" content=\"Est. tempo de leitura\" \/>\n\t<meta name=\"twitter:data1\" content=\"3 minutos\" \/>\n<script type=\"application\/ld+json\" class=\"yoast-schema-graph\">{\"@context\":\"https:\/\/schema.org\",\"@graph\":[{\"@type\":\"WebPage\",\"@id\":\"https:\/\/www.blogsoestado.com\/danielmatos\/osmar-filho-recebe-visita-do-novo-presidente-do-sebrae-no-maranhao\/\",\"url\":\"https:\/\/www.blogsoestado.com\/danielmatos\/osmar-filho-recebe-visita-do-novo-presidente-do-sebrae-no-maranhao\/\",\"name\":\"Osmar Filho recebe visita do novo presidente do Sebrae no Maranh\u00e3o - Daniel Matos\",\"isPartOf\":{\"@id\":\"https:\/\/www.blogsoestado.com\/danielmatos\/#website\"},\"primaryImageOfPage\":{\"@id\":\"https:\/\/www.blogsoestado.com\/danielmatos\/osmar-filho-recebe-visita-do-novo-presidente-do-sebrae-no-maranhao\/#primaryimage\"},\"image\":{\"@id\":\"https:\/\/www.blogsoestado.com\/danielmatos\/osmar-filho-recebe-visita-do-novo-presidente-do-sebrae-no-maranhao\/#primaryimage\"},\"thumbnailUrl\":\"https:\/\/www.blogsoestado.com\/danielmatos\/files\/2019\/01\/Foto-01.jpg\",\"datePublished\":\"2019-01-11T20:53:46+00:00\",\"author\":{\"@id\":\"\"},\"breadcrumb\":{\"@id\":\"https:\/\/www.blogsoestado.com\/danielmatos\/osmar-filho-recebe-visita-do-novo-presidente-do-sebrae-no-maranhao\/#breadcrumb\"},\"inLanguage\":\"pt-BR\",\"potentialAction\":[{\"@type\":\"ReadAction\",\"target\":[\"https:\/\/www.blogsoestado.com\/danielmatos\/osmar-filho-recebe-visita-do-novo-presidente-do-sebrae-no-maranhao\/\"]}]},{\"@type\":\"ImageObject\",\"inLanguage\":\"pt-BR\",\"@id\":\"https:\/\/www.blogsoestado.com\/danielmatos\/osmar-filho-recebe-visita-do-novo-presidente-do-sebrae-no-maranhao\/#primaryimage\",\"url\":\"https:\/\/www.blogsoestado.com\/danielmatos\/files\/2019\/01\/Foto-01.jpg\",\"contentUrl\":\"https:\/\/www.blogsoestado.com\/danielmatos\/files\/2019\/01\/Foto-01.jpg\"},{\"@type\":\"BreadcrumbList\",\"@id\":\"https:\/\/www.blogsoestado.com\/danielmatos\/osmar-filho-recebe-visita-do-novo-presidente-do-sebrae-no-maranhao\/#breadcrumb\",\"itemListElement\":[{\"@type\":\"ListItem\",\"position\":1,\"name\":\"In\u00edcio\",\"item\":\"https:\/\/www.blogsoestado.com\/danielmatos\/\"},{\"@type\":\"ListItem\",\"position\":2,\"name\":\"Osmar Filho recebe visita do novo presidente do Sebrae no Maranh\u00e3o\"}]},{\"@type\":\"WebSite\",\"@id\":\"https:\/\/www.blogsoestado.com\/danielmatos\/#website\",\"url\":\"https:\/\/www.blogsoestado.com\/danielmatos\/\",\"name\":\"Daniel Matos\",\"description\":\"\",\"potentialAction\":[{\"@type\":\"SearchAction\",\"target\":{\"@type\":\"EntryPoint\",\"urlTemplate\":\"https:\/\/www.blogsoestado.com\/danielmatos\/?s={search_term_string}\"},\"query-input\":{\"@type\":\"PropertyValueSpecification\",\"valueRequired\":true,\"valueName\":\"search_term_string\"}}],\"inLanguage\":\"pt-BR\"}]}<\/script>\n<!-- \/ Yoast SEO plugin. -->","yoast_head_json":{"title":"Osmar Filho recebe visita do novo presidente do Sebrae no Maranh\u00e3o - Daniel Matos","robots":{"index":"index","follow":"follow","max-snippet":"max-snippet:-1","max-image-preview":"max-image-preview:large","max-video-preview":"max-video-preview:-1"},"canonical":"https:\/\/www.blogsoestado.com\/danielmatos\/osmar-filho-recebe-visita-do-novo-presidente-do-sebrae-no-maranhao\/","og_locale":"pt_BR","og_type":"article","og_title":"Osmar Filho recebe visita do novo presidente do Sebrae no Maranh\u00e3o - Daniel Matos","og_description":"Encontro serviu para estreitar rela\u00e7\u00f5es entre setor empresarial e o\u00a0Poder Legislativo de S\u00e3o Lu\u00eds O presidente da C\u00e2mara Municipal de [&hellip;]","og_url":"https:\/\/www.blogsoestado.com\/danielmatos\/osmar-filho-recebe-visita-do-novo-presidente-do-sebrae-no-maranhao\/","og_site_name":"Daniel Matos","article_published_time":"2019-01-11T20:53:46+00:00","og_image":[{"url":"https:\/\/www.blogsoestado.com\/danielmatos\/files\/2019\/01\/Foto-01.jpg","type":"","width":"","height":""}],"twitter_card":"summary_large_image","twitter_misc":{"Est. tempo de leitura":"3 minutos"},"schema":{"@context":"https:\/\/schema.org","@graph":[{"@type":"WebPage","@id":"https:\/\/www.blogsoestado.com\/danielmatos\/osmar-filho-recebe-visita-do-novo-presidente-do-sebrae-no-maranhao\/","url":"https:\/\/www.blogsoestado.com\/danielmatos\/osmar-filho-recebe-visita-do-novo-presidente-do-sebrae-no-maranhao\/","name":"Osmar Filho recebe visita do novo presidente do Sebrae no Maranh\u00e3o - Daniel Matos","isPartOf":{"@id":"https:\/\/www.blogsoestado.com\/danielmatos\/#website"},"primaryImageOfPage":{"@id":"https:\/\/www.blogsoestado.com\/danielmatos\/osmar-filho-recebe-visita-do-novo-presidente-do-sebrae-no-maranhao\/#primaryimage"},"image":{"@id":"https:\/\/www.blogsoestado.com\/danielmatos\/osmar-filho-recebe-visita-do-novo-presidente-do-sebrae-no-maranhao\/#primaryimage"},"thumbnailUrl":"https:\/\/www.blogsoestado.com\/danielmatos\/files\/2019\/01\/Foto-01.jpg","datePublished":"2019-01-11T20:53:46+00:00","author":{"@id":""},"breadcrumb":{"@id":"https:\/\/www.blogsoestado.com\/danielmatos\/osmar-filho-recebe-visita-do-novo-presidente-do-sebrae-no-maranhao\/#breadcrumb"},"inLanguage":"pt-BR","potentialAction":[{"@type":"ReadAction","target":["https:\/\/www.blogsoestado.com\/danielmatos\/osmar-filho-recebe-visita-do-novo-presidente-do-sebrae-no-maranhao\/"]}]},{"@type":"ImageObject","inLanguage":"pt-BR","@id":"https:\/\/www.blogsoestado.com\/danielmatos\/osmar-filho-recebe-visita-do-novo-presidente-do-sebrae-no-maranhao\/#primaryimage","url":"https:\/\/www.blogsoestado.com\/danielmatos\/files\/2019\/01\/Foto-01.jpg","contentUrl":"https:\/\/www.blogsoestado.com\/danielmatos\/files\/2019\/01\/Foto-01.jpg"},{"@type":"BreadcrumbList","@id":"https:\/\/www.blogsoestado.com\/danielmatos\/osmar-filho-recebe-visita-do-novo-presidente-do-sebrae-no-maranhao\/#breadcrumb","itemListElement":[{"@type":"ListItem","position":1,"name":"In\u00edcio","item":"https:\/\/www.blogsoestado.com\/danielmatos\/"},{"@type":"ListItem","position":2,"name":"Osmar Filho recebe visita do novo presidente do Sebrae no Maranh\u00e3o"}]},{"@type":"WebSite","@id":"https:\/\/www.blogsoestado.com\/danielmatos\/#website","url":"https:\/\/www.blogsoestado.com\/danielmatos\/","name":"Daniel Matos","description":"","potentialAction":[{"@type":"SearchAction","target":{"@type":"EntryPoint","urlTemplate":"https:\/\/www.blogsoestado.com\/danielmatos\/?s={search_term_string}"},"query-input":{"@type":"PropertyValueSpecification","valueRequired":true,"valueName":"search_term_string"}}],"inLanguage":"pt-BR"}]}},"jetpack_featured_media_url":"","_links":{"self":[{"href":"https:\/\/www.blogsoestado.com\/danielmatos\/wp-json\/wp\/v2\/posts\/59521","targetHints":{"allow":["GET"]}}],"collection":[{"href":"https:\/\/www.blogsoestado.com\/danielmatos\/wp-json\/wp\/v2\/posts"}],"about":[{"href":"https:\/\/www.blogsoestado.com\/danielmatos\/wp-json\/wp\/v2\/types\/post"}],"replies":[{"embeddable":true,"href":"https:\/\/www.blogsoestado.com\/danielmatos\/wp-json\/wp\/v2\/comments?post=59521"}],"version-history":[{"count":0,"href":"https:\/\/www.blogsoestado.com\/danielmatos\/wp-json\/wp\/v2\/posts\/59521\/revisions"}],"wp:attachment":[{"href":"https:\/\/www.blogsoestado.com\/danielmatos\/wp-json\/wp\/v2\/media?parent=59521"}],"wp:term":[{"taxonomy":"category","embeddable":true,"href":"https:\/\/www.blogsoestado.com\/danielmatos\/wp-json\/wp\/v2\/categories?post=59521"},{"taxonomy":"post_tag","embeddable":true,"href":"https:\/\/www.blogsoestado.com\/danielmatos\/wp-json\/wp\/v2\/tags?post=59521"}],"curies":[{"name":"wp","href":"https:\/\/api.w.org\/{rel}","templated":true}]}}