{"id":59571,"date":"2019-01-14T12:57:42","date_gmt":"2019-01-14T15:57:42","guid":{"rendered":"https:\/\/www.blogsoestado.com\/danielmatos\/?p=59571"},"modified":"2019-01-14T12:57:42","modified_gmt":"2019-01-14T15:57:42","slug":"ultima-semana-de-inscricoes-no-concurso-publico-de-paco-do-lumiar","status":"publish","type":"post","link":"https:\/\/www.blogsoestado.com\/danielmatos\/ultima-semana-de-inscricoes-no-concurso-publico-de-paco-do-lumiar\/","title":{"rendered":"\u00daltima semana de inscri\u00e7\u00f5es no concurso p\u00fablico de Pa\u00e7o do Lumiar"},"content":{"rendered":"<p><a href=\"https:\/\/www.blogsoestado.com\/danielmatos\/2018\/06\/25\/mp-pressiona-e-prefeitura-de-sao-luis-prorroga-prazo-para-pedido-de-isencao-em-concurso-publico\/concurso-publico-slz\/\" rel=\"attachment wp-att-52639\"><img fetchpriority=\"high\" decoding=\"async\" class=\"alignright wp-image-52639\" src=\"https:\/\/www.blogsoestado.com\/danielmatos\/files\/2018\/06\/concurso-publico-slz.jpg\" alt=\"\" width=\"450\" height=\"338\" \/><\/a><\/p>\n<p>\u00daltima semana para inscri\u00e7\u00f5es no concurso p\u00fablico para provimento de 587 vagas na Prefeitura de Pa\u00e7o do Lumiar. As taxas s\u00e3o de R$ 52,00 (cargos de n\u00edvel fundamental), R$ 80,00 (cargos de n\u00edvel m\u00e9dio) a R$ 135,00 (cargos de n\u00edvel Superior). Os sal\u00e1rios chegam a at\u00e9 R$ 7.118,77. O prazo para os candidatos se inscreverem sera encerrado no pr\u00f3ximo dia 18 (sexta-feira).<\/p>\n<p>A organiza\u00e7\u00e3o do concurso est\u00e1 a cargo do Instituto Machado de Assis, que tem larga experi\u00eancia na execu\u00e7\u00e3o de seletivos no Maranh\u00e3o, Piau\u00ed e em outros estados da regi\u00e3o Nordeste.<\/p>\n<p>Os candidatos podem se inscrever no site\u00a0 <a href=\"http:\/\/www.institutomachadodeassis.com.br\">www.institutomachadodeassis.com.br<\/a> at\u00e9 o dia 18 deste m\u00eas (uma sexta-feira). O edital com as regras do certame e as retifica\u00e7\u00f5es est\u00e3o dispon\u00edveis na mesma p\u00e1gina eletr\u00f4nica.<\/p>\n<p>A data da prova est\u00e1 prevista para os dias 17 de fevereiro de 2019 (cargos de n\u00edvel m\u00e9dio \u2013 manh\u00e3; e fundamental \u2013 tarde) e 24 de fevereiro de 2019 (cargos de n\u00edvel superior \u2013 manh\u00e3; e cargos de professor \u2013 tarde).<\/p>\n<p>Confira a lista de cargos a serem preenchidos pelo concurso:<\/p>\n<p>ASSISTENTE JUR\u00cdDICO, PROCURADOR, AUDITOR FISCAL, ANALISTA DE SISTEMA E PROGRAMA\u00c7\u00c3O, ARQUITETO, ASSISTENTE SOCIAL, BIBLIOTEC\u00c1RIO, BI\u00d3LOGO ,CONTADOR ,ENGENHEIRO CIVIL, ESPECIALISTA EM EDUCA\u00c7\u00c3O B\u00c1SICA, PROFESSOR INTERPRETES EM LIBRAS, INSTRUTOR DE BRAILLE, FONOAUDI\u00d3LOGO, PROFESSOR DE ARTES, PROFESSOR DE CI\u00caNCIAS, PROFESSOR DE EDUCA\u00c7\u00c3O F\u00cdSICA, PROFESSOR DE FILOSOFIA, PROFESSOR DE GEOGRAFIA, PROFESSOR DE HISTORIA, PROFESSOR DE INGL\u00caS, PROFESSOR DE MATEM\u00c1TICA, PROFESSOR DE PORTUGU\u00caS, SOCI\u00d3LOGO, PSICOPEDAGOGO, EDUCADOR F\u00cdSICO, PROFESSOR EDUCA\u00c7\u00c3O INCLUSIVA (ATENDIMENTO EDUCACIONAL ESPECIALIZADO), T\u00c9CNICO NA \u00c1REA DE EDUCA\u00c7\u00c3O ESPECIAL, T\u00c9CNICO ADMINISTRATIVO, CUIDADOR, AGENTE MUNICIPAL DE TR\u00c2NSITO, AGENTE DA GUARDA MUNICIPAL, FISCAL DE POSTURA,FISCAL TRIBUT\u00c1RIO, T\u00c9CNICO EM INFORM\u00c1TICA T\u00c9CNICO AGR\u00cdCOLA , T\u00c9CNICO EM CONTABILIDADE, T\u00c9CNICO EM SEGURAN\u00c7A DO TRABALHO, TUTOR DE ALUNOS,DIGITADOR, AGENTE DE CORREI\u00c7\u00c3O, AUXILIAR DE SERVI\u00c7OS DIVERSOS (AOSD), COVEIRO, MERENDEIRA, OPERADOR DE M\u00c1QUINAS E VIGIA.<\/p>\n","protected":false},"excerpt":{"rendered":"<p>\u00daltima semana para inscri\u00e7\u00f5es no concurso p\u00fablico para provimento de 587 vagas na Prefeitura de Pa\u00e7o do Lumiar. As taxas [&hellip;]<\/p>\n","protected":false},"author":0,"featured_media":0,"comment_status":"open","ping_status":"open","sticky":false,"template":"","format":"standard","meta":{"site-sidebar-layout":"default","site-content-layout":"","ast-site-content-layout":"default","site-content-style":"default","site-sidebar-style":"default","ast-global-header-display":"","ast-banner-title-visibility":"","ast-main-header-display":"","ast-hfb-above-header-display":"","ast-hfb-below-header-display":"","ast-hfb-mobile-header-display":"","site-post-title":"","ast-breadcrumbs-content":"","ast-featured-img":"","footer-sml-layout":"","ast-disable-related-posts":"","theme-transparent-header-meta":"","adv-header-id-meta":"","stick-header-meta":"","header-above-stick-meta":"","header-main-stick-meta":"","header-below-stick-meta":"","astra-migrate-meta-layouts":"default","ast-page-background-enabled":"default","ast-page-background-meta":{"desktop":{"background-color":"var(--ast-global-color-5)","background-image":"","background-repeat":"repeat","background-position":"center center","background-size":"auto","background-attachment":"scroll","background-type":"","background-media":"","overlay-type":"","overlay-color":"","overlay-opacity":"","overlay-gradient":""},"tablet":{"background-color":"","background-image":"","background-repeat":"repeat","background-position":"center center","background-size":"auto","background-attachment":"scroll","background-type":"","background-media":"","overlay-type":"","overlay-color":"","overlay-opacity":"","overlay-gradient":""},"mobile":{"background-color":"","background-image":"","background-repeat":"repeat","background-position":"center center","background-size":"auto","background-attachment":"scroll","background-type":"","background-media":"","overlay-type":"","overlay-color":"","overlay-opacity":"","overlay-gradient":""}},"ast-content-background-meta":{"desktop":{"background-color":"var(--ast-global-color-4)","background-image":"","background-repeat":"repeat","background-position":"center center","background-size":"auto","background-attachment":"scroll","background-type":"","background-media":"","overlay-type":"","overlay-color":"","overlay-opacity":"","overlay-gradient":""},"tablet":{"background-color":"var(--ast-global-color-4)","background-image":"","background-repeat":"repeat","background-position":"center center","background-size":"auto","background-attachment":"scroll","background-type":"","background-media":"","overlay-type":"","overlay-color":"","overlay-opacity":"","overlay-gradient":""},"mobile":{"background-color":"var(--ast-global-color-4)","background-image":"","background-repeat":"repeat","background-position":"center center","background-size":"auto","background-attachment":"scroll","background-type":"","background-media":"","overlay-type":"","overlay-color":"","overlay-opacity":"","overlay-gradient":""}},"footnotes":""},"categories":[1],"tags":[],"class_list":["post-59571","post","type-post","status-publish","format-standard","hentry","category-sem-categoria"],"yoast_head":"<!-- This site is optimized with the Yoast SEO plugin v26.6 - https:\/\/yoast.com\/wordpress\/plugins\/seo\/ -->\n<title>\u00daltima semana de inscri\u00e7\u00f5es no concurso p\u00fablico de Pa\u00e7o do Lumiar - Daniel Matos<\/title>\n<meta name=\"robots\" content=\"index, follow, max-snippet:-1, max-image-preview:large, max-video-preview:-1\" \/>\n<link rel=\"canonical\" href=\"https:\/\/www.blogsoestado.com\/danielmatos\/ultima-semana-de-inscricoes-no-concurso-publico-de-paco-do-lumiar\/\" \/>\n<meta property=\"og:locale\" content=\"pt_BR\" \/>\n<meta property=\"og:type\" content=\"article\" \/>\n<meta property=\"og:title\" content=\"\u00daltima semana de inscri\u00e7\u00f5es no concurso p\u00fablico de Pa\u00e7o do Lumiar - Daniel Matos\" \/>\n<meta property=\"og:description\" content=\"\u00daltima semana para inscri\u00e7\u00f5es no concurso p\u00fablico para provimento de 587 vagas na Prefeitura de Pa\u00e7o do Lumiar. As taxas [&hellip;]\" \/>\n<meta property=\"og:url\" content=\"https:\/\/www.blogsoestado.com\/danielmatos\/ultima-semana-de-inscricoes-no-concurso-publico-de-paco-do-lumiar\/\" \/>\n<meta property=\"og:site_name\" content=\"Daniel Matos\" \/>\n<meta property=\"article:published_time\" content=\"2019-01-14T15:57:42+00:00\" \/>\n<meta property=\"og:image\" content=\"https:\/\/www.blogsoestado.com\/danielmatos\/files\/2018\/06\/concurso-publico-slz.jpg\" \/>\n<meta name=\"twitter:card\" content=\"summary_large_image\" \/>\n<meta name=\"twitter:label1\" content=\"Est. tempo de leitura\" \/>\n\t<meta name=\"twitter:data1\" content=\"2 minutos\" \/>\n<script type=\"application\/ld+json\" class=\"yoast-schema-graph\">{\"@context\":\"https:\/\/schema.org\",\"@graph\":[{\"@type\":\"WebPage\",\"@id\":\"https:\/\/www.blogsoestado.com\/danielmatos\/ultima-semana-de-inscricoes-no-concurso-publico-de-paco-do-lumiar\/\",\"url\":\"https:\/\/www.blogsoestado.com\/danielmatos\/ultima-semana-de-inscricoes-no-concurso-publico-de-paco-do-lumiar\/\",\"name\":\"\u00daltima semana de inscri\u00e7\u00f5es no concurso p\u00fablico de Pa\u00e7o do Lumiar - Daniel Matos\",\"isPartOf\":{\"@id\":\"https:\/\/www.blogsoestado.com\/danielmatos\/#website\"},\"primaryImageOfPage\":{\"@id\":\"https:\/\/www.blogsoestado.com\/danielmatos\/ultima-semana-de-inscricoes-no-concurso-publico-de-paco-do-lumiar\/#primaryimage\"},\"image\":{\"@id\":\"https:\/\/www.blogsoestado.com\/danielmatos\/ultima-semana-de-inscricoes-no-concurso-publico-de-paco-do-lumiar\/#primaryimage\"},\"thumbnailUrl\":\"https:\/\/www.blogsoestado.com\/danielmatos\/files\/2018\/06\/concurso-publico-slz.jpg\",\"datePublished\":\"2019-01-14T15:57:42+00:00\",\"author\":{\"@id\":\"\"},\"breadcrumb\":{\"@id\":\"https:\/\/www.blogsoestado.com\/danielmatos\/ultima-semana-de-inscricoes-no-concurso-publico-de-paco-do-lumiar\/#breadcrumb\"},\"inLanguage\":\"pt-BR\",\"potentialAction\":[{\"@type\":\"ReadAction\",\"target\":[\"https:\/\/www.blogsoestado.com\/danielmatos\/ultima-semana-de-inscricoes-no-concurso-publico-de-paco-do-lumiar\/\"]}]},{\"@type\":\"ImageObject\",\"inLanguage\":\"pt-BR\",\"@id\":\"https:\/\/www.blogsoestado.com\/danielmatos\/ultima-semana-de-inscricoes-no-concurso-publico-de-paco-do-lumiar\/#primaryimage\",\"url\":\"https:\/\/www.blogsoestado.com\/danielmatos\/files\/2018\/06\/concurso-publico-slz.jpg\",\"contentUrl\":\"https:\/\/www.blogsoestado.com\/danielmatos\/files\/2018\/06\/concurso-publico-slz.jpg\"},{\"@type\":\"BreadcrumbList\",\"@id\":\"https:\/\/www.blogsoestado.com\/danielmatos\/ultima-semana-de-inscricoes-no-concurso-publico-de-paco-do-lumiar\/#breadcrumb\",\"itemListElement\":[{\"@type\":\"ListItem\",\"position\":1,\"name\":\"In\u00edcio\",\"item\":\"https:\/\/www.blogsoestado.com\/danielmatos\/\"},{\"@type\":\"ListItem\",\"position\":2,\"name\":\"\u00daltima semana de inscri\u00e7\u00f5es no concurso p\u00fablico de Pa\u00e7o do Lumiar\"}]},{\"@type\":\"WebSite\",\"@id\":\"https:\/\/www.blogsoestado.com\/danielmatos\/#website\",\"url\":\"https:\/\/www.blogsoestado.com\/danielmatos\/\",\"name\":\"Daniel Matos\",\"description\":\"\",\"potentialAction\":[{\"@type\":\"SearchAction\",\"target\":{\"@type\":\"EntryPoint\",\"urlTemplate\":\"https:\/\/www.blogsoestado.com\/danielmatos\/?s={search_term_string}\"},\"query-input\":{\"@type\":\"PropertyValueSpecification\",\"valueRequired\":true,\"valueName\":\"search_term_string\"}}],\"inLanguage\":\"pt-BR\"}]}<\/script>\n<!-- \/ Yoast SEO plugin. -->","yoast_head_json":{"title":"\u00daltima semana de inscri\u00e7\u00f5es no concurso p\u00fablico de Pa\u00e7o do Lumiar - Daniel Matos","robots":{"index":"index","follow":"follow","max-snippet":"max-snippet:-1","max-image-preview":"max-image-preview:large","max-video-preview":"max-video-preview:-1"},"canonical":"https:\/\/www.blogsoestado.com\/danielmatos\/ultima-semana-de-inscricoes-no-concurso-publico-de-paco-do-lumiar\/","og_locale":"pt_BR","og_type":"article","og_title":"\u00daltima semana de inscri\u00e7\u00f5es no concurso p\u00fablico de Pa\u00e7o do Lumiar - Daniel Matos","og_description":"\u00daltima semana para inscri\u00e7\u00f5es no concurso p\u00fablico para provimento de 587 vagas na Prefeitura de Pa\u00e7o do Lumiar. As taxas [&hellip;]","og_url":"https:\/\/www.blogsoestado.com\/danielmatos\/ultima-semana-de-inscricoes-no-concurso-publico-de-paco-do-lumiar\/","og_site_name":"Daniel Matos","article_published_time":"2019-01-14T15:57:42+00:00","og_image":[{"url":"https:\/\/www.blogsoestado.com\/danielmatos\/files\/2018\/06\/concurso-publico-slz.jpg","type":"","width":"","height":""}],"twitter_card":"summary_large_image","twitter_misc":{"Est. tempo de leitura":"2 minutos"},"schema":{"@context":"https:\/\/schema.org","@graph":[{"@type":"WebPage","@id":"https:\/\/www.blogsoestado.com\/danielmatos\/ultima-semana-de-inscricoes-no-concurso-publico-de-paco-do-lumiar\/","url":"https:\/\/www.blogsoestado.com\/danielmatos\/ultima-semana-de-inscricoes-no-concurso-publico-de-paco-do-lumiar\/","name":"\u00daltima semana de inscri\u00e7\u00f5es no concurso p\u00fablico de Pa\u00e7o do Lumiar - Daniel Matos","isPartOf":{"@id":"https:\/\/www.blogsoestado.com\/danielmatos\/#website"},"primaryImageOfPage":{"@id":"https:\/\/www.blogsoestado.com\/danielmatos\/ultima-semana-de-inscricoes-no-concurso-publico-de-paco-do-lumiar\/#primaryimage"},"image":{"@id":"https:\/\/www.blogsoestado.com\/danielmatos\/ultima-semana-de-inscricoes-no-concurso-publico-de-paco-do-lumiar\/#primaryimage"},"thumbnailUrl":"https:\/\/www.blogsoestado.com\/danielmatos\/files\/2018\/06\/concurso-publico-slz.jpg","datePublished":"2019-01-14T15:57:42+00:00","author":{"@id":""},"breadcrumb":{"@id":"https:\/\/www.blogsoestado.com\/danielmatos\/ultima-semana-de-inscricoes-no-concurso-publico-de-paco-do-lumiar\/#breadcrumb"},"inLanguage":"pt-BR","potentialAction":[{"@type":"ReadAction","target":["https:\/\/www.blogsoestado.com\/danielmatos\/ultima-semana-de-inscricoes-no-concurso-publico-de-paco-do-lumiar\/"]}]},{"@type":"ImageObject","inLanguage":"pt-BR","@id":"https:\/\/www.blogsoestado.com\/danielmatos\/ultima-semana-de-inscricoes-no-concurso-publico-de-paco-do-lumiar\/#primaryimage","url":"https:\/\/www.blogsoestado.com\/danielmatos\/files\/2018\/06\/concurso-publico-slz.jpg","contentUrl":"https:\/\/www.blogsoestado.com\/danielmatos\/files\/2018\/06\/concurso-publico-slz.jpg"},{"@type":"BreadcrumbList","@id":"https:\/\/www.blogsoestado.com\/danielmatos\/ultima-semana-de-inscricoes-no-concurso-publico-de-paco-do-lumiar\/#breadcrumb","itemListElement":[{"@type":"ListItem","position":1,"name":"In\u00edcio","item":"https:\/\/www.blogsoestado.com\/danielmatos\/"},{"@type":"ListItem","position":2,"name":"\u00daltima semana de inscri\u00e7\u00f5es no concurso p\u00fablico de Pa\u00e7o do Lumiar"}]},{"@type":"WebSite","@id":"https:\/\/www.blogsoestado.com\/danielmatos\/#website","url":"https:\/\/www.blogsoestado.com\/danielmatos\/","name":"Daniel Matos","description":"","potentialAction":[{"@type":"SearchAction","target":{"@type":"EntryPoint","urlTemplate":"https:\/\/www.blogsoestado.com\/danielmatos\/?s={search_term_string}"},"query-input":{"@type":"PropertyValueSpecification","valueRequired":true,"valueName":"search_term_string"}}],"inLanguage":"pt-BR"}]}},"jetpack_featured_media_url":"","_links":{"self":[{"href":"https:\/\/www.blogsoestado.com\/danielmatos\/wp-json\/wp\/v2\/posts\/59571","targetHints":{"allow":["GET"]}}],"collection":[{"href":"https:\/\/www.blogsoestado.com\/danielmatos\/wp-json\/wp\/v2\/posts"}],"about":[{"href":"https:\/\/www.blogsoestado.com\/danielmatos\/wp-json\/wp\/v2\/types\/post"}],"replies":[{"embeddable":true,"href":"https:\/\/www.blogsoestado.com\/danielmatos\/wp-json\/wp\/v2\/comments?post=59571"}],"version-history":[{"count":0,"href":"https:\/\/www.blogsoestado.com\/danielmatos\/wp-json\/wp\/v2\/posts\/59571\/revisions"}],"wp:attachment":[{"href":"https:\/\/www.blogsoestado.com\/danielmatos\/wp-json\/wp\/v2\/media?parent=59571"}],"wp:term":[{"taxonomy":"category","embeddable":true,"href":"https:\/\/www.blogsoestado.com\/danielmatos\/wp-json\/wp\/v2\/categories?post=59571"},{"taxonomy":"post_tag","embeddable":true,"href":"https:\/\/www.blogsoestado.com\/danielmatos\/wp-json\/wp\/v2\/tags?post=59571"}],"curies":[{"name":"wp","href":"https:\/\/api.w.org\/{rel}","templated":true}]}}