{"id":59576,"date":"2019-01-14T16:36:21","date_gmt":"2019-01-14T19:36:21","guid":{"rendered":"https:\/\/www.blogsoestado.com\/danielmatos\/?p=59576"},"modified":"2019-01-14T16:36:21","modified_gmt":"2019-01-14T19:36:21","slug":"nota-de-solidariedade-ao-presidente-do-sindjus-ma","status":"publish","type":"post","link":"https:\/\/www.blogsoestado.com\/danielmatos\/nota-de-solidariedade-ao-presidente-do-sindjus-ma\/","title":{"rendered":"Nota de solidariedade ao presidente do Sindjus-MA"},"content":{"rendered":"<p><a href=\"https:\/\/www.blogsoestado.com\/danielmatos\/2019\/01\/14\/nota-de-sidariedade-ao-presidente-do-sindjus-ma\/nota-publica\/\" rel=\"attachment wp-att-59577\"><img fetchpriority=\"high\" decoding=\"async\" class=\"alignleft wp-image-59577\" src=\"https:\/\/www.blogsoestado.com\/danielmatos\/files\/2019\/01\/Nota-Publica.jpeg\" alt=\"\" width=\"450\" height=\"240\" \/><\/a>O Sindicato dos Servidores da Justi\u00e7a do Estado do Maranh\u00e3o (Sindjus-MA) vem a p\u00fablico se solidarizar com o servidor sindicalizado, An\u00edbal da Silva Lins, ocupante do cargo de oficial de justi\u00e7a, licenciado para mandato classista, ora exercendo fun\u00e7\u00e3o de presidente desta entidade, que foi alvo de declara\u00e7\u00f5es ofensivas, durante sess\u00e3o plen\u00e1ria do Tribunal de Justi\u00e7a do Maranh\u00e3o, no dia 28 de novembro de 2018, por parte dos desembargadores Jos\u00e9 Joaquim Figueiredo dos Anjos e Marcelo Carvalho Silva. O servidor exerceu seu direito de pedir a devida retrata\u00e7\u00e3o com apoio do setor jur\u00eddico do Sindicato e com respaldo na legisla\u00e7\u00e3o em vigor.<\/p>\n<p>O Sindjus-MA reafirma sua disposi\u00e7\u00e3o coletiva em cooperar e dialogar permanentemente com a Administra\u00e7\u00e3o do Tribunal. Todavia, n\u00e3o pode jamais transigir com a viola\u00e7\u00e3o de diretos fundamentais de qualquer um dos seus filiados, estando no dever de se solidarizar, proteger e defender esses direitos.<\/p>\n<p><strong>A Diretoria.<\/strong><\/p>\n<p><strong>Saiba mais nos documentos anexos:<\/strong><\/p>\n<p><a href=\"http:\/\/www.sindjusma.org\/UserFiles\/Files\/CERTIDAO%20DE%20BOA%20CONDUTA(1).pdf\">Certid\u00e3o de Boa Conduta<\/a><br \/>\n<a href=\"http:\/\/www.sindjusma.org\/UserFiles\/Files\/CERTIDAO%20DOS%20OFICIAIS%20DE%20JUSTICA.pdf\">Certid\u00e3o de Cargos de Oficiais de Justi\u00e7a<\/a><br \/>\n<a href=\"http:\/\/www.sindjusma.org\/UserFiles\/Files\/CERTIDAO%20DE%20DEGRAVACAO%20DO%20DIA%2028%20DE%20NOVEMBRO%20DE%202018.pdf\">Certid\u00e3o de Degrava\u00e7\u00e3o de Sess\u00e3o Plen\u00e1ria 28\/11<\/a><br \/>\n<a href=\"http:\/\/www.sindjusma.org\/UserFiles\/Files\/PETICAO%20COM%20PROTOCOLO.pdf\">Requerimento de Retra\u00e7\u00e3o<\/a><\/p>\n","protected":false},"excerpt":{"rendered":"<p>O Sindicato dos Servidores da Justi\u00e7a do Estado do Maranh\u00e3o (Sindjus-MA) vem a p\u00fablico se solidarizar com o servidor sindicalizado, [&hellip;]<\/p>\n","protected":false},"author":0,"featured_media":0,"comment_status":"open","ping_status":"open","sticky":false,"template":"","format":"standard","meta":{"site-sidebar-layout":"default","site-content-layout":"","ast-site-content-layout":"default","site-content-style":"default","site-sidebar-style":"default","ast-global-header-display":"","ast-banner-title-visibility":"","ast-main-header-display":"","ast-hfb-above-header-display":"","ast-hfb-below-header-display":"","ast-hfb-mobile-header-display":"","site-post-title":"","ast-breadcrumbs-content":"","ast-featured-img":"","footer-sml-layout":"","ast-disable-related-posts":"","theme-transparent-header-meta":"","adv-header-id-meta":"","stick-header-meta":"","header-above-stick-meta":"","header-main-stick-meta":"","header-below-stick-meta":"","astra-migrate-meta-layouts":"default","ast-page-background-enabled":"default","ast-page-background-meta":{"desktop":{"background-color":"var(--ast-global-color-5)","background-image":"","background-repeat":"repeat","background-position":"center center","background-size":"auto","background-attachment":"scroll","background-type":"","background-media":"","overlay-type":"","overlay-color":"","overlay-opacity":"","overlay-gradient":""},"tablet":{"background-color":"","background-image":"","background-repeat":"repeat","background-position":"center center","background-size":"auto","background-attachment":"scroll","background-type":"","background-media":"","overlay-type":"","overlay-color":"","overlay-opacity":"","overlay-gradient":""},"mobile":{"background-color":"","background-image":"","background-repeat":"repeat","background-position":"center center","background-size":"auto","background-attachment":"scroll","background-type":"","background-media":"","overlay-type":"","overlay-color":"","overlay-opacity":"","overlay-gradient":""}},"ast-content-background-meta":{"desktop":{"background-color":"var(--ast-global-color-4)","background-image":"","background-repeat":"repeat","background-position":"center center","background-size":"auto","background-attachment":"scroll","background-type":"","background-media":"","overlay-type":"","overlay-color":"","overlay-opacity":"","overlay-gradient":""},"tablet":{"background-color":"var(--ast-global-color-4)","background-image":"","background-repeat":"repeat","background-position":"center center","background-size":"auto","background-attachment":"scroll","background-type":"","background-media":"","overlay-type":"","overlay-color":"","overlay-opacity":"","overlay-gradient":""},"mobile":{"background-color":"var(--ast-global-color-4)","background-image":"","background-repeat":"repeat","background-position":"center center","background-size":"auto","background-attachment":"scroll","background-type":"","background-media":"","overlay-type":"","overlay-color":"","overlay-opacity":"","overlay-gradient":""}},"footnotes":""},"categories":[1],"tags":[],"class_list":["post-59576","post","type-post","status-publish","format-standard","hentry","category-sem-categoria"],"yoast_head":"<!-- This site is optimized with the Yoast SEO plugin v26.6 - https:\/\/yoast.com\/wordpress\/plugins\/seo\/ -->\n<title>Nota de solidariedade ao presidente do Sindjus-MA - Daniel Matos<\/title>\n<meta name=\"robots\" content=\"index, follow, max-snippet:-1, max-image-preview:large, max-video-preview:-1\" \/>\n<link rel=\"canonical\" href=\"https:\/\/www.blogsoestado.com\/danielmatos\/nota-de-solidariedade-ao-presidente-do-sindjus-ma\/\" \/>\n<meta property=\"og:locale\" content=\"pt_BR\" \/>\n<meta property=\"og:type\" content=\"article\" \/>\n<meta property=\"og:title\" content=\"Nota de solidariedade ao presidente do Sindjus-MA - Daniel Matos\" \/>\n<meta property=\"og:description\" content=\"O Sindicato dos Servidores da Justi\u00e7a do Estado do Maranh\u00e3o (Sindjus-MA) vem a p\u00fablico se solidarizar com o servidor sindicalizado, [&hellip;]\" \/>\n<meta property=\"og:url\" content=\"https:\/\/www.blogsoestado.com\/danielmatos\/nota-de-solidariedade-ao-presidente-do-sindjus-ma\/\" \/>\n<meta property=\"og:site_name\" content=\"Daniel Matos\" \/>\n<meta property=\"article:published_time\" content=\"2019-01-14T19:36:21+00:00\" \/>\n<meta property=\"og:image\" content=\"https:\/\/www.blogsoestado.com\/danielmatos\/files\/2019\/01\/Nota-Publica.jpeg\" \/>\n<meta name=\"twitter:card\" content=\"summary_large_image\" \/>\n<meta name=\"twitter:label1\" content=\"Est. tempo de leitura\" \/>\n\t<meta name=\"twitter:data1\" content=\"1 minuto\" \/>\n<script type=\"application\/ld+json\" class=\"yoast-schema-graph\">{\"@context\":\"https:\/\/schema.org\",\"@graph\":[{\"@type\":\"WebPage\",\"@id\":\"https:\/\/www.blogsoestado.com\/danielmatos\/nota-de-solidariedade-ao-presidente-do-sindjus-ma\/\",\"url\":\"https:\/\/www.blogsoestado.com\/danielmatos\/nota-de-solidariedade-ao-presidente-do-sindjus-ma\/\",\"name\":\"Nota de solidariedade ao presidente do Sindjus-MA - Daniel Matos\",\"isPartOf\":{\"@id\":\"https:\/\/www.blogsoestado.com\/danielmatos\/#website\"},\"primaryImageOfPage\":{\"@id\":\"https:\/\/www.blogsoestado.com\/danielmatos\/nota-de-solidariedade-ao-presidente-do-sindjus-ma\/#primaryimage\"},\"image\":{\"@id\":\"https:\/\/www.blogsoestado.com\/danielmatos\/nota-de-solidariedade-ao-presidente-do-sindjus-ma\/#primaryimage\"},\"thumbnailUrl\":\"https:\/\/www.blogsoestado.com\/danielmatos\/files\/2019\/01\/Nota-Publica.jpeg\",\"datePublished\":\"2019-01-14T19:36:21+00:00\",\"author\":{\"@id\":\"\"},\"breadcrumb\":{\"@id\":\"https:\/\/www.blogsoestado.com\/danielmatos\/nota-de-solidariedade-ao-presidente-do-sindjus-ma\/#breadcrumb\"},\"inLanguage\":\"pt-BR\",\"potentialAction\":[{\"@type\":\"ReadAction\",\"target\":[\"https:\/\/www.blogsoestado.com\/danielmatos\/nota-de-solidariedade-ao-presidente-do-sindjus-ma\/\"]}]},{\"@type\":\"ImageObject\",\"inLanguage\":\"pt-BR\",\"@id\":\"https:\/\/www.blogsoestado.com\/danielmatos\/nota-de-solidariedade-ao-presidente-do-sindjus-ma\/#primaryimage\",\"url\":\"https:\/\/www.blogsoestado.com\/danielmatos\/files\/2019\/01\/Nota-Publica.jpeg\",\"contentUrl\":\"https:\/\/www.blogsoestado.com\/danielmatos\/files\/2019\/01\/Nota-Publica.jpeg\"},{\"@type\":\"BreadcrumbList\",\"@id\":\"https:\/\/www.blogsoestado.com\/danielmatos\/nota-de-solidariedade-ao-presidente-do-sindjus-ma\/#breadcrumb\",\"itemListElement\":[{\"@type\":\"ListItem\",\"position\":1,\"name\":\"In\u00edcio\",\"item\":\"https:\/\/www.blogsoestado.com\/danielmatos\/\"},{\"@type\":\"ListItem\",\"position\":2,\"name\":\"Nota de solidariedade ao presidente do Sindjus-MA\"}]},{\"@type\":\"WebSite\",\"@id\":\"https:\/\/www.blogsoestado.com\/danielmatos\/#website\",\"url\":\"https:\/\/www.blogsoestado.com\/danielmatos\/\",\"name\":\"Daniel Matos\",\"description\":\"\",\"potentialAction\":[{\"@type\":\"SearchAction\",\"target\":{\"@type\":\"EntryPoint\",\"urlTemplate\":\"https:\/\/www.blogsoestado.com\/danielmatos\/?s={search_term_string}\"},\"query-input\":{\"@type\":\"PropertyValueSpecification\",\"valueRequired\":true,\"valueName\":\"search_term_string\"}}],\"inLanguage\":\"pt-BR\"}]}<\/script>\n<!-- \/ Yoast SEO plugin. -->","yoast_head_json":{"title":"Nota de solidariedade ao presidente do Sindjus-MA - Daniel Matos","robots":{"index":"index","follow":"follow","max-snippet":"max-snippet:-1","max-image-preview":"max-image-preview:large","max-video-preview":"max-video-preview:-1"},"canonical":"https:\/\/www.blogsoestado.com\/danielmatos\/nota-de-solidariedade-ao-presidente-do-sindjus-ma\/","og_locale":"pt_BR","og_type":"article","og_title":"Nota de solidariedade ao presidente do Sindjus-MA - Daniel Matos","og_description":"O Sindicato dos Servidores da Justi\u00e7a do Estado do Maranh\u00e3o (Sindjus-MA) vem a p\u00fablico se solidarizar com o servidor sindicalizado, [&hellip;]","og_url":"https:\/\/www.blogsoestado.com\/danielmatos\/nota-de-solidariedade-ao-presidente-do-sindjus-ma\/","og_site_name":"Daniel Matos","article_published_time":"2019-01-14T19:36:21+00:00","og_image":[{"url":"https:\/\/www.blogsoestado.com\/danielmatos\/files\/2019\/01\/Nota-Publica.jpeg","type":"","width":"","height":""}],"twitter_card":"summary_large_image","twitter_misc":{"Est. tempo de leitura":"1 minuto"},"schema":{"@context":"https:\/\/schema.org","@graph":[{"@type":"WebPage","@id":"https:\/\/www.blogsoestado.com\/danielmatos\/nota-de-solidariedade-ao-presidente-do-sindjus-ma\/","url":"https:\/\/www.blogsoestado.com\/danielmatos\/nota-de-solidariedade-ao-presidente-do-sindjus-ma\/","name":"Nota de solidariedade ao presidente do Sindjus-MA - Daniel Matos","isPartOf":{"@id":"https:\/\/www.blogsoestado.com\/danielmatos\/#website"},"primaryImageOfPage":{"@id":"https:\/\/www.blogsoestado.com\/danielmatos\/nota-de-solidariedade-ao-presidente-do-sindjus-ma\/#primaryimage"},"image":{"@id":"https:\/\/www.blogsoestado.com\/danielmatos\/nota-de-solidariedade-ao-presidente-do-sindjus-ma\/#primaryimage"},"thumbnailUrl":"https:\/\/www.blogsoestado.com\/danielmatos\/files\/2019\/01\/Nota-Publica.jpeg","datePublished":"2019-01-14T19:36:21+00:00","author":{"@id":""},"breadcrumb":{"@id":"https:\/\/www.blogsoestado.com\/danielmatos\/nota-de-solidariedade-ao-presidente-do-sindjus-ma\/#breadcrumb"},"inLanguage":"pt-BR","potentialAction":[{"@type":"ReadAction","target":["https:\/\/www.blogsoestado.com\/danielmatos\/nota-de-solidariedade-ao-presidente-do-sindjus-ma\/"]}]},{"@type":"ImageObject","inLanguage":"pt-BR","@id":"https:\/\/www.blogsoestado.com\/danielmatos\/nota-de-solidariedade-ao-presidente-do-sindjus-ma\/#primaryimage","url":"https:\/\/www.blogsoestado.com\/danielmatos\/files\/2019\/01\/Nota-Publica.jpeg","contentUrl":"https:\/\/www.blogsoestado.com\/danielmatos\/files\/2019\/01\/Nota-Publica.jpeg"},{"@type":"BreadcrumbList","@id":"https:\/\/www.blogsoestado.com\/danielmatos\/nota-de-solidariedade-ao-presidente-do-sindjus-ma\/#breadcrumb","itemListElement":[{"@type":"ListItem","position":1,"name":"In\u00edcio","item":"https:\/\/www.blogsoestado.com\/danielmatos\/"},{"@type":"ListItem","position":2,"name":"Nota de solidariedade ao presidente do Sindjus-MA"}]},{"@type":"WebSite","@id":"https:\/\/www.blogsoestado.com\/danielmatos\/#website","url":"https:\/\/www.blogsoestado.com\/danielmatos\/","name":"Daniel Matos","description":"","potentialAction":[{"@type":"SearchAction","target":{"@type":"EntryPoint","urlTemplate":"https:\/\/www.blogsoestado.com\/danielmatos\/?s={search_term_string}"},"query-input":{"@type":"PropertyValueSpecification","valueRequired":true,"valueName":"search_term_string"}}],"inLanguage":"pt-BR"}]}},"jetpack_featured_media_url":"","_links":{"self":[{"href":"https:\/\/www.blogsoestado.com\/danielmatos\/wp-json\/wp\/v2\/posts\/59576","targetHints":{"allow":["GET"]}}],"collection":[{"href":"https:\/\/www.blogsoestado.com\/danielmatos\/wp-json\/wp\/v2\/posts"}],"about":[{"href":"https:\/\/www.blogsoestado.com\/danielmatos\/wp-json\/wp\/v2\/types\/post"}],"replies":[{"embeddable":true,"href":"https:\/\/www.blogsoestado.com\/danielmatos\/wp-json\/wp\/v2\/comments?post=59576"}],"version-history":[{"count":0,"href":"https:\/\/www.blogsoestado.com\/danielmatos\/wp-json\/wp\/v2\/posts\/59576\/revisions"}],"wp:attachment":[{"href":"https:\/\/www.blogsoestado.com\/danielmatos\/wp-json\/wp\/v2\/media?parent=59576"}],"wp:term":[{"taxonomy":"category","embeddable":true,"href":"https:\/\/www.blogsoestado.com\/danielmatos\/wp-json\/wp\/v2\/categories?post=59576"},{"taxonomy":"post_tag","embeddable":true,"href":"https:\/\/www.blogsoestado.com\/danielmatos\/wp-json\/wp\/v2\/tags?post=59576"}],"curies":[{"name":"wp","href":"https:\/\/api.w.org\/{rel}","templated":true}]}}