{"id":59581,"date":"2019-01-14T18:03:12","date_gmt":"2019-01-14T21:03:12","guid":{"rendered":"https:\/\/www.blogsoestado.com\/danielmatos\/?p=59581"},"modified":"2019-01-14T18:03:12","modified_gmt":"2019-01-14T21:03:12","slug":"prefeitura-de-sao-luis-inicia-nesta-terca-15-serie-de-audiencias-publicas-sobre-o-plano-diretor","status":"publish","type":"post","link":"https:\/\/www.blogsoestado.com\/danielmatos\/prefeitura-de-sao-luis-inicia-nesta-terca-15-serie-de-audiencias-publicas-sobre-o-plano-diretor\/","title":{"rendered":"Prefeitura de S\u00e3o Lu\u00eds inicia nesta ter\u00e7a (15) s\u00e9rie de audi\u00eancias p\u00fablicas sobre o Plano Diretor"},"content":{"rendered":"<h2><span style=\"color: #ff0000;\">Audi\u00eancias s\u00e3o uma oportunidade para que a popula\u00e7\u00e3o se pronuncie sobre a proposta de revis\u00e3o do documento elaborada a partir das reuni\u00f5es t\u00e9cnicas entre integrantes do Conselho da Cidade<\/span><\/h2>\n<figure id=\"attachment_59582\" aria-describedby=\"caption-attachment-59582\" style=\"width: 640px\" class=\"wp-caption aligncenter\"><a href=\"https:\/\/www.blogsoestado.com\/danielmatos\/2019\/01\/14\/prefeitura-de-sao-luis-inicia-nesta-terca-15-serie-de-audiencias-publicas-sobre-o-plano-diretor\/22256_oficina_sobre_palno_diretor_141218_fotobaeta2\/\" rel=\"attachment wp-att-59582\"><img fetchpriority=\"high\" decoding=\"async\" class=\"wp-image-59582\" src=\"https:\/\/www.blogsoestado.com\/danielmatos\/files\/2019\/01\/22256_oficina_sobre_palno_diretor_141218_fotobaeta2.jpg\" alt=\"\" width=\"640\" height=\"426\" \/><\/a><figcaption id=\"caption-attachment-59582\" class=\"wp-caption-text\">Oficina do Conselho da Cidade sobre o Plano Diretor<\/figcaption><\/figure>\n<p>A Prefeitura de S\u00e3o Lu\u00eds, por meio da Secretaria Municipal de Planejamento e Desenvolvimento (Seplan), convoca a sociedade para que participe da fase de conclus\u00e3o de mais uma etapa da revis\u00e3o do Plano Diretor (Lei N\u00ba 4.669\\06). Nesta ter\u00e7a-feira (15) ocorre a primeira de uma s\u00e9rie de nove audi\u00eancias p\u00fablicas nas quais ser\u00e3o debatidos todos os temas do documento com a participa\u00e7\u00e3o de entidades representativas de classes e popula\u00e7\u00e3o. O primeiro encontro acontece no audit\u00f3rio da Faculdade Pit\u00e1goras, na Avenida S\u00e3o Lu\u00eds Rei de Fran\u00e7a, Turu, das 19h \u00e0s 22h. O calend\u00e1rio (confira abaixo) segue sempre \u00e0s ter\u00e7as e quintas \u00e0 noite, e nos s\u00e1bados \u00e0 tarde. As audi\u00eancias s\u00e3o uma oportunidade para que a popula\u00e7\u00e3o se pronuncie sobre a proposta de revis\u00e3o do documento apresentada pelo munic\u00edpio.<\/p>\n<p>A proposta que ser\u00e1 apresentada durante as audi\u00eancias foi elaborada a partir das reuni\u00f5es t\u00e9cnicas entre integrantes do Conselho da Cidade, ocorridas no per\u00edodo entre dezembro de 2017 e novembro de 2018. A nova proposta \u00e9 acompanhada de uma nova cartografia que ser\u00e1 apresentada concomitantemente ao texto revisado. Todo esse material est\u00e1 dispon\u00edvel para consulta no Portal da Prefeitura, no endere\u00e7o\u00a0<a href=\"https:\/\/www.agenciasaoluis.com.br\/email_tracking_links.asp?c=22835-7b72da412318d1e04db8282f6b7edc9a-424259&amp;h=http:\/\/www.saoluis.ma.gov.br\" target=\"_blank\" rel=\"noopener noreferrer\" data-saferedirecturl=\"https:\/\/www.google.com\/url?q=https:\/\/www.agenciasaoluis.com.br\/email_tracking_links.asp?c%3D22835-7b72da412318d1e04db8282f6b7edc9a-424259%26h%3Dhttp:\/\/www.saoluis.ma.gov.br&amp;source=gmail&amp;ust=1547584357101000&amp;usg=AFQjCNGMPRN1RICQL0pavnRYV5E6ZhZJjg\">www.saoluis.ma.gov.br<\/a>. Uma copia impressa de todo o material a ser discutido nas audi\u00eancias est\u00e1 dispon\u00edvel para a consulta p\u00fablica no Instituto da Cidade que fica localizado no mesmo pr\u00e9dio da Seplan &#8211; Rua das Andirobas, 26 , Jardim Renascen\u00e7a I, S\u00e3o Lu\u00eds. L\u00e1 o cidad\u00e3o pode ter acesso e consultar a nova proposta, a legisla\u00e7\u00e3o antiga e ainda dos mapas.<\/p>\n<p>&#8220;O Plano Diretor \u00e9 o principal instrumento normativo e orientador de pol\u00edtica de desenvolvimento urbano e rural da cidade&#8221;, esclarece o presidente do Conselho da Cidade, o secret\u00e1rio municipal de Projetos Especiais, Gustavo Marques. De maneira concreta, o Plano Diretor \u00e9 que delimita as \u00e1reas do territ\u00f3rio municipal, classificando-as como sendo rural ou urbana.<\/p>\n<p>As contribui\u00e7\u00f5es apresentadas durante as audi\u00eancias p\u00fablicas ser\u00e3o sistematizadas por uma comiss\u00e3o do poder p\u00fablico constitu\u00edda pelo Instituto da Cidade, Pesquisa, Planejamento Urbano e Rural (Incid); Secretaria Municipal de Planejamento e Desenvolvimento (Seplan); Secretaria Municipal de Meio Ambiente (Semam); Secretaria Municipal de Tr\u00e2nsito e Transporte (SMTT); Secretaria Municipal de Projetos Especiais (Sempe); Secretaria Municipal de Urbanismo e Habita\u00e7\u00e3o (Semurh) e Instituto Municipal de Paisagem Urbana (Impur). Estes s\u00e3o \u00f3rg\u00e3os com representa\u00e7\u00e3o no Conselho da Cidade.<\/p>\n<p>Para o presidente do Instituto da Cidade, Marcelo do Esp\u00edrito Santo, que participou da elabora\u00e7\u00e3o do Plano Diretor de 2006, desta vez a intera\u00e7\u00e3o com a sociedade no processo de revis\u00e3o foi superior \u00e0 precedente. &#8220;Tudo que foi alterado, foi fruto das discuss\u00f5es com os conselheiros. Foram mais de 40 reuni\u00f5es realizadas com aprofundamentos dos temas. Nestas reuni\u00f5es foram debatidos artigo por artigo do Plano Diretor&#8221;, pontua.<\/p>\n<p>Em rela\u00e7\u00e3o ao projeto anterior, a revis\u00e3o ampliou a legisla\u00e7\u00e3o em aproximadamente 40 artigos. &#8220;Houve modifica\u00e7\u00f5es importantes. Inclus\u00e3o de artigos, supress\u00e3o de artigos, reordenamento de ideias, etc. Mudan\u00e7as at\u00e9 mesmo em rela\u00e7\u00e3o ao texto anterior. Reda\u00e7\u00f5es que n\u00e3o eram consideradas claras foram substitu\u00eddas. Algumas corrigidas. Foram mudados desde pontos mais simples, at\u00e9 aqueles que de fato s\u00e3o contribui\u00e7\u00f5es do Conselho da Cidade&#8221;, pontua o presidente do Incid.<\/p>\n<p><strong>MOBILIDADE<\/strong><\/p>\n<p>A mobilidade foi um dos cap\u00edtulos que despertou grande interesse e participa\u00e7\u00e3o entre os conselheiros e sociedade civil nas rodadas para prepara\u00e7\u00e3o da propostas. Grupos de ciclistas e pessoas diretamente ligadas aos estes movimentos da mobilidade urbana tiveram participa\u00e7\u00e3o ativa com contribui\u00e7\u00e3o efetiva na elabora\u00e7\u00e3o da proposta de revis\u00e3o.<\/p>\n<p>Em 2006, quando da aprova\u00e7\u00e3o do Plano Diretor que est\u00e1 sendo revisado, o munic\u00edpio ainda n\u00e3o contava com um Plano de Mobilidade. Diante da nova realidade, o tema passou a ser pulsante no processo de revis\u00e3o. &#8220;A proposta que est\u00e1 sendo apresentada \u00e9 inteiramente baseada na Pol\u00edtica Nacional de Mobilidade Urbana. Sendo uma legisla\u00e7\u00e3o recente, as diretrizes que s\u00e3o lan\u00e7adas por esta lei est\u00e3o sendo respeitadas na revis\u00e3o do Plano&#8221;, considerou o representante da SMTT no Conselho das Cidade, Paulo Rodrigues.<\/p>\n<p>Segundo Marcelo do Esp\u00edrito Santo, o poder p\u00fablico acompanhou os debates desempenhando a fun\u00e7\u00e3o t\u00e9cnica. Por exemplo, as altera\u00e7\u00f5es do cap\u00edtulo que trata sobre patrim\u00f4nio edificado e conserva\u00e7\u00e3o integrada, que envolve o Centro Hist\u00f3rico, foi coordenado pelo presidente da Funda\u00e7\u00e3o Municipal do Patrim\u00f4nio Hist\u00f3rico, Aquiles Andrade.<\/p>\n<figure style=\"width: 665px\" class=\"wp-caption aligncenter\"><a href=\"https:\/\/www.agenciasaoluis.com.br\/email_tracking_links.asp?c=22835-7b72da412318d1e04db8282f6b7edc9a-424259&amp;h=https:\/\/www.agenciasaoluis.com.br\/midias\/2018\/grandes\/22256_oficina_sobre_palno_diretor_141218_fotobaeta7.jpg\" target=\"_blank\" rel=\"noopener noreferrer\" data-saferedirecturl=\"https:\/\/www.google.com\/url?q=https:\/\/www.agenciasaoluis.com.br\/email_tracking_links.asp?c%3D22835-7b72da412318d1e04db8282f6b7edc9a-424259%26h%3Dhttps:\/\/www.agenciasaoluis.com.br\/midias\/2018\/grandes\/22256_oficina_sobre_palno_diretor_141218_fotobaeta7.jpg&amp;source=gmail&amp;ust=1547584357101000&amp;usg=AFQjCNHjAZhsTS-iumqBjOfXBJ7fW3n-aw\"><img decoding=\"async\" title=\"Cr\u00e9dito: A. Baeta\" src=\"https:\/\/ci5.googleusercontent.com\/proxy\/aS6Ngo6nFljTeSsBn5XWvkFBlxfGiXi5nR4npqedrSAx_W49wsOk9qDBi5UQermkpS8MxMyWDrkWix_hgXBUXw8YI5CjT-9aF26x42YewrzyYZdLpi_k07nhQjiDjeettRxMSZJufoKnP897WU_ruNQtJNj1w3HFCWGLRhrF3A=s0-d-e1-ft#https:\/\/www.agenciasaoluis.com.br\/midias\/2018\/medias\/22256_oficina_sobre_palno_diretor_141218_fotobaeta7.jpg\" alt=\"\" width=\"665\" height=\"443\" \/><\/a><figcaption class=\"wp-caption-text\">T\u00e9cnico faz explana\u00e7\u00e3o sobre proposta de revis\u00e3o do Plano Diretor<\/figcaption><\/figure>\n<p><strong>APROVA\u00c7\u00c3O<\/strong><\/p>\n<p>Ap\u00f3s a an\u00e1lise t\u00e9cnica das contribui\u00e7\u00f5es apresentadas nas audi\u00eancias, o projeto de revis\u00e3o do Plano Diretor dever\u00e1 retornar ao Conselho da Cidade para que seja apreciada e aprovada por seus membros. Estar\u00e1 ent\u00e3o conclu\u00edda a etapa que compete ao Poder Executivo municipal. Antes da realiza\u00e7\u00e3o das audi\u00eancias, a Prefeitura de S\u00e3o Lu\u00eds promoveu duas oficinas preparat\u00f3rias, abertas \u00e0 participa\u00e7\u00e3o do p\u00fablico.<\/p>\n<p>A ideia \u00e9 que a proposta de revis\u00e3o do Plano Diretor seja enviada para a C\u00e2mara dos Vereadores ainda neste primeiro semestre de 2019. Na C\u00e2mara, o projeto ser\u00e1 analisado pela Comiss\u00e3o de Assuntos Urbanos e deve ser aberta nova s\u00e9rie de audi\u00eancias para que os vereadores avaliem junto \u00e0 popula\u00e7\u00e3o as propostas apresentadas.<\/p>\n<p>O Plano Diretor orienta a ocupa\u00e7\u00e3o do solo no munic\u00edpio que leva em considera\u00e7\u00e3o a preserva\u00e7\u00e3o da natureza e da hist\u00f3ria, conciliando os interesses particulares dos habitantes da cidade.<\/p>\n<p><strong>VEJA CALEND\u00c1RIO DAS AUDI\u00caNCIAS<\/strong><\/p>\n<p><strong>Dia 15 de janeiro (ter\u00e7a-feira) &#8211;<\/strong>\u00a0Audit\u00f3rio da Faculdade Pit\u00e1goras (Grupo Kroton) &#8211; ( Avenida S. Lu\u00eds Rei de Fran\u00e7a, 32 &#8211; Turu), das 19h \u00e0s 22h.<\/p>\n<p><strong>Dia 17 de janeiro (quinta-feira) &#8211;<\/strong>\u00a0Audit\u00f3rio da Casa do trabalhador (Avenida Jer\u00f4nimo de Albuquerque, 3716 &#8211; Calhau), das 19h \u00e0s 22h.<\/p>\n<p><strong>Dia 19 de janeiro (s\u00e1bado) &#8211;<\/strong>\u00a0Audit\u00f3rio do Curso de Biologia &#8211; UEMA (Cidade Universit\u00e1ria Paulo VI &#8211; Tirirical), das 16h \u00e0s 19h.<\/p>\n<p><strong>Dia 22 de janeiro (ter\u00e7a-feira) &#8211;<\/strong>\u00a0Audit\u00f3rio Teresinha Jansen (Centro de Conven\u00e7\u00f5es Pedro Neiva de Santana &#8211; Cohafuma), das 19h \u00e0s 22h.<\/p>\n<p><strong>Dia 24 de janeiro (quinta-feira) &#8211;<\/strong>\u00a0Audit\u00f3rio da Faculdade Est\u00e1cio de S\u00e3o Lu\u00eds (Rua Osvaldo Cruz, Grande, 1455 &#8211; Centro), das 19h \u00e0s 22h.<\/p>\n<p><strong>Dia 26 de janeiro (s\u00e1bado) &#8211;<\/strong>\u00a0Associa\u00e7\u00e3o dos Moradores do Povoado Andiroba (Rua Heitor Augusto Pereira , 25 &#8211; Andiroba), das 16h \u00e0s 19h.<\/p>\n<p><strong>Dia 29 de janeiro (ter\u00e7a-feira) &#8211;<\/strong>\u00a0Audit\u00f3rio Central da Universidade Federal do Maranh\u00e3o &#8211; UFMA (Cidade Universit\u00e1ria Dom Delgado &#8211; Avenida dos Portugueses, 1966 &#8211; Campus do Bacanga), das 19h \u00e0s 22h.<\/p>\n<p><strong>Dia 31 de janeiro (quinta-feira) &#8211;<\/strong>\u00a0Audit\u00f3rio da Federa\u00e7\u00e3o das Industria do Maranh\u00e3o &#8211; FIEMA &#8211; Avenida Jer\u00f4nimo de Albuquerque &#8211; Cohama), das 19h \u00e0s 22h.<\/p>\n<p><strong>Dia 2 de fevereiro (s\u00e1bado) &#8211;<\/strong>\u00a0Associa\u00e7\u00e3o de Moradores de Pedrinhas (Rua da Paz, 1 &#8211; Pedrinhas), das 16h \u00e0s 19h.<\/p>\n","protected":false},"excerpt":{"rendered":"<p>Audi\u00eancias s\u00e3o uma oportunidade para que a popula\u00e7\u00e3o se pronuncie sobre a proposta de revis\u00e3o do documento elaborada a partir [&hellip;]<\/p>\n","protected":false},"author":0,"featured_media":0,"comment_status":"open","ping_status":"open","sticky":false,"template":"","format":"standard","meta":{"site-sidebar-layout":"default","site-content-layout":"","ast-site-content-layout":"default","site-content-style":"default","site-sidebar-style":"default","ast-global-header-display":"","ast-banner-title-visibility":"","ast-main-header-display":"","ast-hfb-above-header-display":"","ast-hfb-below-header-display":"","ast-hfb-mobile-header-display":"","site-post-title":"","ast-breadcrumbs-content":"","ast-featured-img":"","footer-sml-layout":"","ast-disable-related-posts":"","theme-transparent-header-meta":"","adv-header-id-meta":"","stick-header-meta":"","header-above-stick-meta":"","header-main-stick-meta":"","header-below-stick-meta":"","astra-migrate-meta-layouts":"default","ast-page-background-enabled":"default","ast-page-background-meta":{"desktop":{"background-color":"var(--ast-global-color-5)","background-image":"","background-repeat":"repeat","background-position":"center center","background-size":"auto","background-attachment":"scroll","background-type":"","background-media":"","overlay-type":"","overlay-color":"","overlay-opacity":"","overlay-gradient":""},"tablet":{"background-color":"","background-image":"","background-repeat":"repeat","background-position":"center center","background-size":"auto","background-attachment":"scroll","background-type":"","background-media":"","overlay-type":"","overlay-color":"","overlay-opacity":"","overlay-gradient":""},"mobile":{"background-color":"","background-image":"","background-repeat":"repeat","background-position":"center center","background-size":"auto","background-attachment":"scroll","background-type":"","background-media":"","overlay-type":"","overlay-color":"","overlay-opacity":"","overlay-gradient":""}},"ast-content-background-meta":{"desktop":{"background-color":"var(--ast-global-color-4)","background-image":"","background-repeat":"repeat","background-position":"center center","background-size":"auto","background-attachment":"scroll","background-type":"","background-media":"","overlay-type":"","overlay-color":"","overlay-opacity":"","overlay-gradient":""},"tablet":{"background-color":"var(--ast-global-color-4)","background-image":"","background-repeat":"repeat","background-position":"center center","background-size":"auto","background-attachment":"scroll","background-type":"","background-media":"","overlay-type":"","overlay-color":"","overlay-opacity":"","overlay-gradient":""},"mobile":{"background-color":"var(--ast-global-color-4)","background-image":"","background-repeat":"repeat","background-position":"center center","background-size":"auto","background-attachment":"scroll","background-type":"","background-media":"","overlay-type":"","overlay-color":"","overlay-opacity":"","overlay-gradient":""}},"footnotes":""},"categories":[1],"tags":[],"class_list":["post-59581","post","type-post","status-publish","format-standard","hentry","category-sem-categoria"],"yoast_head":"<!-- This site is optimized with the Yoast SEO plugin v26.6 - https:\/\/yoast.com\/wordpress\/plugins\/seo\/ -->\n<title>Prefeitura de S\u00e3o Lu\u00eds inicia nesta ter\u00e7a (15) s\u00e9rie de audi\u00eancias p\u00fablicas sobre o Plano Diretor - Daniel Matos<\/title>\n<meta name=\"robots\" content=\"index, follow, max-snippet:-1, max-image-preview:large, max-video-preview:-1\" \/>\n<link rel=\"canonical\" href=\"https:\/\/www.blogsoestado.com\/danielmatos\/prefeitura-de-sao-luis-inicia-nesta-terca-15-serie-de-audiencias-publicas-sobre-o-plano-diretor\/\" \/>\n<meta property=\"og:locale\" content=\"pt_BR\" \/>\n<meta property=\"og:type\" content=\"article\" \/>\n<meta property=\"og:title\" content=\"Prefeitura de S\u00e3o Lu\u00eds inicia nesta ter\u00e7a (15) s\u00e9rie de audi\u00eancias p\u00fablicas sobre o Plano Diretor - Daniel Matos\" \/>\n<meta property=\"og:description\" content=\"Audi\u00eancias s\u00e3o uma oportunidade para que a popula\u00e7\u00e3o se pronuncie sobre a proposta de revis\u00e3o do documento elaborada a partir [&hellip;]\" \/>\n<meta property=\"og:url\" content=\"https:\/\/www.blogsoestado.com\/danielmatos\/prefeitura-de-sao-luis-inicia-nesta-terca-15-serie-de-audiencias-publicas-sobre-o-plano-diretor\/\" \/>\n<meta property=\"og:site_name\" content=\"Daniel Matos\" \/>\n<meta property=\"article:published_time\" content=\"2019-01-14T21:03:12+00:00\" \/>\n<meta property=\"og:image\" content=\"https:\/\/www.blogsoestado.com\/danielmatos\/files\/2019\/01\/22256_oficina_sobre_palno_diretor_141218_fotobaeta2.jpg\" \/>\n<meta name=\"twitter:card\" content=\"summary_large_image\" \/>\n<meta name=\"twitter:label1\" content=\"Est. tempo de leitura\" \/>\n\t<meta name=\"twitter:data1\" content=\"6 minutos\" \/>\n<script type=\"application\/ld+json\" class=\"yoast-schema-graph\">{\"@context\":\"https:\/\/schema.org\",\"@graph\":[{\"@type\":\"WebPage\",\"@id\":\"https:\/\/www.blogsoestado.com\/danielmatos\/prefeitura-de-sao-luis-inicia-nesta-terca-15-serie-de-audiencias-publicas-sobre-o-plano-diretor\/\",\"url\":\"https:\/\/www.blogsoestado.com\/danielmatos\/prefeitura-de-sao-luis-inicia-nesta-terca-15-serie-de-audiencias-publicas-sobre-o-plano-diretor\/\",\"name\":\"Prefeitura de S\u00e3o Lu\u00eds inicia nesta ter\u00e7a (15) s\u00e9rie de audi\u00eancias p\u00fablicas sobre o Plano Diretor - Daniel Matos\",\"isPartOf\":{\"@id\":\"https:\/\/www.blogsoestado.com\/danielmatos\/#website\"},\"primaryImageOfPage\":{\"@id\":\"https:\/\/www.blogsoestado.com\/danielmatos\/prefeitura-de-sao-luis-inicia-nesta-terca-15-serie-de-audiencias-publicas-sobre-o-plano-diretor\/#primaryimage\"},\"image\":{\"@id\":\"https:\/\/www.blogsoestado.com\/danielmatos\/prefeitura-de-sao-luis-inicia-nesta-terca-15-serie-de-audiencias-publicas-sobre-o-plano-diretor\/#primaryimage\"},\"thumbnailUrl\":\"https:\/\/www.blogsoestado.com\/danielmatos\/files\/2019\/01\/22256_oficina_sobre_palno_diretor_141218_fotobaeta2.jpg\",\"datePublished\":\"2019-01-14T21:03:12+00:00\",\"author\":{\"@id\":\"\"},\"breadcrumb\":{\"@id\":\"https:\/\/www.blogsoestado.com\/danielmatos\/prefeitura-de-sao-luis-inicia-nesta-terca-15-serie-de-audiencias-publicas-sobre-o-plano-diretor\/#breadcrumb\"},\"inLanguage\":\"pt-BR\",\"potentialAction\":[{\"@type\":\"ReadAction\",\"target\":[\"https:\/\/www.blogsoestado.com\/danielmatos\/prefeitura-de-sao-luis-inicia-nesta-terca-15-serie-de-audiencias-publicas-sobre-o-plano-diretor\/\"]}]},{\"@type\":\"ImageObject\",\"inLanguage\":\"pt-BR\",\"@id\":\"https:\/\/www.blogsoestado.com\/danielmatos\/prefeitura-de-sao-luis-inicia-nesta-terca-15-serie-de-audiencias-publicas-sobre-o-plano-diretor\/#primaryimage\",\"url\":\"https:\/\/www.blogsoestado.com\/danielmatos\/files\/2019\/01\/22256_oficina_sobre_palno_diretor_141218_fotobaeta2.jpg\",\"contentUrl\":\"https:\/\/www.blogsoestado.com\/danielmatos\/files\/2019\/01\/22256_oficina_sobre_palno_diretor_141218_fotobaeta2.jpg\"},{\"@type\":\"BreadcrumbList\",\"@id\":\"https:\/\/www.blogsoestado.com\/danielmatos\/prefeitura-de-sao-luis-inicia-nesta-terca-15-serie-de-audiencias-publicas-sobre-o-plano-diretor\/#breadcrumb\",\"itemListElement\":[{\"@type\":\"ListItem\",\"position\":1,\"name\":\"In\u00edcio\",\"item\":\"https:\/\/www.blogsoestado.com\/danielmatos\/\"},{\"@type\":\"ListItem\",\"position\":2,\"name\":\"Prefeitura de S\u00e3o Lu\u00eds inicia nesta ter\u00e7a (15) s\u00e9rie de audi\u00eancias p\u00fablicas sobre o Plano Diretor\"}]},{\"@type\":\"WebSite\",\"@id\":\"https:\/\/www.blogsoestado.com\/danielmatos\/#website\",\"url\":\"https:\/\/www.blogsoestado.com\/danielmatos\/\",\"name\":\"Daniel Matos\",\"description\":\"\",\"potentialAction\":[{\"@type\":\"SearchAction\",\"target\":{\"@type\":\"EntryPoint\",\"urlTemplate\":\"https:\/\/www.blogsoestado.com\/danielmatos\/?s={search_term_string}\"},\"query-input\":{\"@type\":\"PropertyValueSpecification\",\"valueRequired\":true,\"valueName\":\"search_term_string\"}}],\"inLanguage\":\"pt-BR\"}]}<\/script>\n<!-- \/ Yoast SEO plugin. -->","yoast_head_json":{"title":"Prefeitura de S\u00e3o Lu\u00eds inicia nesta ter\u00e7a (15) s\u00e9rie de audi\u00eancias p\u00fablicas sobre o Plano Diretor - Daniel Matos","robots":{"index":"index","follow":"follow","max-snippet":"max-snippet:-1","max-image-preview":"max-image-preview:large","max-video-preview":"max-video-preview:-1"},"canonical":"https:\/\/www.blogsoestado.com\/danielmatos\/prefeitura-de-sao-luis-inicia-nesta-terca-15-serie-de-audiencias-publicas-sobre-o-plano-diretor\/","og_locale":"pt_BR","og_type":"article","og_title":"Prefeitura de S\u00e3o Lu\u00eds inicia nesta ter\u00e7a (15) s\u00e9rie de audi\u00eancias p\u00fablicas sobre o Plano Diretor - Daniel Matos","og_description":"Audi\u00eancias s\u00e3o uma oportunidade para que a popula\u00e7\u00e3o se pronuncie sobre a proposta de revis\u00e3o do documento elaborada a partir [&hellip;]","og_url":"https:\/\/www.blogsoestado.com\/danielmatos\/prefeitura-de-sao-luis-inicia-nesta-terca-15-serie-de-audiencias-publicas-sobre-o-plano-diretor\/","og_site_name":"Daniel Matos","article_published_time":"2019-01-14T21:03:12+00:00","og_image":[{"url":"https:\/\/www.blogsoestado.com\/danielmatos\/files\/2019\/01\/22256_oficina_sobre_palno_diretor_141218_fotobaeta2.jpg","type":"","width":"","height":""}],"twitter_card":"summary_large_image","twitter_misc":{"Est. tempo de leitura":"6 minutos"},"schema":{"@context":"https:\/\/schema.org","@graph":[{"@type":"WebPage","@id":"https:\/\/www.blogsoestado.com\/danielmatos\/prefeitura-de-sao-luis-inicia-nesta-terca-15-serie-de-audiencias-publicas-sobre-o-plano-diretor\/","url":"https:\/\/www.blogsoestado.com\/danielmatos\/prefeitura-de-sao-luis-inicia-nesta-terca-15-serie-de-audiencias-publicas-sobre-o-plano-diretor\/","name":"Prefeitura de S\u00e3o Lu\u00eds inicia nesta ter\u00e7a (15) s\u00e9rie de audi\u00eancias p\u00fablicas sobre o Plano Diretor - Daniel Matos","isPartOf":{"@id":"https:\/\/www.blogsoestado.com\/danielmatos\/#website"},"primaryImageOfPage":{"@id":"https:\/\/www.blogsoestado.com\/danielmatos\/prefeitura-de-sao-luis-inicia-nesta-terca-15-serie-de-audiencias-publicas-sobre-o-plano-diretor\/#primaryimage"},"image":{"@id":"https:\/\/www.blogsoestado.com\/danielmatos\/prefeitura-de-sao-luis-inicia-nesta-terca-15-serie-de-audiencias-publicas-sobre-o-plano-diretor\/#primaryimage"},"thumbnailUrl":"https:\/\/www.blogsoestado.com\/danielmatos\/files\/2019\/01\/22256_oficina_sobre_palno_diretor_141218_fotobaeta2.jpg","datePublished":"2019-01-14T21:03:12+00:00","author":{"@id":""},"breadcrumb":{"@id":"https:\/\/www.blogsoestado.com\/danielmatos\/prefeitura-de-sao-luis-inicia-nesta-terca-15-serie-de-audiencias-publicas-sobre-o-plano-diretor\/#breadcrumb"},"inLanguage":"pt-BR","potentialAction":[{"@type":"ReadAction","target":["https:\/\/www.blogsoestado.com\/danielmatos\/prefeitura-de-sao-luis-inicia-nesta-terca-15-serie-de-audiencias-publicas-sobre-o-plano-diretor\/"]}]},{"@type":"ImageObject","inLanguage":"pt-BR","@id":"https:\/\/www.blogsoestado.com\/danielmatos\/prefeitura-de-sao-luis-inicia-nesta-terca-15-serie-de-audiencias-publicas-sobre-o-plano-diretor\/#primaryimage","url":"https:\/\/www.blogsoestado.com\/danielmatos\/files\/2019\/01\/22256_oficina_sobre_palno_diretor_141218_fotobaeta2.jpg","contentUrl":"https:\/\/www.blogsoestado.com\/danielmatos\/files\/2019\/01\/22256_oficina_sobre_palno_diretor_141218_fotobaeta2.jpg"},{"@type":"BreadcrumbList","@id":"https:\/\/www.blogsoestado.com\/danielmatos\/prefeitura-de-sao-luis-inicia-nesta-terca-15-serie-de-audiencias-publicas-sobre-o-plano-diretor\/#breadcrumb","itemListElement":[{"@type":"ListItem","position":1,"name":"In\u00edcio","item":"https:\/\/www.blogsoestado.com\/danielmatos\/"},{"@type":"ListItem","position":2,"name":"Prefeitura de S\u00e3o Lu\u00eds inicia nesta ter\u00e7a (15) s\u00e9rie de audi\u00eancias p\u00fablicas sobre o Plano Diretor"}]},{"@type":"WebSite","@id":"https:\/\/www.blogsoestado.com\/danielmatos\/#website","url":"https:\/\/www.blogsoestado.com\/danielmatos\/","name":"Daniel Matos","description":"","potentialAction":[{"@type":"SearchAction","target":{"@type":"EntryPoint","urlTemplate":"https:\/\/www.blogsoestado.com\/danielmatos\/?s={search_term_string}"},"query-input":{"@type":"PropertyValueSpecification","valueRequired":true,"valueName":"search_term_string"}}],"inLanguage":"pt-BR"}]}},"jetpack_featured_media_url":"","_links":{"self":[{"href":"https:\/\/www.blogsoestado.com\/danielmatos\/wp-json\/wp\/v2\/posts\/59581","targetHints":{"allow":["GET"]}}],"collection":[{"href":"https:\/\/www.blogsoestado.com\/danielmatos\/wp-json\/wp\/v2\/posts"}],"about":[{"href":"https:\/\/www.blogsoestado.com\/danielmatos\/wp-json\/wp\/v2\/types\/post"}],"replies":[{"embeddable":true,"href":"https:\/\/www.blogsoestado.com\/danielmatos\/wp-json\/wp\/v2\/comments?post=59581"}],"version-history":[{"count":0,"href":"https:\/\/www.blogsoestado.com\/danielmatos\/wp-json\/wp\/v2\/posts\/59581\/revisions"}],"wp:attachment":[{"href":"https:\/\/www.blogsoestado.com\/danielmatos\/wp-json\/wp\/v2\/media?parent=59581"}],"wp:term":[{"taxonomy":"category","embeddable":true,"href":"https:\/\/www.blogsoestado.com\/danielmatos\/wp-json\/wp\/v2\/categories?post=59581"},{"taxonomy":"post_tag","embeddable":true,"href":"https:\/\/www.blogsoestado.com\/danielmatos\/wp-json\/wp\/v2\/tags?post=59581"}],"curies":[{"name":"wp","href":"https:\/\/api.w.org\/{rel}","templated":true}]}}