{"id":59590,"date":"2019-01-15T11:14:54","date_gmt":"2019-01-15T14:14:54","guid":{"rendered":"https:\/\/www.blogsoestado.com\/danielmatos\/?p=59590"},"modified":"2019-01-15T11:14:54","modified_gmt":"2019-01-15T14:14:54","slug":"osmar-filho-implanta-setor-de-gestao-de-qualidade-administrativa","status":"publish","type":"post","link":"https:\/\/www.blogsoestado.com\/danielmatos\/osmar-filho-implanta-setor-de-gestao-de-qualidade-administrativa\/","title":{"rendered":"Osmar Filho implanta setor de Gest\u00e3o de Qualidade Administrativa"},"content":{"rendered":"<figure id=\"attachment_59591\" aria-describedby=\"caption-attachment-59591\" style=\"width: 640px\" class=\"wp-caption aligncenter\"><a href=\"https:\/\/www.blogsoestado.com\/danielmatos\/2019\/01\/15\/osmar-filho-implanta-setor-de-gestao-da-qualidade-administrativa\/osmar\/\" rel=\"attachment wp-att-59591\"><img fetchpriority=\"high\" decoding=\"async\" class=\"wp-image-59591\" src=\"https:\/\/www.blogsoestado.com\/danielmatos\/files\/2019\/01\/osmar.jpg\" alt=\"\" width=\"640\" height=\"493\" \/><\/a><figcaption id=\"caption-attachment-59591\" class=\"wp-caption-text\">M\u00e1rcio Lucas (diretor-geral), Osmar Filho e Bruno Lima, respons\u00e1vel pelo novo setor<\/figcaption><\/figure>\n<p>O presidente da C\u00e2mara Municipal de S\u00e3o Lu\u00eds, vereador Osmar Filho\u00a0(PDT), continua ratificando o seu compromisso de tornar a Casa\u00a0Legislativa mais moderna e din\u00e2mica objetivando prestar um servi\u00e7o de\u00a0qualidade aos parlamentares e \u00e0 popula\u00e7\u00e3o.<\/p>\n<p>O pedetista implantou recentemente o setor de Gest\u00e3o de Qualidade Administrativa.<\/p>\n<p>O setor operar\u00e1 com a meta de unificar as demais coordena\u00e7\u00f5es e\u00a0secretarias visando estabelecer um procedimento administrativo uniforme\u00a0e que atenda aos requisitos de certifica\u00e7\u00e3o de qualidade do ISO 9001.<\/p>\n<p>\u201cCom a implanta\u00e7\u00e3o do setor de Gest\u00e3o de Qualidade Administrativa,\u00a0iremos modernizar e integrar os setores da C\u00e2mara, oferecendo aos\u00a0parlamentares e servidores melhores condi\u00e7\u00f5es de trabalho. Isso vai\u00a0gerar grandes benef\u00edcios no atendimento \u00e0 popula\u00e7\u00e3o\u201d, explicou Osmar.<\/p>\n<p>O novo setor ser\u00e1 comandado pelo administrador Bruno Lima, que possui<br \/>\nvasta experi\u00eancia na \u00e1rea de Gest\u00e3o de Qualidade da Vale, por exemplo.<\/p>\n<p>\u201cAgrade\u00e7o o convite do presidente Osmar para o desafio de construir uma\u00a0gest\u00e3o mais eficiente na C\u00e2mara, que estar\u00e1 alinhada ao cen\u00e1rio\u00a0econ\u00f4mico brasileiro. No momento atual, o desafio na gest\u00e3o p\u00fablica \u00e9\u00a0trabalhar de forma eficiente e eficaz, produzindo mais com menos\u201d,\u00a0afirmou Bruno Lima.<\/p>\n<p>O ISO 9001 \u00e9 uma norma de padroniza\u00e7\u00e3o para um determinado servi\u00e7o ou\u00a0produto. Faz parte do conjunto de normas designado ISO 9000 e pode ser\u00a0implementada por organiza\u00e7\u00f5es de qualquer tamanho, independentemente da\u00a0sua \u00e1rea de atividade.<\/p>\n<p>O ISO 9001 tem como objetivo melhorar a gest\u00e3o de uma empresa e pode ser aplicado\u00a0em conjunto com outras regras de funcionamento, como normas de sa\u00fade\u00a0ocupacional, de meio ambiente e de seguran\u00e7a.<\/p>\n<p>Para obter a certifica\u00e7\u00e3o da ISO, uma empresa ou institui\u00e7\u00e3o deve\u00a0cumprir certos requisitos para que as v\u00e1rias fases sejam chanceladas de\u00a0forma adequada.<\/p>\n<p>Por meio dele, uma organiza\u00e7\u00e3o melhora a presta\u00e7\u00e3o de servi\u00e7o ao, cliente, possibilitando o melhoramento de mecanismo de entrega, por exemplo. Al\u00e9m\u00a0disso, tamb\u00e9m \u00e9 usado para medir o n\u00edvel de satisfa\u00e7\u00e3o dos clientes,\u00a0 melhorando a efic\u00e1cia da gest\u00e3o da empresa.<\/p>\n","protected":false},"excerpt":{"rendered":"<p>O presidente da C\u00e2mara Municipal de S\u00e3o Lu\u00eds, vereador Osmar Filho\u00a0(PDT), continua ratificando o seu compromisso de tornar a Casa\u00a0Legislativa [&hellip;]<\/p>\n","protected":false},"author":0,"featured_media":0,"comment_status":"open","ping_status":"open","sticky":false,"template":"","format":"standard","meta":{"site-sidebar-layout":"default","site-content-layout":"","ast-site-content-layout":"default","site-content-style":"default","site-sidebar-style":"default","ast-global-header-display":"","ast-banner-title-visibility":"","ast-main-header-display":"","ast-hfb-above-header-display":"","ast-hfb-below-header-display":"","ast-hfb-mobile-header-display":"","site-post-title":"","ast-breadcrumbs-content":"","ast-featured-img":"","footer-sml-layout":"","ast-disable-related-posts":"","theme-transparent-header-meta":"","adv-header-id-meta":"","stick-header-meta":"","header-above-stick-meta":"","header-main-stick-meta":"","header-below-stick-meta":"","astra-migrate-meta-layouts":"default","ast-page-background-enabled":"default","ast-page-background-meta":{"desktop":{"background-color":"var(--ast-global-color-5)","background-image":"","background-repeat":"repeat","background-position":"center center","background-size":"auto","background-attachment":"scroll","background-type":"","background-media":"","overlay-type":"","overlay-color":"","overlay-opacity":"","overlay-gradient":""},"tablet":{"background-color":"","background-image":"","background-repeat":"repeat","background-position":"center center","background-size":"auto","background-attachment":"scroll","background-type":"","background-media":"","overlay-type":"","overlay-color":"","overlay-opacity":"","overlay-gradient":""},"mobile":{"background-color":"","background-image":"","background-repeat":"repeat","background-position":"center center","background-size":"auto","background-attachment":"scroll","background-type":"","background-media":"","overlay-type":"","overlay-color":"","overlay-opacity":"","overlay-gradient":""}},"ast-content-background-meta":{"desktop":{"background-color":"var(--ast-global-color-4)","background-image":"","background-repeat":"repeat","background-position":"center center","background-size":"auto","background-attachment":"scroll","background-type":"","background-media":"","overlay-type":"","overlay-color":"","overlay-opacity":"","overlay-gradient":""},"tablet":{"background-color":"var(--ast-global-color-4)","background-image":"","background-repeat":"repeat","background-position":"center center","background-size":"auto","background-attachment":"scroll","background-type":"","background-media":"","overlay-type":"","overlay-color":"","overlay-opacity":"","overlay-gradient":""},"mobile":{"background-color":"var(--ast-global-color-4)","background-image":"","background-repeat":"repeat","background-position":"center center","background-size":"auto","background-attachment":"scroll","background-type":"","background-media":"","overlay-type":"","overlay-color":"","overlay-opacity":"","overlay-gradient":""}},"footnotes":""},"categories":[1],"tags":[],"class_list":["post-59590","post","type-post","status-publish","format-standard","hentry","category-sem-categoria"],"yoast_head":"<!-- This site is optimized with the Yoast SEO plugin v26.6 - https:\/\/yoast.com\/wordpress\/plugins\/seo\/ -->\n<title>Osmar Filho implanta setor de Gest\u00e3o de Qualidade Administrativa - Daniel Matos<\/title>\n<meta name=\"robots\" content=\"index, follow, max-snippet:-1, max-image-preview:large, max-video-preview:-1\" \/>\n<link rel=\"canonical\" href=\"https:\/\/www.blogsoestado.com\/danielmatos\/osmar-filho-implanta-setor-de-gestao-de-qualidade-administrativa\/\" \/>\n<meta property=\"og:locale\" content=\"pt_BR\" \/>\n<meta property=\"og:type\" content=\"article\" \/>\n<meta property=\"og:title\" content=\"Osmar Filho implanta setor de Gest\u00e3o de Qualidade Administrativa - Daniel Matos\" \/>\n<meta property=\"og:description\" content=\"O presidente da C\u00e2mara Municipal de S\u00e3o Lu\u00eds, vereador Osmar Filho\u00a0(PDT), continua ratificando o seu compromisso de tornar a Casa\u00a0Legislativa [&hellip;]\" \/>\n<meta property=\"og:url\" content=\"https:\/\/www.blogsoestado.com\/danielmatos\/osmar-filho-implanta-setor-de-gestao-de-qualidade-administrativa\/\" \/>\n<meta property=\"og:site_name\" content=\"Daniel Matos\" \/>\n<meta property=\"article:published_time\" content=\"2019-01-15T14:14:54+00:00\" \/>\n<meta property=\"og:image\" content=\"https:\/\/www.blogsoestado.com\/danielmatos\/files\/2019\/01\/osmar.jpg\" \/>\n<meta name=\"twitter:card\" content=\"summary_large_image\" \/>\n<meta name=\"twitter:label1\" content=\"Est. tempo de leitura\" \/>\n\t<meta name=\"twitter:data1\" content=\"2 minutos\" \/>\n<script type=\"application\/ld+json\" class=\"yoast-schema-graph\">{\"@context\":\"https:\/\/schema.org\",\"@graph\":[{\"@type\":\"WebPage\",\"@id\":\"https:\/\/www.blogsoestado.com\/danielmatos\/osmar-filho-implanta-setor-de-gestao-de-qualidade-administrativa\/\",\"url\":\"https:\/\/www.blogsoestado.com\/danielmatos\/osmar-filho-implanta-setor-de-gestao-de-qualidade-administrativa\/\",\"name\":\"Osmar Filho implanta setor de Gest\u00e3o de Qualidade Administrativa - Daniel Matos\",\"isPartOf\":{\"@id\":\"https:\/\/www.blogsoestado.com\/danielmatos\/#website\"},\"primaryImageOfPage\":{\"@id\":\"https:\/\/www.blogsoestado.com\/danielmatos\/osmar-filho-implanta-setor-de-gestao-de-qualidade-administrativa\/#primaryimage\"},\"image\":{\"@id\":\"https:\/\/www.blogsoestado.com\/danielmatos\/osmar-filho-implanta-setor-de-gestao-de-qualidade-administrativa\/#primaryimage\"},\"thumbnailUrl\":\"https:\/\/www.blogsoestado.com\/danielmatos\/files\/2019\/01\/osmar.jpg\",\"datePublished\":\"2019-01-15T14:14:54+00:00\",\"author\":{\"@id\":\"\"},\"breadcrumb\":{\"@id\":\"https:\/\/www.blogsoestado.com\/danielmatos\/osmar-filho-implanta-setor-de-gestao-de-qualidade-administrativa\/#breadcrumb\"},\"inLanguage\":\"pt-BR\",\"potentialAction\":[{\"@type\":\"ReadAction\",\"target\":[\"https:\/\/www.blogsoestado.com\/danielmatos\/osmar-filho-implanta-setor-de-gestao-de-qualidade-administrativa\/\"]}]},{\"@type\":\"ImageObject\",\"inLanguage\":\"pt-BR\",\"@id\":\"https:\/\/www.blogsoestado.com\/danielmatos\/osmar-filho-implanta-setor-de-gestao-de-qualidade-administrativa\/#primaryimage\",\"url\":\"https:\/\/www.blogsoestado.com\/danielmatos\/files\/2019\/01\/osmar.jpg\",\"contentUrl\":\"https:\/\/www.blogsoestado.com\/danielmatos\/files\/2019\/01\/osmar.jpg\"},{\"@type\":\"BreadcrumbList\",\"@id\":\"https:\/\/www.blogsoestado.com\/danielmatos\/osmar-filho-implanta-setor-de-gestao-de-qualidade-administrativa\/#breadcrumb\",\"itemListElement\":[{\"@type\":\"ListItem\",\"position\":1,\"name\":\"In\u00edcio\",\"item\":\"https:\/\/www.blogsoestado.com\/danielmatos\/\"},{\"@type\":\"ListItem\",\"position\":2,\"name\":\"Osmar Filho implanta setor de Gest\u00e3o de Qualidade Administrativa\"}]},{\"@type\":\"WebSite\",\"@id\":\"https:\/\/www.blogsoestado.com\/danielmatos\/#website\",\"url\":\"https:\/\/www.blogsoestado.com\/danielmatos\/\",\"name\":\"Daniel Matos\",\"description\":\"\",\"potentialAction\":[{\"@type\":\"SearchAction\",\"target\":{\"@type\":\"EntryPoint\",\"urlTemplate\":\"https:\/\/www.blogsoestado.com\/danielmatos\/?s={search_term_string}\"},\"query-input\":{\"@type\":\"PropertyValueSpecification\",\"valueRequired\":true,\"valueName\":\"search_term_string\"}}],\"inLanguage\":\"pt-BR\"}]}<\/script>\n<!-- \/ Yoast SEO plugin. -->","yoast_head_json":{"title":"Osmar Filho implanta setor de Gest\u00e3o de Qualidade Administrativa - Daniel Matos","robots":{"index":"index","follow":"follow","max-snippet":"max-snippet:-1","max-image-preview":"max-image-preview:large","max-video-preview":"max-video-preview:-1"},"canonical":"https:\/\/www.blogsoestado.com\/danielmatos\/osmar-filho-implanta-setor-de-gestao-de-qualidade-administrativa\/","og_locale":"pt_BR","og_type":"article","og_title":"Osmar Filho implanta setor de Gest\u00e3o de Qualidade Administrativa - Daniel Matos","og_description":"O presidente da C\u00e2mara Municipal de S\u00e3o Lu\u00eds, vereador Osmar Filho\u00a0(PDT), continua ratificando o seu compromisso de tornar a Casa\u00a0Legislativa [&hellip;]","og_url":"https:\/\/www.blogsoestado.com\/danielmatos\/osmar-filho-implanta-setor-de-gestao-de-qualidade-administrativa\/","og_site_name":"Daniel Matos","article_published_time":"2019-01-15T14:14:54+00:00","og_image":[{"url":"https:\/\/www.blogsoestado.com\/danielmatos\/files\/2019\/01\/osmar.jpg","type":"","width":"","height":""}],"twitter_card":"summary_large_image","twitter_misc":{"Est. tempo de leitura":"2 minutos"},"schema":{"@context":"https:\/\/schema.org","@graph":[{"@type":"WebPage","@id":"https:\/\/www.blogsoestado.com\/danielmatos\/osmar-filho-implanta-setor-de-gestao-de-qualidade-administrativa\/","url":"https:\/\/www.blogsoestado.com\/danielmatos\/osmar-filho-implanta-setor-de-gestao-de-qualidade-administrativa\/","name":"Osmar Filho implanta setor de Gest\u00e3o de Qualidade Administrativa - Daniel Matos","isPartOf":{"@id":"https:\/\/www.blogsoestado.com\/danielmatos\/#website"},"primaryImageOfPage":{"@id":"https:\/\/www.blogsoestado.com\/danielmatos\/osmar-filho-implanta-setor-de-gestao-de-qualidade-administrativa\/#primaryimage"},"image":{"@id":"https:\/\/www.blogsoestado.com\/danielmatos\/osmar-filho-implanta-setor-de-gestao-de-qualidade-administrativa\/#primaryimage"},"thumbnailUrl":"https:\/\/www.blogsoestado.com\/danielmatos\/files\/2019\/01\/osmar.jpg","datePublished":"2019-01-15T14:14:54+00:00","author":{"@id":""},"breadcrumb":{"@id":"https:\/\/www.blogsoestado.com\/danielmatos\/osmar-filho-implanta-setor-de-gestao-de-qualidade-administrativa\/#breadcrumb"},"inLanguage":"pt-BR","potentialAction":[{"@type":"ReadAction","target":["https:\/\/www.blogsoestado.com\/danielmatos\/osmar-filho-implanta-setor-de-gestao-de-qualidade-administrativa\/"]}]},{"@type":"ImageObject","inLanguage":"pt-BR","@id":"https:\/\/www.blogsoestado.com\/danielmatos\/osmar-filho-implanta-setor-de-gestao-de-qualidade-administrativa\/#primaryimage","url":"https:\/\/www.blogsoestado.com\/danielmatos\/files\/2019\/01\/osmar.jpg","contentUrl":"https:\/\/www.blogsoestado.com\/danielmatos\/files\/2019\/01\/osmar.jpg"},{"@type":"BreadcrumbList","@id":"https:\/\/www.blogsoestado.com\/danielmatos\/osmar-filho-implanta-setor-de-gestao-de-qualidade-administrativa\/#breadcrumb","itemListElement":[{"@type":"ListItem","position":1,"name":"In\u00edcio","item":"https:\/\/www.blogsoestado.com\/danielmatos\/"},{"@type":"ListItem","position":2,"name":"Osmar Filho implanta setor de Gest\u00e3o de Qualidade Administrativa"}]},{"@type":"WebSite","@id":"https:\/\/www.blogsoestado.com\/danielmatos\/#website","url":"https:\/\/www.blogsoestado.com\/danielmatos\/","name":"Daniel Matos","description":"","potentialAction":[{"@type":"SearchAction","target":{"@type":"EntryPoint","urlTemplate":"https:\/\/www.blogsoestado.com\/danielmatos\/?s={search_term_string}"},"query-input":{"@type":"PropertyValueSpecification","valueRequired":true,"valueName":"search_term_string"}}],"inLanguage":"pt-BR"}]}},"jetpack_featured_media_url":"","_links":{"self":[{"href":"https:\/\/www.blogsoestado.com\/danielmatos\/wp-json\/wp\/v2\/posts\/59590","targetHints":{"allow":["GET"]}}],"collection":[{"href":"https:\/\/www.blogsoestado.com\/danielmatos\/wp-json\/wp\/v2\/posts"}],"about":[{"href":"https:\/\/www.blogsoestado.com\/danielmatos\/wp-json\/wp\/v2\/types\/post"}],"replies":[{"embeddable":true,"href":"https:\/\/www.blogsoestado.com\/danielmatos\/wp-json\/wp\/v2\/comments?post=59590"}],"version-history":[{"count":0,"href":"https:\/\/www.blogsoestado.com\/danielmatos\/wp-json\/wp\/v2\/posts\/59590\/revisions"}],"wp:attachment":[{"href":"https:\/\/www.blogsoestado.com\/danielmatos\/wp-json\/wp\/v2\/media?parent=59590"}],"wp:term":[{"taxonomy":"category","embeddable":true,"href":"https:\/\/www.blogsoestado.com\/danielmatos\/wp-json\/wp\/v2\/categories?post=59590"},{"taxonomy":"post_tag","embeddable":true,"href":"https:\/\/www.blogsoestado.com\/danielmatos\/wp-json\/wp\/v2\/tags?post=59590"}],"curies":[{"name":"wp","href":"https:\/\/api.w.org\/{rel}","templated":true}]}}