{"id":59600,"date":"2019-01-15T14:10:52","date_gmt":"2019-01-15T17:10:52","guid":{"rendered":"https:\/\/www.blogsoestado.com\/danielmatos\/?p=59600"},"modified":"2019-01-15T14:10:52","modified_gmt":"2019-01-15T17:10:52","slug":"propaganda-nao-traz-a-vida-dos-trabalhadores-de-volta-diz-deputado-wellington-ao-solicitar-nomeacao-de-aprovados-nas-policias-militar-e-civil","status":"publish","type":"post","link":"https:\/\/www.blogsoestado.com\/danielmatos\/propaganda-nao-traz-a-vida-dos-trabalhadores-de-volta-diz-deputado-wellington-ao-solicitar-nomeacao-de-aprovados-nas-policias-militar-e-civil\/","title":{"rendered":"&#8220;Propaganda n\u00e3o traz a vida dos trabalhadores de volta&#8221;, diz deputado Wellington ao solicitar nomea\u00e7\u00e3o de aprovados nas pol\u00edcias Militar e Civil"},"content":{"rendered":"<figure id=\"attachment_59601\" aria-describedby=\"caption-attachment-59601\" style=\"width: 640px\" class=\"wp-caption aligncenter\"><a href=\"https:\/\/www.blogsoestado.com\/danielmatos\/2019\/01\/15\/propaganda-nao-traz-a-vida-dos-trabalhadores-de-volta-diz-deputado-wellington-ao-solicitar-nomeacao-de-aprovados-nas-policias-militar-e-civil\/img-20190115-wa0149\/\" rel=\"attachment wp-att-59601\"><img fetchpriority=\"high\" decoding=\"async\" class=\"wp-image-59601\" src=\"https:\/\/www.blogsoestado.com\/danielmatos\/files\/2019\/01\/IMG-20190115-WA0149.jpg\" alt=\"\" width=\"640\" height=\"372\" \/><\/a><figcaption id=\"caption-attachment-59601\" class=\"wp-caption-text\">Deputado Wellington em audi\u00eancia com aprovados nos concursos das pol\u00edcias Militar e Civil<\/figcaption><\/figure>\n<p>Diante do aumento na criminalidade, que tem resultado no assassinato de trabalhadores no Maranh\u00e3o, o deputado estadual Wellington do Curso voltou a cobrar do governador Fl\u00e1vio Dino que realize a nomea\u00e7\u00e3o dos aprovados no concurso da Pol\u00edcia Militar do Maranh\u00e3o e Pol\u00edcia Civil. Essa n\u00e3o \u00e9 a primeira vez em que o parlamentar faz a solicita\u00e7\u00e3o. Em outras ocasi\u00f5es, o deputado Wellington j\u00e1 solicitou tamb\u00e9m a retirada da cl\u00e1usula de barreira no concurso da PC, enfatizando a necessidade de se aumentar o efetivo tanto da pol\u00edcia Civil quanto Militar.<\/p>\n<p>Ainda ao se pronunciar, Wellington solicitou a nomea\u00e7\u00e3o dos 2.000 aprovados no concurso da PMMA, incluindo-se candidatos que j\u00e1 realizaram curso de forma\u00e7\u00e3o, pessoas com defici\u00eancia e subjudice, j\u00e1 que a Lei Or\u00e7ament\u00e1ria para execu\u00e7\u00e3o em 2019 j\u00e1 foi aprovada na Assembleia Legislativa e tem a previs\u00e3o para tal ato.<\/p>\n<figure id=\"attachment_59602\" aria-describedby=\"caption-attachment-59602\" style=\"width: 600px\" class=\"wp-caption aligncenter\"><a href=\"https:\/\/www.blogsoestado.com\/danielmatos\/2019\/01\/15\/propaganda-nao-traz-a-vida-dos-trabalhadores-de-volta-diz-deputado-wellington-ao-solicitar-nomeacao-de-aprovados-nas-policias-militar-e-civil\/img-20190115-wa0150\/\" rel=\"attachment wp-att-59602\"><img decoding=\"async\" class=\"wp-image-59602 size-full\" src=\"https:\/\/www.blogsoestado.com\/danielmatos\/files\/2019\/01\/IMG-20190115-WA0150.jpg\" alt=\"\" width=\"600\" height=\"350\" \/><\/a><figcaption id=\"caption-attachment-59602\" class=\"wp-caption-text\">Wellington argumentou que a nomea\u00e7\u00e3o dos aprovados representar\u00e1 refor\u00e7o da seguran\u00e7a p\u00fablica para os maranhenses<\/figcaption><\/figure>\n<p>\u201cEstamos em um Governo de propaganda! Um Governo que diz que a seguran\u00e7a t\u00e1 bem e que a criminalidade reduziu. Como reduziu? Hoje mataram dois funcion\u00e1rios da Cemar s\u00f3 porque eles exerceram a sua fun\u00e7\u00e3o. Foram assassinados! Todo dia o trabalhador sai e n\u00e3o sabe se volta. Temos aprovados no concurso da Pol\u00edcia Militar e no concurso da Pol\u00edcia Civil. Temos a previs\u00e3o na Lei Or\u00e7ament\u00e1ria para nomea\u00e7\u00e3o de 2.000 novos policiais. Por que n\u00e3o nomear? S\u00e3o homens e mulheres prontos para atuar em nossa seguran\u00e7a p\u00fablica. Fl\u00e1vio Dino, entenda uma coisa: propaganda n\u00e3o traz a vida dos trabalhadores de volta\u201d, disse o deputado Wellington.<\/p>\n<p>A solicita\u00e7\u00e3o foi encaminhada ao Governador Fl\u00e1vio Dino para que aprecie a possibilidade de nomear os aprovados no concurso da PM e Pol\u00edcia Civil em car\u00e1ter de urg\u00eancia.<\/p>\n","protected":false},"excerpt":{"rendered":"<p>Diante do aumento na criminalidade, que tem resultado no assassinato de trabalhadores no Maranh\u00e3o, o deputado estadual Wellington do Curso [&hellip;]<\/p>\n","protected":false},"author":0,"featured_media":0,"comment_status":"open","ping_status":"open","sticky":false,"template":"","format":"standard","meta":{"site-sidebar-layout":"default","site-content-layout":"","ast-site-content-layout":"default","site-content-style":"default","site-sidebar-style":"default","ast-global-header-display":"","ast-banner-title-visibility":"","ast-main-header-display":"","ast-hfb-above-header-display":"","ast-hfb-below-header-display":"","ast-hfb-mobile-header-display":"","site-post-title":"","ast-breadcrumbs-content":"","ast-featured-img":"","footer-sml-layout":"","ast-disable-related-posts":"","theme-transparent-header-meta":"","adv-header-id-meta":"","stick-header-meta":"","header-above-stick-meta":"","header-main-stick-meta":"","header-below-stick-meta":"","astra-migrate-meta-layouts":"default","ast-page-background-enabled":"default","ast-page-background-meta":{"desktop":{"background-color":"var(--ast-global-color-5)","background-image":"","background-repeat":"repeat","background-position":"center center","background-size":"auto","background-attachment":"scroll","background-type":"","background-media":"","overlay-type":"","overlay-color":"","overlay-opacity":"","overlay-gradient":""},"tablet":{"background-color":"","background-image":"","background-repeat":"repeat","background-position":"center center","background-size":"auto","background-attachment":"scroll","background-type":"","background-media":"","overlay-type":"","overlay-color":"","overlay-opacity":"","overlay-gradient":""},"mobile":{"background-color":"","background-image":"","background-repeat":"repeat","background-position":"center center","background-size":"auto","background-attachment":"scroll","background-type":"","background-media":"","overlay-type":"","overlay-color":"","overlay-opacity":"","overlay-gradient":""}},"ast-content-background-meta":{"desktop":{"background-color":"var(--ast-global-color-4)","background-image":"","background-repeat":"repeat","background-position":"center center","background-size":"auto","background-attachment":"scroll","background-type":"","background-media":"","overlay-type":"","overlay-color":"","overlay-opacity":"","overlay-gradient":""},"tablet":{"background-color":"var(--ast-global-color-4)","background-image":"","background-repeat":"repeat","background-position":"center center","background-size":"auto","background-attachment":"scroll","background-type":"","background-media":"","overlay-type":"","overlay-color":"","overlay-opacity":"","overlay-gradient":""},"mobile":{"background-color":"var(--ast-global-color-4)","background-image":"","background-repeat":"repeat","background-position":"center center","background-size":"auto","background-attachment":"scroll","background-type":"","background-media":"","overlay-type":"","overlay-color":"","overlay-opacity":"","overlay-gradient":""}},"footnotes":""},"categories":[1],"tags":[],"class_list":["post-59600","post","type-post","status-publish","format-standard","hentry","category-sem-categoria"],"yoast_head":"<!-- This site is optimized with the Yoast SEO plugin v26.6 - https:\/\/yoast.com\/wordpress\/plugins\/seo\/ -->\n<title>&quot;Propaganda n\u00e3o traz a vida dos trabalhadores de volta&quot;, diz deputado Wellington ao solicitar nomea\u00e7\u00e3o de aprovados nas pol\u00edcias Militar e Civil - Daniel Matos<\/title>\n<meta name=\"robots\" content=\"index, follow, max-snippet:-1, max-image-preview:large, max-video-preview:-1\" \/>\n<link rel=\"canonical\" href=\"https:\/\/www.blogsoestado.com\/danielmatos\/propaganda-nao-traz-a-vida-dos-trabalhadores-de-volta-diz-deputado-wellington-ao-solicitar-nomeacao-de-aprovados-nas-policias-militar-e-civil\/\" \/>\n<meta property=\"og:locale\" content=\"pt_BR\" \/>\n<meta property=\"og:type\" content=\"article\" \/>\n<meta property=\"og:title\" content=\"&quot;Propaganda n\u00e3o traz a vida dos trabalhadores de volta&quot;, diz deputado Wellington ao solicitar nomea\u00e7\u00e3o de aprovados nas pol\u00edcias Militar e Civil - Daniel Matos\" \/>\n<meta property=\"og:description\" content=\"Diante do aumento na criminalidade, que tem resultado no assassinato de trabalhadores no Maranh\u00e3o, o deputado estadual Wellington do Curso [&hellip;]\" \/>\n<meta property=\"og:url\" content=\"https:\/\/www.blogsoestado.com\/danielmatos\/propaganda-nao-traz-a-vida-dos-trabalhadores-de-volta-diz-deputado-wellington-ao-solicitar-nomeacao-de-aprovados-nas-policias-militar-e-civil\/\" \/>\n<meta property=\"og:site_name\" content=\"Daniel Matos\" \/>\n<meta property=\"article:published_time\" content=\"2019-01-15T17:10:52+00:00\" \/>\n<meta property=\"og:image\" content=\"https:\/\/www.blogsoestado.com\/danielmatos\/files\/2019\/01\/IMG-20190115-WA0149.jpg\" \/>\n<meta name=\"twitter:card\" content=\"summary_large_image\" \/>\n<meta name=\"twitter:label1\" content=\"Est. tempo de leitura\" \/>\n\t<meta name=\"twitter:data1\" content=\"2 minutos\" \/>\n<script type=\"application\/ld+json\" class=\"yoast-schema-graph\">{\"@context\":\"https:\/\/schema.org\",\"@graph\":[{\"@type\":\"WebPage\",\"@id\":\"https:\/\/www.blogsoestado.com\/danielmatos\/propaganda-nao-traz-a-vida-dos-trabalhadores-de-volta-diz-deputado-wellington-ao-solicitar-nomeacao-de-aprovados-nas-policias-militar-e-civil\/\",\"url\":\"https:\/\/www.blogsoestado.com\/danielmatos\/propaganda-nao-traz-a-vida-dos-trabalhadores-de-volta-diz-deputado-wellington-ao-solicitar-nomeacao-de-aprovados-nas-policias-militar-e-civil\/\",\"name\":\"\\\"Propaganda n\u00e3o traz a vida dos trabalhadores de volta\\\", diz deputado Wellington ao solicitar nomea\u00e7\u00e3o de aprovados nas pol\u00edcias Militar e Civil - Daniel Matos\",\"isPartOf\":{\"@id\":\"https:\/\/www.blogsoestado.com\/danielmatos\/#website\"},\"primaryImageOfPage\":{\"@id\":\"https:\/\/www.blogsoestado.com\/danielmatos\/propaganda-nao-traz-a-vida-dos-trabalhadores-de-volta-diz-deputado-wellington-ao-solicitar-nomeacao-de-aprovados-nas-policias-militar-e-civil\/#primaryimage\"},\"image\":{\"@id\":\"https:\/\/www.blogsoestado.com\/danielmatos\/propaganda-nao-traz-a-vida-dos-trabalhadores-de-volta-diz-deputado-wellington-ao-solicitar-nomeacao-de-aprovados-nas-policias-militar-e-civil\/#primaryimage\"},\"thumbnailUrl\":\"https:\/\/www.blogsoestado.com\/danielmatos\/files\/2019\/01\/IMG-20190115-WA0149.jpg\",\"datePublished\":\"2019-01-15T17:10:52+00:00\",\"author\":{\"@id\":\"\"},\"breadcrumb\":{\"@id\":\"https:\/\/www.blogsoestado.com\/danielmatos\/propaganda-nao-traz-a-vida-dos-trabalhadores-de-volta-diz-deputado-wellington-ao-solicitar-nomeacao-de-aprovados-nas-policias-militar-e-civil\/#breadcrumb\"},\"inLanguage\":\"pt-BR\",\"potentialAction\":[{\"@type\":\"ReadAction\",\"target\":[\"https:\/\/www.blogsoestado.com\/danielmatos\/propaganda-nao-traz-a-vida-dos-trabalhadores-de-volta-diz-deputado-wellington-ao-solicitar-nomeacao-de-aprovados-nas-policias-militar-e-civil\/\"]}]},{\"@type\":\"ImageObject\",\"inLanguage\":\"pt-BR\",\"@id\":\"https:\/\/www.blogsoestado.com\/danielmatos\/propaganda-nao-traz-a-vida-dos-trabalhadores-de-volta-diz-deputado-wellington-ao-solicitar-nomeacao-de-aprovados-nas-policias-militar-e-civil\/#primaryimage\",\"url\":\"https:\/\/www.blogsoestado.com\/danielmatos\/files\/2019\/01\/IMG-20190115-WA0149.jpg\",\"contentUrl\":\"https:\/\/www.blogsoestado.com\/danielmatos\/files\/2019\/01\/IMG-20190115-WA0149.jpg\"},{\"@type\":\"BreadcrumbList\",\"@id\":\"https:\/\/www.blogsoestado.com\/danielmatos\/propaganda-nao-traz-a-vida-dos-trabalhadores-de-volta-diz-deputado-wellington-ao-solicitar-nomeacao-de-aprovados-nas-policias-militar-e-civil\/#breadcrumb\",\"itemListElement\":[{\"@type\":\"ListItem\",\"position\":1,\"name\":\"In\u00edcio\",\"item\":\"https:\/\/www.blogsoestado.com\/danielmatos\/\"},{\"@type\":\"ListItem\",\"position\":2,\"name\":\"&#8220;Propaganda n\u00e3o traz a vida dos trabalhadores de volta&#8221;, diz deputado Wellington ao solicitar nomea\u00e7\u00e3o de aprovados nas pol\u00edcias Militar e Civil\"}]},{\"@type\":\"WebSite\",\"@id\":\"https:\/\/www.blogsoestado.com\/danielmatos\/#website\",\"url\":\"https:\/\/www.blogsoestado.com\/danielmatos\/\",\"name\":\"Daniel Matos\",\"description\":\"\",\"potentialAction\":[{\"@type\":\"SearchAction\",\"target\":{\"@type\":\"EntryPoint\",\"urlTemplate\":\"https:\/\/www.blogsoestado.com\/danielmatos\/?s={search_term_string}\"},\"query-input\":{\"@type\":\"PropertyValueSpecification\",\"valueRequired\":true,\"valueName\":\"search_term_string\"}}],\"inLanguage\":\"pt-BR\"}]}<\/script>\n<!-- \/ Yoast SEO plugin. -->","yoast_head_json":{"title":"\"Propaganda n\u00e3o traz a vida dos trabalhadores de volta\", diz deputado Wellington ao solicitar nomea\u00e7\u00e3o de aprovados nas pol\u00edcias Militar e Civil - Daniel Matos","robots":{"index":"index","follow":"follow","max-snippet":"max-snippet:-1","max-image-preview":"max-image-preview:large","max-video-preview":"max-video-preview:-1"},"canonical":"https:\/\/www.blogsoestado.com\/danielmatos\/propaganda-nao-traz-a-vida-dos-trabalhadores-de-volta-diz-deputado-wellington-ao-solicitar-nomeacao-de-aprovados-nas-policias-militar-e-civil\/","og_locale":"pt_BR","og_type":"article","og_title":"\"Propaganda n\u00e3o traz a vida dos trabalhadores de volta\", diz deputado Wellington ao solicitar nomea\u00e7\u00e3o de aprovados nas pol\u00edcias Militar e Civil - Daniel Matos","og_description":"Diante do aumento na criminalidade, que tem resultado no assassinato de trabalhadores no Maranh\u00e3o, o deputado estadual Wellington do Curso [&hellip;]","og_url":"https:\/\/www.blogsoestado.com\/danielmatos\/propaganda-nao-traz-a-vida-dos-trabalhadores-de-volta-diz-deputado-wellington-ao-solicitar-nomeacao-de-aprovados-nas-policias-militar-e-civil\/","og_site_name":"Daniel Matos","article_published_time":"2019-01-15T17:10:52+00:00","og_image":[{"url":"https:\/\/www.blogsoestado.com\/danielmatos\/files\/2019\/01\/IMG-20190115-WA0149.jpg","type":"","width":"","height":""}],"twitter_card":"summary_large_image","twitter_misc":{"Est. tempo de leitura":"2 minutos"},"schema":{"@context":"https:\/\/schema.org","@graph":[{"@type":"WebPage","@id":"https:\/\/www.blogsoestado.com\/danielmatos\/propaganda-nao-traz-a-vida-dos-trabalhadores-de-volta-diz-deputado-wellington-ao-solicitar-nomeacao-de-aprovados-nas-policias-militar-e-civil\/","url":"https:\/\/www.blogsoestado.com\/danielmatos\/propaganda-nao-traz-a-vida-dos-trabalhadores-de-volta-diz-deputado-wellington-ao-solicitar-nomeacao-de-aprovados-nas-policias-militar-e-civil\/","name":"\"Propaganda n\u00e3o traz a vida dos trabalhadores de volta\", diz deputado Wellington ao solicitar nomea\u00e7\u00e3o de aprovados nas pol\u00edcias Militar e Civil - Daniel Matos","isPartOf":{"@id":"https:\/\/www.blogsoestado.com\/danielmatos\/#website"},"primaryImageOfPage":{"@id":"https:\/\/www.blogsoestado.com\/danielmatos\/propaganda-nao-traz-a-vida-dos-trabalhadores-de-volta-diz-deputado-wellington-ao-solicitar-nomeacao-de-aprovados-nas-policias-militar-e-civil\/#primaryimage"},"image":{"@id":"https:\/\/www.blogsoestado.com\/danielmatos\/propaganda-nao-traz-a-vida-dos-trabalhadores-de-volta-diz-deputado-wellington-ao-solicitar-nomeacao-de-aprovados-nas-policias-militar-e-civil\/#primaryimage"},"thumbnailUrl":"https:\/\/www.blogsoestado.com\/danielmatos\/files\/2019\/01\/IMG-20190115-WA0149.jpg","datePublished":"2019-01-15T17:10:52+00:00","author":{"@id":""},"breadcrumb":{"@id":"https:\/\/www.blogsoestado.com\/danielmatos\/propaganda-nao-traz-a-vida-dos-trabalhadores-de-volta-diz-deputado-wellington-ao-solicitar-nomeacao-de-aprovados-nas-policias-militar-e-civil\/#breadcrumb"},"inLanguage":"pt-BR","potentialAction":[{"@type":"ReadAction","target":["https:\/\/www.blogsoestado.com\/danielmatos\/propaganda-nao-traz-a-vida-dos-trabalhadores-de-volta-diz-deputado-wellington-ao-solicitar-nomeacao-de-aprovados-nas-policias-militar-e-civil\/"]}]},{"@type":"ImageObject","inLanguage":"pt-BR","@id":"https:\/\/www.blogsoestado.com\/danielmatos\/propaganda-nao-traz-a-vida-dos-trabalhadores-de-volta-diz-deputado-wellington-ao-solicitar-nomeacao-de-aprovados-nas-policias-militar-e-civil\/#primaryimage","url":"https:\/\/www.blogsoestado.com\/danielmatos\/files\/2019\/01\/IMG-20190115-WA0149.jpg","contentUrl":"https:\/\/www.blogsoestado.com\/danielmatos\/files\/2019\/01\/IMG-20190115-WA0149.jpg"},{"@type":"BreadcrumbList","@id":"https:\/\/www.blogsoestado.com\/danielmatos\/propaganda-nao-traz-a-vida-dos-trabalhadores-de-volta-diz-deputado-wellington-ao-solicitar-nomeacao-de-aprovados-nas-policias-militar-e-civil\/#breadcrumb","itemListElement":[{"@type":"ListItem","position":1,"name":"In\u00edcio","item":"https:\/\/www.blogsoestado.com\/danielmatos\/"},{"@type":"ListItem","position":2,"name":"&#8220;Propaganda n\u00e3o traz a vida dos trabalhadores de volta&#8221;, diz deputado Wellington ao solicitar nomea\u00e7\u00e3o de aprovados nas pol\u00edcias Militar e Civil"}]},{"@type":"WebSite","@id":"https:\/\/www.blogsoestado.com\/danielmatos\/#website","url":"https:\/\/www.blogsoestado.com\/danielmatos\/","name":"Daniel Matos","description":"","potentialAction":[{"@type":"SearchAction","target":{"@type":"EntryPoint","urlTemplate":"https:\/\/www.blogsoestado.com\/danielmatos\/?s={search_term_string}"},"query-input":{"@type":"PropertyValueSpecification","valueRequired":true,"valueName":"search_term_string"}}],"inLanguage":"pt-BR"}]}},"jetpack_featured_media_url":"","_links":{"self":[{"href":"https:\/\/www.blogsoestado.com\/danielmatos\/wp-json\/wp\/v2\/posts\/59600","targetHints":{"allow":["GET"]}}],"collection":[{"href":"https:\/\/www.blogsoestado.com\/danielmatos\/wp-json\/wp\/v2\/posts"}],"about":[{"href":"https:\/\/www.blogsoestado.com\/danielmatos\/wp-json\/wp\/v2\/types\/post"}],"replies":[{"embeddable":true,"href":"https:\/\/www.blogsoestado.com\/danielmatos\/wp-json\/wp\/v2\/comments?post=59600"}],"version-history":[{"count":0,"href":"https:\/\/www.blogsoestado.com\/danielmatos\/wp-json\/wp\/v2\/posts\/59600\/revisions"}],"wp:attachment":[{"href":"https:\/\/www.blogsoestado.com\/danielmatos\/wp-json\/wp\/v2\/media?parent=59600"}],"wp:term":[{"taxonomy":"category","embeddable":true,"href":"https:\/\/www.blogsoestado.com\/danielmatos\/wp-json\/wp\/v2\/categories?post=59600"},{"taxonomy":"post_tag","embeddable":true,"href":"https:\/\/www.blogsoestado.com\/danielmatos\/wp-json\/wp\/v2\/tags?post=59600"}],"curies":[{"name":"wp","href":"https:\/\/api.w.org\/{rel}","templated":true}]}}