{"id":59614,"date":"2019-01-16T15:56:04","date_gmt":"2019-01-16T18:56:04","guid":{"rendered":"https:\/\/www.blogsoestado.com\/danielmatos\/?p=59614"},"modified":"2019-01-16T15:56:04","modified_gmt":"2019-01-16T18:56:04","slug":"fabio-gentil-discute-com-presidente-da-emap-projeto-de-instalacao-de-porto-seco-em-caxias","status":"publish","type":"post","link":"https:\/\/www.blogsoestado.com\/danielmatos\/fabio-gentil-discute-com-presidente-da-emap-projeto-de-instalacao-de-porto-seco-em-caxias\/","title":{"rendered":"F\u00e1bio Gentil discute com presidente da Emap projeto de instala\u00e7\u00e3o de porto seco em Caxias"},"content":{"rendered":"<figure id=\"attachment_59620\" aria-describedby=\"caption-attachment-59620\" style=\"width: 622px\" class=\"wp-caption aligncenter\"><a href=\"https:\/\/www.blogsoestado.com\/danielmatos\/2019\/01\/16\/fabio-gentil-discute-com-presidente-da-emap-projeto-de-instalacao-de-porto-seco-em-caxias\/img-20190116-wa01482\/\" rel=\"attachment wp-att-59620\"><img fetchpriority=\"high\" decoding=\"async\" class=\"wp-image-59620 size-full\" src=\"https:\/\/www.blogsoestado.com\/danielmatos\/files\/2019\/01\/IMG-20190116-WA01482.jpg\" alt=\"\" width=\"622\" height=\"864\" \/><\/a><figcaption id=\"caption-attachment-59620\" class=\"wp-caption-text\">F\u00e1bio Gentil foi recebido por Ted Lago (ao centro) para discutir projeto do porto seco em Caxias<\/figcaption><\/figure>\n<p>O prefeito de Caxias, F\u00e1bio Gentil (PRB), esteve reunido, na manh\u00e3 desta quarta-feira, 16 de janeiro, com o presidente da Empresa Maranhense de Administra\u00e7\u00e3o Portu\u00e1ria (Emap), Ted Lago, que gerencia o Porto do Itaqui, em S\u00e3o Lu\u00eds. Na pauta da reuni\u00e3o, a implanta\u00e7\u00e3o do porto seco em Caxias, um projeto ousado, de iniciativa da gest\u00e3o de F\u00e1bio Gentil, que gerar\u00e1 centenas de empregos e colocar\u00e1 o munic\u00edpio na rota do desenvolvimento mundial.<\/p>\n<p><strong>Entenda o que \u00e9 porto seco:<\/strong><\/p>\n<p>Porto seco ou esta\u00e7\u00e3o aduaneira interior (Eadi) \u00e9 um terminal intermodal terrestre diretamente ligado por estrada e\/ou via f\u00e9rrea e\/ou at\u00e9 a\u00e9rea, sendo um dep\u00f3sito alfandegado localizado na zona secund\u00e1ria (fora do porto organizado), geralmente no interior. Recebe as cargas ainda consolidadas, podendo nacionaliz\u00e1-las de imediato ou trabalhar como entreposto aduaneiro. Dessa forma, o porto seco armazena a mercadoria do importador pelo per\u00edodo que este desejar, em regime de suspens\u00e3o de impostos, podendo fazer a nacionaliza\u00e7\u00e3o fracionada.<\/p>\n<p>Na reuni\u00e3o, o presidente da Emap mostrou-se muito interessado em contribuir para a elabora\u00e7\u00e3o do projeto que implantar\u00e1 o porto seco na cidade de Caxias.<\/p>\n<figure id=\"attachment_59622\" aria-describedby=\"caption-attachment-59622\" style=\"width: 622px\" class=\"wp-caption aligncenter\"><a href=\"https:\/\/www.blogsoestado.com\/danielmatos\/2019\/01\/16\/fabio-gentil-discute-com-presidente-da-emap-projeto-de-instalacao-de-porto-seco-em-caxias\/img-20190116-wa01433\/\" rel=\"attachment wp-att-59622\"><img decoding=\"async\" class=\"wp-image-59622 size-full\" src=\"https:\/\/www.blogsoestado.com\/danielmatos\/files\/2019\/01\/IMG-20190116-WA01433.jpg\" alt=\"\" width=\"622\" height=\"1053\" \/><\/a><figcaption id=\"caption-attachment-59622\" class=\"wp-caption-text\">O prefeito de Caxias conheceu o sistema de opera\u00e7\u00f5es portu\u00e1rias<\/figcaption><\/figure>\n<p>Uma pr\u00f3xima reuni\u00e3o j\u00e1 ficou agendada junto ao prefeito e sua equipe da Secretaria de Planejamento com Ted Lago e parte de sua equipe para o inicio do projeto do porto seco.<\/p>\n<p>\u201cEsse ser\u00e1 o primeiro passo. O projeto precisa ainda ap\u00f3s ser conclu\u00eddo, analisado pela Receita Federal e outros \u00f3rg\u00e3os federais e estaduais, para, em seguida, tomar forma f\u00edsica. Mas como se trata de um projeto que, al\u00e9m de gerar muito emprego, trar\u00e1 recursos e investimentos, n\u00e3o s\u00f3 para Caxias, mas para toda o Maranh\u00e3o, acreditamos que n\u00e3o enfrentaremos muitas dificuldades&#8221;, destacou o prefeito F\u00e1bio Gentil.<\/p>\n","protected":false},"excerpt":{"rendered":"<p>O prefeito de Caxias, F\u00e1bio Gentil (PRB), esteve reunido, na manh\u00e3 desta quarta-feira, 16 de janeiro, com o presidente da [&hellip;]<\/p>\n","protected":false},"author":0,"featured_media":0,"comment_status":"open","ping_status":"open","sticky":false,"template":"","format":"standard","meta":{"site-sidebar-layout":"default","site-content-layout":"","ast-site-content-layout":"default","site-content-style":"default","site-sidebar-style":"default","ast-global-header-display":"","ast-banner-title-visibility":"","ast-main-header-display":"","ast-hfb-above-header-display":"","ast-hfb-below-header-display":"","ast-hfb-mobile-header-display":"","site-post-title":"","ast-breadcrumbs-content":"","ast-featured-img":"","footer-sml-layout":"","ast-disable-related-posts":"","theme-transparent-header-meta":"","adv-header-id-meta":"","stick-header-meta":"","header-above-stick-meta":"","header-main-stick-meta":"","header-below-stick-meta":"","astra-migrate-meta-layouts":"default","ast-page-background-enabled":"default","ast-page-background-meta":{"desktop":{"background-color":"var(--ast-global-color-5)","background-image":"","background-repeat":"repeat","background-position":"center center","background-size":"auto","background-attachment":"scroll","background-type":"","background-media":"","overlay-type":"","overlay-color":"","overlay-opacity":"","overlay-gradient":""},"tablet":{"background-color":"","background-image":"","background-repeat":"repeat","background-position":"center center","background-size":"auto","background-attachment":"scroll","background-type":"","background-media":"","overlay-type":"","overlay-color":"","overlay-opacity":"","overlay-gradient":""},"mobile":{"background-color":"","background-image":"","background-repeat":"repeat","background-position":"center center","background-size":"auto","background-attachment":"scroll","background-type":"","background-media":"","overlay-type":"","overlay-color":"","overlay-opacity":"","overlay-gradient":""}},"ast-content-background-meta":{"desktop":{"background-color":"var(--ast-global-color-4)","background-image":"","background-repeat":"repeat","background-position":"center center","background-size":"auto","background-attachment":"scroll","background-type":"","background-media":"","overlay-type":"","overlay-color":"","overlay-opacity":"","overlay-gradient":""},"tablet":{"background-color":"var(--ast-global-color-4)","background-image":"","background-repeat":"repeat","background-position":"center center","background-size":"auto","background-attachment":"scroll","background-type":"","background-media":"","overlay-type":"","overlay-color":"","overlay-opacity":"","overlay-gradient":""},"mobile":{"background-color":"var(--ast-global-color-4)","background-image":"","background-repeat":"repeat","background-position":"center center","background-size":"auto","background-attachment":"scroll","background-type":"","background-media":"","overlay-type":"","overlay-color":"","overlay-opacity":"","overlay-gradient":""}},"footnotes":""},"categories":[1],"tags":[],"class_list":["post-59614","post","type-post","status-publish","format-standard","hentry","category-sem-categoria"],"yoast_head":"<!-- This site is optimized with the Yoast SEO plugin v26.6 - https:\/\/yoast.com\/wordpress\/plugins\/seo\/ -->\n<title>F\u00e1bio Gentil discute com presidente da Emap projeto de instala\u00e7\u00e3o de porto seco em Caxias - Daniel Matos<\/title>\n<meta name=\"robots\" content=\"index, follow, max-snippet:-1, max-image-preview:large, max-video-preview:-1\" \/>\n<link rel=\"canonical\" href=\"https:\/\/www.blogsoestado.com\/danielmatos\/fabio-gentil-discute-com-presidente-da-emap-projeto-de-instalacao-de-porto-seco-em-caxias\/\" \/>\n<meta property=\"og:locale\" content=\"pt_BR\" \/>\n<meta property=\"og:type\" content=\"article\" \/>\n<meta property=\"og:title\" content=\"F\u00e1bio Gentil discute com presidente da Emap projeto de instala\u00e7\u00e3o de porto seco em Caxias - Daniel Matos\" \/>\n<meta property=\"og:description\" content=\"O prefeito de Caxias, F\u00e1bio Gentil (PRB), esteve reunido, na manh\u00e3 desta quarta-feira, 16 de janeiro, com o presidente da [&hellip;]\" \/>\n<meta property=\"og:url\" content=\"https:\/\/www.blogsoestado.com\/danielmatos\/fabio-gentil-discute-com-presidente-da-emap-projeto-de-instalacao-de-porto-seco-em-caxias\/\" \/>\n<meta property=\"og:site_name\" content=\"Daniel Matos\" \/>\n<meta property=\"article:published_time\" content=\"2019-01-16T18:56:04+00:00\" \/>\n<meta property=\"og:image\" content=\"https:\/\/www.blogsoestado.com\/danielmatos\/files\/2019\/01\/IMG-20190116-WA01482.jpg\" \/>\n<meta name=\"twitter:card\" content=\"summary_large_image\" \/>\n<meta name=\"twitter:label1\" content=\"Est. tempo de leitura\" \/>\n\t<meta name=\"twitter:data1\" content=\"2 minutos\" \/>\n<script type=\"application\/ld+json\" class=\"yoast-schema-graph\">{\"@context\":\"https:\/\/schema.org\",\"@graph\":[{\"@type\":\"WebPage\",\"@id\":\"https:\/\/www.blogsoestado.com\/danielmatos\/fabio-gentil-discute-com-presidente-da-emap-projeto-de-instalacao-de-porto-seco-em-caxias\/\",\"url\":\"https:\/\/www.blogsoestado.com\/danielmatos\/fabio-gentil-discute-com-presidente-da-emap-projeto-de-instalacao-de-porto-seco-em-caxias\/\",\"name\":\"F\u00e1bio Gentil discute com presidente da Emap projeto de instala\u00e7\u00e3o de porto seco em Caxias - Daniel Matos\",\"isPartOf\":{\"@id\":\"https:\/\/www.blogsoestado.com\/danielmatos\/#website\"},\"primaryImageOfPage\":{\"@id\":\"https:\/\/www.blogsoestado.com\/danielmatos\/fabio-gentil-discute-com-presidente-da-emap-projeto-de-instalacao-de-porto-seco-em-caxias\/#primaryimage\"},\"image\":{\"@id\":\"https:\/\/www.blogsoestado.com\/danielmatos\/fabio-gentil-discute-com-presidente-da-emap-projeto-de-instalacao-de-porto-seco-em-caxias\/#primaryimage\"},\"thumbnailUrl\":\"https:\/\/www.blogsoestado.com\/danielmatos\/files\/2019\/01\/IMG-20190116-WA01482.jpg\",\"datePublished\":\"2019-01-16T18:56:04+00:00\",\"author\":{\"@id\":\"\"},\"breadcrumb\":{\"@id\":\"https:\/\/www.blogsoestado.com\/danielmatos\/fabio-gentil-discute-com-presidente-da-emap-projeto-de-instalacao-de-porto-seco-em-caxias\/#breadcrumb\"},\"inLanguage\":\"pt-BR\",\"potentialAction\":[{\"@type\":\"ReadAction\",\"target\":[\"https:\/\/www.blogsoestado.com\/danielmatos\/fabio-gentil-discute-com-presidente-da-emap-projeto-de-instalacao-de-porto-seco-em-caxias\/\"]}]},{\"@type\":\"ImageObject\",\"inLanguage\":\"pt-BR\",\"@id\":\"https:\/\/www.blogsoestado.com\/danielmatos\/fabio-gentil-discute-com-presidente-da-emap-projeto-de-instalacao-de-porto-seco-em-caxias\/#primaryimage\",\"url\":\"https:\/\/www.blogsoestado.com\/danielmatos\/files\/2019\/01\/IMG-20190116-WA01482.jpg\",\"contentUrl\":\"https:\/\/www.blogsoestado.com\/danielmatos\/files\/2019\/01\/IMG-20190116-WA01482.jpg\"},{\"@type\":\"BreadcrumbList\",\"@id\":\"https:\/\/www.blogsoestado.com\/danielmatos\/fabio-gentil-discute-com-presidente-da-emap-projeto-de-instalacao-de-porto-seco-em-caxias\/#breadcrumb\",\"itemListElement\":[{\"@type\":\"ListItem\",\"position\":1,\"name\":\"In\u00edcio\",\"item\":\"https:\/\/www.blogsoestado.com\/danielmatos\/\"},{\"@type\":\"ListItem\",\"position\":2,\"name\":\"F\u00e1bio Gentil discute com presidente da Emap projeto de instala\u00e7\u00e3o de porto seco em Caxias\"}]},{\"@type\":\"WebSite\",\"@id\":\"https:\/\/www.blogsoestado.com\/danielmatos\/#website\",\"url\":\"https:\/\/www.blogsoestado.com\/danielmatos\/\",\"name\":\"Daniel Matos\",\"description\":\"\",\"potentialAction\":[{\"@type\":\"SearchAction\",\"target\":{\"@type\":\"EntryPoint\",\"urlTemplate\":\"https:\/\/www.blogsoestado.com\/danielmatos\/?s={search_term_string}\"},\"query-input\":{\"@type\":\"PropertyValueSpecification\",\"valueRequired\":true,\"valueName\":\"search_term_string\"}}],\"inLanguage\":\"pt-BR\"}]}<\/script>\n<!-- \/ Yoast SEO plugin. -->","yoast_head_json":{"title":"F\u00e1bio Gentil discute com presidente da Emap projeto de instala\u00e7\u00e3o de porto seco em Caxias - Daniel Matos","robots":{"index":"index","follow":"follow","max-snippet":"max-snippet:-1","max-image-preview":"max-image-preview:large","max-video-preview":"max-video-preview:-1"},"canonical":"https:\/\/www.blogsoestado.com\/danielmatos\/fabio-gentil-discute-com-presidente-da-emap-projeto-de-instalacao-de-porto-seco-em-caxias\/","og_locale":"pt_BR","og_type":"article","og_title":"F\u00e1bio Gentil discute com presidente da Emap projeto de instala\u00e7\u00e3o de porto seco em Caxias - Daniel Matos","og_description":"O prefeito de Caxias, F\u00e1bio Gentil (PRB), esteve reunido, na manh\u00e3 desta quarta-feira, 16 de janeiro, com o presidente da [&hellip;]","og_url":"https:\/\/www.blogsoestado.com\/danielmatos\/fabio-gentil-discute-com-presidente-da-emap-projeto-de-instalacao-de-porto-seco-em-caxias\/","og_site_name":"Daniel Matos","article_published_time":"2019-01-16T18:56:04+00:00","og_image":[{"url":"https:\/\/www.blogsoestado.com\/danielmatos\/files\/2019\/01\/IMG-20190116-WA01482.jpg","type":"","width":"","height":""}],"twitter_card":"summary_large_image","twitter_misc":{"Est. tempo de leitura":"2 minutos"},"schema":{"@context":"https:\/\/schema.org","@graph":[{"@type":"WebPage","@id":"https:\/\/www.blogsoestado.com\/danielmatos\/fabio-gentil-discute-com-presidente-da-emap-projeto-de-instalacao-de-porto-seco-em-caxias\/","url":"https:\/\/www.blogsoestado.com\/danielmatos\/fabio-gentil-discute-com-presidente-da-emap-projeto-de-instalacao-de-porto-seco-em-caxias\/","name":"F\u00e1bio Gentil discute com presidente da Emap projeto de instala\u00e7\u00e3o de porto seco em Caxias - Daniel Matos","isPartOf":{"@id":"https:\/\/www.blogsoestado.com\/danielmatos\/#website"},"primaryImageOfPage":{"@id":"https:\/\/www.blogsoestado.com\/danielmatos\/fabio-gentil-discute-com-presidente-da-emap-projeto-de-instalacao-de-porto-seco-em-caxias\/#primaryimage"},"image":{"@id":"https:\/\/www.blogsoestado.com\/danielmatos\/fabio-gentil-discute-com-presidente-da-emap-projeto-de-instalacao-de-porto-seco-em-caxias\/#primaryimage"},"thumbnailUrl":"https:\/\/www.blogsoestado.com\/danielmatos\/files\/2019\/01\/IMG-20190116-WA01482.jpg","datePublished":"2019-01-16T18:56:04+00:00","author":{"@id":""},"breadcrumb":{"@id":"https:\/\/www.blogsoestado.com\/danielmatos\/fabio-gentil-discute-com-presidente-da-emap-projeto-de-instalacao-de-porto-seco-em-caxias\/#breadcrumb"},"inLanguage":"pt-BR","potentialAction":[{"@type":"ReadAction","target":["https:\/\/www.blogsoestado.com\/danielmatos\/fabio-gentil-discute-com-presidente-da-emap-projeto-de-instalacao-de-porto-seco-em-caxias\/"]}]},{"@type":"ImageObject","inLanguage":"pt-BR","@id":"https:\/\/www.blogsoestado.com\/danielmatos\/fabio-gentil-discute-com-presidente-da-emap-projeto-de-instalacao-de-porto-seco-em-caxias\/#primaryimage","url":"https:\/\/www.blogsoestado.com\/danielmatos\/files\/2019\/01\/IMG-20190116-WA01482.jpg","contentUrl":"https:\/\/www.blogsoestado.com\/danielmatos\/files\/2019\/01\/IMG-20190116-WA01482.jpg"},{"@type":"BreadcrumbList","@id":"https:\/\/www.blogsoestado.com\/danielmatos\/fabio-gentil-discute-com-presidente-da-emap-projeto-de-instalacao-de-porto-seco-em-caxias\/#breadcrumb","itemListElement":[{"@type":"ListItem","position":1,"name":"In\u00edcio","item":"https:\/\/www.blogsoestado.com\/danielmatos\/"},{"@type":"ListItem","position":2,"name":"F\u00e1bio Gentil discute com presidente da Emap projeto de instala\u00e7\u00e3o de porto seco em Caxias"}]},{"@type":"WebSite","@id":"https:\/\/www.blogsoestado.com\/danielmatos\/#website","url":"https:\/\/www.blogsoestado.com\/danielmatos\/","name":"Daniel Matos","description":"","potentialAction":[{"@type":"SearchAction","target":{"@type":"EntryPoint","urlTemplate":"https:\/\/www.blogsoestado.com\/danielmatos\/?s={search_term_string}"},"query-input":{"@type":"PropertyValueSpecification","valueRequired":true,"valueName":"search_term_string"}}],"inLanguage":"pt-BR"}]}},"jetpack_featured_media_url":"","_links":{"self":[{"href":"https:\/\/www.blogsoestado.com\/danielmatos\/wp-json\/wp\/v2\/posts\/59614","targetHints":{"allow":["GET"]}}],"collection":[{"href":"https:\/\/www.blogsoestado.com\/danielmatos\/wp-json\/wp\/v2\/posts"}],"about":[{"href":"https:\/\/www.blogsoestado.com\/danielmatos\/wp-json\/wp\/v2\/types\/post"}],"replies":[{"embeddable":true,"href":"https:\/\/www.blogsoestado.com\/danielmatos\/wp-json\/wp\/v2\/comments?post=59614"}],"version-history":[{"count":0,"href":"https:\/\/www.blogsoestado.com\/danielmatos\/wp-json\/wp\/v2\/posts\/59614\/revisions"}],"wp:attachment":[{"href":"https:\/\/www.blogsoestado.com\/danielmatos\/wp-json\/wp\/v2\/media?parent=59614"}],"wp:term":[{"taxonomy":"category","embeddable":true,"href":"https:\/\/www.blogsoestado.com\/danielmatos\/wp-json\/wp\/v2\/categories?post=59614"},{"taxonomy":"post_tag","embeddable":true,"href":"https:\/\/www.blogsoestado.com\/danielmatos\/wp-json\/wp\/v2\/tags?post=59614"}],"curies":[{"name":"wp","href":"https:\/\/api.w.org\/{rel}","templated":true}]}}