{"id":59626,"date":"2019-01-16T19:53:47","date_gmt":"2019-01-16T22:53:47","guid":{"rendered":"https:\/\/www.blogsoestado.com\/danielmatos\/?p=59626"},"modified":"2019-01-16T19:53:47","modified_gmt":"2019-01-16T22:53:47","slug":"prefeito-edivaldo-faz-visita-de-cortesia-ao-presidente-da-camara-de-vereadores-osmar-filho","status":"publish","type":"post","link":"https:\/\/www.blogsoestado.com\/danielmatos\/prefeito-edivaldo-faz-visita-de-cortesia-ao-presidente-da-camara-de-vereadores-osmar-filho\/","title":{"rendered":"Prefeito Edivaldo faz visita de cortesia ao presidente da C\u00e2mara de Vereadores, Osmar Filho"},"content":{"rendered":"<figure id=\"attachment_59627\" aria-describedby=\"caption-attachment-59627\" style=\"width: 448px\" class=\"wp-caption alignright\"><a href=\"https:\/\/www.blogsoestado.com\/danielmatos\/2019\/01\/16\/prefeito-edivaldo-faz-visita-de-cortesia-ao-presidente-da-camara-de-vereadores-osmar-filho\/edivaldo-osmar2\/\" rel=\"attachment wp-att-59627\"><img fetchpriority=\"high\" decoding=\"async\" class=\"size-full wp-image-59627\" src=\"https:\/\/www.blogsoestado.com\/danielmatos\/files\/2019\/01\/edivaldo-osmar2.jpeg\" alt=\"\" width=\"448\" height=\"298\" \/><\/a><figcaption id=\"caption-attachment-59627\" class=\"wp-caption-text\">Prefeito Edivaldo cumprimenta o presidente da C\u00e2mara, Osmar Filho<\/figcaption><\/figure>\n<p>O prefeito Edivaldo Holanda J\u00fanior realizou visita de cortesia ao presidente da C\u00e2mara de Vereadores de S\u00e3o Lu\u00eds, Osmar Filho, na tarde desta quarta-feira (16). A reuni\u00e3o, que teve como foco o estreitamento das rela\u00e7\u00f5es entre os poderes Legislativo e Executivo, contou com presen\u00e7a de parlamentares de v\u00e1rios partidos e de secret\u00e1rios municipais.<\/p>\n<p>Durante a visita o prefeito Edivaldo refor\u00e7ou a import\u00e2ncia da parceria entre o Executivo e Legislativo. &#8220;O intuito desta visita \u00e9 o importante refor\u00e7o e estreitamento das rela\u00e7\u00f5es entre as duas institui\u00e7\u00f5es e o compromisso de uma gest\u00e3o que ser\u00e1 parceira, tendo como objetivo a execu\u00e7\u00e3o de significativas pol\u00edticas p\u00fablicas visando sempre o bem-estar da popula\u00e7\u00e3o da nossa cidade&#8221;, destacou o prefeito Edivaldo que estava acompanhado dos secret\u00e1rios municipais Pablo Rebou\u00e7as (Governo), Ivaldo Rodrigues (Rela\u00e7\u00f5es Parlamentares) e Jota Pinto (Articula\u00e7\u00e3o Pol\u00edtica).<\/p>\n<p>O gestor acrescentou ainda que a uni\u00e3o dos poderes tem reflexo em melhorias para toda a popula\u00e7\u00e3o. &#8220;Estamos aqui para refor\u00e7ar ainda mais essa parceria. Desejamos que o vereador e agora presidente desta Casa, Osmar Filho, a conduza com sabedoria e um olhar sens\u00edvel para as quest\u00f5es sociais que afetem diretamente a popula\u00e7\u00e3o&#8221;, enfatizou Edivaldo.<\/p>\n<p>&#8220;Agradecemos a presen\u00e7a do prefeito Edivaldo Holanda J\u00fanior neste momento em que esta Casa Legislativa se prepara para novo ciclo. Tratamos de assuntos que dizem respeito direito \u00e0 popula\u00e7\u00e3o e refletem em melhorias para a cidade e fortalecimento da rela\u00e7\u00e3o entre a Prefeitura e a C\u00e2mara de Vereadores&#8221;, pontuou o vereador e presidente da Casa, Osmar Filho que tomou posse no cargo dia 1\u00ba de janeiro de 2019.<\/p>\n<p>Na ocasi\u00e3o, prefeito e parlamentares debateram propostas que podem ser executadas nas \u00e1reas da sa\u00fade, educa\u00e7\u00e3o, mobilidade urbana, valoriza\u00e7\u00e3o do Centro Hist\u00f3rico, entre outros. &#8220;Nesta rela\u00e7\u00e3o de harmonia, sendo cada poder em sua \u00e1rea de atua\u00e7\u00e3o e respeitando a independ\u00eancia de cada um, dar\u00e3o sua contribui\u00e7\u00e3o para que tenhamos uma S\u00e3o Lu\u00eds cada vez mais desenvolvida&#8221;, refor\u00e7a Osmar Filho.<\/p>\n<figure id=\"attachment_59628\" aria-describedby=\"caption-attachment-59628\" style=\"width: 640px\" class=\"wp-caption aligncenter\"><a href=\"https:\/\/www.blogsoestado.com\/danielmatos\/2019\/01\/16\/prefeito-edivaldo-faz-visita-de-cortesia-ao-presidente-da-camara-de-vereadores-osmar-filho\/edivaldo-osmar\/\" rel=\"attachment wp-att-59628\"><img decoding=\"async\" class=\"size-full wp-image-59628\" src=\"https:\/\/www.blogsoestado.com\/danielmatos\/files\/2019\/01\/edivaldo-osmar.jpeg\" alt=\"\" width=\"640\" height=\"427\" \/><\/a><figcaption id=\"caption-attachment-59628\" class=\"wp-caption-text\">Vereadores e secret\u00e1rios municipais prestigiaram a visita de cortesia do prefeito ao chefe do Legislativo municipal<\/figcaption><\/figure>\n<p>O secret\u00e1rio municipal de Governo, Pablo Rebou\u00e7as, enfatizou a import\u00e2ncia do momento para que prossigam as a\u00e7\u00f5es em benef\u00edcio da popula\u00e7\u00e3o. &#8220;Uma nova gest\u00e3o inicia na C\u00e2mara que sempre teve boa rela\u00e7\u00e3o com a Prefeitura, pontuada pela harmonia dos poderes, sendo que ambas as institui\u00e7\u00f5es t\u00eam o mesmo objetivo que \u00e9 o melhor para a popula\u00e7\u00e3o e a cidade. E \u00e9 buscando cada vez mais o di\u00e1logo e a aproxima\u00e7\u00e3o entre estes poderes, que s\u00e3o independentes, que juntamos for\u00e7a e geramos um cen\u00e1rio bem mais propositivo para a cidade&#8221;, disse o secret\u00e1rio.<\/p>\n<p>Presentes ainda ao encontro estavam os vereadores Francisco Carvalho, do PSL (primeiro secret\u00e1rio da C\u00e2mara); Francisco das Chagas Lima e Silva, o Chaguinhas, do PP (segundo secret\u00e1rio da C\u00e2mara); Marcelo Poeta, do PCdoB; Paulo Victor, do PROS; Concita Pinto, do Patriota; e Edson Oliveira Gaguinho, do PHS; e o diretor-geral da C\u00e2mara, Marco Lucas.<\/p>\n<p><strong>Fonte:<\/strong> Secretaria Municipal de Comunica\u00e7\u00e3o (Secom)<\/p>\n","protected":false},"excerpt":{"rendered":"<p>O prefeito Edivaldo Holanda J\u00fanior realizou visita de cortesia ao presidente da C\u00e2mara de Vereadores de S\u00e3o Lu\u00eds, Osmar Filho, [&hellip;]<\/p>\n","protected":false},"author":0,"featured_media":0,"comment_status":"open","ping_status":"open","sticky":false,"template":"","format":"standard","meta":{"site-sidebar-layout":"default","site-content-layout":"","ast-site-content-layout":"default","site-content-style":"default","site-sidebar-style":"default","ast-global-header-display":"","ast-banner-title-visibility":"","ast-main-header-display":"","ast-hfb-above-header-display":"","ast-hfb-below-header-display":"","ast-hfb-mobile-header-display":"","site-post-title":"","ast-breadcrumbs-content":"","ast-featured-img":"","footer-sml-layout":"","ast-disable-related-posts":"","theme-transparent-header-meta":"","adv-header-id-meta":"","stick-header-meta":"","header-above-stick-meta":"","header-main-stick-meta":"","header-below-stick-meta":"","astra-migrate-meta-layouts":"default","ast-page-background-enabled":"default","ast-page-background-meta":{"desktop":{"background-color":"var(--ast-global-color-5)","background-image":"","background-repeat":"repeat","background-position":"center center","background-size":"auto","background-attachment":"scroll","background-type":"","background-media":"","overlay-type":"","overlay-color":"","overlay-opacity":"","overlay-gradient":""},"tablet":{"background-color":"","background-image":"","background-repeat":"repeat","background-position":"center center","background-size":"auto","background-attachment":"scroll","background-type":"","background-media":"","overlay-type":"","overlay-color":"","overlay-opacity":"","overlay-gradient":""},"mobile":{"background-color":"","background-image":"","background-repeat":"repeat","background-position":"center center","background-size":"auto","background-attachment":"scroll","background-type":"","background-media":"","overlay-type":"","overlay-color":"","overlay-opacity":"","overlay-gradient":""}},"ast-content-background-meta":{"desktop":{"background-color":"var(--ast-global-color-4)","background-image":"","background-repeat":"repeat","background-position":"center center","background-size":"auto","background-attachment":"scroll","background-type":"","background-media":"","overlay-type":"","overlay-color":"","overlay-opacity":"","overlay-gradient":""},"tablet":{"background-color":"var(--ast-global-color-4)","background-image":"","background-repeat":"repeat","background-position":"center center","background-size":"auto","background-attachment":"scroll","background-type":"","background-media":"","overlay-type":"","overlay-color":"","overlay-opacity":"","overlay-gradient":""},"mobile":{"background-color":"var(--ast-global-color-4)","background-image":"","background-repeat":"repeat","background-position":"center center","background-size":"auto","background-attachment":"scroll","background-type":"","background-media":"","overlay-type":"","overlay-color":"","overlay-opacity":"","overlay-gradient":""}},"footnotes":""},"categories":[1],"tags":[],"class_list":["post-59626","post","type-post","status-publish","format-standard","hentry","category-sem-categoria"],"yoast_head":"<!-- This site is optimized with the Yoast SEO plugin v26.6 - https:\/\/yoast.com\/wordpress\/plugins\/seo\/ -->\n<title>Prefeito Edivaldo faz visita de cortesia ao presidente da C\u00e2mara de Vereadores, Osmar Filho - Daniel Matos<\/title>\n<meta name=\"robots\" content=\"index, follow, max-snippet:-1, max-image-preview:large, max-video-preview:-1\" \/>\n<link rel=\"canonical\" href=\"https:\/\/www.blogsoestado.com\/danielmatos\/prefeito-edivaldo-faz-visita-de-cortesia-ao-presidente-da-camara-de-vereadores-osmar-filho\/\" \/>\n<meta property=\"og:locale\" content=\"pt_BR\" \/>\n<meta property=\"og:type\" content=\"article\" \/>\n<meta property=\"og:title\" content=\"Prefeito Edivaldo faz visita de cortesia ao presidente da C\u00e2mara de Vereadores, Osmar Filho - Daniel Matos\" \/>\n<meta property=\"og:description\" content=\"O prefeito Edivaldo Holanda J\u00fanior realizou visita de cortesia ao presidente da C\u00e2mara de Vereadores de S\u00e3o Lu\u00eds, Osmar Filho, [&hellip;]\" \/>\n<meta property=\"og:url\" content=\"https:\/\/www.blogsoestado.com\/danielmatos\/prefeito-edivaldo-faz-visita-de-cortesia-ao-presidente-da-camara-de-vereadores-osmar-filho\/\" \/>\n<meta property=\"og:site_name\" content=\"Daniel Matos\" \/>\n<meta property=\"article:published_time\" content=\"2019-01-16T22:53:47+00:00\" \/>\n<meta property=\"og:image\" content=\"https:\/\/www.blogsoestado.com\/danielmatos\/files\/2019\/01\/edivaldo-osmar2.jpeg\" \/>\n<meta name=\"twitter:card\" content=\"summary_large_image\" \/>\n<meta name=\"twitter:label1\" content=\"Est. tempo de leitura\" \/>\n\t<meta name=\"twitter:data1\" content=\"3 minutos\" \/>\n<script type=\"application\/ld+json\" class=\"yoast-schema-graph\">{\"@context\":\"https:\/\/schema.org\",\"@graph\":[{\"@type\":\"WebPage\",\"@id\":\"https:\/\/www.blogsoestado.com\/danielmatos\/prefeito-edivaldo-faz-visita-de-cortesia-ao-presidente-da-camara-de-vereadores-osmar-filho\/\",\"url\":\"https:\/\/www.blogsoestado.com\/danielmatos\/prefeito-edivaldo-faz-visita-de-cortesia-ao-presidente-da-camara-de-vereadores-osmar-filho\/\",\"name\":\"Prefeito Edivaldo faz visita de cortesia ao presidente da C\u00e2mara de Vereadores, Osmar Filho - Daniel Matos\",\"isPartOf\":{\"@id\":\"https:\/\/www.blogsoestado.com\/danielmatos\/#website\"},\"primaryImageOfPage\":{\"@id\":\"https:\/\/www.blogsoestado.com\/danielmatos\/prefeito-edivaldo-faz-visita-de-cortesia-ao-presidente-da-camara-de-vereadores-osmar-filho\/#primaryimage\"},\"image\":{\"@id\":\"https:\/\/www.blogsoestado.com\/danielmatos\/prefeito-edivaldo-faz-visita-de-cortesia-ao-presidente-da-camara-de-vereadores-osmar-filho\/#primaryimage\"},\"thumbnailUrl\":\"https:\/\/www.blogsoestado.com\/danielmatos\/files\/2019\/01\/edivaldo-osmar2.jpeg\",\"datePublished\":\"2019-01-16T22:53:47+00:00\",\"author\":{\"@id\":\"\"},\"breadcrumb\":{\"@id\":\"https:\/\/www.blogsoestado.com\/danielmatos\/prefeito-edivaldo-faz-visita-de-cortesia-ao-presidente-da-camara-de-vereadores-osmar-filho\/#breadcrumb\"},\"inLanguage\":\"pt-BR\",\"potentialAction\":[{\"@type\":\"ReadAction\",\"target\":[\"https:\/\/www.blogsoestado.com\/danielmatos\/prefeito-edivaldo-faz-visita-de-cortesia-ao-presidente-da-camara-de-vereadores-osmar-filho\/\"]}]},{\"@type\":\"ImageObject\",\"inLanguage\":\"pt-BR\",\"@id\":\"https:\/\/www.blogsoestado.com\/danielmatos\/prefeito-edivaldo-faz-visita-de-cortesia-ao-presidente-da-camara-de-vereadores-osmar-filho\/#primaryimage\",\"url\":\"https:\/\/www.blogsoestado.com\/danielmatos\/files\/2019\/01\/edivaldo-osmar2.jpeg\",\"contentUrl\":\"https:\/\/www.blogsoestado.com\/danielmatos\/files\/2019\/01\/edivaldo-osmar2.jpeg\"},{\"@type\":\"BreadcrumbList\",\"@id\":\"https:\/\/www.blogsoestado.com\/danielmatos\/prefeito-edivaldo-faz-visita-de-cortesia-ao-presidente-da-camara-de-vereadores-osmar-filho\/#breadcrumb\",\"itemListElement\":[{\"@type\":\"ListItem\",\"position\":1,\"name\":\"In\u00edcio\",\"item\":\"https:\/\/www.blogsoestado.com\/danielmatos\/\"},{\"@type\":\"ListItem\",\"position\":2,\"name\":\"Prefeito Edivaldo faz visita de cortesia ao presidente da C\u00e2mara de Vereadores, Osmar Filho\"}]},{\"@type\":\"WebSite\",\"@id\":\"https:\/\/www.blogsoestado.com\/danielmatos\/#website\",\"url\":\"https:\/\/www.blogsoestado.com\/danielmatos\/\",\"name\":\"Daniel Matos\",\"description\":\"\",\"potentialAction\":[{\"@type\":\"SearchAction\",\"target\":{\"@type\":\"EntryPoint\",\"urlTemplate\":\"https:\/\/www.blogsoestado.com\/danielmatos\/?s={search_term_string}\"},\"query-input\":{\"@type\":\"PropertyValueSpecification\",\"valueRequired\":true,\"valueName\":\"search_term_string\"}}],\"inLanguage\":\"pt-BR\"}]}<\/script>\n<!-- \/ Yoast SEO plugin. -->","yoast_head_json":{"title":"Prefeito Edivaldo faz visita de cortesia ao presidente da C\u00e2mara de Vereadores, Osmar Filho - Daniel Matos","robots":{"index":"index","follow":"follow","max-snippet":"max-snippet:-1","max-image-preview":"max-image-preview:large","max-video-preview":"max-video-preview:-1"},"canonical":"https:\/\/www.blogsoestado.com\/danielmatos\/prefeito-edivaldo-faz-visita-de-cortesia-ao-presidente-da-camara-de-vereadores-osmar-filho\/","og_locale":"pt_BR","og_type":"article","og_title":"Prefeito Edivaldo faz visita de cortesia ao presidente da C\u00e2mara de Vereadores, Osmar Filho - Daniel Matos","og_description":"O prefeito Edivaldo Holanda J\u00fanior realizou visita de cortesia ao presidente da C\u00e2mara de Vereadores de S\u00e3o Lu\u00eds, Osmar Filho, [&hellip;]","og_url":"https:\/\/www.blogsoestado.com\/danielmatos\/prefeito-edivaldo-faz-visita-de-cortesia-ao-presidente-da-camara-de-vereadores-osmar-filho\/","og_site_name":"Daniel Matos","article_published_time":"2019-01-16T22:53:47+00:00","og_image":[{"url":"https:\/\/www.blogsoestado.com\/danielmatos\/files\/2019\/01\/edivaldo-osmar2.jpeg","type":"","width":"","height":""}],"twitter_card":"summary_large_image","twitter_misc":{"Est. tempo de leitura":"3 minutos"},"schema":{"@context":"https:\/\/schema.org","@graph":[{"@type":"WebPage","@id":"https:\/\/www.blogsoestado.com\/danielmatos\/prefeito-edivaldo-faz-visita-de-cortesia-ao-presidente-da-camara-de-vereadores-osmar-filho\/","url":"https:\/\/www.blogsoestado.com\/danielmatos\/prefeito-edivaldo-faz-visita-de-cortesia-ao-presidente-da-camara-de-vereadores-osmar-filho\/","name":"Prefeito Edivaldo faz visita de cortesia ao presidente da C\u00e2mara de Vereadores, Osmar Filho - Daniel Matos","isPartOf":{"@id":"https:\/\/www.blogsoestado.com\/danielmatos\/#website"},"primaryImageOfPage":{"@id":"https:\/\/www.blogsoestado.com\/danielmatos\/prefeito-edivaldo-faz-visita-de-cortesia-ao-presidente-da-camara-de-vereadores-osmar-filho\/#primaryimage"},"image":{"@id":"https:\/\/www.blogsoestado.com\/danielmatos\/prefeito-edivaldo-faz-visita-de-cortesia-ao-presidente-da-camara-de-vereadores-osmar-filho\/#primaryimage"},"thumbnailUrl":"https:\/\/www.blogsoestado.com\/danielmatos\/files\/2019\/01\/edivaldo-osmar2.jpeg","datePublished":"2019-01-16T22:53:47+00:00","author":{"@id":""},"breadcrumb":{"@id":"https:\/\/www.blogsoestado.com\/danielmatos\/prefeito-edivaldo-faz-visita-de-cortesia-ao-presidente-da-camara-de-vereadores-osmar-filho\/#breadcrumb"},"inLanguage":"pt-BR","potentialAction":[{"@type":"ReadAction","target":["https:\/\/www.blogsoestado.com\/danielmatos\/prefeito-edivaldo-faz-visita-de-cortesia-ao-presidente-da-camara-de-vereadores-osmar-filho\/"]}]},{"@type":"ImageObject","inLanguage":"pt-BR","@id":"https:\/\/www.blogsoestado.com\/danielmatos\/prefeito-edivaldo-faz-visita-de-cortesia-ao-presidente-da-camara-de-vereadores-osmar-filho\/#primaryimage","url":"https:\/\/www.blogsoestado.com\/danielmatos\/files\/2019\/01\/edivaldo-osmar2.jpeg","contentUrl":"https:\/\/www.blogsoestado.com\/danielmatos\/files\/2019\/01\/edivaldo-osmar2.jpeg"},{"@type":"BreadcrumbList","@id":"https:\/\/www.blogsoestado.com\/danielmatos\/prefeito-edivaldo-faz-visita-de-cortesia-ao-presidente-da-camara-de-vereadores-osmar-filho\/#breadcrumb","itemListElement":[{"@type":"ListItem","position":1,"name":"In\u00edcio","item":"https:\/\/www.blogsoestado.com\/danielmatos\/"},{"@type":"ListItem","position":2,"name":"Prefeito Edivaldo faz visita de cortesia ao presidente da C\u00e2mara de Vereadores, Osmar Filho"}]},{"@type":"WebSite","@id":"https:\/\/www.blogsoestado.com\/danielmatos\/#website","url":"https:\/\/www.blogsoestado.com\/danielmatos\/","name":"Daniel Matos","description":"","potentialAction":[{"@type":"SearchAction","target":{"@type":"EntryPoint","urlTemplate":"https:\/\/www.blogsoestado.com\/danielmatos\/?s={search_term_string}"},"query-input":{"@type":"PropertyValueSpecification","valueRequired":true,"valueName":"search_term_string"}}],"inLanguage":"pt-BR"}]}},"jetpack_featured_media_url":"","_links":{"self":[{"href":"https:\/\/www.blogsoestado.com\/danielmatos\/wp-json\/wp\/v2\/posts\/59626","targetHints":{"allow":["GET"]}}],"collection":[{"href":"https:\/\/www.blogsoestado.com\/danielmatos\/wp-json\/wp\/v2\/posts"}],"about":[{"href":"https:\/\/www.blogsoestado.com\/danielmatos\/wp-json\/wp\/v2\/types\/post"}],"replies":[{"embeddable":true,"href":"https:\/\/www.blogsoestado.com\/danielmatos\/wp-json\/wp\/v2\/comments?post=59626"}],"version-history":[{"count":0,"href":"https:\/\/www.blogsoestado.com\/danielmatos\/wp-json\/wp\/v2\/posts\/59626\/revisions"}],"wp:attachment":[{"href":"https:\/\/www.blogsoestado.com\/danielmatos\/wp-json\/wp\/v2\/media?parent=59626"}],"wp:term":[{"taxonomy":"category","embeddable":true,"href":"https:\/\/www.blogsoestado.com\/danielmatos\/wp-json\/wp\/v2\/categories?post=59626"},{"taxonomy":"post_tag","embeddable":true,"href":"https:\/\/www.blogsoestado.com\/danielmatos\/wp-json\/wp\/v2\/tags?post=59626"}],"curies":[{"name":"wp","href":"https:\/\/api.w.org\/{rel}","templated":true}]}}