{"id":59631,"date":"2019-01-16T21:02:09","date_gmt":"2019-01-17T00:02:09","guid":{"rendered":"https:\/\/www.blogsoestado.com\/danielmatos\/?p=59631"},"modified":"2019-01-16T21:02:09","modified_gmt":"2019-01-17T00:02:09","slug":"bolsonaro-volta-a-prestigiar-sarney-desta-vez-em-almoco-com-presidente-da-argentina","status":"publish","type":"post","link":"https:\/\/www.blogsoestado.com\/danielmatos\/bolsonaro-volta-a-prestigiar-sarney-desta-vez-em-almoco-com-presidente-da-argentina\/","title":{"rendered":"Bolsonaro volta a prestigiar Sarney, desta vez em almo\u00e7o com presidente da Argentina"},"content":{"rendered":"<figure id=\"attachment_59632\" aria-describedby=\"caption-attachment-59632\" style=\"width: 640px\" class=\"wp-caption aligncenter\"><a href=\"https:\/\/www.blogsoestado.com\/danielmatos\/2019\/01\/16\/bolsonaro-volta-a-prestigiar-sarney-desta-vez-em-almoco-com-presidente-da-argentina\/sarney-almoco3\/\" rel=\"attachment wp-att-59632\"><img fetchpriority=\"high\" decoding=\"async\" class=\"size-full wp-image-59632\" src=\"https:\/\/www.blogsoestado.com\/danielmatos\/files\/2019\/01\/sarney-almo\u00e7o3.jpg\" alt=\"\" width=\"640\" height=\"441\" \/><\/a><figcaption id=\"caption-attachment-59632\" class=\"wp-caption-text\">Sarney permaneceu sentado ao lado de Jair Bolsonaro durante o almo\u00e7o no Itamaraty<\/figcaption><\/figure>\n<p>O ex-presidente Jos\u00e9 Sarney participou, nesta quarta-feira (16), como convidado, do almo\u00e7o oferecido pelo presidente do Brasil, Jair Messias Bolsonaro, ao presidente da Argentina, Mauricio Macri, e sua comitiva, formada por cinco ministros. Durante o evento, Sarney permaneceu o tempo todo ao lado de Bolsonaro, que mais uma vez demonstrou seu respeito e defer\u00eancia ao longevo pol\u00edtico maranhense.<\/p>\n<p>Presen\u00e7a destacada no almo\u00e7o, Sarney participou do brinde entre as autoridades brasileiras e argentinas, momento que simbolizou a manuten\u00e7\u00e3o da rela\u00e7\u00e3o amistosa entre as duas na\u00e7\u00f5es vizinhas.<\/p>\n<figure id=\"attachment_59633\" aria-describedby=\"caption-attachment-59633\" style=\"width: 513px\" class=\"wp-caption aligncenter\"><a href=\"https:\/\/www.blogsoestado.com\/danielmatos\/2019\/01\/16\/bolsonaro-volta-a-prestigiar-sarney-desta-vez-em-almoco-com-presidente-da-argentina\/sarney-almoco\/\" rel=\"attachment wp-att-59633\"><img decoding=\"async\" class=\"size-full wp-image-59633\" src=\"https:\/\/www.blogsoestado.com\/danielmatos\/files\/2019\/01\/sarney-almo\u00e7o.jpg\" alt=\"\" width=\"513\" height=\"480\" \/><\/a><figcaption id=\"caption-attachment-59633\" class=\"wp-caption-text\">Sarney ocupou a mesma mesa em que sentaram Bolsonaro e o vice-presidente da rep\u00fablica, General Mour\u00e3o<\/figcaption><\/figure>\n<p>Na pauta do encontro entre Bolsonaro e Macri, as negocia\u00e7\u00f5es para acordos bilaterais, al\u00e9m de medidas de flexibiliza\u00e7\u00e3o do Mercosul (bloco que re\u00fane Brasil, Argentina, Paraguai e Uruguai, uma vez que a Venezuela est\u00e1 suspensa momentaneamente) e a crise na Venezuela.<\/p>\n<p>Tamb\u00e9m foram abordados temas como combate ao crime organizado, defesa, ci\u00eancia e tecnologia, energia nuclear e dinamiza\u00e7\u00e3o do com\u00e9rcio.<\/p>\n<figure id=\"attachment_59634\" aria-describedby=\"caption-attachment-59634\" style=\"width: 486px\" class=\"wp-caption aligncenter\"><a href=\"https:\/\/www.blogsoestado.com\/danielmatos\/2019\/01\/16\/bolsonaro-volta-a-prestigiar-sarney-desta-vez-em-almoco-com-presidente-da-argentina\/sarney-almoco2\/\" rel=\"attachment wp-att-59634\"><img decoding=\"async\" class=\"size-full wp-image-59634\" src=\"https:\/\/www.blogsoestado.com\/danielmatos\/files\/2019\/01\/sarney-almo\u00e7o2.jpg\" alt=\"\" width=\"486\" height=\"480\" \/><\/a><figcaption id=\"caption-attachment-59634\" class=\"wp-caption-text\">Sarney participou do brinde presidencial que reafirmou a rela\u00e7\u00e3o amistosa entre Brasil e Argentina<\/figcaption><\/figure>\n<p>Integraram a delega\u00e7\u00e3o oficial da Argentina os ministros das Rela\u00e7\u00f5es Exteriores, da Produ\u00e7\u00e3o, da Defesa, da Fazenda, de Seguran\u00e7a e Justi\u00e7a e dos Direitos Humanos.<\/p>\n<p>Blocos<br \/>\nA discuss\u00e3o sobre o futuro do Mercosul deve incluir a alternativa da ado\u00e7\u00e3o de regras que permitam acordos bilaterais entre membros do grupo, outros blocos e pa\u00edses, sem obrigatoriamente passar pela chancela do Mercosul.<\/p>\n<p>Os dois l\u00edderes devem conversar tamb\u00e9m medidas para avan\u00e7ar as negocia\u00e7\u00f5es do bloco que j\u00e1 estavam em curso at\u00e9 o fim de 2018, como \u00e9 o caso com a Uni\u00e3o Europeia, al\u00e9m de propor uma agenda interna que inclua a simplifica\u00e7\u00e3o da estrutura tarif\u00e1ria, a converg\u00eancia regulat\u00f3ria e a diminui\u00e7\u00e3o de barreiras internas entre pa\u00edses membros.<\/p>\n","protected":false},"excerpt":{"rendered":"<p>O ex-presidente Jos\u00e9 Sarney participou, nesta quarta-feira (16), como convidado, do almo\u00e7o oferecido pelo presidente do Brasil, Jair Messias Bolsonaro, [&hellip;]<\/p>\n","protected":false},"author":0,"featured_media":0,"comment_status":"open","ping_status":"open","sticky":false,"template":"","format":"standard","meta":{"site-sidebar-layout":"default","site-content-layout":"","ast-site-content-layout":"default","site-content-style":"default","site-sidebar-style":"default","ast-global-header-display":"","ast-banner-title-visibility":"","ast-main-header-display":"","ast-hfb-above-header-display":"","ast-hfb-below-header-display":"","ast-hfb-mobile-header-display":"","site-post-title":"","ast-breadcrumbs-content":"","ast-featured-img":"","footer-sml-layout":"","ast-disable-related-posts":"","theme-transparent-header-meta":"","adv-header-id-meta":"","stick-header-meta":"","header-above-stick-meta":"","header-main-stick-meta":"","header-below-stick-meta":"","astra-migrate-meta-layouts":"default","ast-page-background-enabled":"default","ast-page-background-meta":{"desktop":{"background-color":"var(--ast-global-color-5)","background-image":"","background-repeat":"repeat","background-position":"center center","background-size":"auto","background-attachment":"scroll","background-type":"","background-media":"","overlay-type":"","overlay-color":"","overlay-opacity":"","overlay-gradient":""},"tablet":{"background-color":"","background-image":"","background-repeat":"repeat","background-position":"center center","background-size":"auto","background-attachment":"scroll","background-type":"","background-media":"","overlay-type":"","overlay-color":"","overlay-opacity":"","overlay-gradient":""},"mobile":{"background-color":"","background-image":"","background-repeat":"repeat","background-position":"center center","background-size":"auto","background-attachment":"scroll","background-type":"","background-media":"","overlay-type":"","overlay-color":"","overlay-opacity":"","overlay-gradient":""}},"ast-content-background-meta":{"desktop":{"background-color":"var(--ast-global-color-4)","background-image":"","background-repeat":"repeat","background-position":"center center","background-size":"auto","background-attachment":"scroll","background-type":"","background-media":"","overlay-type":"","overlay-color":"","overlay-opacity":"","overlay-gradient":""},"tablet":{"background-color":"var(--ast-global-color-4)","background-image":"","background-repeat":"repeat","background-position":"center center","background-size":"auto","background-attachment":"scroll","background-type":"","background-media":"","overlay-type":"","overlay-color":"","overlay-opacity":"","overlay-gradient":""},"mobile":{"background-color":"var(--ast-global-color-4)","background-image":"","background-repeat":"repeat","background-position":"center center","background-size":"auto","background-attachment":"scroll","background-type":"","background-media":"","overlay-type":"","overlay-color":"","overlay-opacity":"","overlay-gradient":""}},"footnotes":""},"categories":[1],"tags":[],"class_list":["post-59631","post","type-post","status-publish","format-standard","hentry","category-sem-categoria"],"yoast_head":"<!-- This site is optimized with the Yoast SEO plugin v26.6 - https:\/\/yoast.com\/wordpress\/plugins\/seo\/ -->\n<title>Bolsonaro volta a prestigiar Sarney, desta vez em almo\u00e7o com presidente da Argentina - Daniel Matos<\/title>\n<meta name=\"robots\" content=\"index, follow, max-snippet:-1, max-image-preview:large, max-video-preview:-1\" \/>\n<link rel=\"canonical\" href=\"https:\/\/www.blogsoestado.com\/danielmatos\/bolsonaro-volta-a-prestigiar-sarney-desta-vez-em-almoco-com-presidente-da-argentina\/\" \/>\n<meta property=\"og:locale\" content=\"pt_BR\" \/>\n<meta property=\"og:type\" content=\"article\" \/>\n<meta property=\"og:title\" content=\"Bolsonaro volta a prestigiar Sarney, desta vez em almo\u00e7o com presidente da Argentina - Daniel Matos\" \/>\n<meta property=\"og:description\" content=\"O ex-presidente Jos\u00e9 Sarney participou, nesta quarta-feira (16), como convidado, do almo\u00e7o oferecido pelo presidente do Brasil, Jair Messias Bolsonaro, [&hellip;]\" \/>\n<meta property=\"og:url\" content=\"https:\/\/www.blogsoestado.com\/danielmatos\/bolsonaro-volta-a-prestigiar-sarney-desta-vez-em-almoco-com-presidente-da-argentina\/\" \/>\n<meta property=\"og:site_name\" content=\"Daniel Matos\" \/>\n<meta property=\"article:published_time\" content=\"2019-01-17T00:02:09+00:00\" \/>\n<meta name=\"twitter:card\" content=\"summary_large_image\" \/>\n<meta name=\"twitter:label1\" content=\"Est. tempo de leitura\" \/>\n\t<meta name=\"twitter:data1\" content=\"2 minutos\" \/>\n<script type=\"application\/ld+json\" class=\"yoast-schema-graph\">{\"@context\":\"https:\/\/schema.org\",\"@graph\":[{\"@type\":\"WebPage\",\"@id\":\"https:\/\/www.blogsoestado.com\/danielmatos\/bolsonaro-volta-a-prestigiar-sarney-desta-vez-em-almoco-com-presidente-da-argentina\/\",\"url\":\"https:\/\/www.blogsoestado.com\/danielmatos\/bolsonaro-volta-a-prestigiar-sarney-desta-vez-em-almoco-com-presidente-da-argentina\/\",\"name\":\"Bolsonaro volta a prestigiar Sarney, desta vez em almo\u00e7o com presidente da Argentina - Daniel Matos\",\"isPartOf\":{\"@id\":\"https:\/\/www.blogsoestado.com\/danielmatos\/#website\"},\"datePublished\":\"2019-01-17T00:02:09+00:00\",\"author\":{\"@id\":\"\"},\"breadcrumb\":{\"@id\":\"https:\/\/www.blogsoestado.com\/danielmatos\/bolsonaro-volta-a-prestigiar-sarney-desta-vez-em-almoco-com-presidente-da-argentina\/#breadcrumb\"},\"inLanguage\":\"pt-BR\",\"potentialAction\":[{\"@type\":\"ReadAction\",\"target\":[\"https:\/\/www.blogsoestado.com\/danielmatos\/bolsonaro-volta-a-prestigiar-sarney-desta-vez-em-almoco-com-presidente-da-argentina\/\"]}]},{\"@type\":\"BreadcrumbList\",\"@id\":\"https:\/\/www.blogsoestado.com\/danielmatos\/bolsonaro-volta-a-prestigiar-sarney-desta-vez-em-almoco-com-presidente-da-argentina\/#breadcrumb\",\"itemListElement\":[{\"@type\":\"ListItem\",\"position\":1,\"name\":\"In\u00edcio\",\"item\":\"https:\/\/www.blogsoestado.com\/danielmatos\/\"},{\"@type\":\"ListItem\",\"position\":2,\"name\":\"Bolsonaro volta a prestigiar Sarney, desta vez em almo\u00e7o com presidente da Argentina\"}]},{\"@type\":\"WebSite\",\"@id\":\"https:\/\/www.blogsoestado.com\/danielmatos\/#website\",\"url\":\"https:\/\/www.blogsoestado.com\/danielmatos\/\",\"name\":\"Daniel Matos\",\"description\":\"\",\"potentialAction\":[{\"@type\":\"SearchAction\",\"target\":{\"@type\":\"EntryPoint\",\"urlTemplate\":\"https:\/\/www.blogsoestado.com\/danielmatos\/?s={search_term_string}\"},\"query-input\":{\"@type\":\"PropertyValueSpecification\",\"valueRequired\":true,\"valueName\":\"search_term_string\"}}],\"inLanguage\":\"pt-BR\"}]}<\/script>\n<!-- \/ Yoast SEO plugin. -->","yoast_head_json":{"title":"Bolsonaro volta a prestigiar Sarney, desta vez em almo\u00e7o com presidente da Argentina - Daniel Matos","robots":{"index":"index","follow":"follow","max-snippet":"max-snippet:-1","max-image-preview":"max-image-preview:large","max-video-preview":"max-video-preview:-1"},"canonical":"https:\/\/www.blogsoestado.com\/danielmatos\/bolsonaro-volta-a-prestigiar-sarney-desta-vez-em-almoco-com-presidente-da-argentina\/","og_locale":"pt_BR","og_type":"article","og_title":"Bolsonaro volta a prestigiar Sarney, desta vez em almo\u00e7o com presidente da Argentina - Daniel Matos","og_description":"O ex-presidente Jos\u00e9 Sarney participou, nesta quarta-feira (16), como convidado, do almo\u00e7o oferecido pelo presidente do Brasil, Jair Messias Bolsonaro, [&hellip;]","og_url":"https:\/\/www.blogsoestado.com\/danielmatos\/bolsonaro-volta-a-prestigiar-sarney-desta-vez-em-almoco-com-presidente-da-argentina\/","og_site_name":"Daniel Matos","article_published_time":"2019-01-17T00:02:09+00:00","twitter_card":"summary_large_image","twitter_misc":{"Est. tempo de leitura":"2 minutos"},"schema":{"@context":"https:\/\/schema.org","@graph":[{"@type":"WebPage","@id":"https:\/\/www.blogsoestado.com\/danielmatos\/bolsonaro-volta-a-prestigiar-sarney-desta-vez-em-almoco-com-presidente-da-argentina\/","url":"https:\/\/www.blogsoestado.com\/danielmatos\/bolsonaro-volta-a-prestigiar-sarney-desta-vez-em-almoco-com-presidente-da-argentina\/","name":"Bolsonaro volta a prestigiar Sarney, desta vez em almo\u00e7o com presidente da Argentina - Daniel Matos","isPartOf":{"@id":"https:\/\/www.blogsoestado.com\/danielmatos\/#website"},"datePublished":"2019-01-17T00:02:09+00:00","author":{"@id":""},"breadcrumb":{"@id":"https:\/\/www.blogsoestado.com\/danielmatos\/bolsonaro-volta-a-prestigiar-sarney-desta-vez-em-almoco-com-presidente-da-argentina\/#breadcrumb"},"inLanguage":"pt-BR","potentialAction":[{"@type":"ReadAction","target":["https:\/\/www.blogsoestado.com\/danielmatos\/bolsonaro-volta-a-prestigiar-sarney-desta-vez-em-almoco-com-presidente-da-argentina\/"]}]},{"@type":"BreadcrumbList","@id":"https:\/\/www.blogsoestado.com\/danielmatos\/bolsonaro-volta-a-prestigiar-sarney-desta-vez-em-almoco-com-presidente-da-argentina\/#breadcrumb","itemListElement":[{"@type":"ListItem","position":1,"name":"In\u00edcio","item":"https:\/\/www.blogsoestado.com\/danielmatos\/"},{"@type":"ListItem","position":2,"name":"Bolsonaro volta a prestigiar Sarney, desta vez em almo\u00e7o com presidente da Argentina"}]},{"@type":"WebSite","@id":"https:\/\/www.blogsoestado.com\/danielmatos\/#website","url":"https:\/\/www.blogsoestado.com\/danielmatos\/","name":"Daniel Matos","description":"","potentialAction":[{"@type":"SearchAction","target":{"@type":"EntryPoint","urlTemplate":"https:\/\/www.blogsoestado.com\/danielmatos\/?s={search_term_string}"},"query-input":{"@type":"PropertyValueSpecification","valueRequired":true,"valueName":"search_term_string"}}],"inLanguage":"pt-BR"}]}},"jetpack_featured_media_url":"","_links":{"self":[{"href":"https:\/\/www.blogsoestado.com\/danielmatos\/wp-json\/wp\/v2\/posts\/59631","targetHints":{"allow":["GET"]}}],"collection":[{"href":"https:\/\/www.blogsoestado.com\/danielmatos\/wp-json\/wp\/v2\/posts"}],"about":[{"href":"https:\/\/www.blogsoestado.com\/danielmatos\/wp-json\/wp\/v2\/types\/post"}],"replies":[{"embeddable":true,"href":"https:\/\/www.blogsoestado.com\/danielmatos\/wp-json\/wp\/v2\/comments?post=59631"}],"version-history":[{"count":0,"href":"https:\/\/www.blogsoestado.com\/danielmatos\/wp-json\/wp\/v2\/posts\/59631\/revisions"}],"wp:attachment":[{"href":"https:\/\/www.blogsoestado.com\/danielmatos\/wp-json\/wp\/v2\/media?parent=59631"}],"wp:term":[{"taxonomy":"category","embeddable":true,"href":"https:\/\/www.blogsoestado.com\/danielmatos\/wp-json\/wp\/v2\/categories?post=59631"},{"taxonomy":"post_tag","embeddable":true,"href":"https:\/\/www.blogsoestado.com\/danielmatos\/wp-json\/wp\/v2\/tags?post=59631"}],"curies":[{"name":"wp","href":"https:\/\/api.w.org\/{rel}","templated":true}]}}