{"id":59661,"date":"2019-01-18T15:45:03","date_gmt":"2019-01-18T18:45:03","guid":{"rendered":"https:\/\/www.blogsoestado.com\/danielmatos\/?p=59661"},"modified":"2019-01-18T15:45:03","modified_gmt":"2019-01-18T18:45:03","slug":"sem-saneamento-ate-a-rua-onde-o-prefeito-de-peritoro-mora-e-inundada-durante-chuva","status":"publish","type":"post","link":"https:\/\/www.blogsoestado.com\/danielmatos\/sem-saneamento-ate-a-rua-onde-o-prefeito-de-peritoro-mora-e-inundada-durante-chuva\/","title":{"rendered":"Sem saneamento: at\u00e9 a rua onde o prefeito de Peritor\u00f3 mora \u00e9 inundada durante chuva"},"content":{"rendered":"\n<ul class=\"wp-block-gallery columns-1 is-cropped wp-block-gallery-2 is-layout-flex wp-block-gallery-is-layout-flex\"><li class=\"blocks-gallery-item\"><figure><img decoding=\"async\" src=\"https:\/\/www.blogsoestado.com\/danielmatos\/files\/2019\/01\/IMG-20190118-WA0091-1024x768.jpg\" alt=\"\" data-id=\"59662\" data-link=\"https:\/\/www.blogsoestado.com\/danielmatos\/?attachment_id=59662\" class=\"wp-image-59662\"\/><figcaption>Rua da Mangueira, no Centro de Peritor\u00f3, onde mora o prefeito Pe. Jozias, inundada pela chuva<\/figcaption><\/figure><\/li><\/ul>\n\n\n\n<p>O l\u00edder da opsi\u00e7\u00e3o na C\u00e2mara Municipal de Peritor\u00f3, vereador Clemilson Viana, em entrevista ao blog, denunciou a falta de saneamento b\u00e1sico no munic\u00edpio. Ele informou que h\u00e1 anos, no per\u00edodo chuvoso, a falta de rede de esgotos leva a cidade a um caos total, <\/p>\n\n\n\n<p>Segundo Clemilson Viana, v\u00e1rios pontos de alagamentos formam-se em Peritor\u00f3. Quando chove, at\u00e9 a rua onde o prefeito Pe. Jozias mora fica alagada, escancarando o descaso, o abandono e a falta de vergonha de uma gest\u00e3o que acumula tr\u00eas mandatos, sendo dois consecutivos.<\/p>\n\n\n\n<figure class=\"wp-block-image\"><img decoding=\"async\" src=\"https:\/\/www.blogsoestado.com\/danielmatos\/files\/2019\/01\/IMG-20190118-WA0086.jpg\" alt=\"\" class=\"wp-image-59663\"\/><figcaption>Prefeito P\u00e9. Jozias recebe recursos, mas n\u00e3o investe em saneamento b\u00e1sico em Peritor\u00f3<\/figcaption><\/figure>\n\n\n\n<p>O l\u00edder da oposi\u00e7\u00e3o garante que n\u00e3o h\u00e1 raz\u00e3o para o abandono das pol\u00edticas p\u00fablicas de saneamento b\u00e1sico no munic\u00edpio, uma vez que a prefeitura recebe do Governo Federal, em m\u00e9dia, R$ 3,5 milh\u00f5es por m\u00eas. <\/p>\n\n\n\n<p>Clemilson Viana lembra que o munic\u00edpio tamb\u00e9m tem recebido emendas parlamentares, ou seja, recursos extras.<\/p>\n\n\n\n<p>Assista ao v\u00eddeo:<\/p>\n\n\n\n<figure class=\"wp-block-embed-youtube wp-block-embed is-type-video is-provider-youtube wp-embed-aspect-16-9 wp-has-aspect-ratio\"><div class=\"wp-block-embed__wrapper\">\n<iframe title=\"Chuva Peritor\u00f3\" width=\"500\" height=\"281\" src=\"https:\/\/www.youtube.com\/embed\/73lYtV_WUsQ?feature=oembed\" frameborder=\"0\" allow=\"accelerometer; autoplay; clipboard-write; encrypted-media; gyroscope; picture-in-picture; web-share\" referrerpolicy=\"strict-origin-when-cross-origin\" allowfullscreen><\/iframe>\n<\/div><\/figure>\n","protected":false},"excerpt":{"rendered":"<p>O l\u00edder da opsi\u00e7\u00e3o na C\u00e2mara Municipal de Peritor\u00f3, vereador Clemilson Viana, em entrevista ao blog, denunciou a falta de [&hellip;]<\/p>\n","protected":false},"author":0,"featured_media":0,"comment_status":"open","ping_status":"open","sticky":false,"template":"","format":"standard","meta":{"site-sidebar-layout":"default","site-content-layout":"","ast-site-content-layout":"default","site-content-style":"default","site-sidebar-style":"default","ast-global-header-display":"","ast-banner-title-visibility":"","ast-main-header-display":"","ast-hfb-above-header-display":"","ast-hfb-below-header-display":"","ast-hfb-mobile-header-display":"","site-post-title":"","ast-breadcrumbs-content":"","ast-featured-img":"","footer-sml-layout":"","ast-disable-related-posts":"","theme-transparent-header-meta":"","adv-header-id-meta":"","stick-header-meta":"","header-above-stick-meta":"","header-main-stick-meta":"","header-below-stick-meta":"","astra-migrate-meta-layouts":"default","ast-page-background-enabled":"default","ast-page-background-meta":{"desktop":{"background-color":"var(--ast-global-color-5)","background-image":"","background-repeat":"repeat","background-position":"center center","background-size":"auto","background-attachment":"scroll","background-type":"","background-media":"","overlay-type":"","overlay-color":"","overlay-opacity":"","overlay-gradient":""},"tablet":{"background-color":"","background-image":"","background-repeat":"repeat","background-position":"center center","background-size":"auto","background-attachment":"scroll","background-type":"","background-media":"","overlay-type":"","overlay-color":"","overlay-opacity":"","overlay-gradient":""},"mobile":{"background-color":"","background-image":"","background-repeat":"repeat","background-position":"center center","background-size":"auto","background-attachment":"scroll","background-type":"","background-media":"","overlay-type":"","overlay-color":"","overlay-opacity":"","overlay-gradient":""}},"ast-content-background-meta":{"desktop":{"background-color":"var(--ast-global-color-4)","background-image":"","background-repeat":"repeat","background-position":"center center","background-size":"auto","background-attachment":"scroll","background-type":"","background-media":"","overlay-type":"","overlay-color":"","overlay-opacity":"","overlay-gradient":""},"tablet":{"background-color":"var(--ast-global-color-4)","background-image":"","background-repeat":"repeat","background-position":"center center","background-size":"auto","background-attachment":"scroll","background-type":"","background-media":"","overlay-type":"","overlay-color":"","overlay-opacity":"","overlay-gradient":""},"mobile":{"background-color":"var(--ast-global-color-4)","background-image":"","background-repeat":"repeat","background-position":"center center","background-size":"auto","background-attachment":"scroll","background-type":"","background-media":"","overlay-type":"","overlay-color":"","overlay-opacity":"","overlay-gradient":""}},"footnotes":""},"categories":[1],"tags":[],"class_list":["post-59661","post","type-post","status-publish","format-standard","hentry","category-sem-categoria"],"yoast_head":"<!-- This site is optimized with the Yoast SEO plugin v26.6 - https:\/\/yoast.com\/wordpress\/plugins\/seo\/ -->\n<title>Sem saneamento: at\u00e9 a rua onde o prefeito de Peritor\u00f3 mora \u00e9 inundada durante chuva - Daniel Matos<\/title>\n<meta name=\"robots\" content=\"index, follow, max-snippet:-1, max-image-preview:large, max-video-preview:-1\" \/>\n<link rel=\"canonical\" href=\"https:\/\/www.blogsoestado.com\/danielmatos\/sem-saneamento-ate-a-rua-onde-o-prefeito-de-peritoro-mora-e-inundada-durante-chuva\/\" \/>\n<meta property=\"og:locale\" content=\"pt_BR\" \/>\n<meta property=\"og:type\" content=\"article\" \/>\n<meta property=\"og:title\" content=\"Sem saneamento: at\u00e9 a rua onde o prefeito de Peritor\u00f3 mora \u00e9 inundada durante chuva - Daniel Matos\" \/>\n<meta property=\"og:description\" content=\"O l\u00edder da opsi\u00e7\u00e3o na C\u00e2mara Municipal de Peritor\u00f3, vereador Clemilson Viana, em entrevista ao blog, denunciou a falta de [&hellip;]\" \/>\n<meta property=\"og:url\" content=\"https:\/\/www.blogsoestado.com\/danielmatos\/sem-saneamento-ate-a-rua-onde-o-prefeito-de-peritoro-mora-e-inundada-durante-chuva\/\" \/>\n<meta property=\"og:site_name\" content=\"Daniel Matos\" \/>\n<meta property=\"article:published_time\" content=\"2019-01-18T18:45:03+00:00\" \/>\n<meta property=\"og:image\" content=\"https:\/\/www.blogsoestado.com\/danielmatos\/files\/2019\/01\/IMG-20190118-WA0091-1024x768.jpg\" \/>\n<meta name=\"twitter:card\" content=\"summary_large_image\" \/>\n<meta name=\"twitter:label1\" content=\"Est. tempo de leitura\" \/>\n\t<meta name=\"twitter:data1\" content=\"1 minuto\" \/>\n<script type=\"application\/ld+json\" class=\"yoast-schema-graph\">{\"@context\":\"https:\/\/schema.org\",\"@graph\":[{\"@type\":\"WebPage\",\"@id\":\"https:\/\/www.blogsoestado.com\/danielmatos\/sem-saneamento-ate-a-rua-onde-o-prefeito-de-peritoro-mora-e-inundada-durante-chuva\/\",\"url\":\"https:\/\/www.blogsoestado.com\/danielmatos\/sem-saneamento-ate-a-rua-onde-o-prefeito-de-peritoro-mora-e-inundada-durante-chuva\/\",\"name\":\"Sem saneamento: at\u00e9 a rua onde o prefeito de Peritor\u00f3 mora \u00e9 inundada durante chuva - Daniel Matos\",\"isPartOf\":{\"@id\":\"https:\/\/www.blogsoestado.com\/danielmatos\/#website\"},\"primaryImageOfPage\":{\"@id\":\"https:\/\/www.blogsoestado.com\/danielmatos\/sem-saneamento-ate-a-rua-onde-o-prefeito-de-peritoro-mora-e-inundada-durante-chuva\/#primaryimage\"},\"image\":{\"@id\":\"https:\/\/www.blogsoestado.com\/danielmatos\/sem-saneamento-ate-a-rua-onde-o-prefeito-de-peritoro-mora-e-inundada-durante-chuva\/#primaryimage\"},\"thumbnailUrl\":\"https:\/\/www.blogsoestado.com\/danielmatos\/files\/2019\/01\/IMG-20190118-WA0091-1024x768.jpg\",\"datePublished\":\"2019-01-18T18:45:03+00:00\",\"author\":{\"@id\":\"\"},\"breadcrumb\":{\"@id\":\"https:\/\/www.blogsoestado.com\/danielmatos\/sem-saneamento-ate-a-rua-onde-o-prefeito-de-peritoro-mora-e-inundada-durante-chuva\/#breadcrumb\"},\"inLanguage\":\"pt-BR\",\"potentialAction\":[{\"@type\":\"ReadAction\",\"target\":[\"https:\/\/www.blogsoestado.com\/danielmatos\/sem-saneamento-ate-a-rua-onde-o-prefeito-de-peritoro-mora-e-inundada-durante-chuva\/\"]}]},{\"@type\":\"ImageObject\",\"inLanguage\":\"pt-BR\",\"@id\":\"https:\/\/www.blogsoestado.com\/danielmatos\/sem-saneamento-ate-a-rua-onde-o-prefeito-de-peritoro-mora-e-inundada-durante-chuva\/#primaryimage\",\"url\":\"https:\/\/www.blogsoestado.com\/danielmatos\/files\/2019\/01\/IMG-20190118-WA0091-1024x768.jpg\",\"contentUrl\":\"https:\/\/www.blogsoestado.com\/danielmatos\/files\/2019\/01\/IMG-20190118-WA0091-1024x768.jpg\"},{\"@type\":\"BreadcrumbList\",\"@id\":\"https:\/\/www.blogsoestado.com\/danielmatos\/sem-saneamento-ate-a-rua-onde-o-prefeito-de-peritoro-mora-e-inundada-durante-chuva\/#breadcrumb\",\"itemListElement\":[{\"@type\":\"ListItem\",\"position\":1,\"name\":\"In\u00edcio\",\"item\":\"https:\/\/www.blogsoestado.com\/danielmatos\/\"},{\"@type\":\"ListItem\",\"position\":2,\"name\":\"Sem saneamento: at\u00e9 a rua onde o prefeito de Peritor\u00f3 mora \u00e9 inundada durante chuva\"}]},{\"@type\":\"WebSite\",\"@id\":\"https:\/\/www.blogsoestado.com\/danielmatos\/#website\",\"url\":\"https:\/\/www.blogsoestado.com\/danielmatos\/\",\"name\":\"Daniel Matos\",\"description\":\"\",\"potentialAction\":[{\"@type\":\"SearchAction\",\"target\":{\"@type\":\"EntryPoint\",\"urlTemplate\":\"https:\/\/www.blogsoestado.com\/danielmatos\/?s={search_term_string}\"},\"query-input\":{\"@type\":\"PropertyValueSpecification\",\"valueRequired\":true,\"valueName\":\"search_term_string\"}}],\"inLanguage\":\"pt-BR\"}]}<\/script>\n<!-- \/ Yoast SEO plugin. -->","yoast_head_json":{"title":"Sem saneamento: at\u00e9 a rua onde o prefeito de Peritor\u00f3 mora \u00e9 inundada durante chuva - Daniel Matos","robots":{"index":"index","follow":"follow","max-snippet":"max-snippet:-1","max-image-preview":"max-image-preview:large","max-video-preview":"max-video-preview:-1"},"canonical":"https:\/\/www.blogsoestado.com\/danielmatos\/sem-saneamento-ate-a-rua-onde-o-prefeito-de-peritoro-mora-e-inundada-durante-chuva\/","og_locale":"pt_BR","og_type":"article","og_title":"Sem saneamento: at\u00e9 a rua onde o prefeito de Peritor\u00f3 mora \u00e9 inundada durante chuva - Daniel Matos","og_description":"O l\u00edder da opsi\u00e7\u00e3o na C\u00e2mara Municipal de Peritor\u00f3, vereador Clemilson Viana, em entrevista ao blog, denunciou a falta de [&hellip;]","og_url":"https:\/\/www.blogsoestado.com\/danielmatos\/sem-saneamento-ate-a-rua-onde-o-prefeito-de-peritoro-mora-e-inundada-durante-chuva\/","og_site_name":"Daniel Matos","article_published_time":"2019-01-18T18:45:03+00:00","og_image":[{"url":"https:\/\/www.blogsoestado.com\/danielmatos\/files\/2019\/01\/IMG-20190118-WA0091-1024x768.jpg","type":"","width":"","height":""}],"twitter_card":"summary_large_image","twitter_misc":{"Est. tempo de leitura":"1 minuto"},"schema":{"@context":"https:\/\/schema.org","@graph":[{"@type":"WebPage","@id":"https:\/\/www.blogsoestado.com\/danielmatos\/sem-saneamento-ate-a-rua-onde-o-prefeito-de-peritoro-mora-e-inundada-durante-chuva\/","url":"https:\/\/www.blogsoestado.com\/danielmatos\/sem-saneamento-ate-a-rua-onde-o-prefeito-de-peritoro-mora-e-inundada-durante-chuva\/","name":"Sem saneamento: at\u00e9 a rua onde o prefeito de Peritor\u00f3 mora \u00e9 inundada durante chuva - Daniel Matos","isPartOf":{"@id":"https:\/\/www.blogsoestado.com\/danielmatos\/#website"},"primaryImageOfPage":{"@id":"https:\/\/www.blogsoestado.com\/danielmatos\/sem-saneamento-ate-a-rua-onde-o-prefeito-de-peritoro-mora-e-inundada-durante-chuva\/#primaryimage"},"image":{"@id":"https:\/\/www.blogsoestado.com\/danielmatos\/sem-saneamento-ate-a-rua-onde-o-prefeito-de-peritoro-mora-e-inundada-durante-chuva\/#primaryimage"},"thumbnailUrl":"https:\/\/www.blogsoestado.com\/danielmatos\/files\/2019\/01\/IMG-20190118-WA0091-1024x768.jpg","datePublished":"2019-01-18T18:45:03+00:00","author":{"@id":""},"breadcrumb":{"@id":"https:\/\/www.blogsoestado.com\/danielmatos\/sem-saneamento-ate-a-rua-onde-o-prefeito-de-peritoro-mora-e-inundada-durante-chuva\/#breadcrumb"},"inLanguage":"pt-BR","potentialAction":[{"@type":"ReadAction","target":["https:\/\/www.blogsoestado.com\/danielmatos\/sem-saneamento-ate-a-rua-onde-o-prefeito-de-peritoro-mora-e-inundada-durante-chuva\/"]}]},{"@type":"ImageObject","inLanguage":"pt-BR","@id":"https:\/\/www.blogsoestado.com\/danielmatos\/sem-saneamento-ate-a-rua-onde-o-prefeito-de-peritoro-mora-e-inundada-durante-chuva\/#primaryimage","url":"https:\/\/www.blogsoestado.com\/danielmatos\/files\/2019\/01\/IMG-20190118-WA0091-1024x768.jpg","contentUrl":"https:\/\/www.blogsoestado.com\/danielmatos\/files\/2019\/01\/IMG-20190118-WA0091-1024x768.jpg"},{"@type":"BreadcrumbList","@id":"https:\/\/www.blogsoestado.com\/danielmatos\/sem-saneamento-ate-a-rua-onde-o-prefeito-de-peritoro-mora-e-inundada-durante-chuva\/#breadcrumb","itemListElement":[{"@type":"ListItem","position":1,"name":"In\u00edcio","item":"https:\/\/www.blogsoestado.com\/danielmatos\/"},{"@type":"ListItem","position":2,"name":"Sem saneamento: at\u00e9 a rua onde o prefeito de Peritor\u00f3 mora \u00e9 inundada durante chuva"}]},{"@type":"WebSite","@id":"https:\/\/www.blogsoestado.com\/danielmatos\/#website","url":"https:\/\/www.blogsoestado.com\/danielmatos\/","name":"Daniel Matos","description":"","potentialAction":[{"@type":"SearchAction","target":{"@type":"EntryPoint","urlTemplate":"https:\/\/www.blogsoestado.com\/danielmatos\/?s={search_term_string}"},"query-input":{"@type":"PropertyValueSpecification","valueRequired":true,"valueName":"search_term_string"}}],"inLanguage":"pt-BR"}]}},"jetpack_featured_media_url":"","_links":{"self":[{"href":"https:\/\/www.blogsoestado.com\/danielmatos\/wp-json\/wp\/v2\/posts\/59661","targetHints":{"allow":["GET"]}}],"collection":[{"href":"https:\/\/www.blogsoestado.com\/danielmatos\/wp-json\/wp\/v2\/posts"}],"about":[{"href":"https:\/\/www.blogsoestado.com\/danielmatos\/wp-json\/wp\/v2\/types\/post"}],"replies":[{"embeddable":true,"href":"https:\/\/www.blogsoestado.com\/danielmatos\/wp-json\/wp\/v2\/comments?post=59661"}],"version-history":[{"count":0,"href":"https:\/\/www.blogsoestado.com\/danielmatos\/wp-json\/wp\/v2\/posts\/59661\/revisions"}],"wp:attachment":[{"href":"https:\/\/www.blogsoestado.com\/danielmatos\/wp-json\/wp\/v2\/media?parent=59661"}],"wp:term":[{"taxonomy":"category","embeddable":true,"href":"https:\/\/www.blogsoestado.com\/danielmatos\/wp-json\/wp\/v2\/categories?post=59661"},{"taxonomy":"post_tag","embeddable":true,"href":"https:\/\/www.blogsoestado.com\/danielmatos\/wp-json\/wp\/v2\/tags?post=59661"}],"curies":[{"name":"wp","href":"https:\/\/api.w.org\/{rel}","templated":true}]}}