{"id":59672,"date":"2019-01-18T16:30:58","date_gmt":"2019-01-18T19:30:58","guid":{"rendered":"https:\/\/www.blogsoestado.com\/danielmatos\/?p=59672"},"modified":"2019-01-18T16:30:58","modified_gmt":"2019-01-18T19:30:58","slug":"osmar-filho-prestigia-posse-do-novo-presidente-do-sebrae","status":"publish","type":"post","link":"https:\/\/www.blogsoestado.com\/danielmatos\/osmar-filho-prestigia-posse-do-novo-presidente-do-sebrae\/","title":{"rendered":"Osmar Filho prestigia posse do novo presidente do Sebrae"},"content":{"rendered":"\n<figure class=\"wp-block-image\"><img decoding=\"async\" src=\"https:\/\/www.blogsoestado.com\/danielmatos\/files\/2019\/01\/osmar-sebrae.jpg\" alt=\"\" class=\"wp-image-59673\"\/><figcaption>Osmar Filho na posse, ao lado do novo presidente do Sebrae no Maranh\u00e3o, Raimundo Coelho Sousa (\u00e0 esquerda)<\/figcaption><\/figure>\n\n\n\n<p>O presidente da C\u00e2mara Municipal de S\u00e3o Lu\u00eds, Osmar Filho (PDT), <br>\nprestigiou, na noite da \u00faltima quinta-feira (17), no Centro de <br>\nConven\u00e7\u00f5es Pedro Neiva de Santana, a solenidade de posse do presidente <br>\ndo novo Conselho Deliberativo do Servi\u00e7o Brasileiro de Apoio \u00e0 Micro e <br>\nPequenas Empresas, Raimundo Coelho de Sousa, eleito para comandar a <br>\nentidade no quadri\u00eanio 2019-2022.<\/p>\n\n\n\n<p>O chefe do Legislativo municipal prop\u00f4s a parceria do Sebrae para <br> discutir algumas a\u00e7\u00f5es junto com a Casa visando uma parceria para gerar <br> mais emprego e renda na capital maranhense.<\/p>\n\n\n\n<p>\u201cA parceria C\u00e2mara Municipal de S\u00e3o Lu\u00eds e Sebrae \u00e9 importante por ser <br>\numa institui\u00e7\u00e3o que visa dar apoio ao pequeno e micro empres\u00e1rio, e <br>\ntenho certeza que est\u00e1 parceria resultar\u00e1 em pol\u00edticas p\u00fablicas de <br>\ngera\u00e7\u00e3o de emprego e renda\u201d, afirmou Osmar Filho.<\/p>\n\n\n\n<p>O novo presidente disse que vai encarar o cargo com muita <br>\nresponsabilidade e honra. \u201cE vamos procurar saber sobre a necessidade do <br>\nmicro e pequeno empreendedor, saber o que ele indica, qual a sua <br>\nvoca\u00e7\u00e3o\u201d, acrescentou Raimundo Coelho.<\/p>\n\n\n\n<p>Osmar Filho falou, ainda, que os projetos de parceria com o Sebrae. <br>\n\u201cser\u00e3o discutidos discutido com as comiss\u00f5es t\u00e9cnicas da Casa, que versa <br>\nsobre o assunto, e com o colegiado, tamb\u00e9m, buscando audi\u00eancia p\u00fablica <br>\ncom a sociedade civil organizada envolvendo todos, para que, a partir <br>\nda\u00ed, se construa projetos que de fato fomentem a gera\u00e7\u00e3o de emprego e <br>\nrenda\u201d.<\/p>\n\n\n\n<p>Raimundo Coelho ressaltou que \u00e9 fundamental discutir projetos de <br>\ninteresse econ\u00f4mico com a C\u00e2mara Municipal de S\u00e3o Lu\u00eds em diversos <br>\nsegmentos como na agricultura, com\u00e9rcio, ind\u00fastria e servi\u00e7os.<\/p>\n\n\n\n<p>Na ocasi\u00e3o, o novo presidente destacou a import\u00e2ncia dos vereadores de <br>\nS\u00e3o Lu\u00eds na parceria com o Sebrae, por tratar-se de leg\u00edtimos <br>\nrepresentantes do povo e das comunidades.<\/p>\n","protected":false},"excerpt":{"rendered":"<p>O presidente da C\u00e2mara Municipal de S\u00e3o Lu\u00eds, Osmar Filho (PDT), prestigiou, na noite da \u00faltima quinta-feira (17), no Centro [&hellip;]<\/p>\n","protected":false},"author":0,"featured_media":0,"comment_status":"open","ping_status":"open","sticky":false,"template":"","format":"standard","meta":{"site-sidebar-layout":"default","site-content-layout":"","ast-site-content-layout":"default","site-content-style":"default","site-sidebar-style":"default","ast-global-header-display":"","ast-banner-title-visibility":"","ast-main-header-display":"","ast-hfb-above-header-display":"","ast-hfb-below-header-display":"","ast-hfb-mobile-header-display":"","site-post-title":"","ast-breadcrumbs-content":"","ast-featured-img":"","footer-sml-layout":"","ast-disable-related-posts":"","theme-transparent-header-meta":"","adv-header-id-meta":"","stick-header-meta":"","header-above-stick-meta":"","header-main-stick-meta":"","header-below-stick-meta":"","astra-migrate-meta-layouts":"default","ast-page-background-enabled":"default","ast-page-background-meta":{"desktop":{"background-color":"var(--ast-global-color-5)","background-image":"","background-repeat":"repeat","background-position":"center center","background-size":"auto","background-attachment":"scroll","background-type":"","background-media":"","overlay-type":"","overlay-color":"","overlay-opacity":"","overlay-gradient":""},"tablet":{"background-color":"","background-image":"","background-repeat":"repeat","background-position":"center center","background-size":"auto","background-attachment":"scroll","background-type":"","background-media":"","overlay-type":"","overlay-color":"","overlay-opacity":"","overlay-gradient":""},"mobile":{"background-color":"","background-image":"","background-repeat":"repeat","background-position":"center center","background-size":"auto","background-attachment":"scroll","background-type":"","background-media":"","overlay-type":"","overlay-color":"","overlay-opacity":"","overlay-gradient":""}},"ast-content-background-meta":{"desktop":{"background-color":"var(--ast-global-color-4)","background-image":"","background-repeat":"repeat","background-position":"center center","background-size":"auto","background-attachment":"scroll","background-type":"","background-media":"","overlay-type":"","overlay-color":"","overlay-opacity":"","overlay-gradient":""},"tablet":{"background-color":"var(--ast-global-color-4)","background-image":"","background-repeat":"repeat","background-position":"center center","background-size":"auto","background-attachment":"scroll","background-type":"","background-media":"","overlay-type":"","overlay-color":"","overlay-opacity":"","overlay-gradient":""},"mobile":{"background-color":"var(--ast-global-color-4)","background-image":"","background-repeat":"repeat","background-position":"center center","background-size":"auto","background-attachment":"scroll","background-type":"","background-media":"","overlay-type":"","overlay-color":"","overlay-opacity":"","overlay-gradient":""}},"footnotes":""},"categories":[1],"tags":[],"class_list":["post-59672","post","type-post","status-publish","format-standard","hentry","category-sem-categoria"],"yoast_head":"<!-- This site is optimized with the Yoast SEO plugin v26.6 - https:\/\/yoast.com\/wordpress\/plugins\/seo\/ -->\n<title>Osmar Filho prestigia posse do novo presidente do Sebrae - Daniel Matos<\/title>\n<meta name=\"robots\" content=\"index, follow, max-snippet:-1, max-image-preview:large, max-video-preview:-1\" \/>\n<link rel=\"canonical\" href=\"https:\/\/www.blogsoestado.com\/danielmatos\/osmar-filho-prestigia-posse-do-novo-presidente-do-sebrae\/\" \/>\n<meta property=\"og:locale\" content=\"pt_BR\" \/>\n<meta property=\"og:type\" content=\"article\" \/>\n<meta property=\"og:title\" content=\"Osmar Filho prestigia posse do novo presidente do Sebrae - Daniel Matos\" \/>\n<meta property=\"og:description\" content=\"O presidente da C\u00e2mara Municipal de S\u00e3o Lu\u00eds, Osmar Filho (PDT), prestigiou, na noite da \u00faltima quinta-feira (17), no Centro [&hellip;]\" \/>\n<meta property=\"og:url\" content=\"https:\/\/www.blogsoestado.com\/danielmatos\/osmar-filho-prestigia-posse-do-novo-presidente-do-sebrae\/\" \/>\n<meta property=\"og:site_name\" content=\"Daniel Matos\" \/>\n<meta property=\"article:published_time\" content=\"2019-01-18T19:30:58+00:00\" \/>\n<meta property=\"og:image\" content=\"https:\/\/www.blogsoestado.com\/danielmatos\/files\/2019\/01\/osmar-sebrae.jpg\" \/>\n<meta name=\"twitter:card\" content=\"summary_large_image\" \/>\n<meta name=\"twitter:label1\" content=\"Est. tempo de leitura\" \/>\n\t<meta name=\"twitter:data1\" content=\"2 minutos\" \/>\n<script type=\"application\/ld+json\" class=\"yoast-schema-graph\">{\"@context\":\"https:\/\/schema.org\",\"@graph\":[{\"@type\":\"WebPage\",\"@id\":\"https:\/\/www.blogsoestado.com\/danielmatos\/osmar-filho-prestigia-posse-do-novo-presidente-do-sebrae\/\",\"url\":\"https:\/\/www.blogsoestado.com\/danielmatos\/osmar-filho-prestigia-posse-do-novo-presidente-do-sebrae\/\",\"name\":\"Osmar Filho prestigia posse do novo presidente do Sebrae - Daniel Matos\",\"isPartOf\":{\"@id\":\"https:\/\/www.blogsoestado.com\/danielmatos\/#website\"},\"primaryImageOfPage\":{\"@id\":\"https:\/\/www.blogsoestado.com\/danielmatos\/osmar-filho-prestigia-posse-do-novo-presidente-do-sebrae\/#primaryimage\"},\"image\":{\"@id\":\"https:\/\/www.blogsoestado.com\/danielmatos\/osmar-filho-prestigia-posse-do-novo-presidente-do-sebrae\/#primaryimage\"},\"thumbnailUrl\":\"https:\/\/www.blogsoestado.com\/danielmatos\/files\/2019\/01\/osmar-sebrae.jpg\",\"datePublished\":\"2019-01-18T19:30:58+00:00\",\"author\":{\"@id\":\"\"},\"breadcrumb\":{\"@id\":\"https:\/\/www.blogsoestado.com\/danielmatos\/osmar-filho-prestigia-posse-do-novo-presidente-do-sebrae\/#breadcrumb\"},\"inLanguage\":\"pt-BR\",\"potentialAction\":[{\"@type\":\"ReadAction\",\"target\":[\"https:\/\/www.blogsoestado.com\/danielmatos\/osmar-filho-prestigia-posse-do-novo-presidente-do-sebrae\/\"]}]},{\"@type\":\"ImageObject\",\"inLanguage\":\"pt-BR\",\"@id\":\"https:\/\/www.blogsoestado.com\/danielmatos\/osmar-filho-prestigia-posse-do-novo-presidente-do-sebrae\/#primaryimage\",\"url\":\"https:\/\/www.blogsoestado.com\/danielmatos\/files\/2019\/01\/osmar-sebrae.jpg\",\"contentUrl\":\"https:\/\/www.blogsoestado.com\/danielmatos\/files\/2019\/01\/osmar-sebrae.jpg\"},{\"@type\":\"BreadcrumbList\",\"@id\":\"https:\/\/www.blogsoestado.com\/danielmatos\/osmar-filho-prestigia-posse-do-novo-presidente-do-sebrae\/#breadcrumb\",\"itemListElement\":[{\"@type\":\"ListItem\",\"position\":1,\"name\":\"In\u00edcio\",\"item\":\"https:\/\/www.blogsoestado.com\/danielmatos\/\"},{\"@type\":\"ListItem\",\"position\":2,\"name\":\"Osmar Filho prestigia posse do novo presidente do Sebrae\"}]},{\"@type\":\"WebSite\",\"@id\":\"https:\/\/www.blogsoestado.com\/danielmatos\/#website\",\"url\":\"https:\/\/www.blogsoestado.com\/danielmatos\/\",\"name\":\"Daniel Matos\",\"description\":\"\",\"potentialAction\":[{\"@type\":\"SearchAction\",\"target\":{\"@type\":\"EntryPoint\",\"urlTemplate\":\"https:\/\/www.blogsoestado.com\/danielmatos\/?s={search_term_string}\"},\"query-input\":{\"@type\":\"PropertyValueSpecification\",\"valueRequired\":true,\"valueName\":\"search_term_string\"}}],\"inLanguage\":\"pt-BR\"}]}<\/script>\n<!-- \/ Yoast SEO plugin. -->","yoast_head_json":{"title":"Osmar Filho prestigia posse do novo presidente do Sebrae - Daniel Matos","robots":{"index":"index","follow":"follow","max-snippet":"max-snippet:-1","max-image-preview":"max-image-preview:large","max-video-preview":"max-video-preview:-1"},"canonical":"https:\/\/www.blogsoestado.com\/danielmatos\/osmar-filho-prestigia-posse-do-novo-presidente-do-sebrae\/","og_locale":"pt_BR","og_type":"article","og_title":"Osmar Filho prestigia posse do novo presidente do Sebrae - Daniel Matos","og_description":"O presidente da C\u00e2mara Municipal de S\u00e3o Lu\u00eds, Osmar Filho (PDT), prestigiou, na noite da \u00faltima quinta-feira (17), no Centro [&hellip;]","og_url":"https:\/\/www.blogsoestado.com\/danielmatos\/osmar-filho-prestigia-posse-do-novo-presidente-do-sebrae\/","og_site_name":"Daniel Matos","article_published_time":"2019-01-18T19:30:58+00:00","og_image":[{"url":"https:\/\/www.blogsoestado.com\/danielmatos\/files\/2019\/01\/osmar-sebrae.jpg","type":"","width":"","height":""}],"twitter_card":"summary_large_image","twitter_misc":{"Est. tempo de leitura":"2 minutos"},"schema":{"@context":"https:\/\/schema.org","@graph":[{"@type":"WebPage","@id":"https:\/\/www.blogsoestado.com\/danielmatos\/osmar-filho-prestigia-posse-do-novo-presidente-do-sebrae\/","url":"https:\/\/www.blogsoestado.com\/danielmatos\/osmar-filho-prestigia-posse-do-novo-presidente-do-sebrae\/","name":"Osmar Filho prestigia posse do novo presidente do Sebrae - Daniel Matos","isPartOf":{"@id":"https:\/\/www.blogsoestado.com\/danielmatos\/#website"},"primaryImageOfPage":{"@id":"https:\/\/www.blogsoestado.com\/danielmatos\/osmar-filho-prestigia-posse-do-novo-presidente-do-sebrae\/#primaryimage"},"image":{"@id":"https:\/\/www.blogsoestado.com\/danielmatos\/osmar-filho-prestigia-posse-do-novo-presidente-do-sebrae\/#primaryimage"},"thumbnailUrl":"https:\/\/www.blogsoestado.com\/danielmatos\/files\/2019\/01\/osmar-sebrae.jpg","datePublished":"2019-01-18T19:30:58+00:00","author":{"@id":""},"breadcrumb":{"@id":"https:\/\/www.blogsoestado.com\/danielmatos\/osmar-filho-prestigia-posse-do-novo-presidente-do-sebrae\/#breadcrumb"},"inLanguage":"pt-BR","potentialAction":[{"@type":"ReadAction","target":["https:\/\/www.blogsoestado.com\/danielmatos\/osmar-filho-prestigia-posse-do-novo-presidente-do-sebrae\/"]}]},{"@type":"ImageObject","inLanguage":"pt-BR","@id":"https:\/\/www.blogsoestado.com\/danielmatos\/osmar-filho-prestigia-posse-do-novo-presidente-do-sebrae\/#primaryimage","url":"https:\/\/www.blogsoestado.com\/danielmatos\/files\/2019\/01\/osmar-sebrae.jpg","contentUrl":"https:\/\/www.blogsoestado.com\/danielmatos\/files\/2019\/01\/osmar-sebrae.jpg"},{"@type":"BreadcrumbList","@id":"https:\/\/www.blogsoestado.com\/danielmatos\/osmar-filho-prestigia-posse-do-novo-presidente-do-sebrae\/#breadcrumb","itemListElement":[{"@type":"ListItem","position":1,"name":"In\u00edcio","item":"https:\/\/www.blogsoestado.com\/danielmatos\/"},{"@type":"ListItem","position":2,"name":"Osmar Filho prestigia posse do novo presidente do Sebrae"}]},{"@type":"WebSite","@id":"https:\/\/www.blogsoestado.com\/danielmatos\/#website","url":"https:\/\/www.blogsoestado.com\/danielmatos\/","name":"Daniel Matos","description":"","potentialAction":[{"@type":"SearchAction","target":{"@type":"EntryPoint","urlTemplate":"https:\/\/www.blogsoestado.com\/danielmatos\/?s={search_term_string}"},"query-input":{"@type":"PropertyValueSpecification","valueRequired":true,"valueName":"search_term_string"}}],"inLanguage":"pt-BR"}]}},"jetpack_featured_media_url":"","_links":{"self":[{"href":"https:\/\/www.blogsoestado.com\/danielmatos\/wp-json\/wp\/v2\/posts\/59672","targetHints":{"allow":["GET"]}}],"collection":[{"href":"https:\/\/www.blogsoestado.com\/danielmatos\/wp-json\/wp\/v2\/posts"}],"about":[{"href":"https:\/\/www.blogsoestado.com\/danielmatos\/wp-json\/wp\/v2\/types\/post"}],"replies":[{"embeddable":true,"href":"https:\/\/www.blogsoestado.com\/danielmatos\/wp-json\/wp\/v2\/comments?post=59672"}],"version-history":[{"count":0,"href":"https:\/\/www.blogsoestado.com\/danielmatos\/wp-json\/wp\/v2\/posts\/59672\/revisions"}],"wp:attachment":[{"href":"https:\/\/www.blogsoestado.com\/danielmatos\/wp-json\/wp\/v2\/media?parent=59672"}],"wp:term":[{"taxonomy":"category","embeddable":true,"href":"https:\/\/www.blogsoestado.com\/danielmatos\/wp-json\/wp\/v2\/categories?post=59672"},{"taxonomy":"post_tag","embeddable":true,"href":"https:\/\/www.blogsoestado.com\/danielmatos\/wp-json\/wp\/v2\/tags?post=59672"}],"curies":[{"name":"wp","href":"https:\/\/api.w.org\/{rel}","templated":true}]}}