{"id":59675,"date":"2019-01-18T17:06:24","date_gmt":"2019-01-18T20:06:24","guid":{"rendered":"https:\/\/www.blogsoestado.com\/danielmatos\/?p=59675"},"modified":"2019-01-18T17:06:24","modified_gmt":"2019-01-18T20:06:24","slug":"em-coletiva-de-imprensa-ilson-mateus-revela-verdadeiro-motivo-do-crescimento-do-grupo-mateus-trabalho","status":"publish","type":"post","link":"https:\/\/www.blogsoestado.com\/danielmatos\/em-coletiva-de-imprensa-ilson-mateus-revela-verdadeiro-motivo-do-crescimento-do-grupo-mateus-trabalho\/","title":{"rendered":"Em coletiva de imprensa, Ilson Mateus revela verdadeiro motivo do crescimento do Grupo Mateus: trabalho"},"content":{"rendered":"\n<figure class=\"wp-block-image\"><img decoding=\"async\" src=\"https:\/\/www.blogsoestado.com\/danielmatos\/files\/2019\/01\/mateus-explana.jpg\" alt=\"\" class=\"wp-image-59676\"\/><figcaption> <br>Ilson Mateus destacou que seu grupo conta, hoje, com a for\u00e7a de trabalho e o empenho de 24 mil colaboradores, que atuam para garantir que n\u00e3o s\u00f3 o Mateus se mantenha no mercado, que \u00e9 voraz, mas para que o Maranh\u00e3o demonstre o quanto est\u00e1 preparado para competir de igual para igual com grandes empresas nacionais e at\u00e9 mundiais   <\/figcaption><\/figure>\n\n\n\n<p>Foi realizada na tarde desta quinta-feira (17), no pr\u00e9dio administrativo do Grupo Mateus em S\u00e3o Lu\u00eds, a entrevista coletiva convocada pelo empres\u00e1rio Ilson Mateus, presidente do Grupo. Dezenas de jornalistas e outros profissionais da comunica\u00e7\u00e3o maranhense compareceram e acompanharam a explana\u00e7\u00e3o do empres\u00e1rio, que falou sobre o hist\u00f3rico de investimentos da empresa, os resultados de 2018, os planos de expans\u00e3o para os pr\u00f3ximos cinco anos e o regime tribut\u00e1rio do Maranh\u00e3o, assunto que ganhou grande repercuss\u00e3o na imprensa recentemente.<\/p>\n\n\n\n<p>A caminho da sala preparada para a entrevista coletiva, mesmo espa\u00e7o em que trabalham centenas de colaboradores do Grupo Mateus, os jornalistas puderam ter no\u00e7\u00e3o da grandiosidade que existe por tr\u00e1s das prateleiras dos supermercados e dos pallets nos Centros de Distribui\u00e7\u00e3o do Grupo Mateus. \u201cO Mateus hoje conta com a for\u00e7a de trabalho e o empenho de 24 mil colaboradores. Toda essa gente atua para garantir que n\u00e3o s\u00f3 o Mateus se mantenha no mercado, que \u00e9 voraz, mas para que o Maranh\u00e3o demonstre o quanto est\u00e1 preparado para competir de igual para igual com grandes empresas nacionais e at\u00e9 mundiais\u201d, revelou Ilson Mateus, ao citar a concorr\u00eancia com outras redes do segmento, como o Grupo P\u00e3o de A\u00e7\u00facar, Carrefour, Assa\u00ed, entre outros. <\/p>\n\n\n\n<p><strong>Hist\u00f3ria<\/strong><\/p>\n\n\n\n<p>Logo no in\u00edcio da coletiva, o presidente Ilson Mateus apresentou \u00e0 imprensa um breve hist\u00f3rico do Grupo Mateus, que teve in\u00edcio h\u00e1 32 anos em Balsas, munic\u00edpio no sul do Maranh\u00e3o. O empres\u00e1rio falou sobre a vida no garimpo \u2013 e at\u00e9 apresentou as antigas carteirinhas de garimpeiro, que guarda com orgulho no bolso e leva aonde quer que v\u00e1. Com sua vis\u00e3o empreendedora e sem medo da inova\u00e7\u00e3o, Ilson Mateus n\u00e3o pensou duas vezes: vendeu seus poucos pertences e, mesmo sem ter a experi\u00eancia necess\u00e1ria, montou ali uma pequena mercearia. Ao mesmo tempo, fazia ele mesmo os fretes em seu velho caminh\u00e3o levando produtos adquiridos em Imperatriz, a 400 km, para serem comercializados em Balsas. Muito trabalho e perseveran\u00e7a fizeram com que um sonho come\u00e7asse a se tornar realidade: num breve espa\u00e7o de tempo, a pequena mercearia se tornou um supermercado de pequeno porte.<\/p>\n\n\n\n<p>Com a chegada do Plano Cruzado em 1986, o mercado brasileiro passou por uma grande mudan\u00e7a de conceitos. Enquanto v\u00e1rios empres\u00e1rios resolveram apostar na especula\u00e7\u00e3o financeira, o jovem empres\u00e1rio continuou apostando no trabalho e fez da crise a sua maior aliada. Comprando a prazo das grandes distribuidoras e f\u00e1bricas e vendendo \u00e0 vista, investia cada vez mais em estoque de produtos, contrata\u00e7\u00e3o e qualifica\u00e7\u00e3o de pessoas e em a\u00e7\u00f5es agressivas de vendas e marketing.<\/p>\n\n\n\n<p><strong>Crescimento<\/strong><\/p>\n\n\n\n<p>Hoje, o Grupo Mateus \u00e9 um conglomerado de empresas que opera no varejo de supermercados, atacarejo, m\u00f3veis e eletrodom\u00e9sticos, ind\u00fastria de panifica\u00e7\u00e3o, distribui\u00e7\u00e3o de medicamentos e constru\u00e7\u00e3o, com presen\u00e7a no Maranh\u00e3o, Par\u00e1 e Piau\u00ed. <\/p>\n\n\n\n<p>Atualmente o Grupo Mateus \u00e9 a quinta maior empresa de varejo do Brasil e se desenvolve a cada dia, em estruturas f\u00edsicas, log\u00edsticas, tecnol\u00f3gicas e acima de tudo, humanas.<\/p>\n\n\n\n<p>Na entrevista coletiva, Ilson Mateus destacou que, para se manter no mercado, \u00e9 preciso investir sem medo, por\u00e9m, com os p\u00e9s no ch\u00e3o. \u201cTemos uma equipe composta pelos mais dedicados especialistas em suas \u00e1reas de atua\u00e7\u00e3o, como analistas de mercado, varejo, atacado, advogados tributaristas, entre outros. Juntos, avaliamos todos os cen\u00e1rios e acompanhamos os passos dos gigantes do setor. Se a gente n\u00e3o caminhar corretamente, eles nos engolem\u201d, frisou o presidente do Grupo Mateus, ao se referir \u00e0s redes que pretendem chegar ao Maranh\u00e3o nos pr\u00f3ximos anos. \u201cTudo o que gente tem feito e continuar\u00e1 fazendo \u00e9 para o Mateus se manter no mercado, e n\u00e3o h\u00e1 nenhuma vaidade nisso\u201d, destacou.<\/p>\n\n\n\n<p><strong>Incentivos fiscais<\/strong><\/p>\n\n\n\n<figure class=\"wp-block-image\"><img decoding=\"async\" src=\"https:\/\/www.blogsoestado.com\/danielmatos\/files\/2019\/01\/mateus-explana2.jpg\" alt=\"\" class=\"wp-image-59677\"\/><figcaption> <br>Ilson Mateus falou de forma bastante clara sobre o que, de fato, tem como incentivo; e demonstrou, ao distribuir documentos como as leis estaduais que versam sobre as pol\u00edticas tribut\u00e1rias para o setor, que jamais teve benef\u00edcio algum de maneira exclusiva <\/figcaption><\/figure>\n\n\n\n<p>Um dos assuntos mais comentados nos \u00faltimos meses, em especial, nas \u00faltimas semanas, \u00e9 a repercuss\u00e3o do fechamento de lojas de outras redes de supermercados no Maranh\u00e3o. De forma equivocada, algumas pessoas compartilharam que esse fato se deve a um suposto benef\u00edcio fiscal concedido pelo Governo do Maranh\u00e3o de forma exclusiva ao Grupo Mateus. Na entrevista, Ilson Mateus falou de forma bastante clara sobre o que, de fato, tem como incentivo; e demonstrou, ao distribuir documentos como as leis estaduais que versam sobre as pol\u00edticas tribut\u00e1rias para o setor, que jamais teve benef\u00edcio algum de maneira exclusiva.<\/p>\n\n\n\n<p>Desde 2015, por for\u00e7a do Decreto Lei n\u00ba 31.287\/15, o Grupo Mateus teve a possibilidade de se credenciar para ter o direito ao incentivo fiscal que estipula cobran\u00e7a de 2% de ICMS e permite venda para pessoas f\u00edsica e jur\u00eddica. Entretanto, o empres\u00e1rio apresentou uma lista com os nomes de outras 104 empresas que tamb\u00e9m s\u00e3o contempladas pela Lei, como a Fribal e os Supermercados Maciel, por meio da empresa Coapro (Com\u00e9rcio Atacadista de Produtos), que deixou o benef\u00edcio em maio de 2018, exatamente no mesmo per\u00edodo em que come\u00e7ou a fechar lojas na capital, S\u00e3o Lu\u00eds.<\/p>\n\n\n\n<p>Em paralelo, Ilson Mateus explicou que nem o Grupo Mateus e nem qualquer outra empresa jamais se credenciou na Lei 10.576\/17, criada pelo Governo do Estado a fim de atrair Centros de Distribui\u00e7\u00e3o para o estado. \u201cN\u00f3s n\u00e3o podemos nos credenciar em duas leis fiscais ao mesmo tempo, precisamos optar por uma, e a lei de 2015 \u00e9, atualmente, mais interessante para os neg\u00f3cios do Grupo. A vantagem para os Centros de Distribui\u00e7\u00e3o \u00e9 mais efetiva, pela nossa avalia\u00e7\u00e3o, para as importa\u00e7\u00f5es, o que conseguimos realizar por outros estados, seguindo as leis locais, como em Roraima, por exemplo\u201d, revelou Mateus.<\/p>\n\n\n\n<p><strong>Futuro<\/strong><\/p>\n\n\n\n<p>Como forma de proteger os neg\u00f3cios do Grupo Mateus, Ilson Mateus tem apostado em um trip\u00e9 de investimentos, baseados em log\u00edstica, distribui\u00e7\u00e3o e franquias, caso do Cami\u00f1o Supermercados, modelo que atende \u00e0s necessidades de bairros.<\/p>\n\n\n\n<p>Em diversos momentos da coletiva, com humildade e linguagem simples, Ilson Mateus destacou o importante papel da imprensa na publica\u00e7\u00e3o dos fatos verdadeiros. \u201cEu pe\u00e7o a ajuda de voc\u00eas, porque todos esses ataques n\u00e3o atingem s\u00f3 o Mateus, mas o Maranh\u00e3o como um todo. Tenho recebido telefonemas de bancos, investidores, fornecedores; toda uma cadeia produtiva ficou alarmada, de forma equivocada e injusta, por not\u00edcias falsas e maliciosas publicadas ultimamente. N\u00f3s trabalhamos com a verdade e com a transpar\u00eancia, por isso, digo a voc\u00eas: o \u00fanico segredo do Grupo Mateus \u00e9 o trabalho\u201d, concluiu o empres\u00e1rio.<\/p>\n\n\n\n<p>Ao fim da explana\u00e7\u00e3o, o presidente Ilson Mateus revelou, como de costume, sua f\u00e9 crist\u00e3, ao citar um vers\u00edculo b\u00edblico e ao afirmar que acredita na justi\u00e7a divina. Ap\u00f3s responder \u00e0s perguntas dos jornalistas, o empres\u00e1rio posou para fotos com os profissionais da comunica\u00e7\u00e3o e falou sobre o quanto se sente otimista com o futuro.<\/p>\n","protected":false},"excerpt":{"rendered":"<p>Foi realizada na tarde desta quinta-feira (17), no pr\u00e9dio administrativo do Grupo Mateus em S\u00e3o Lu\u00eds, a entrevista coletiva convocada [&hellip;]<\/p>\n","protected":false},"author":0,"featured_media":0,"comment_status":"open","ping_status":"open","sticky":false,"template":"","format":"standard","meta":{"site-sidebar-layout":"default","site-content-layout":"","ast-site-content-layout":"default","site-content-style":"default","site-sidebar-style":"default","ast-global-header-display":"","ast-banner-title-visibility":"","ast-main-header-display":"","ast-hfb-above-header-display":"","ast-hfb-below-header-display":"","ast-hfb-mobile-header-display":"","site-post-title":"","ast-breadcrumbs-content":"","ast-featured-img":"","footer-sml-layout":"","ast-disable-related-posts":"","theme-transparent-header-meta":"","adv-header-id-meta":"","stick-header-meta":"","header-above-stick-meta":"","header-main-stick-meta":"","header-below-stick-meta":"","astra-migrate-meta-layouts":"default","ast-page-background-enabled":"default","ast-page-background-meta":{"desktop":{"background-color":"var(--ast-global-color-5)","background-image":"","background-repeat":"repeat","background-position":"center center","background-size":"auto","background-attachment":"scroll","background-type":"","background-media":"","overlay-type":"","overlay-color":"","overlay-opacity":"","overlay-gradient":""},"tablet":{"background-color":"","background-image":"","background-repeat":"repeat","background-position":"center center","background-size":"auto","background-attachment":"scroll","background-type":"","background-media":"","overlay-type":"","overlay-color":"","overlay-opacity":"","overlay-gradient":""},"mobile":{"background-color":"","background-image":"","background-repeat":"repeat","background-position":"center center","background-size":"auto","background-attachment":"scroll","background-type":"","background-media":"","overlay-type":"","overlay-color":"","overlay-opacity":"","overlay-gradient":""}},"ast-content-background-meta":{"desktop":{"background-color":"var(--ast-global-color-4)","background-image":"","background-repeat":"repeat","background-position":"center center","background-size":"auto","background-attachment":"scroll","background-type":"","background-media":"","overlay-type":"","overlay-color":"","overlay-opacity":"","overlay-gradient":""},"tablet":{"background-color":"var(--ast-global-color-4)","background-image":"","background-repeat":"repeat","background-position":"center center","background-size":"auto","background-attachment":"scroll","background-type":"","background-media":"","overlay-type":"","overlay-color":"","overlay-opacity":"","overlay-gradient":""},"mobile":{"background-color":"var(--ast-global-color-4)","background-image":"","background-repeat":"repeat","background-position":"center center","background-size":"auto","background-attachment":"scroll","background-type":"","background-media":"","overlay-type":"","overlay-color":"","overlay-opacity":"","overlay-gradient":""}},"footnotes":""},"categories":[1],"tags":[],"class_list":["post-59675","post","type-post","status-publish","format-standard","hentry","category-sem-categoria"],"yoast_head":"<!-- This site is optimized with the Yoast SEO plugin v26.6 - https:\/\/yoast.com\/wordpress\/plugins\/seo\/ -->\n<title>Em coletiva de imprensa, Ilson Mateus revela verdadeiro motivo do crescimento do Grupo Mateus: trabalho - Daniel Matos<\/title>\n<meta name=\"robots\" content=\"index, follow, max-snippet:-1, max-image-preview:large, max-video-preview:-1\" \/>\n<link rel=\"canonical\" href=\"https:\/\/www.blogsoestado.com\/danielmatos\/em-coletiva-de-imprensa-ilson-mateus-revela-verdadeiro-motivo-do-crescimento-do-grupo-mateus-trabalho\/\" \/>\n<meta property=\"og:locale\" content=\"pt_BR\" \/>\n<meta property=\"og:type\" content=\"article\" \/>\n<meta property=\"og:title\" content=\"Em coletiva de imprensa, Ilson Mateus revela verdadeiro motivo do crescimento do Grupo Mateus: trabalho - Daniel Matos\" \/>\n<meta property=\"og:description\" content=\"Foi realizada na tarde desta quinta-feira (17), no pr\u00e9dio administrativo do Grupo Mateus em S\u00e3o Lu\u00eds, a entrevista coletiva convocada [&hellip;]\" \/>\n<meta property=\"og:url\" content=\"https:\/\/www.blogsoestado.com\/danielmatos\/em-coletiva-de-imprensa-ilson-mateus-revela-verdadeiro-motivo-do-crescimento-do-grupo-mateus-trabalho\/\" \/>\n<meta property=\"og:site_name\" content=\"Daniel Matos\" \/>\n<meta property=\"article:published_time\" content=\"2019-01-18T20:06:24+00:00\" \/>\n<meta property=\"og:image\" content=\"https:\/\/www.blogsoestado.com\/danielmatos\/files\/2019\/01\/mateus-explana.jpg\" \/>\n<meta name=\"twitter:card\" content=\"summary_large_image\" \/>\n<meta name=\"twitter:label1\" content=\"Est. tempo de leitura\" \/>\n\t<meta name=\"twitter:data1\" content=\"6 minutos\" \/>\n<script type=\"application\/ld+json\" class=\"yoast-schema-graph\">{\"@context\":\"https:\/\/schema.org\",\"@graph\":[{\"@type\":\"WebPage\",\"@id\":\"https:\/\/www.blogsoestado.com\/danielmatos\/em-coletiva-de-imprensa-ilson-mateus-revela-verdadeiro-motivo-do-crescimento-do-grupo-mateus-trabalho\/\",\"url\":\"https:\/\/www.blogsoestado.com\/danielmatos\/em-coletiva-de-imprensa-ilson-mateus-revela-verdadeiro-motivo-do-crescimento-do-grupo-mateus-trabalho\/\",\"name\":\"Em coletiva de imprensa, Ilson Mateus revela verdadeiro motivo do crescimento do Grupo Mateus: trabalho - Daniel Matos\",\"isPartOf\":{\"@id\":\"https:\/\/www.blogsoestado.com\/danielmatos\/#website\"},\"primaryImageOfPage\":{\"@id\":\"https:\/\/www.blogsoestado.com\/danielmatos\/em-coletiva-de-imprensa-ilson-mateus-revela-verdadeiro-motivo-do-crescimento-do-grupo-mateus-trabalho\/#primaryimage\"},\"image\":{\"@id\":\"https:\/\/www.blogsoestado.com\/danielmatos\/em-coletiva-de-imprensa-ilson-mateus-revela-verdadeiro-motivo-do-crescimento-do-grupo-mateus-trabalho\/#primaryimage\"},\"thumbnailUrl\":\"https:\/\/www.blogsoestado.com\/danielmatos\/files\/2019\/01\/mateus-explana.jpg\",\"datePublished\":\"2019-01-18T20:06:24+00:00\",\"author\":{\"@id\":\"\"},\"breadcrumb\":{\"@id\":\"https:\/\/www.blogsoestado.com\/danielmatos\/em-coletiva-de-imprensa-ilson-mateus-revela-verdadeiro-motivo-do-crescimento-do-grupo-mateus-trabalho\/#breadcrumb\"},\"inLanguage\":\"pt-BR\",\"potentialAction\":[{\"@type\":\"ReadAction\",\"target\":[\"https:\/\/www.blogsoestado.com\/danielmatos\/em-coletiva-de-imprensa-ilson-mateus-revela-verdadeiro-motivo-do-crescimento-do-grupo-mateus-trabalho\/\"]}]},{\"@type\":\"ImageObject\",\"inLanguage\":\"pt-BR\",\"@id\":\"https:\/\/www.blogsoestado.com\/danielmatos\/em-coletiva-de-imprensa-ilson-mateus-revela-verdadeiro-motivo-do-crescimento-do-grupo-mateus-trabalho\/#primaryimage\",\"url\":\"https:\/\/www.blogsoestado.com\/danielmatos\/files\/2019\/01\/mateus-explana.jpg\",\"contentUrl\":\"https:\/\/www.blogsoestado.com\/danielmatos\/files\/2019\/01\/mateus-explana.jpg\"},{\"@type\":\"BreadcrumbList\",\"@id\":\"https:\/\/www.blogsoestado.com\/danielmatos\/em-coletiva-de-imprensa-ilson-mateus-revela-verdadeiro-motivo-do-crescimento-do-grupo-mateus-trabalho\/#breadcrumb\",\"itemListElement\":[{\"@type\":\"ListItem\",\"position\":1,\"name\":\"In\u00edcio\",\"item\":\"https:\/\/www.blogsoestado.com\/danielmatos\/\"},{\"@type\":\"ListItem\",\"position\":2,\"name\":\"Em coletiva de imprensa, Ilson Mateus revela verdadeiro motivo do crescimento do Grupo Mateus: trabalho\"}]},{\"@type\":\"WebSite\",\"@id\":\"https:\/\/www.blogsoestado.com\/danielmatos\/#website\",\"url\":\"https:\/\/www.blogsoestado.com\/danielmatos\/\",\"name\":\"Daniel Matos\",\"description\":\"\",\"potentialAction\":[{\"@type\":\"SearchAction\",\"target\":{\"@type\":\"EntryPoint\",\"urlTemplate\":\"https:\/\/www.blogsoestado.com\/danielmatos\/?s={search_term_string}\"},\"query-input\":{\"@type\":\"PropertyValueSpecification\",\"valueRequired\":true,\"valueName\":\"search_term_string\"}}],\"inLanguage\":\"pt-BR\"}]}<\/script>\n<!-- \/ Yoast SEO plugin. -->","yoast_head_json":{"title":"Em coletiva de imprensa, Ilson Mateus revela verdadeiro motivo do crescimento do Grupo Mateus: trabalho - Daniel Matos","robots":{"index":"index","follow":"follow","max-snippet":"max-snippet:-1","max-image-preview":"max-image-preview:large","max-video-preview":"max-video-preview:-1"},"canonical":"https:\/\/www.blogsoestado.com\/danielmatos\/em-coletiva-de-imprensa-ilson-mateus-revela-verdadeiro-motivo-do-crescimento-do-grupo-mateus-trabalho\/","og_locale":"pt_BR","og_type":"article","og_title":"Em coletiva de imprensa, Ilson Mateus revela verdadeiro motivo do crescimento do Grupo Mateus: trabalho - Daniel Matos","og_description":"Foi realizada na tarde desta quinta-feira (17), no pr\u00e9dio administrativo do Grupo Mateus em S\u00e3o Lu\u00eds, a entrevista coletiva convocada [&hellip;]","og_url":"https:\/\/www.blogsoestado.com\/danielmatos\/em-coletiva-de-imprensa-ilson-mateus-revela-verdadeiro-motivo-do-crescimento-do-grupo-mateus-trabalho\/","og_site_name":"Daniel Matos","article_published_time":"2019-01-18T20:06:24+00:00","og_image":[{"url":"https:\/\/www.blogsoestado.com\/danielmatos\/files\/2019\/01\/mateus-explana.jpg","type":"","width":"","height":""}],"twitter_card":"summary_large_image","twitter_misc":{"Est. tempo de leitura":"6 minutos"},"schema":{"@context":"https:\/\/schema.org","@graph":[{"@type":"WebPage","@id":"https:\/\/www.blogsoestado.com\/danielmatos\/em-coletiva-de-imprensa-ilson-mateus-revela-verdadeiro-motivo-do-crescimento-do-grupo-mateus-trabalho\/","url":"https:\/\/www.blogsoestado.com\/danielmatos\/em-coletiva-de-imprensa-ilson-mateus-revela-verdadeiro-motivo-do-crescimento-do-grupo-mateus-trabalho\/","name":"Em coletiva de imprensa, Ilson Mateus revela verdadeiro motivo do crescimento do Grupo Mateus: trabalho - Daniel Matos","isPartOf":{"@id":"https:\/\/www.blogsoestado.com\/danielmatos\/#website"},"primaryImageOfPage":{"@id":"https:\/\/www.blogsoestado.com\/danielmatos\/em-coletiva-de-imprensa-ilson-mateus-revela-verdadeiro-motivo-do-crescimento-do-grupo-mateus-trabalho\/#primaryimage"},"image":{"@id":"https:\/\/www.blogsoestado.com\/danielmatos\/em-coletiva-de-imprensa-ilson-mateus-revela-verdadeiro-motivo-do-crescimento-do-grupo-mateus-trabalho\/#primaryimage"},"thumbnailUrl":"https:\/\/www.blogsoestado.com\/danielmatos\/files\/2019\/01\/mateus-explana.jpg","datePublished":"2019-01-18T20:06:24+00:00","author":{"@id":""},"breadcrumb":{"@id":"https:\/\/www.blogsoestado.com\/danielmatos\/em-coletiva-de-imprensa-ilson-mateus-revela-verdadeiro-motivo-do-crescimento-do-grupo-mateus-trabalho\/#breadcrumb"},"inLanguage":"pt-BR","potentialAction":[{"@type":"ReadAction","target":["https:\/\/www.blogsoestado.com\/danielmatos\/em-coletiva-de-imprensa-ilson-mateus-revela-verdadeiro-motivo-do-crescimento-do-grupo-mateus-trabalho\/"]}]},{"@type":"ImageObject","inLanguage":"pt-BR","@id":"https:\/\/www.blogsoestado.com\/danielmatos\/em-coletiva-de-imprensa-ilson-mateus-revela-verdadeiro-motivo-do-crescimento-do-grupo-mateus-trabalho\/#primaryimage","url":"https:\/\/www.blogsoestado.com\/danielmatos\/files\/2019\/01\/mateus-explana.jpg","contentUrl":"https:\/\/www.blogsoestado.com\/danielmatos\/files\/2019\/01\/mateus-explana.jpg"},{"@type":"BreadcrumbList","@id":"https:\/\/www.blogsoestado.com\/danielmatos\/em-coletiva-de-imprensa-ilson-mateus-revela-verdadeiro-motivo-do-crescimento-do-grupo-mateus-trabalho\/#breadcrumb","itemListElement":[{"@type":"ListItem","position":1,"name":"In\u00edcio","item":"https:\/\/www.blogsoestado.com\/danielmatos\/"},{"@type":"ListItem","position":2,"name":"Em coletiva de imprensa, Ilson Mateus revela verdadeiro motivo do crescimento do Grupo Mateus: trabalho"}]},{"@type":"WebSite","@id":"https:\/\/www.blogsoestado.com\/danielmatos\/#website","url":"https:\/\/www.blogsoestado.com\/danielmatos\/","name":"Daniel Matos","description":"","potentialAction":[{"@type":"SearchAction","target":{"@type":"EntryPoint","urlTemplate":"https:\/\/www.blogsoestado.com\/danielmatos\/?s={search_term_string}"},"query-input":{"@type":"PropertyValueSpecification","valueRequired":true,"valueName":"search_term_string"}}],"inLanguage":"pt-BR"}]}},"jetpack_featured_media_url":"","_links":{"self":[{"href":"https:\/\/www.blogsoestado.com\/danielmatos\/wp-json\/wp\/v2\/posts\/59675","targetHints":{"allow":["GET"]}}],"collection":[{"href":"https:\/\/www.blogsoestado.com\/danielmatos\/wp-json\/wp\/v2\/posts"}],"about":[{"href":"https:\/\/www.blogsoestado.com\/danielmatos\/wp-json\/wp\/v2\/types\/post"}],"replies":[{"embeddable":true,"href":"https:\/\/www.blogsoestado.com\/danielmatos\/wp-json\/wp\/v2\/comments?post=59675"}],"version-history":[{"count":0,"href":"https:\/\/www.blogsoestado.com\/danielmatos\/wp-json\/wp\/v2\/posts\/59675\/revisions"}],"wp:attachment":[{"href":"https:\/\/www.blogsoestado.com\/danielmatos\/wp-json\/wp\/v2\/media?parent=59675"}],"wp:term":[{"taxonomy":"category","embeddable":true,"href":"https:\/\/www.blogsoestado.com\/danielmatos\/wp-json\/wp\/v2\/categories?post=59675"},{"taxonomy":"post_tag","embeddable":true,"href":"https:\/\/www.blogsoestado.com\/danielmatos\/wp-json\/wp\/v2\/tags?post=59675"}],"curies":[{"name":"wp","href":"https:\/\/api.w.org\/{rel}","templated":true}]}}