{"id":59679,"date":"2019-01-19T10:09:12","date_gmt":"2019-01-19T13:09:12","guid":{"rendered":"https:\/\/www.blogsoestado.com\/danielmatos\/?p=59679"},"modified":"2019-01-19T10:09:12","modified_gmt":"2019-01-19T13:09:12","slug":"prorrogadas-ate-1o-de-fevereiro-inscricoes-para-o-concurso-de-paco-do-lumiar","status":"publish","type":"post","link":"https:\/\/www.blogsoestado.com\/danielmatos\/prorrogadas-ate-1o-de-fevereiro-inscricoes-para-o-concurso-de-paco-do-lumiar\/","title":{"rendered":"Prorrogadas at\u00e9 1\u00ba de fevereiro inscri\u00e7\u00f5es para o concurso de Pa\u00e7o do Lumiar"},"content":{"rendered":"\n<div class=\"wp-block-image\"><figure class=\"alignleft\"><img decoding=\"async\" src=\"https:\/\/www.blogsoestado.com\/danielmatos\/files\/2017\/03\/concurso-urbano2.jpg\" alt=\"\" class=\"wp-image-38950\"\/><\/figure><\/div>\n\n\n\n<p>Foram prorrogadas at\u00e9 1\u00ba de fevereiro as inscri\u00e7\u00f5es para o concurso p\u00fablico para provimento de 587 vagas na Prefeitura de Pa\u00e7o do Lumiar. Os sal\u00e1rios chegam a at\u00e9 R$ 7.118,77. O prazo para os candidatos se inscreverem sera encerrado no dia 1\u00ba de fevereiro (uma sexta-feira).<\/p>\n\n\n\n<p>A organiza\u00e7\u00e3o do concurso est\u00e1 a cargo do Instituto Machado de Assis, que tem larga experi\u00eancia na execu\u00e7\u00e3o de seletivos no Maranh\u00e3o, Piau\u00ed e em outros estados da regi\u00e3o Nordeste.<\/p>\n\n\n\n<p>Os candidatos podem se inscrever no site  <a href=\"http:\/\/www.institutomachadodeassis.com.br\">www.institutomachadodeassis.com.br<\/a> at\u00e9 o dia 1\u00ba de fevereiro (uma sexta-feira). O edital com as regras do certame e as retifica\u00e7\u00f5es est\u00e3o dispon\u00edveis na mesma p\u00e1gina eletr\u00f4nica.<\/p>\n\n\n\n<p>\n\nAs taxas s\u00e3o de R$ 52,00 (cargos de n\u00edvel fundamental), R$ 80,00 (cargos de n\u00edvel m\u00e9dio) a R$ 135,00 (cargos de n\u00edvel Superior). \n\n<\/p>\n\n\n\n<p>A data da prova est\u00e1 prevista para os dias 17 de fevereiro de 2019 (cargos de n\u00edvel m\u00e9dio \u2013 manh\u00e3; e fundamental \u2013 tarde) e 24 de fevereiro de 2019 (cargos de n\u00edvel superior \u2013 manh\u00e3; e cargos de professor \u2013 tarde).<\/p>\n\n\n\n<p>Confira a lista de cargos a serem preenchidos pelo concurso:<\/p>\n\n\n\n<p>ASSISTENTE JUR\u00cdDICO, PROCURADOR, AUDITOR FISCAL, ANALISTA DE SISTEMA E PROGRAMA\u00c7\u00c3O, ARQUITETO, ASSISTENTE SOCIAL, BIBLIOTEC\u00c1RIO, BI\u00d3LOGO ,CONTADOR ,ENGENHEIRO CIVIL, ESPECIALISTA EM EDUCA\u00c7\u00c3O B\u00c1SICA, PROFESSOR INTERPRETES EM LIBRAS, INSTRUTOR DE BRAILLE, FONOAUDI\u00d3LOGO, PROFESSOR DE ARTES, PROFESSOR DE CI\u00caNCIAS, PROFESSOR DE EDUCA\u00c7\u00c3O F\u00cdSICA, PROFESSOR DE FILOSOFIA, PROFESSOR DE GEOGRAFIA, PROFESSOR DE HISTORIA, PROFESSOR DE INGL\u00caS, PROFESSOR DE MATEM\u00c1TICA, PROFESSOR DE PORTUGU\u00caS, SOCI\u00d3LOGO, PSICOPEDAGOGO, EDUCADOR F\u00cdSICO, PROFESSOR EDUCA\u00c7\u00c3O INCLUSIVA (ATENDIMENTO EDUCACIONAL ESPECIALIZADO), T\u00c9CNICO NA \u00c1REA DE EDUCA\u00c7\u00c3O ESPECIAL, T\u00c9CNICO ADMINISTRATIVO, CUIDADOR, AGENTE MUNICIPAL DE TR\u00c2NSITO, AGENTE DA GUARDA MUNICIPAL, FISCAL DE POSTURA,FISCAL TRIBUT\u00c1RIO, T\u00c9CNICO EM INFORM\u00c1TICA T\u00c9CNICO AGR\u00cdCOLA , T\u00c9CNICO EM CONTABILIDADE, T\u00c9CNICO EM SEGURAN\u00c7A DO TRABALHO, TUTOR DE ALUNOS,DIGITADOR, AGENTE DE CORREI\u00c7\u00c3O, AUXILIAR DE SERVI\u00c7OS DIVERSOS (AOSD), COVEIRO, MERENDEIRA, OPERADOR DE M\u00c1QUINAS E VIGIA.<\/p>\n","protected":false},"excerpt":{"rendered":"<p>Foram prorrogadas at\u00e9 1\u00ba de fevereiro as inscri\u00e7\u00f5es para o concurso p\u00fablico para provimento de 587 vagas na Prefeitura de [&hellip;]<\/p>\n","protected":false},"author":0,"featured_media":0,"comment_status":"open","ping_status":"open","sticky":false,"template":"","format":"standard","meta":{"site-sidebar-layout":"default","site-content-layout":"","ast-site-content-layout":"default","site-content-style":"default","site-sidebar-style":"default","ast-global-header-display":"","ast-banner-title-visibility":"","ast-main-header-display":"","ast-hfb-above-header-display":"","ast-hfb-below-header-display":"","ast-hfb-mobile-header-display":"","site-post-title":"","ast-breadcrumbs-content":"","ast-featured-img":"","footer-sml-layout":"","ast-disable-related-posts":"","theme-transparent-header-meta":"","adv-header-id-meta":"","stick-header-meta":"","header-above-stick-meta":"","header-main-stick-meta":"","header-below-stick-meta":"","astra-migrate-meta-layouts":"default","ast-page-background-enabled":"default","ast-page-background-meta":{"desktop":{"background-color":"var(--ast-global-color-5)","background-image":"","background-repeat":"repeat","background-position":"center center","background-size":"auto","background-attachment":"scroll","background-type":"","background-media":"","overlay-type":"","overlay-color":"","overlay-opacity":"","overlay-gradient":""},"tablet":{"background-color":"","background-image":"","background-repeat":"repeat","background-position":"center center","background-size":"auto","background-attachment":"scroll","background-type":"","background-media":"","overlay-type":"","overlay-color":"","overlay-opacity":"","overlay-gradient":""},"mobile":{"background-color":"","background-image":"","background-repeat":"repeat","background-position":"center center","background-size":"auto","background-attachment":"scroll","background-type":"","background-media":"","overlay-type":"","overlay-color":"","overlay-opacity":"","overlay-gradient":""}},"ast-content-background-meta":{"desktop":{"background-color":"var(--ast-global-color-4)","background-image":"","background-repeat":"repeat","background-position":"center center","background-size":"auto","background-attachment":"scroll","background-type":"","background-media":"","overlay-type":"","overlay-color":"","overlay-opacity":"","overlay-gradient":""},"tablet":{"background-color":"var(--ast-global-color-4)","background-image":"","background-repeat":"repeat","background-position":"center center","background-size":"auto","background-attachment":"scroll","background-type":"","background-media":"","overlay-type":"","overlay-color":"","overlay-opacity":"","overlay-gradient":""},"mobile":{"background-color":"var(--ast-global-color-4)","background-image":"","background-repeat":"repeat","background-position":"center center","background-size":"auto","background-attachment":"scroll","background-type":"","background-media":"","overlay-type":"","overlay-color":"","overlay-opacity":"","overlay-gradient":""}},"footnotes":""},"categories":[1],"tags":[],"class_list":["post-59679","post","type-post","status-publish","format-standard","hentry","category-sem-categoria"],"yoast_head":"<!-- This site is optimized with the Yoast SEO plugin v26.6 - https:\/\/yoast.com\/wordpress\/plugins\/seo\/ -->\n<title>Prorrogadas at\u00e9 1\u00ba de fevereiro inscri\u00e7\u00f5es para o concurso de Pa\u00e7o do Lumiar - Daniel Matos<\/title>\n<meta name=\"robots\" content=\"index, follow, max-snippet:-1, max-image-preview:large, max-video-preview:-1\" \/>\n<link rel=\"canonical\" href=\"https:\/\/www.blogsoestado.com\/danielmatos\/prorrogadas-ate-1o-de-fevereiro-inscricoes-para-o-concurso-de-paco-do-lumiar\/\" \/>\n<meta property=\"og:locale\" content=\"pt_BR\" \/>\n<meta property=\"og:type\" content=\"article\" \/>\n<meta property=\"og:title\" content=\"Prorrogadas at\u00e9 1\u00ba de fevereiro inscri\u00e7\u00f5es para o concurso de Pa\u00e7o do Lumiar - Daniel Matos\" \/>\n<meta property=\"og:description\" content=\"Foram prorrogadas at\u00e9 1\u00ba de fevereiro as inscri\u00e7\u00f5es para o concurso p\u00fablico para provimento de 587 vagas na Prefeitura de [&hellip;]\" \/>\n<meta property=\"og:url\" content=\"https:\/\/www.blogsoestado.com\/danielmatos\/prorrogadas-ate-1o-de-fevereiro-inscricoes-para-o-concurso-de-paco-do-lumiar\/\" \/>\n<meta property=\"og:site_name\" content=\"Daniel Matos\" \/>\n<meta property=\"article:published_time\" content=\"2019-01-19T13:09:12+00:00\" \/>\n<meta property=\"og:image\" content=\"https:\/\/www.blogsoestado.com\/danielmatos\/files\/2017\/03\/concurso-urbano2.jpg\" \/>\n<meta name=\"twitter:card\" content=\"summary_large_image\" \/>\n<meta name=\"twitter:label1\" content=\"Est. tempo de leitura\" \/>\n\t<meta name=\"twitter:data1\" content=\"2 minutos\" \/>\n<script type=\"application\/ld+json\" class=\"yoast-schema-graph\">{\"@context\":\"https:\/\/schema.org\",\"@graph\":[{\"@type\":\"WebPage\",\"@id\":\"https:\/\/www.blogsoestado.com\/danielmatos\/prorrogadas-ate-1o-de-fevereiro-inscricoes-para-o-concurso-de-paco-do-lumiar\/\",\"url\":\"https:\/\/www.blogsoestado.com\/danielmatos\/prorrogadas-ate-1o-de-fevereiro-inscricoes-para-o-concurso-de-paco-do-lumiar\/\",\"name\":\"Prorrogadas at\u00e9 1\u00ba de fevereiro inscri\u00e7\u00f5es para o concurso de Pa\u00e7o do Lumiar - Daniel Matos\",\"isPartOf\":{\"@id\":\"https:\/\/www.blogsoestado.com\/danielmatos\/#website\"},\"primaryImageOfPage\":{\"@id\":\"https:\/\/www.blogsoestado.com\/danielmatos\/prorrogadas-ate-1o-de-fevereiro-inscricoes-para-o-concurso-de-paco-do-lumiar\/#primaryimage\"},\"image\":{\"@id\":\"https:\/\/www.blogsoestado.com\/danielmatos\/prorrogadas-ate-1o-de-fevereiro-inscricoes-para-o-concurso-de-paco-do-lumiar\/#primaryimage\"},\"thumbnailUrl\":\"https:\/\/www.blogsoestado.com\/danielmatos\/files\/2017\/03\/concurso-urbano2.jpg\",\"datePublished\":\"2019-01-19T13:09:12+00:00\",\"author\":{\"@id\":\"\"},\"breadcrumb\":{\"@id\":\"https:\/\/www.blogsoestado.com\/danielmatos\/prorrogadas-ate-1o-de-fevereiro-inscricoes-para-o-concurso-de-paco-do-lumiar\/#breadcrumb\"},\"inLanguage\":\"pt-BR\",\"potentialAction\":[{\"@type\":\"ReadAction\",\"target\":[\"https:\/\/www.blogsoestado.com\/danielmatos\/prorrogadas-ate-1o-de-fevereiro-inscricoes-para-o-concurso-de-paco-do-lumiar\/\"]}]},{\"@type\":\"ImageObject\",\"inLanguage\":\"pt-BR\",\"@id\":\"https:\/\/www.blogsoestado.com\/danielmatos\/prorrogadas-ate-1o-de-fevereiro-inscricoes-para-o-concurso-de-paco-do-lumiar\/#primaryimage\",\"url\":\"https:\/\/www.blogsoestado.com\/danielmatos\/files\/2017\/03\/concurso-urbano2.jpg\",\"contentUrl\":\"https:\/\/www.blogsoestado.com\/danielmatos\/files\/2017\/03\/concurso-urbano2.jpg\"},{\"@type\":\"BreadcrumbList\",\"@id\":\"https:\/\/www.blogsoestado.com\/danielmatos\/prorrogadas-ate-1o-de-fevereiro-inscricoes-para-o-concurso-de-paco-do-lumiar\/#breadcrumb\",\"itemListElement\":[{\"@type\":\"ListItem\",\"position\":1,\"name\":\"In\u00edcio\",\"item\":\"https:\/\/www.blogsoestado.com\/danielmatos\/\"},{\"@type\":\"ListItem\",\"position\":2,\"name\":\"Prorrogadas at\u00e9 1\u00ba de fevereiro inscri\u00e7\u00f5es para o concurso de Pa\u00e7o do Lumiar\"}]},{\"@type\":\"WebSite\",\"@id\":\"https:\/\/www.blogsoestado.com\/danielmatos\/#website\",\"url\":\"https:\/\/www.blogsoestado.com\/danielmatos\/\",\"name\":\"Daniel Matos\",\"description\":\"\",\"potentialAction\":[{\"@type\":\"SearchAction\",\"target\":{\"@type\":\"EntryPoint\",\"urlTemplate\":\"https:\/\/www.blogsoestado.com\/danielmatos\/?s={search_term_string}\"},\"query-input\":{\"@type\":\"PropertyValueSpecification\",\"valueRequired\":true,\"valueName\":\"search_term_string\"}}],\"inLanguage\":\"pt-BR\"}]}<\/script>\n<!-- \/ Yoast SEO plugin. -->","yoast_head_json":{"title":"Prorrogadas at\u00e9 1\u00ba de fevereiro inscri\u00e7\u00f5es para o concurso de Pa\u00e7o do Lumiar - Daniel Matos","robots":{"index":"index","follow":"follow","max-snippet":"max-snippet:-1","max-image-preview":"max-image-preview:large","max-video-preview":"max-video-preview:-1"},"canonical":"https:\/\/www.blogsoestado.com\/danielmatos\/prorrogadas-ate-1o-de-fevereiro-inscricoes-para-o-concurso-de-paco-do-lumiar\/","og_locale":"pt_BR","og_type":"article","og_title":"Prorrogadas at\u00e9 1\u00ba de fevereiro inscri\u00e7\u00f5es para o concurso de Pa\u00e7o do Lumiar - Daniel Matos","og_description":"Foram prorrogadas at\u00e9 1\u00ba de fevereiro as inscri\u00e7\u00f5es para o concurso p\u00fablico para provimento de 587 vagas na Prefeitura de [&hellip;]","og_url":"https:\/\/www.blogsoestado.com\/danielmatos\/prorrogadas-ate-1o-de-fevereiro-inscricoes-para-o-concurso-de-paco-do-lumiar\/","og_site_name":"Daniel Matos","article_published_time":"2019-01-19T13:09:12+00:00","og_image":[{"url":"https:\/\/www.blogsoestado.com\/danielmatos\/files\/2017\/03\/concurso-urbano2.jpg","type":"","width":"","height":""}],"twitter_card":"summary_large_image","twitter_misc":{"Est. tempo de leitura":"2 minutos"},"schema":{"@context":"https:\/\/schema.org","@graph":[{"@type":"WebPage","@id":"https:\/\/www.blogsoestado.com\/danielmatos\/prorrogadas-ate-1o-de-fevereiro-inscricoes-para-o-concurso-de-paco-do-lumiar\/","url":"https:\/\/www.blogsoestado.com\/danielmatos\/prorrogadas-ate-1o-de-fevereiro-inscricoes-para-o-concurso-de-paco-do-lumiar\/","name":"Prorrogadas at\u00e9 1\u00ba de fevereiro inscri\u00e7\u00f5es para o concurso de Pa\u00e7o do Lumiar - Daniel Matos","isPartOf":{"@id":"https:\/\/www.blogsoestado.com\/danielmatos\/#website"},"primaryImageOfPage":{"@id":"https:\/\/www.blogsoestado.com\/danielmatos\/prorrogadas-ate-1o-de-fevereiro-inscricoes-para-o-concurso-de-paco-do-lumiar\/#primaryimage"},"image":{"@id":"https:\/\/www.blogsoestado.com\/danielmatos\/prorrogadas-ate-1o-de-fevereiro-inscricoes-para-o-concurso-de-paco-do-lumiar\/#primaryimage"},"thumbnailUrl":"https:\/\/www.blogsoestado.com\/danielmatos\/files\/2017\/03\/concurso-urbano2.jpg","datePublished":"2019-01-19T13:09:12+00:00","author":{"@id":""},"breadcrumb":{"@id":"https:\/\/www.blogsoestado.com\/danielmatos\/prorrogadas-ate-1o-de-fevereiro-inscricoes-para-o-concurso-de-paco-do-lumiar\/#breadcrumb"},"inLanguage":"pt-BR","potentialAction":[{"@type":"ReadAction","target":["https:\/\/www.blogsoestado.com\/danielmatos\/prorrogadas-ate-1o-de-fevereiro-inscricoes-para-o-concurso-de-paco-do-lumiar\/"]}]},{"@type":"ImageObject","inLanguage":"pt-BR","@id":"https:\/\/www.blogsoestado.com\/danielmatos\/prorrogadas-ate-1o-de-fevereiro-inscricoes-para-o-concurso-de-paco-do-lumiar\/#primaryimage","url":"https:\/\/www.blogsoestado.com\/danielmatos\/files\/2017\/03\/concurso-urbano2.jpg","contentUrl":"https:\/\/www.blogsoestado.com\/danielmatos\/files\/2017\/03\/concurso-urbano2.jpg"},{"@type":"BreadcrumbList","@id":"https:\/\/www.blogsoestado.com\/danielmatos\/prorrogadas-ate-1o-de-fevereiro-inscricoes-para-o-concurso-de-paco-do-lumiar\/#breadcrumb","itemListElement":[{"@type":"ListItem","position":1,"name":"In\u00edcio","item":"https:\/\/www.blogsoestado.com\/danielmatos\/"},{"@type":"ListItem","position":2,"name":"Prorrogadas at\u00e9 1\u00ba de fevereiro inscri\u00e7\u00f5es para o concurso de Pa\u00e7o do Lumiar"}]},{"@type":"WebSite","@id":"https:\/\/www.blogsoestado.com\/danielmatos\/#website","url":"https:\/\/www.blogsoestado.com\/danielmatos\/","name":"Daniel Matos","description":"","potentialAction":[{"@type":"SearchAction","target":{"@type":"EntryPoint","urlTemplate":"https:\/\/www.blogsoestado.com\/danielmatos\/?s={search_term_string}"},"query-input":{"@type":"PropertyValueSpecification","valueRequired":true,"valueName":"search_term_string"}}],"inLanguage":"pt-BR"}]}},"jetpack_featured_media_url":"","_links":{"self":[{"href":"https:\/\/www.blogsoestado.com\/danielmatos\/wp-json\/wp\/v2\/posts\/59679","targetHints":{"allow":["GET"]}}],"collection":[{"href":"https:\/\/www.blogsoestado.com\/danielmatos\/wp-json\/wp\/v2\/posts"}],"about":[{"href":"https:\/\/www.blogsoestado.com\/danielmatos\/wp-json\/wp\/v2\/types\/post"}],"replies":[{"embeddable":true,"href":"https:\/\/www.blogsoestado.com\/danielmatos\/wp-json\/wp\/v2\/comments?post=59679"}],"version-history":[{"count":0,"href":"https:\/\/www.blogsoestado.com\/danielmatos\/wp-json\/wp\/v2\/posts\/59679\/revisions"}],"wp:attachment":[{"href":"https:\/\/www.blogsoestado.com\/danielmatos\/wp-json\/wp\/v2\/media?parent=59679"}],"wp:term":[{"taxonomy":"category","embeddable":true,"href":"https:\/\/www.blogsoestado.com\/danielmatos\/wp-json\/wp\/v2\/categories?post=59679"},{"taxonomy":"post_tag","embeddable":true,"href":"https:\/\/www.blogsoestado.com\/danielmatos\/wp-json\/wp\/v2\/tags?post=59679"}],"curies":[{"name":"wp","href":"https:\/\/api.w.org\/{rel}","templated":true}]}}