{"id":59933,"date":"2019-01-30T16:00:35","date_gmt":"2019-01-30T19:00:35","guid":{"rendered":"https:\/\/www.blogsoestado.com\/danielmatos\/?p=59933"},"modified":"2019-01-30T16:00:35","modified_gmt":"2019-01-30T19:00:35","slug":"medico-maranhense-phil-camarao-sera-um-dos-debatedores-do-i-forum-de-medicina-de-trafego-do-cfm","status":"publish","type":"post","link":"https:\/\/www.blogsoestado.com\/danielmatos\/medico-maranhense-phil-camarao-sera-um-dos-debatedores-do-i-forum-de-medicina-de-trafego-do-cfm\/","title":{"rendered":"M\u00e9dico maranhense Phil Camar\u00e3o ser\u00e1 um dos debatedores do I F\u00f3rum de Medicina de Tr\u00e1fego do CFM"},"content":{"rendered":"\n<div class=\"wp-block-image\"><figure class=\"aligncenter\"><img decoding=\"async\" src=\"https:\/\/www.blogsoestado.com\/danielmatos\/files\/2019\/01\/phil-na-abramet3.jpg\" alt=\"\" class=\"wp-image-59934\"\/><figcaption>Phil Camar\u00e3o (o segundo da esquerda para a direita) com os presidentes do CFM e da Abramet e outros membros da C\u00e2mara Tem\u00e1tica de Medicina de Tr\u00e1fego do CFM<\/figcaption><\/figure><\/div>\n\n\n\n<p>O m\u00e9dico Louis Philip Moses Camar\u00e3o, diretor geral do Centro de Especialidades M\u00e9dicas e Diagn\u00f3stico PAM Diamante, ser\u00e1 um dos debatedores do I F\u00f3rum de Medicina de Tr\u00e1fego do Conselho Federal de Medicina (CFM), que acontecer\u00e1 em 23 de maio deste ano, em Bras\u00edlia. Phil Camar\u00e3o, como ele \u00e9 mais conhecido, definiu sua participa\u00e7\u00e3o no evento durante reuni\u00e3o realizada na manh\u00e3 desta quarta-feira (30), na sede do CFM, na capital federal.<\/p>\n\n\n\n<p>\u00danico do m\u00e9dico do Brasil a integrar, de forma simult\u00e2nea, a C\u00e2mara T\u00e9cnica de Medicina do Tr\u00e1fego do CFM, a C\u00e2mara Tem\u00e1tica de Sa\u00fade e Meio ambiente do Conselho Nacional de Tr\u00e2nsito (Contran) e a Associa\u00e7\u00e3o Brasileira de Medicina Federada (Abramet), o maranhense participar\u00e1 da mesa redonda interativa que abordar\u00e1 o tema &#8220;Valoriza\u00e7\u00e3o do Trabalho do M\u00e9dico de Tr\u00e1fego&#8221;. <\/p>\n\n\n\n<p>O coordenador da mesa de di\u00e1logos ser\u00e1 o m\u00e9dico Juarez Monteiro Molinari, membro do Contran e do CFM. Tamb\u00e9m atuar\u00e3o como debatedores o presidente da Associa\u00e7\u00e3o Nacional de Detrans (AND), Ant\u00f4nio Carlos Gouveia, e o presidente do F\u00f3rum Nacional dos Conselhos Estaduais de Tr\u00e2nsito (Focotran), Hor\u00e1cio Mello e Cunha Santos.<\/p>\n\n\n\n<p>Durante o I F\u00f3rum de Medicina de Tr\u00e1fego do CFM, especialistas e representantes de v\u00e1rios \u00f3rg\u00e3os e entidades v\u00e3o debater assuntos relacionados \u00e0 sa\u00fade e seguran\u00e7a no tr\u00e2nsito e quest\u00f5es pertinentes aos profissionais que atuam nessa \u00e1rea. <\/p>\n\n\n\n<p>Phil Camar\u00e3o diz que espera contribuir no debate com seus conhecimentos e vasta experi\u00eancia com m\u00e9dico de tr\u00e1fego. &#8220;\u00c9 uma honra e, ao mesmo tempo, uma grande responsabilidade participar de discuss\u00e3o t\u00e3o relevante como a que envolve a medicina de tr\u00e2nsito&#8221;, observa.           <\/p>\n","protected":false},"excerpt":{"rendered":"<p>O m\u00e9dico Louis Philip Moses Camar\u00e3o, diretor geral do Centro de Especialidades M\u00e9dicas e Diagn\u00f3stico PAM Diamante, ser\u00e1 um dos [&hellip;]<\/p>\n","protected":false},"author":0,"featured_media":0,"comment_status":"open","ping_status":"open","sticky":false,"template":"","format":"standard","meta":{"site-sidebar-layout":"default","site-content-layout":"","ast-site-content-layout":"default","site-content-style":"default","site-sidebar-style":"default","ast-global-header-display":"","ast-banner-title-visibility":"","ast-main-header-display":"","ast-hfb-above-header-display":"","ast-hfb-below-header-display":"","ast-hfb-mobile-header-display":"","site-post-title":"","ast-breadcrumbs-content":"","ast-featured-img":"","footer-sml-layout":"","ast-disable-related-posts":"","theme-transparent-header-meta":"","adv-header-id-meta":"","stick-header-meta":"","header-above-stick-meta":"","header-main-stick-meta":"","header-below-stick-meta":"","astra-migrate-meta-layouts":"default","ast-page-background-enabled":"default","ast-page-background-meta":{"desktop":{"background-color":"var(--ast-global-color-5)","background-image":"","background-repeat":"repeat","background-position":"center center","background-size":"auto","background-attachment":"scroll","background-type":"","background-media":"","overlay-type":"","overlay-color":"","overlay-opacity":"","overlay-gradient":""},"tablet":{"background-color":"","background-image":"","background-repeat":"repeat","background-position":"center center","background-size":"auto","background-attachment":"scroll","background-type":"","background-media":"","overlay-type":"","overlay-color":"","overlay-opacity":"","overlay-gradient":""},"mobile":{"background-color":"","background-image":"","background-repeat":"repeat","background-position":"center center","background-size":"auto","background-attachment":"scroll","background-type":"","background-media":"","overlay-type":"","overlay-color":"","overlay-opacity":"","overlay-gradient":""}},"ast-content-background-meta":{"desktop":{"background-color":"var(--ast-global-color-4)","background-image":"","background-repeat":"repeat","background-position":"center center","background-size":"auto","background-attachment":"scroll","background-type":"","background-media":"","overlay-type":"","overlay-color":"","overlay-opacity":"","overlay-gradient":""},"tablet":{"background-color":"var(--ast-global-color-4)","background-image":"","background-repeat":"repeat","background-position":"center center","background-size":"auto","background-attachment":"scroll","background-type":"","background-media":"","overlay-type":"","overlay-color":"","overlay-opacity":"","overlay-gradient":""},"mobile":{"background-color":"var(--ast-global-color-4)","background-image":"","background-repeat":"repeat","background-position":"center center","background-size":"auto","background-attachment":"scroll","background-type":"","background-media":"","overlay-type":"","overlay-color":"","overlay-opacity":"","overlay-gradient":""}},"footnotes":""},"categories":[1],"tags":[],"class_list":["post-59933","post","type-post","status-publish","format-standard","hentry","category-sem-categoria"],"yoast_head":"<!-- This site is optimized with the Yoast SEO plugin v26.6 - https:\/\/yoast.com\/wordpress\/plugins\/seo\/ -->\n<title>M\u00e9dico maranhense Phil Camar\u00e3o ser\u00e1 um dos debatedores do I F\u00f3rum de Medicina de Tr\u00e1fego do CFM - Daniel Matos<\/title>\n<meta name=\"robots\" content=\"index, follow, max-snippet:-1, max-image-preview:large, max-video-preview:-1\" \/>\n<link rel=\"canonical\" href=\"https:\/\/www.blogsoestado.com\/danielmatos\/medico-maranhense-phil-camarao-sera-um-dos-debatedores-do-i-forum-de-medicina-de-trafego-do-cfm\/\" \/>\n<meta property=\"og:locale\" content=\"pt_BR\" \/>\n<meta property=\"og:type\" content=\"article\" \/>\n<meta property=\"og:title\" content=\"M\u00e9dico maranhense Phil Camar\u00e3o ser\u00e1 um dos debatedores do I F\u00f3rum de Medicina de Tr\u00e1fego do CFM - Daniel Matos\" \/>\n<meta property=\"og:description\" content=\"O m\u00e9dico Louis Philip Moses Camar\u00e3o, diretor geral do Centro de Especialidades M\u00e9dicas e Diagn\u00f3stico PAM Diamante, ser\u00e1 um dos [&hellip;]\" \/>\n<meta property=\"og:url\" content=\"https:\/\/www.blogsoestado.com\/danielmatos\/medico-maranhense-phil-camarao-sera-um-dos-debatedores-do-i-forum-de-medicina-de-trafego-do-cfm\/\" \/>\n<meta property=\"og:site_name\" content=\"Daniel Matos\" \/>\n<meta property=\"article:published_time\" content=\"2019-01-30T19:00:35+00:00\" \/>\n<meta property=\"og:image\" content=\"https:\/\/www.blogsoestado.com\/danielmatos\/files\/2019\/01\/phil-na-abramet3.jpg\" \/>\n<meta name=\"twitter:card\" content=\"summary_large_image\" \/>\n<meta name=\"twitter:label1\" content=\"Est. tempo de leitura\" \/>\n\t<meta name=\"twitter:data1\" content=\"2 minutos\" \/>\n<script type=\"application\/ld+json\" class=\"yoast-schema-graph\">{\"@context\":\"https:\/\/schema.org\",\"@graph\":[{\"@type\":\"WebPage\",\"@id\":\"https:\/\/www.blogsoestado.com\/danielmatos\/medico-maranhense-phil-camarao-sera-um-dos-debatedores-do-i-forum-de-medicina-de-trafego-do-cfm\/\",\"url\":\"https:\/\/www.blogsoestado.com\/danielmatos\/medico-maranhense-phil-camarao-sera-um-dos-debatedores-do-i-forum-de-medicina-de-trafego-do-cfm\/\",\"name\":\"M\u00e9dico maranhense Phil Camar\u00e3o ser\u00e1 um dos debatedores do I F\u00f3rum de Medicina de Tr\u00e1fego do CFM - Daniel Matos\",\"isPartOf\":{\"@id\":\"https:\/\/www.blogsoestado.com\/danielmatos\/#website\"},\"primaryImageOfPage\":{\"@id\":\"https:\/\/www.blogsoestado.com\/danielmatos\/medico-maranhense-phil-camarao-sera-um-dos-debatedores-do-i-forum-de-medicina-de-trafego-do-cfm\/#primaryimage\"},\"image\":{\"@id\":\"https:\/\/www.blogsoestado.com\/danielmatos\/medico-maranhense-phil-camarao-sera-um-dos-debatedores-do-i-forum-de-medicina-de-trafego-do-cfm\/#primaryimage\"},\"thumbnailUrl\":\"https:\/\/www.blogsoestado.com\/danielmatos\/files\/2019\/01\/phil-na-abramet3.jpg\",\"datePublished\":\"2019-01-30T19:00:35+00:00\",\"author\":{\"@id\":\"\"},\"breadcrumb\":{\"@id\":\"https:\/\/www.blogsoestado.com\/danielmatos\/medico-maranhense-phil-camarao-sera-um-dos-debatedores-do-i-forum-de-medicina-de-trafego-do-cfm\/#breadcrumb\"},\"inLanguage\":\"pt-BR\",\"potentialAction\":[{\"@type\":\"ReadAction\",\"target\":[\"https:\/\/www.blogsoestado.com\/danielmatos\/medico-maranhense-phil-camarao-sera-um-dos-debatedores-do-i-forum-de-medicina-de-trafego-do-cfm\/\"]}]},{\"@type\":\"ImageObject\",\"inLanguage\":\"pt-BR\",\"@id\":\"https:\/\/www.blogsoestado.com\/danielmatos\/medico-maranhense-phil-camarao-sera-um-dos-debatedores-do-i-forum-de-medicina-de-trafego-do-cfm\/#primaryimage\",\"url\":\"https:\/\/www.blogsoestado.com\/danielmatos\/files\/2019\/01\/phil-na-abramet3.jpg\",\"contentUrl\":\"https:\/\/www.blogsoestado.com\/danielmatos\/files\/2019\/01\/phil-na-abramet3.jpg\"},{\"@type\":\"BreadcrumbList\",\"@id\":\"https:\/\/www.blogsoestado.com\/danielmatos\/medico-maranhense-phil-camarao-sera-um-dos-debatedores-do-i-forum-de-medicina-de-trafego-do-cfm\/#breadcrumb\",\"itemListElement\":[{\"@type\":\"ListItem\",\"position\":1,\"name\":\"In\u00edcio\",\"item\":\"https:\/\/www.blogsoestado.com\/danielmatos\/\"},{\"@type\":\"ListItem\",\"position\":2,\"name\":\"M\u00e9dico maranhense Phil Camar\u00e3o ser\u00e1 um dos debatedores do I F\u00f3rum de Medicina de Tr\u00e1fego do CFM\"}]},{\"@type\":\"WebSite\",\"@id\":\"https:\/\/www.blogsoestado.com\/danielmatos\/#website\",\"url\":\"https:\/\/www.blogsoestado.com\/danielmatos\/\",\"name\":\"Daniel Matos\",\"description\":\"\",\"potentialAction\":[{\"@type\":\"SearchAction\",\"target\":{\"@type\":\"EntryPoint\",\"urlTemplate\":\"https:\/\/www.blogsoestado.com\/danielmatos\/?s={search_term_string}\"},\"query-input\":{\"@type\":\"PropertyValueSpecification\",\"valueRequired\":true,\"valueName\":\"search_term_string\"}}],\"inLanguage\":\"pt-BR\"}]}<\/script>\n<!-- \/ Yoast SEO plugin. -->","yoast_head_json":{"title":"M\u00e9dico maranhense Phil Camar\u00e3o ser\u00e1 um dos debatedores do I F\u00f3rum de Medicina de Tr\u00e1fego do CFM - Daniel Matos","robots":{"index":"index","follow":"follow","max-snippet":"max-snippet:-1","max-image-preview":"max-image-preview:large","max-video-preview":"max-video-preview:-1"},"canonical":"https:\/\/www.blogsoestado.com\/danielmatos\/medico-maranhense-phil-camarao-sera-um-dos-debatedores-do-i-forum-de-medicina-de-trafego-do-cfm\/","og_locale":"pt_BR","og_type":"article","og_title":"M\u00e9dico maranhense Phil Camar\u00e3o ser\u00e1 um dos debatedores do I F\u00f3rum de Medicina de Tr\u00e1fego do CFM - Daniel Matos","og_description":"O m\u00e9dico Louis Philip Moses Camar\u00e3o, diretor geral do Centro de Especialidades M\u00e9dicas e Diagn\u00f3stico PAM Diamante, ser\u00e1 um dos [&hellip;]","og_url":"https:\/\/www.blogsoestado.com\/danielmatos\/medico-maranhense-phil-camarao-sera-um-dos-debatedores-do-i-forum-de-medicina-de-trafego-do-cfm\/","og_site_name":"Daniel Matos","article_published_time":"2019-01-30T19:00:35+00:00","og_image":[{"url":"https:\/\/www.blogsoestado.com\/danielmatos\/files\/2019\/01\/phil-na-abramet3.jpg","type":"","width":"","height":""}],"twitter_card":"summary_large_image","twitter_misc":{"Est. tempo de leitura":"2 minutos"},"schema":{"@context":"https:\/\/schema.org","@graph":[{"@type":"WebPage","@id":"https:\/\/www.blogsoestado.com\/danielmatos\/medico-maranhense-phil-camarao-sera-um-dos-debatedores-do-i-forum-de-medicina-de-trafego-do-cfm\/","url":"https:\/\/www.blogsoestado.com\/danielmatos\/medico-maranhense-phil-camarao-sera-um-dos-debatedores-do-i-forum-de-medicina-de-trafego-do-cfm\/","name":"M\u00e9dico maranhense Phil Camar\u00e3o ser\u00e1 um dos debatedores do I F\u00f3rum de Medicina de Tr\u00e1fego do CFM - Daniel Matos","isPartOf":{"@id":"https:\/\/www.blogsoestado.com\/danielmatos\/#website"},"primaryImageOfPage":{"@id":"https:\/\/www.blogsoestado.com\/danielmatos\/medico-maranhense-phil-camarao-sera-um-dos-debatedores-do-i-forum-de-medicina-de-trafego-do-cfm\/#primaryimage"},"image":{"@id":"https:\/\/www.blogsoestado.com\/danielmatos\/medico-maranhense-phil-camarao-sera-um-dos-debatedores-do-i-forum-de-medicina-de-trafego-do-cfm\/#primaryimage"},"thumbnailUrl":"https:\/\/www.blogsoestado.com\/danielmatos\/files\/2019\/01\/phil-na-abramet3.jpg","datePublished":"2019-01-30T19:00:35+00:00","author":{"@id":""},"breadcrumb":{"@id":"https:\/\/www.blogsoestado.com\/danielmatos\/medico-maranhense-phil-camarao-sera-um-dos-debatedores-do-i-forum-de-medicina-de-trafego-do-cfm\/#breadcrumb"},"inLanguage":"pt-BR","potentialAction":[{"@type":"ReadAction","target":["https:\/\/www.blogsoestado.com\/danielmatos\/medico-maranhense-phil-camarao-sera-um-dos-debatedores-do-i-forum-de-medicina-de-trafego-do-cfm\/"]}]},{"@type":"ImageObject","inLanguage":"pt-BR","@id":"https:\/\/www.blogsoestado.com\/danielmatos\/medico-maranhense-phil-camarao-sera-um-dos-debatedores-do-i-forum-de-medicina-de-trafego-do-cfm\/#primaryimage","url":"https:\/\/www.blogsoestado.com\/danielmatos\/files\/2019\/01\/phil-na-abramet3.jpg","contentUrl":"https:\/\/www.blogsoestado.com\/danielmatos\/files\/2019\/01\/phil-na-abramet3.jpg"},{"@type":"BreadcrumbList","@id":"https:\/\/www.blogsoestado.com\/danielmatos\/medico-maranhense-phil-camarao-sera-um-dos-debatedores-do-i-forum-de-medicina-de-trafego-do-cfm\/#breadcrumb","itemListElement":[{"@type":"ListItem","position":1,"name":"In\u00edcio","item":"https:\/\/www.blogsoestado.com\/danielmatos\/"},{"@type":"ListItem","position":2,"name":"M\u00e9dico maranhense Phil Camar\u00e3o ser\u00e1 um dos debatedores do I F\u00f3rum de Medicina de Tr\u00e1fego do CFM"}]},{"@type":"WebSite","@id":"https:\/\/www.blogsoestado.com\/danielmatos\/#website","url":"https:\/\/www.blogsoestado.com\/danielmatos\/","name":"Daniel Matos","description":"","potentialAction":[{"@type":"SearchAction","target":{"@type":"EntryPoint","urlTemplate":"https:\/\/www.blogsoestado.com\/danielmatos\/?s={search_term_string}"},"query-input":{"@type":"PropertyValueSpecification","valueRequired":true,"valueName":"search_term_string"}}],"inLanguage":"pt-BR"}]}},"jetpack_featured_media_url":"","_links":{"self":[{"href":"https:\/\/www.blogsoestado.com\/danielmatos\/wp-json\/wp\/v2\/posts\/59933","targetHints":{"allow":["GET"]}}],"collection":[{"href":"https:\/\/www.blogsoestado.com\/danielmatos\/wp-json\/wp\/v2\/posts"}],"about":[{"href":"https:\/\/www.blogsoestado.com\/danielmatos\/wp-json\/wp\/v2\/types\/post"}],"replies":[{"embeddable":true,"href":"https:\/\/www.blogsoestado.com\/danielmatos\/wp-json\/wp\/v2\/comments?post=59933"}],"version-history":[{"count":0,"href":"https:\/\/www.blogsoestado.com\/danielmatos\/wp-json\/wp\/v2\/posts\/59933\/revisions"}],"wp:attachment":[{"href":"https:\/\/www.blogsoestado.com\/danielmatos\/wp-json\/wp\/v2\/media?parent=59933"}],"wp:term":[{"taxonomy":"category","embeddable":true,"href":"https:\/\/www.blogsoestado.com\/danielmatos\/wp-json\/wp\/v2\/categories?post=59933"},{"taxonomy":"post_tag","embeddable":true,"href":"https:\/\/www.blogsoestado.com\/danielmatos\/wp-json\/wp\/v2\/tags?post=59933"}],"curies":[{"name":"wp","href":"https:\/\/api.w.org\/{rel}","templated":true}]}}