{"id":59936,"date":"2019-01-30T17:10:55","date_gmt":"2019-01-30T20:10:55","guid":{"rendered":"https:\/\/www.blogsoestado.com\/danielmatos\/?p=59936"},"modified":"2019-01-30T17:10:55","modified_gmt":"2019-01-30T20:10:55","slug":"camara-retoma-atividades-com-discussao-de-projetos-importantes-e-polemicos","status":"publish","type":"post","link":"https:\/\/www.blogsoestado.com\/danielmatos\/camara-retoma-atividades-com-discussao-de-projetos-importantes-e-polemicos\/","title":{"rendered":"C\u00e2mara retoma atividades com discuss\u00e3o de projetos importantes e   pol\u00eamicos"},"content":{"rendered":"\n<figure class=\"wp-block-image\"><img decoding=\"async\" src=\"https:\/\/www.blogsoestado.com\/danielmatos\/files\/2019\/01\/Vereadores-apreciaram-2.524-proposi\u00e7\u00f5es-em-2017.-e1524826852299.jpg\" alt=\"\" class=\"wp-image-59937\"\/><figcaption>Plen\u00e1rio da C\u00e2mara Municipal de S\u00e3o Lu\u00eds ser\u00e1 palco de vota\u00e7\u00f5es relevantes<\/figcaption><\/figure>\n\n\n\n<p>A C\u00e2mara Municipal de S\u00e3o Lu\u00eds inicia, na pr\u00f3xima segunda-feira (04), \u00e0s <br>10h, as atividades referentes \u00e0 19\u00aa Legislatura.<\/p>\n\n\n\n<p>Este ano, al\u00e9m de comemorar os seus 400 anos com uma vasta programa\u00e7\u00e3o <br>que ser\u00e1 desenvolvida ao longo dos pr\u00f3ximos meses, a Casa presidida pelo <br>vereador Osmar Filho (PDT) analisar\u00e1 mat\u00e9rias importantes e pol\u00eamicas, <br>como s\u00e3o os casos do programa &#8220;Escola sem Partido&#8221; e a proposta que <br>regulamenta o servi\u00e7o privado de transporte individual de passageiros, o <br>Uber<\/p>\n\n\n\n<p>A lista de assuntos inclui, ainda, mudan\u00e7as no Plano Diretor na capital <br>maranhense, que est\u00e1 na fase das audi\u00eancias p\u00fablicas; Lei de Diretrizes <br>Or\u00e7ament\u00e1rias (LDO), que estabelece orienta\u00e7\u00f5es para a confec\u00e7\u00e3o da Lei <br>Or\u00e7ament\u00e1ria Anual (LOA); e tamb\u00e9m vota\u00e7\u00e3o de presta\u00e7\u00e3o de contas de <br>ex-prefeitos.<\/p>\n\n\n\n<p>As discuss\u00f5es sobre regras para constru\u00e7\u00f5es e uso do espa\u00e7o urbano na <br>capital prometem embates entre movimentos sociais, o setor imobili\u00e1rio e <br>a prefeitura nos pr\u00f3ximos meses, quando um projeto substitutivo do Plano <br>Diretor chegar\u00e1 ao Pal\u00e1cio Pedro Neiva de Santana, sede do legislativo <br>municipal.<\/p>\n\n\n\n<p>As discuss\u00f5es acerca de mudan\u00e7as no Plano Diretor de S\u00e3o Lu\u00eds come\u00e7aram <br>em 2017, quando foram realizadas v\u00e1rias reuni\u00f5es e audi\u00eancias p\u00fablicas <br>com a sociedade civil.<\/p>\n\n\n\n<p>Desde ent\u00e3o, o projeto ficou parado e n\u00e3o foi apreciado na C\u00e2mara <br>Municipal. Durante o ano passado, vereadores cobraram do prefeito <br>Edivaldo J\u00fanior (PDT) uma reavalia\u00e7\u00e3o do Plano, antes que fosse levado <br>ao plen\u00e1rio, mas qualquer decis\u00e3o nesse sentido deve ficar mesmo para <br>este ano.<\/p>\n\n\n\n<p>Escola Sem Partido &#8211; Outro tema pol\u00eamico, que trata da cria\u00e7\u00e3o do <br>programa &#8220;Escola Sem Partido&#8221; (Projeto de Lei 113\/2017), deve ser um dos <br>principais temas nas discuss\u00f5es sobre educa\u00e7\u00e3o. A proposta obriga as <br>escolas a respeitar as convic\u00e7\u00f5es do aluno, de seus pais ou <br>respons\u00e1veis.<\/p>\n\n\n\n<p>Pelo texto, os valores de ordem familiar t\u00eam preced\u00eancia sobre a <br>educa\u00e7\u00e3o escolar nos aspectos relacionados \u00e0 educa\u00e7\u00e3o moral, sexual e <br>religiosa. O autor do projeto, vereador Francisco Carvalho (PSL), <br>defende a ideia de uma escola sem partido. &#8220;Somos a favor da fam\u00edlia. <br>Escola deve ensinar Portugu\u00eas e Matem\u00e1tica&#8221;, afirmou o parlamentar.<\/p>\n\n\n\n<p>A mat\u00e9ria foi apresentada em 2017 e recebeu parecer favor\u00e1vel da <br>Comiss\u00e3o de Educa\u00e7\u00e3o , na \u00e9poca presidida pelo vereador Ricardo Diniz <br>(PRTB).<\/p>\n\n\n\n<p>Um dos parlamentares que \u00e9 contra a proposta \u00e9 o petista Honorato <br>Fernandes. Segundo ele, a projeto \u00e9 uma amea\u00e7a \u00e0 liberdade de express\u00e3o.<\/p>\n\n\n\n<p>H\u00e1 ainda o Projeto de Lei n\u00ba 001\/2017, de autoria do vereador Paulo <br>Victor (PTC), que trata da regulamenta\u00e7\u00e3o das Operadoras de Tecnologia <br>de Transporte Credenciadas (OTTCs) que atuam com transporte individual <br>de passageiros em S\u00e3o Lu\u00eds.<\/p>\n\n\n\n<p>A proposta cria regras sobre a limita\u00e7\u00e3o da frota do Uber, Cabify, 99 <br>Pop e outros aplicativos na capital.<\/p>\n\n\n\n<p>O texto foi apresentado ainda em fevereiro, no in\u00edcio da nova <br>legislatura, mas ainda tramita pelas comiss\u00f5es de Constitui\u00e7\u00e3o e Justi\u00e7a <br>e pela de Transporte. A proposta \u00e9 pol\u00eamica, principalmente, porque, em <br>maio daquele ano, a Mesa Diretora da Casa promulgou lei que pro\u00edbe o <br>servi\u00e7o do Uber na capital maranhense.<\/p>\n\n\n\n<p>A regra \u00e9 resultado de uma proposta da agora ex-vereadora Luciana <br>Mendes, apreciada e aprovada no plen\u00e1rio da C\u00e2mara em outubro de 2016.<\/p>\n\n\n\n<p>A nova proposta de Paulo Victor que tramita na Casa desde fevereiro de <br>2017 sofreu modifica\u00e7\u00f5es ap\u00f3s uma s\u00e9rie de reuni\u00f5es entre os <br>parlamentares, taxistas e motoristas de Uber. As novas emendas foram <br>apresentadas pelos vereadores Genival Alves (PRTB), Beto Castro (PROS) e <br>Ant\u00f4nio Marcos Silva, o Marquinhos (DEM).<\/p>\n\n\n\n<p>Or\u00e7amento &#8211; Temas como Lei de Diretrizes Or\u00e7ament\u00e1rias (LDO), que <br>estabelece orienta\u00e7\u00f5es para a confec\u00e7\u00e3o da Lei Or\u00e7ament\u00e1ria Anual (LOA), <br>e tamb\u00e9m vota\u00e7\u00e3o de presta\u00e7\u00e3o de contas de ex-prefeitos que faz parte do <br>cumprimento de um Termo de Ajustamento de Conduta (TAC) assinado ano <br>passado entre a C\u00e2mara e o Minist\u00e9rio P\u00fablico Estadual (MP), aguardam <br>vereadores na volta do recesso parlamentar, a partir do dia 4 de fevereiro.<\/p>\n","protected":false},"excerpt":{"rendered":"<p>A C\u00e2mara Municipal de S\u00e3o Lu\u00eds inicia, na pr\u00f3xima segunda-feira (04), \u00e0s 10h, as atividades referentes \u00e0 19\u00aa Legislatura. Este [&hellip;]<\/p>\n","protected":false},"author":0,"featured_media":0,"comment_status":"open","ping_status":"open","sticky":false,"template":"","format":"standard","meta":{"site-sidebar-layout":"default","site-content-layout":"","ast-site-content-layout":"default","site-content-style":"default","site-sidebar-style":"default","ast-global-header-display":"","ast-banner-title-visibility":"","ast-main-header-display":"","ast-hfb-above-header-display":"","ast-hfb-below-header-display":"","ast-hfb-mobile-header-display":"","site-post-title":"","ast-breadcrumbs-content":"","ast-featured-img":"","footer-sml-layout":"","ast-disable-related-posts":"","theme-transparent-header-meta":"","adv-header-id-meta":"","stick-header-meta":"","header-above-stick-meta":"","header-main-stick-meta":"","header-below-stick-meta":"","astra-migrate-meta-layouts":"default","ast-page-background-enabled":"default","ast-page-background-meta":{"desktop":{"background-color":"var(--ast-global-color-5)","background-image":"","background-repeat":"repeat","background-position":"center center","background-size":"auto","background-attachment":"scroll","background-type":"","background-media":"","overlay-type":"","overlay-color":"","overlay-opacity":"","overlay-gradient":""},"tablet":{"background-color":"","background-image":"","background-repeat":"repeat","background-position":"center center","background-size":"auto","background-attachment":"scroll","background-type":"","background-media":"","overlay-type":"","overlay-color":"","overlay-opacity":"","overlay-gradient":""},"mobile":{"background-color":"","background-image":"","background-repeat":"repeat","background-position":"center center","background-size":"auto","background-attachment":"scroll","background-type":"","background-media":"","overlay-type":"","overlay-color":"","overlay-opacity":"","overlay-gradient":""}},"ast-content-background-meta":{"desktop":{"background-color":"var(--ast-global-color-4)","background-image":"","background-repeat":"repeat","background-position":"center center","background-size":"auto","background-attachment":"scroll","background-type":"","background-media":"","overlay-type":"","overlay-color":"","overlay-opacity":"","overlay-gradient":""},"tablet":{"background-color":"var(--ast-global-color-4)","background-image":"","background-repeat":"repeat","background-position":"center center","background-size":"auto","background-attachment":"scroll","background-type":"","background-media":"","overlay-type":"","overlay-color":"","overlay-opacity":"","overlay-gradient":""},"mobile":{"background-color":"var(--ast-global-color-4)","background-image":"","background-repeat":"repeat","background-position":"center center","background-size":"auto","background-attachment":"scroll","background-type":"","background-media":"","overlay-type":"","overlay-color":"","overlay-opacity":"","overlay-gradient":""}},"footnotes":""},"categories":[1],"tags":[],"class_list":["post-59936","post","type-post","status-publish","format-standard","hentry","category-sem-categoria"],"yoast_head":"<!-- This site is optimized with the Yoast SEO plugin v26.6 - https:\/\/yoast.com\/wordpress\/plugins\/seo\/ -->\n<title>C\u00e2mara retoma atividades com discuss\u00e3o de projetos importantes e  pol\u00eamicos - Daniel Matos<\/title>\n<meta name=\"robots\" content=\"index, follow, max-snippet:-1, max-image-preview:large, max-video-preview:-1\" \/>\n<link rel=\"canonical\" href=\"https:\/\/www.blogsoestado.com\/danielmatos\/camara-retoma-atividades-com-discussao-de-projetos-importantes-e-polemicos\/\" \/>\n<meta property=\"og:locale\" content=\"pt_BR\" \/>\n<meta property=\"og:type\" content=\"article\" \/>\n<meta property=\"og:title\" content=\"C\u00e2mara retoma atividades com discuss\u00e3o de projetos importantes e  pol\u00eamicos - Daniel Matos\" \/>\n<meta property=\"og:description\" content=\"A C\u00e2mara Municipal de S\u00e3o Lu\u00eds inicia, na pr\u00f3xima segunda-feira (04), \u00e0s 10h, as atividades referentes \u00e0 19\u00aa Legislatura. Este [&hellip;]\" \/>\n<meta property=\"og:url\" content=\"https:\/\/www.blogsoestado.com\/danielmatos\/camara-retoma-atividades-com-discussao-de-projetos-importantes-e-polemicos\/\" \/>\n<meta property=\"og:site_name\" content=\"Daniel Matos\" \/>\n<meta property=\"article:published_time\" content=\"2019-01-30T20:10:55+00:00\" \/>\n<meta name=\"twitter:card\" content=\"summary_large_image\" \/>\n<meta name=\"twitter:label1\" content=\"Est. tempo de leitura\" \/>\n\t<meta name=\"twitter:data1\" content=\"4 minutos\" \/>\n<script type=\"application\/ld+json\" class=\"yoast-schema-graph\">{\"@context\":\"https:\/\/schema.org\",\"@graph\":[{\"@type\":\"WebPage\",\"@id\":\"https:\/\/www.blogsoestado.com\/danielmatos\/camara-retoma-atividades-com-discussao-de-projetos-importantes-e-polemicos\/\",\"url\":\"https:\/\/www.blogsoestado.com\/danielmatos\/camara-retoma-atividades-com-discussao-de-projetos-importantes-e-polemicos\/\",\"name\":\"C\u00e2mara retoma atividades com discuss\u00e3o de projetos importantes e pol\u00eamicos - Daniel Matos\",\"isPartOf\":{\"@id\":\"https:\/\/www.blogsoestado.com\/danielmatos\/#website\"},\"datePublished\":\"2019-01-30T20:10:55+00:00\",\"author\":{\"@id\":\"\"},\"breadcrumb\":{\"@id\":\"https:\/\/www.blogsoestado.com\/danielmatos\/camara-retoma-atividades-com-discussao-de-projetos-importantes-e-polemicos\/#breadcrumb\"},\"inLanguage\":\"pt-BR\",\"potentialAction\":[{\"@type\":\"ReadAction\",\"target\":[\"https:\/\/www.blogsoestado.com\/danielmatos\/camara-retoma-atividades-com-discussao-de-projetos-importantes-e-polemicos\/\"]}]},{\"@type\":\"BreadcrumbList\",\"@id\":\"https:\/\/www.blogsoestado.com\/danielmatos\/camara-retoma-atividades-com-discussao-de-projetos-importantes-e-polemicos\/#breadcrumb\",\"itemListElement\":[{\"@type\":\"ListItem\",\"position\":1,\"name\":\"In\u00edcio\",\"item\":\"https:\/\/www.blogsoestado.com\/danielmatos\/\"},{\"@type\":\"ListItem\",\"position\":2,\"name\":\"C\u00e2mara retoma atividades com discuss\u00e3o de projetos importantes e pol\u00eamicos\"}]},{\"@type\":\"WebSite\",\"@id\":\"https:\/\/www.blogsoestado.com\/danielmatos\/#website\",\"url\":\"https:\/\/www.blogsoestado.com\/danielmatos\/\",\"name\":\"Daniel Matos\",\"description\":\"\",\"potentialAction\":[{\"@type\":\"SearchAction\",\"target\":{\"@type\":\"EntryPoint\",\"urlTemplate\":\"https:\/\/www.blogsoestado.com\/danielmatos\/?s={search_term_string}\"},\"query-input\":{\"@type\":\"PropertyValueSpecification\",\"valueRequired\":true,\"valueName\":\"search_term_string\"}}],\"inLanguage\":\"pt-BR\"}]}<\/script>\n<!-- \/ Yoast SEO plugin. -->","yoast_head_json":{"title":"C\u00e2mara retoma atividades com discuss\u00e3o de projetos importantes e  pol\u00eamicos - Daniel Matos","robots":{"index":"index","follow":"follow","max-snippet":"max-snippet:-1","max-image-preview":"max-image-preview:large","max-video-preview":"max-video-preview:-1"},"canonical":"https:\/\/www.blogsoestado.com\/danielmatos\/camara-retoma-atividades-com-discussao-de-projetos-importantes-e-polemicos\/","og_locale":"pt_BR","og_type":"article","og_title":"C\u00e2mara retoma atividades com discuss\u00e3o de projetos importantes e  pol\u00eamicos - Daniel Matos","og_description":"A C\u00e2mara Municipal de S\u00e3o Lu\u00eds inicia, na pr\u00f3xima segunda-feira (04), \u00e0s 10h, as atividades referentes \u00e0 19\u00aa Legislatura. Este [&hellip;]","og_url":"https:\/\/www.blogsoestado.com\/danielmatos\/camara-retoma-atividades-com-discussao-de-projetos-importantes-e-polemicos\/","og_site_name":"Daniel Matos","article_published_time":"2019-01-30T20:10:55+00:00","twitter_card":"summary_large_image","twitter_misc":{"Est. tempo de leitura":"4 minutos"},"schema":{"@context":"https:\/\/schema.org","@graph":[{"@type":"WebPage","@id":"https:\/\/www.blogsoestado.com\/danielmatos\/camara-retoma-atividades-com-discussao-de-projetos-importantes-e-polemicos\/","url":"https:\/\/www.blogsoestado.com\/danielmatos\/camara-retoma-atividades-com-discussao-de-projetos-importantes-e-polemicos\/","name":"C\u00e2mara retoma atividades com discuss\u00e3o de projetos importantes e pol\u00eamicos - Daniel Matos","isPartOf":{"@id":"https:\/\/www.blogsoestado.com\/danielmatos\/#website"},"datePublished":"2019-01-30T20:10:55+00:00","author":{"@id":""},"breadcrumb":{"@id":"https:\/\/www.blogsoestado.com\/danielmatos\/camara-retoma-atividades-com-discussao-de-projetos-importantes-e-polemicos\/#breadcrumb"},"inLanguage":"pt-BR","potentialAction":[{"@type":"ReadAction","target":["https:\/\/www.blogsoestado.com\/danielmatos\/camara-retoma-atividades-com-discussao-de-projetos-importantes-e-polemicos\/"]}]},{"@type":"BreadcrumbList","@id":"https:\/\/www.blogsoestado.com\/danielmatos\/camara-retoma-atividades-com-discussao-de-projetos-importantes-e-polemicos\/#breadcrumb","itemListElement":[{"@type":"ListItem","position":1,"name":"In\u00edcio","item":"https:\/\/www.blogsoestado.com\/danielmatos\/"},{"@type":"ListItem","position":2,"name":"C\u00e2mara retoma atividades com discuss\u00e3o de projetos importantes e pol\u00eamicos"}]},{"@type":"WebSite","@id":"https:\/\/www.blogsoestado.com\/danielmatos\/#website","url":"https:\/\/www.blogsoestado.com\/danielmatos\/","name":"Daniel Matos","description":"","potentialAction":[{"@type":"SearchAction","target":{"@type":"EntryPoint","urlTemplate":"https:\/\/www.blogsoestado.com\/danielmatos\/?s={search_term_string}"},"query-input":{"@type":"PropertyValueSpecification","valueRequired":true,"valueName":"search_term_string"}}],"inLanguage":"pt-BR"}]}},"jetpack_featured_media_url":"","_links":{"self":[{"href":"https:\/\/www.blogsoestado.com\/danielmatos\/wp-json\/wp\/v2\/posts\/59936","targetHints":{"allow":["GET"]}}],"collection":[{"href":"https:\/\/www.blogsoestado.com\/danielmatos\/wp-json\/wp\/v2\/posts"}],"about":[{"href":"https:\/\/www.blogsoestado.com\/danielmatos\/wp-json\/wp\/v2\/types\/post"}],"replies":[{"embeddable":true,"href":"https:\/\/www.blogsoestado.com\/danielmatos\/wp-json\/wp\/v2\/comments?post=59936"}],"version-history":[{"count":0,"href":"https:\/\/www.blogsoestado.com\/danielmatos\/wp-json\/wp\/v2\/posts\/59936\/revisions"}],"wp:attachment":[{"href":"https:\/\/www.blogsoestado.com\/danielmatos\/wp-json\/wp\/v2\/media?parent=59936"}],"wp:term":[{"taxonomy":"category","embeddable":true,"href":"https:\/\/www.blogsoestado.com\/danielmatos\/wp-json\/wp\/v2\/categories?post=59936"},{"taxonomy":"post_tag","embeddable":true,"href":"https:\/\/www.blogsoestado.com\/danielmatos\/wp-json\/wp\/v2\/tags?post=59936"}],"curies":[{"name":"wp","href":"https:\/\/api.w.org\/{rel}","templated":true}]}}