{"id":59951,"date":"2019-01-31T16:29:24","date_gmt":"2019-01-31T19:29:24","guid":{"rendered":"https:\/\/www.blogsoestado.com\/danielmatos\/?p=59951"},"modified":"2019-01-31T16:29:24","modified_gmt":"2019-01-31T19:29:24","slug":"vereador-cezar-bombeiro-fara-indicacao-para-que-os-governos-federal-e-estadual-facam-vistoria-tecnica-nos-lagos-de-rejeitos-da-alumar","status":"publish","type":"post","link":"https:\/\/www.blogsoestado.com\/danielmatos\/vereador-cezar-bombeiro-fara-indicacao-para-que-os-governos-federal-e-estadual-facam-vistoria-tecnica-nos-lagos-de-rejeitos-da-alumar\/","title":{"rendered":"Vereador C\u00e9zar Bombeiro far\u00e1 indica\u00e7\u00e3o para que os Governos Federal e Estadual fa\u00e7am vistoria t\u00e9cnica nos lagos de rejeitos da Alumar"},"content":{"rendered":"\n<figure class=\"wp-block-image\"><img decoding=\"async\" src=\"https:\/\/www.blogsoestado.com\/danielmatos\/files\/2019\/01\/bombeiro-barragens.jpg\" alt=\"\" class=\"wp-image-59952\"\/><figcaption>C\u00e9zar Bombeiro diz que informa\u00e7\u00f5es t\u00e9cnicas sobre as barragens t\u00eam como fontes empresas contratadas pela pr\u00f3pria Vale e Alumar   <\/figcaption><\/figure>\n\n\n\n<p>O vereador C\u00e9zar Bombeiro (PSD) j\u00e1 protocolou junto \u00e0 Mesa Diretora da C\u00e2mara Municipal de S\u00e3o Lu\u00eds indica\u00e7\u00e3o ao presidente da Rep\u00fablica, Jair Bolsonaro, ao ministro do Meio Ambiente, Ricardo Sales, e ao governador Flavio Dino (PCdoB), para que atrav\u00e9s de uma equipe conjunta envolvendo outras institui\u00e7\u00f5es procedem uma ampla vistoria t\u00e9cnica em toda a \u00e1rea de rejeitos envolvendo tanques e barragens com res\u00edduos de bauxita e outros produtos que comprometem seriamente o solo e os mananciais da cidade de S\u00e3o Lu\u00eds e comprometem a vida de milhares de fam\u00edlias.<\/p>\n\n\n\n<p>&#8220;Infelizmente, as informa\u00e7\u00f5es t\u00e9cnicas que s\u00e3o disseminadas para a popula\u00e7\u00e3o e para as institui\u00e7\u00f5es s\u00e3o de origem da pr\u00f3pria Alumar, tendo como refer\u00eancia empresas contratadas por ela, exemplo id\u00eantico ao que deu origem a trag\u00e9dia ocorrida na cidade mineira de Brumadinho&#8221;, registra o vereador.<\/p>\n\n\n\n<p>C\u00e9zar Bombeiro destaca que em S\u00e3o Lu\u00eds existe um polo industrial, capitaneados pela Vale e Alumar, especializados nos manejos de ferro e alum\u00ednio, que infelizmente at\u00e9 hoje ainda n\u00e3o corresponderam com responsabilidades sociais para S\u00e3o Lu\u00eds e o Estado do Maranh\u00e3o. Ambos exploram m\u00e3o de obra barata, destroem o meio ambiente e j\u00e1 causaram milhares de mortes, principalmente de c\u00e2ncer, causado pela bauxita e pelo ferro. Se algu\u00e9m perguntar, sobre o que foi investido pelas duas empresas para benef\u00edcios da nossa popula\u00e7\u00e3o, nada, simplesmente nada, eles ficam inventando paliativos e assim destroem  o nosso meio ambiente e comprometem vidas atuais e n\u00e3o permitem sonhos para o futuro, afirmou o vereador do PSD. As fam\u00edlias que residem nas imedia\u00e7\u00f5es da Alumar,  enfrentam dificuldades que poderiam se amenizadas, principalmente no abastecimento de \u00e1gua. Os munic\u00edpios maranhenses ao longo da ferrovia caraj\u00e1s, s\u00e3o afetados pelos res\u00edduos do ferro e muita gente j\u00e1 morreu. Diante de tais fatos \u00e9 que fa\u00e7o a indica\u00e7\u00e3o para que seja feita vist\u00f3ria t\u00e9cnica na \u00e1rea da Alumar e ao longo da linha f\u00e9rrea da Vale.<\/p>\n\n\n\n<p>Entendo que as mobiliza\u00e7\u00f5es feitas contra instala\u00e7\u00e3o da Alumar, retornem agora, com cobran\u00e7as por responsabilidades sociais e tamb\u00e9m pela recupera\u00e7\u00e3o de \u00e1reas que foram afetadas pelo projeto no interior da Ilha de S\u00e3o Lu\u00eds, afirmou o vereador C\u00e9zar Bombeiro.<\/p>\n\n\n\n<p>Abaixo, c\u00f3pia do documento encaminhado pelo vereador ao ao presidente, ao Minist\u00e9rio do Meio Ambiente e ao Governo do Estado:<\/p>\n\n\n\n<figure class=\"wp-block-image\"><img decoding=\"async\" src=\"https:\/\/www.blogsoestado.com\/danielmatos\/files\/2019\/01\/IMG-20190131-WA0106-708x1024.jpg\" alt=\"\" class=\"wp-image-59953\"\/><\/figure>\n\n\n\n<figure class=\"wp-block-image\"><img decoding=\"async\" src=\"https:\/\/www.blogsoestado.com\/danielmatos\/files\/2019\/01\/IMG-20190131-WA0120-719x1024.jpg\" alt=\"\" class=\"wp-image-59977\"\/><\/figure>\n","protected":false},"excerpt":{"rendered":"<p>O vereador C\u00e9zar Bombeiro (PSD) j\u00e1 protocolou junto \u00e0 Mesa Diretora da C\u00e2mara Municipal de S\u00e3o Lu\u00eds indica\u00e7\u00e3o ao presidente [&hellip;]<\/p>\n","protected":false},"author":0,"featured_media":0,"comment_status":"open","ping_status":"open","sticky":false,"template":"","format":"standard","meta":{"site-sidebar-layout":"default","site-content-layout":"","ast-site-content-layout":"default","site-content-style":"default","site-sidebar-style":"default","ast-global-header-display":"","ast-banner-title-visibility":"","ast-main-header-display":"","ast-hfb-above-header-display":"","ast-hfb-below-header-display":"","ast-hfb-mobile-header-display":"","site-post-title":"","ast-breadcrumbs-content":"","ast-featured-img":"","footer-sml-layout":"","ast-disable-related-posts":"","theme-transparent-header-meta":"","adv-header-id-meta":"","stick-header-meta":"","header-above-stick-meta":"","header-main-stick-meta":"","header-below-stick-meta":"","astra-migrate-meta-layouts":"default","ast-page-background-enabled":"default","ast-page-background-meta":{"desktop":{"background-color":"var(--ast-global-color-5)","background-image":"","background-repeat":"repeat","background-position":"center center","background-size":"auto","background-attachment":"scroll","background-type":"","background-media":"","overlay-type":"","overlay-color":"","overlay-opacity":"","overlay-gradient":""},"tablet":{"background-color":"","background-image":"","background-repeat":"repeat","background-position":"center center","background-size":"auto","background-attachment":"scroll","background-type":"","background-media":"","overlay-type":"","overlay-color":"","overlay-opacity":"","overlay-gradient":""},"mobile":{"background-color":"","background-image":"","background-repeat":"repeat","background-position":"center center","background-size":"auto","background-attachment":"scroll","background-type":"","background-media":"","overlay-type":"","overlay-color":"","overlay-opacity":"","overlay-gradient":""}},"ast-content-background-meta":{"desktop":{"background-color":"var(--ast-global-color-4)","background-image":"","background-repeat":"repeat","background-position":"center center","background-size":"auto","background-attachment":"scroll","background-type":"","background-media":"","overlay-type":"","overlay-color":"","overlay-opacity":"","overlay-gradient":""},"tablet":{"background-color":"var(--ast-global-color-4)","background-image":"","background-repeat":"repeat","background-position":"center center","background-size":"auto","background-attachment":"scroll","background-type":"","background-media":"","overlay-type":"","overlay-color":"","overlay-opacity":"","overlay-gradient":""},"mobile":{"background-color":"var(--ast-global-color-4)","background-image":"","background-repeat":"repeat","background-position":"center center","background-size":"auto","background-attachment":"scroll","background-type":"","background-media":"","overlay-type":"","overlay-color":"","overlay-opacity":"","overlay-gradient":""}},"footnotes":""},"categories":[1],"tags":[],"class_list":["post-59951","post","type-post","status-publish","format-standard","hentry","category-sem-categoria"],"yoast_head":"<!-- This site is optimized with the Yoast SEO plugin v26.6 - https:\/\/yoast.com\/wordpress\/plugins\/seo\/ -->\n<title>Vereador C\u00e9zar Bombeiro far\u00e1 indica\u00e7\u00e3o para que os Governos Federal e Estadual fa\u00e7am vistoria t\u00e9cnica nos lagos de rejeitos da Alumar - Daniel Matos<\/title>\n<meta name=\"robots\" content=\"index, follow, max-snippet:-1, max-image-preview:large, max-video-preview:-1\" \/>\n<link rel=\"canonical\" href=\"https:\/\/www.blogsoestado.com\/danielmatos\/vereador-cezar-bombeiro-fara-indicacao-para-que-os-governos-federal-e-estadual-facam-vistoria-tecnica-nos-lagos-de-rejeitos-da-alumar\/\" \/>\n<meta property=\"og:locale\" content=\"pt_BR\" \/>\n<meta property=\"og:type\" content=\"article\" \/>\n<meta property=\"og:title\" content=\"Vereador C\u00e9zar Bombeiro far\u00e1 indica\u00e7\u00e3o para que os Governos Federal e Estadual fa\u00e7am vistoria t\u00e9cnica nos lagos de rejeitos da Alumar - Daniel Matos\" \/>\n<meta property=\"og:description\" content=\"O vereador C\u00e9zar Bombeiro (PSD) j\u00e1 protocolou junto \u00e0 Mesa Diretora da C\u00e2mara Municipal de S\u00e3o Lu\u00eds indica\u00e7\u00e3o ao presidente [&hellip;]\" \/>\n<meta property=\"og:url\" content=\"https:\/\/www.blogsoestado.com\/danielmatos\/vereador-cezar-bombeiro-fara-indicacao-para-que-os-governos-federal-e-estadual-facam-vistoria-tecnica-nos-lagos-de-rejeitos-da-alumar\/\" \/>\n<meta property=\"og:site_name\" content=\"Daniel Matos\" \/>\n<meta property=\"article:published_time\" content=\"2019-01-31T19:29:24+00:00\" \/>\n<meta property=\"og:image\" content=\"https:\/\/www.blogsoestado.com\/danielmatos\/files\/2019\/01\/bombeiro-barragens.jpg\" \/>\n<meta name=\"twitter:card\" content=\"summary_large_image\" \/>\n<meta name=\"twitter:label1\" content=\"Est. tempo de leitura\" \/>\n\t<meta name=\"twitter:data1\" content=\"2 minutos\" \/>\n<script type=\"application\/ld+json\" class=\"yoast-schema-graph\">{\"@context\":\"https:\/\/schema.org\",\"@graph\":[{\"@type\":\"WebPage\",\"@id\":\"https:\/\/www.blogsoestado.com\/danielmatos\/vereador-cezar-bombeiro-fara-indicacao-para-que-os-governos-federal-e-estadual-facam-vistoria-tecnica-nos-lagos-de-rejeitos-da-alumar\/\",\"url\":\"https:\/\/www.blogsoestado.com\/danielmatos\/vereador-cezar-bombeiro-fara-indicacao-para-que-os-governos-federal-e-estadual-facam-vistoria-tecnica-nos-lagos-de-rejeitos-da-alumar\/\",\"name\":\"Vereador C\u00e9zar Bombeiro far\u00e1 indica\u00e7\u00e3o para que os Governos Federal e Estadual fa\u00e7am vistoria t\u00e9cnica nos lagos de rejeitos da Alumar - Daniel Matos\",\"isPartOf\":{\"@id\":\"https:\/\/www.blogsoestado.com\/danielmatos\/#website\"},\"primaryImageOfPage\":{\"@id\":\"https:\/\/www.blogsoestado.com\/danielmatos\/vereador-cezar-bombeiro-fara-indicacao-para-que-os-governos-federal-e-estadual-facam-vistoria-tecnica-nos-lagos-de-rejeitos-da-alumar\/#primaryimage\"},\"image\":{\"@id\":\"https:\/\/www.blogsoestado.com\/danielmatos\/vereador-cezar-bombeiro-fara-indicacao-para-que-os-governos-federal-e-estadual-facam-vistoria-tecnica-nos-lagos-de-rejeitos-da-alumar\/#primaryimage\"},\"thumbnailUrl\":\"https:\/\/www.blogsoestado.com\/danielmatos\/files\/2019\/01\/bombeiro-barragens.jpg\",\"datePublished\":\"2019-01-31T19:29:24+00:00\",\"author\":{\"@id\":\"\"},\"breadcrumb\":{\"@id\":\"https:\/\/www.blogsoestado.com\/danielmatos\/vereador-cezar-bombeiro-fara-indicacao-para-que-os-governos-federal-e-estadual-facam-vistoria-tecnica-nos-lagos-de-rejeitos-da-alumar\/#breadcrumb\"},\"inLanguage\":\"pt-BR\",\"potentialAction\":[{\"@type\":\"ReadAction\",\"target\":[\"https:\/\/www.blogsoestado.com\/danielmatos\/vereador-cezar-bombeiro-fara-indicacao-para-que-os-governos-federal-e-estadual-facam-vistoria-tecnica-nos-lagos-de-rejeitos-da-alumar\/\"]}]},{\"@type\":\"ImageObject\",\"inLanguage\":\"pt-BR\",\"@id\":\"https:\/\/www.blogsoestado.com\/danielmatos\/vereador-cezar-bombeiro-fara-indicacao-para-que-os-governos-federal-e-estadual-facam-vistoria-tecnica-nos-lagos-de-rejeitos-da-alumar\/#primaryimage\",\"url\":\"https:\/\/www.blogsoestado.com\/danielmatos\/files\/2019\/01\/bombeiro-barragens.jpg\",\"contentUrl\":\"https:\/\/www.blogsoestado.com\/danielmatos\/files\/2019\/01\/bombeiro-barragens.jpg\"},{\"@type\":\"BreadcrumbList\",\"@id\":\"https:\/\/www.blogsoestado.com\/danielmatos\/vereador-cezar-bombeiro-fara-indicacao-para-que-os-governos-federal-e-estadual-facam-vistoria-tecnica-nos-lagos-de-rejeitos-da-alumar\/#breadcrumb\",\"itemListElement\":[{\"@type\":\"ListItem\",\"position\":1,\"name\":\"In\u00edcio\",\"item\":\"https:\/\/www.blogsoestado.com\/danielmatos\/\"},{\"@type\":\"ListItem\",\"position\":2,\"name\":\"Vereador C\u00e9zar Bombeiro far\u00e1 indica\u00e7\u00e3o para que os Governos Federal e Estadual fa\u00e7am vistoria t\u00e9cnica nos lagos de rejeitos da Alumar\"}]},{\"@type\":\"WebSite\",\"@id\":\"https:\/\/www.blogsoestado.com\/danielmatos\/#website\",\"url\":\"https:\/\/www.blogsoestado.com\/danielmatos\/\",\"name\":\"Daniel Matos\",\"description\":\"\",\"potentialAction\":[{\"@type\":\"SearchAction\",\"target\":{\"@type\":\"EntryPoint\",\"urlTemplate\":\"https:\/\/www.blogsoestado.com\/danielmatos\/?s={search_term_string}\"},\"query-input\":{\"@type\":\"PropertyValueSpecification\",\"valueRequired\":true,\"valueName\":\"search_term_string\"}}],\"inLanguage\":\"pt-BR\"}]}<\/script>\n<!-- \/ Yoast SEO plugin. -->","yoast_head_json":{"title":"Vereador C\u00e9zar Bombeiro far\u00e1 indica\u00e7\u00e3o para que os Governos Federal e Estadual fa\u00e7am vistoria t\u00e9cnica nos lagos de rejeitos da Alumar - Daniel Matos","robots":{"index":"index","follow":"follow","max-snippet":"max-snippet:-1","max-image-preview":"max-image-preview:large","max-video-preview":"max-video-preview:-1"},"canonical":"https:\/\/www.blogsoestado.com\/danielmatos\/vereador-cezar-bombeiro-fara-indicacao-para-que-os-governos-federal-e-estadual-facam-vistoria-tecnica-nos-lagos-de-rejeitos-da-alumar\/","og_locale":"pt_BR","og_type":"article","og_title":"Vereador C\u00e9zar Bombeiro far\u00e1 indica\u00e7\u00e3o para que os Governos Federal e Estadual fa\u00e7am vistoria t\u00e9cnica nos lagos de rejeitos da Alumar - Daniel Matos","og_description":"O vereador C\u00e9zar Bombeiro (PSD) j\u00e1 protocolou junto \u00e0 Mesa Diretora da C\u00e2mara Municipal de S\u00e3o Lu\u00eds indica\u00e7\u00e3o ao presidente [&hellip;]","og_url":"https:\/\/www.blogsoestado.com\/danielmatos\/vereador-cezar-bombeiro-fara-indicacao-para-que-os-governos-federal-e-estadual-facam-vistoria-tecnica-nos-lagos-de-rejeitos-da-alumar\/","og_site_name":"Daniel Matos","article_published_time":"2019-01-31T19:29:24+00:00","og_image":[{"url":"https:\/\/www.blogsoestado.com\/danielmatos\/files\/2019\/01\/bombeiro-barragens.jpg","type":"","width":"","height":""}],"twitter_card":"summary_large_image","twitter_misc":{"Est. tempo de leitura":"2 minutos"},"schema":{"@context":"https:\/\/schema.org","@graph":[{"@type":"WebPage","@id":"https:\/\/www.blogsoestado.com\/danielmatos\/vereador-cezar-bombeiro-fara-indicacao-para-que-os-governos-federal-e-estadual-facam-vistoria-tecnica-nos-lagos-de-rejeitos-da-alumar\/","url":"https:\/\/www.blogsoestado.com\/danielmatos\/vereador-cezar-bombeiro-fara-indicacao-para-que-os-governos-federal-e-estadual-facam-vistoria-tecnica-nos-lagos-de-rejeitos-da-alumar\/","name":"Vereador C\u00e9zar Bombeiro far\u00e1 indica\u00e7\u00e3o para que os Governos Federal e Estadual fa\u00e7am vistoria t\u00e9cnica nos lagos de rejeitos da Alumar - Daniel Matos","isPartOf":{"@id":"https:\/\/www.blogsoestado.com\/danielmatos\/#website"},"primaryImageOfPage":{"@id":"https:\/\/www.blogsoestado.com\/danielmatos\/vereador-cezar-bombeiro-fara-indicacao-para-que-os-governos-federal-e-estadual-facam-vistoria-tecnica-nos-lagos-de-rejeitos-da-alumar\/#primaryimage"},"image":{"@id":"https:\/\/www.blogsoestado.com\/danielmatos\/vereador-cezar-bombeiro-fara-indicacao-para-que-os-governos-federal-e-estadual-facam-vistoria-tecnica-nos-lagos-de-rejeitos-da-alumar\/#primaryimage"},"thumbnailUrl":"https:\/\/www.blogsoestado.com\/danielmatos\/files\/2019\/01\/bombeiro-barragens.jpg","datePublished":"2019-01-31T19:29:24+00:00","author":{"@id":""},"breadcrumb":{"@id":"https:\/\/www.blogsoestado.com\/danielmatos\/vereador-cezar-bombeiro-fara-indicacao-para-que-os-governos-federal-e-estadual-facam-vistoria-tecnica-nos-lagos-de-rejeitos-da-alumar\/#breadcrumb"},"inLanguage":"pt-BR","potentialAction":[{"@type":"ReadAction","target":["https:\/\/www.blogsoestado.com\/danielmatos\/vereador-cezar-bombeiro-fara-indicacao-para-que-os-governos-federal-e-estadual-facam-vistoria-tecnica-nos-lagos-de-rejeitos-da-alumar\/"]}]},{"@type":"ImageObject","inLanguage":"pt-BR","@id":"https:\/\/www.blogsoestado.com\/danielmatos\/vereador-cezar-bombeiro-fara-indicacao-para-que-os-governos-federal-e-estadual-facam-vistoria-tecnica-nos-lagos-de-rejeitos-da-alumar\/#primaryimage","url":"https:\/\/www.blogsoestado.com\/danielmatos\/files\/2019\/01\/bombeiro-barragens.jpg","contentUrl":"https:\/\/www.blogsoestado.com\/danielmatos\/files\/2019\/01\/bombeiro-barragens.jpg"},{"@type":"BreadcrumbList","@id":"https:\/\/www.blogsoestado.com\/danielmatos\/vereador-cezar-bombeiro-fara-indicacao-para-que-os-governos-federal-e-estadual-facam-vistoria-tecnica-nos-lagos-de-rejeitos-da-alumar\/#breadcrumb","itemListElement":[{"@type":"ListItem","position":1,"name":"In\u00edcio","item":"https:\/\/www.blogsoestado.com\/danielmatos\/"},{"@type":"ListItem","position":2,"name":"Vereador C\u00e9zar Bombeiro far\u00e1 indica\u00e7\u00e3o para que os Governos Federal e Estadual fa\u00e7am vistoria t\u00e9cnica nos lagos de rejeitos da Alumar"}]},{"@type":"WebSite","@id":"https:\/\/www.blogsoestado.com\/danielmatos\/#website","url":"https:\/\/www.blogsoestado.com\/danielmatos\/","name":"Daniel Matos","description":"","potentialAction":[{"@type":"SearchAction","target":{"@type":"EntryPoint","urlTemplate":"https:\/\/www.blogsoestado.com\/danielmatos\/?s={search_term_string}"},"query-input":{"@type":"PropertyValueSpecification","valueRequired":true,"valueName":"search_term_string"}}],"inLanguage":"pt-BR"}]}},"jetpack_featured_media_url":"","_links":{"self":[{"href":"https:\/\/www.blogsoestado.com\/danielmatos\/wp-json\/wp\/v2\/posts\/59951","targetHints":{"allow":["GET"]}}],"collection":[{"href":"https:\/\/www.blogsoestado.com\/danielmatos\/wp-json\/wp\/v2\/posts"}],"about":[{"href":"https:\/\/www.blogsoestado.com\/danielmatos\/wp-json\/wp\/v2\/types\/post"}],"replies":[{"embeddable":true,"href":"https:\/\/www.blogsoestado.com\/danielmatos\/wp-json\/wp\/v2\/comments?post=59951"}],"version-history":[{"count":0,"href":"https:\/\/www.blogsoestado.com\/danielmatos\/wp-json\/wp\/v2\/posts\/59951\/revisions"}],"wp:attachment":[{"href":"https:\/\/www.blogsoestado.com\/danielmatos\/wp-json\/wp\/v2\/media?parent=59951"}],"wp:term":[{"taxonomy":"category","embeddable":true,"href":"https:\/\/www.blogsoestado.com\/danielmatos\/wp-json\/wp\/v2\/categories?post=59951"},{"taxonomy":"post_tag","embeddable":true,"href":"https:\/\/www.blogsoestado.com\/danielmatos\/wp-json\/wp\/v2\/tags?post=59951"}],"curies":[{"name":"wp","href":"https:\/\/api.w.org\/{rel}","templated":true}]}}